{"id":1518,"date":"2014-08-21T23:48:27","date_gmt":"2014-08-21T21:48:27","guid":{"rendered":"http:\/\/my-alps.de\/?p=1518"},"modified":"2014-08-22T04:12:57","modified_gmt":"2014-08-22T02:12:57","slug":"ollanta-schlaeft-nicht-mehr","status":"publish","type":"post","link":"http:\/\/my-alps.de\/?p=1518","title":{"rendered":"Ollanta schl\u00e4ft nicht mehr"},"content":{"rendered":"<p>Ollanta,<br \/>\ndie Abk\u00fcrzung der Peruaner f\u00fcr Ollantaytambo,<br \/>\nist der Ort, von dem die meisten Touristen zur letzten<br \/>\nEtappe nach Machupicchu starten.<\/p>\n<div id=\"attachment_1519\" style=\"width: 650px\" class=\"wp-caption aligncenter\"><a href=\"https:\/\/i0.wp.com\/my-alps.de\/wp-content\/uploads\/2014\/08\/Perurail.jpg\"><img aria-describedby=\"caption-attachment-1519\" data-attachment-id=\"1519\" data-permalink=\"http:\/\/my-alps.de\/?attachment_id=1519\" data-orig-file=\"https:\/\/i0.wp.com\/my-alps.de\/wp-content\/uploads\/2014\/08\/Perurail.jpg?fit=640%2C480\" data-orig-size=\"640,480\" data-comments-opened=\"1\" data-image-meta=\"{&quot;aperture&quot;:&quot;0&quot;,&quot;credit&quot;:&quot;&quot;,&quot;camera&quot;:&quot;&quot;,&quot;caption&quot;:&quot;&quot;,&quot;created_timestamp&quot;:&quot;0&quot;,&quot;copyright&quot;:&quot;&quot;,&quot;focal_length&quot;:&quot;0&quot;,&quot;iso&quot;:&quot;0&quot;,&quot;shutter_speed&quot;:&quot;0&quot;,&quot;title&quot;:&quot;&quot;}\" data-image-title=\"Perurail\" data-image-description=\"&lt;p&gt;Perurail&lt;\/p&gt;\n\" data-image-caption=\"&lt;p&gt;Perurail&lt;\/p&gt;\n\" data-medium-file=\"https:\/\/i0.wp.com\/my-alps.de\/wp-content\/uploads\/2014\/08\/Perurail.jpg?fit=300%2C225\" data-large-file=\"https:\/\/i0.wp.com\/my-alps.de\/wp-content\/uploads\/2014\/08\/Perurail.jpg?fit=625%2C469\" loading=\"lazy\" class=\"size-full wp-image-1519\" alt=\"Perurail\" src=\"https:\/\/i0.wp.com\/my-alps.de\/wp-content\/uploads\/2014\/08\/Perurail.jpg?resize=625%2C469\" width=\"625\" height=\"469\" srcset=\"https:\/\/i0.wp.com\/my-alps.de\/wp-content\/uploads\/2014\/08\/Perurail.jpg?w=640 640w, https:\/\/i0.wp.com\/my-alps.de\/wp-content\/uploads\/2014\/08\/Perurail.jpg?resize=300%2C225 300w\" sizes=\"(max-width: 625px) 100vw, 625px\" data-recalc-dims=\"1\" \/><\/a><p id=\"caption-attachment-1519\" class=\"wp-caption-text\">Perurail<\/p><\/div>\n<p>Hier gehen ab fr\u00fch um 5 Uhr die ersten Z\u00fcge,<br \/>\nund abends um 24 Uhr kommen die letzten wieder an.<br \/>\nMan kann zwar auch direkt ab Cusco mit dem Zug fahren,<br \/>\ndoch dann ist man noch l\u00e4nger unterwegs.<br \/>\nDas bedeutet f\u00fcr den kleinen Ort ein st\u00e4ndiges Kommen<br \/>\nund Gehen. Unz\u00e4hlige Busse und Taxis bringen eine<br \/>\nun\u00fcbersehbare Zahl an Touristen, die den Heiligsten<br \/>\nOrt der Inkas besichtigen wollen.<br \/>\nIn der Dunkelheit um 4 Uhr fr\u00fch bauen die<br \/>\nVerk\u00e4ufer ihre St\u00e4nde auf und weit nach 1 Uhr Nachts<br \/>\nmachen sie wieder zu.<\/p>\n<p>Der Eintrittspreis ist, f\u00fcr s\u00fcdamerikanische Verh\u00e4ltnisse,<br \/>\nhorrend hoch, das sich Einheimische es gar nicht mehr leisten<br \/>\nk\u00f6nnten. So greift man zu einem simplen Trick:<br \/>\nDie Zugfahrt!<br \/>\nF\u00fcr den (nichts\u00fcdamerikanischen)<br \/>\nTouristen kommen da folgende\u00a0<span style=\"line-height: 1.5;\">Summen zusammen:<\/span><br \/>\nZugfahrt von Ollanta nach Machupicchu = 56 Dollar<br \/>\nZugfahrt von Machupicchu nach Ollanta = 72 Dollar<br \/>\n(zur\u00fcck ist wahrscheinlich teurer, weil es bergauf geht,<br \/>\nund die alte Diesellok ein halbe Stunde l\u00e4nger braucht)<br \/>\nDas Ticket f\u00fcr Machupichu = 126 Soles (ca. 19 Dollar)<br \/>\nDummerweise liegt Machupicchu ca. 1.000 H\u00f6henmeter<br \/>\n\u00fcber dem Ausgangsort \u201eAquas Calientes\u201c &#8211; also nimmt man<br \/>\ndas Angebot einen Shuttlebus benutzen zu k\u00f6nnen dankbar an.<br \/>\nKostet nur 10 Dollar (einfache Fahrt nat\u00fcrlich)<br \/>\nDa hat sich meine Erziehung wieder mal durchgesetzt,<br \/>\ndenn runter kann man gef\u00e4lligst laufen.<\/p>\n<p>So kommt man f\u00fcr eine Person auf schlappe ca. 157 Dollar.<br \/>\nNicht gerade g\u00fcnstig um alte Steine zu betrachten.<\/p>\n<p>Ok, es ist ja schlie\u00dflich \u201eMACHUPICCHU\u201c<\/p>\n<p>Wir haben es uns geleistet, denn wenn man sich das anschaut,<br \/>\nwas die Inkas fr\u00fcher geleistet haben, dann geht das in Ordnung.<\/p>\n<p>Ich finde es trotzdem zu teuer, in Anbetracht dessen,<br \/>\ndas t\u00e4glich\u00a0<span style=\"line-height: 1.5;\">ca. 2.500 (nichts\u00fcdamerikanischen) Touristen Machupicchu besuchen.<\/span><\/p>\n<p>Ach ja, f\u00fcr Einheimische kostet die Zugfahrt 40 Soles<br \/>\nund der Eintritt\u00a0<span style=\"line-height: 1.5;\">die H\u00e4lfte.<br \/>\n<\/span><span style=\"line-height: 1.5;\">Daf\u00fcr d\u00fcrfen sie nicht mit uns im gleichen Zug fahren &#8211; \u00c4tsch!<\/span><\/p>\n","protected":false},"excerpt":{"rendered":"<p>Ollanta, die Abk\u00fcrzung der Peruaner f\u00fcr Ollantaytambo, ist der Ort, von dem die meisten Touristen zur letzten Etappe nach Machupicchu starten. Hier gehen ab fr\u00fch um 5 Uhr die ersten Z\u00fcge, und abends um 24 Uhr kommen die letzten wieder an. Man kann zwar auch direkt ab Cusco mit dem Zug fahren, doch dann ist [&hellip;]<\/p>\n","protected":false},"author":1,"featured_media":0,"comment_status":"open","ping_status":"open","sticky":false,"template":"","format":"gallery","meta":{"spay_email":"","jetpack_publicize_message":"","jetpack_is_tweetstorm":false,"jetpack_publicize_feature_enabled":true},"categories":[1],"tags":[27,24],"jetpack_featured_media_url":"","jetpack_publicize_connections":[],"jetpack_sharing_enabled":true,"jetpack_shortlink":"https:\/\/wp.me\/p6huce-ou","jetpack-related-posts":[{"id":1521,"url":"http:\/\/my-alps.de\/?p=1521","url_meta":{"origin":1518,"position":0},"title":"Machupicchu","date":"22. August 2014","format":"gallery","excerpt":"Die \u201eaufr\u00fcttelnde\u201c Zugfahrt von Ollantaytambo\u00a0nach \"Aquas Calientes\", dem Ausgangsort um\u00a0nach Machupicchu zu gelangen,\u00a0f\u00fchrt durch ein immer enger werdendes Tal. Es geht fast 800 H\u00f6henmeter abw\u00e4rts und dauert 1,5 Stunden. Die Landschaft, die am Fenster vorbeizieht, wird langsam\u00a0zum Urwald. In der Ferne sieht man schneebedeckte 5 und 6.000er. Die Bahnstrecke schl\u00e4ngelt\u2026","rel":"","context":"In &quot;News&quot;","img":{"alt_text":"","src":"https:\/\/i0.wp.com\/my-alps.de\/wp-content\/uploads\/2014\/08\/Puente-del-Inka-ce4.jpg?resize=350%2C200","width":350,"height":200},"classes":[]},{"id":1327,"url":"http:\/\/my-alps.de\/?p=1327","url_meta":{"origin":1518,"position":1},"title":"Tatio Geysire","date":"17. Juli 2014","format":"gallery","excerpt":"Es geht wieder hoch hinauf - \u00a0zu den Tatio Geysiren. Das Geysirfeld,\u2028liegt in 4.300 Meter H\u00f6he, und wir kommen am sp\u00e4ten Nachmittag\u2028dort an. \u00dcberall h\u00e4ngen Dampfschwaden in der Luft und es weht\u2028ein heftiger und eisiger Wind. Wir spazieren zwischen den kleinen\u2028\u201eMinivulkanen\u201c herum und baden in einem salzhaltigem Thermalbecken. Am n\u00e4chsten\u2026","rel":"","context":"In &quot;News&quot;","img":{"alt_text":"","src":"","width":0,"height":0},"classes":[]},{"id":1149,"url":"http:\/\/my-alps.de\/?p=1149","url_meta":{"origin":1518,"position":2},"title":"Schlaf &#8211; St\u00f6rung","date":"19. Mai 2014","format":"gallery","excerpt":"Wenn man so auf Reisen ist, dann stellt sich jeden Tag, \u2028an dem man unterwegs ist, das gleiche Problem: Einen ruhigen und sicheren \u00dcbernachtungsplatz zu finden. Nun haben wir im letzten halben Jahr schon viele Pl\u00e4tze gefunden an denen wir \u00fcbernachtet haben. Mal mehr oder weniger ruhig,\u2028Angst hatten wir (fast)\u2026","rel":"","context":"In &quot;News&quot;","img":{"alt_text":"","src":"","width":0,"height":0},"classes":[]},{"id":1578,"url":"http:\/\/my-alps.de\/?p=1578","url_meta":{"origin":1518,"position":3},"title":"unsere pers\u00f6nliche Traumstra\u00dfe in Peru","date":"9. September 2014","format":"gallery","excerpt":"\"eigentlich\" wollten wir gar nicht nach Cajamarca fahren, doch nur die Panamerikana an der verm\u00fcllten K\u00fcste in Peru, zwischen verr\u00fcckten Taxifahren und selbstm\u00f6rderischen LKW's abzuhaken war uns dann doch zu langweilig. Gl\u00fcck gehabt! So sind wir nach unserem Besuch der Lehmziegelstadt \"Chan-Chan\" nur ein kleines St\u00fcck nach Norden hoch und\u2026","rel":"","context":"In &quot;News&quot;","img":{"alt_text":"","src":"https:\/\/i0.wp.com\/my-alps.de\/wp-content\/uploads\/2014\/09\/steile-Felder-ce4-HD.jpg?resize=350%2C200","width":350,"height":200},"classes":[]},{"id":932,"url":"http:\/\/my-alps.de\/?p=932","url_meta":{"origin":1518,"position":4},"title":"Chiloe&#8216; Teil II &#8211; Castro","date":"27. M\u00e4rz 2014","format":"gallery","excerpt":"Heute war wieder ein Tag, an dem wir unsere \"Householddutys\" erledigen konnten. Es gibt hier eine tolle W\u00e4scherei in Castro und unser ganzes Bettzeugs war in den letzten Tagen durch die hohe Luftfeuchtigkeit ziemlich muffig geworden. Also alle Schlaf\u00e4cke, Decken und Kopfkissenbez\u00fcge in eine gro\u00dfe Plastikt\u00fcte stopfen und 10 Kilo\u2026","rel":"","context":"In &quot;News&quot;","img":{"alt_text":"","src":"","width":0,"height":0},"classes":[]},{"id":573,"url":"http:\/\/my-alps.de\/?p=573","url_meta":{"origin":1518,"position":5},"title":"weiter geht&#8217;s &#8211; die Atlantikk\u00fcste entlang nach S\u00fcden","date":"17. Januar 2014","format":"gallery","excerpt":"Von Puerto San Julian, dem Ort ohne Menschen, daf\u00fcr mit viel Wind, sind wir wieder auf die Ruta 3 zur\u00fcckgekehrt und nach Rio Gallegos gefahren. Tja was soll man zu Rio Gallegos sagen - kaum ist man dort - ist man schon wieder weg. Der Ort hat einen super neuen\u2026","rel":"","context":"In &quot;News&quot;","img":{"alt_text":"","src":"https:\/\/i0.wp.com\/my-alps.de\/wp-content\/uploads\/2014\/01\/Vulkan-Kratersee-Laguna-Azul-300x200.jpg?resize=350%2C200","width":350,"height":200},"classes":[]}],"_links":{"self":[{"href":"http:\/\/my-alps.de\/index.php?rest_route=\/wp\/v2\/posts\/1518"}],"collection":[{"href":"http:\/\/my-alps.de\/index.php?rest_route=\/wp\/v2\/posts"}],"about":[{"href":"http:\/\/my-alps.de\/index.php?rest_route=\/wp\/v2\/types\/post"}],"author":[{"embeddable":true,"href":"http:\/\/my-alps.de\/index.php?rest_route=\/wp\/v2\/users\/1"}],"replies":[{"embeddable":true,"href":"http:\/\/my-alps.de\/index.php?rest_route=%2Fwp%2Fv2%2Fcomments&post=1518"}],"version-history":[{"count":1,"href":"http:\/\/my-alps.de\/index.php?rest_route=\/wp\/v2\/posts\/1518\/revisions"}],"predecessor-version":[{"id":1520,"href":"http:\/\/my-alps.de\/index.php?rest_route=\/wp\/v2\/posts\/1518\/revisions\/1520"}],"wp:attachment":[{"href":"http:\/\/my-alps.de\/index.php?rest_route=%2Fwp%2Fv2%2Fmedia&parent=1518"}],"wp:term":[{"taxonomy":"category","embeddable":true,"href":"http:\/\/my-alps.de\/index.php?rest_route=%2Fwp%2Fv2%2Fcategories&post=1518"},{"taxonomy":"post_tag","embeddable":true,"href":"http:\/\/my-alps.de\/index.php?rest_route=%2Fwp%2Fv2%2Ftags&post=1518"}],"curies":[{"name":"wp","href":"https:\/\/api.w.org\/{rel}","templated":true}]}}