{"id":1507,"date":"2014-08-15T23:03:38","date_gmt":"2014-08-15T21:03:38","guid":{"rendered":"http:\/\/my-alps.de\/?p=1507"},"modified":"2014-08-15T23:11:17","modified_gmt":"2014-08-15T21:11:17","slug":"cusco-der-ultimative-touristenoverflow","status":"publish","type":"post","link":"http:\/\/my-alps.de\/?p=1507","title":{"rendered":"Cusco &#8211; ein grandioser Touristenoverflow"},"content":{"rendered":"<p>Cusco &#8211; diese sch\u00f6nste aller alten Inkast\u00e4dte,<br \/>\nheute ein Magnet f\u00fcr alle Peru &#8211; Touristen dieser Welt.<\/p>\n<div id=\"attachment_1508\" style=\"width: 1034px\" class=\"wp-caption aligncenter\"><a href=\"https:\/\/i0.wp.com\/my-alps.de\/wp-content\/uploads\/2014\/08\/Inka-Steinepuzzle-sw.jpg\"><img aria-describedby=\"caption-attachment-1508\" data-attachment-id=\"1508\" data-permalink=\"http:\/\/my-alps.de\/?attachment_id=1508\" data-orig-file=\"https:\/\/i0.wp.com\/my-alps.de\/wp-content\/uploads\/2014\/08\/Inka-Steinepuzzle-sw.jpg?fit=1024%2C683\" data-orig-size=\"1024,683\" data-comments-opened=\"1\" data-image-meta=\"{&quot;aperture&quot;:&quot;4&quot;,&quot;credit&quot;:&quot;&quot;,&quot;camera&quot;:&quot;NEX-7&quot;,&quot;caption&quot;:&quot;&quot;,&quot;created_timestamp&quot;:&quot;1407953540&quot;,&quot;copyright&quot;:&quot;&quot;,&quot;focal_length&quot;:&quot;24.8&quot;,&quot;iso&quot;:&quot;400&quot;,&quot;shutter_speed&quot;:&quot;0.05&quot;,&quot;title&quot;:&quot;&quot;}\" data-image-title=\"Inka Steinepuzzle-sw\" data-image-description=\"&lt;p&gt;Inka Steinepuzzle&lt;\/p&gt;\n\" data-image-caption=\"&lt;p&gt;Inka Steinepuzzle&lt;\/p&gt;\n\" data-medium-file=\"https:\/\/i0.wp.com\/my-alps.de\/wp-content\/uploads\/2014\/08\/Inka-Steinepuzzle-sw.jpg?fit=300%2C200\" data-large-file=\"https:\/\/i0.wp.com\/my-alps.de\/wp-content\/uploads\/2014\/08\/Inka-Steinepuzzle-sw.jpg?fit=625%2C417\" loading=\"lazy\" class=\"size-full wp-image-1508\" alt=\"Inka Steinepuzzle\" src=\"https:\/\/i0.wp.com\/my-alps.de\/wp-content\/uploads\/2014\/08\/Inka-Steinepuzzle-sw.jpg?resize=625%2C417\" width=\"625\" height=\"417\" srcset=\"https:\/\/i0.wp.com\/my-alps.de\/wp-content\/uploads\/2014\/08\/Inka-Steinepuzzle-sw.jpg?w=1024 1024w, https:\/\/i0.wp.com\/my-alps.de\/wp-content\/uploads\/2014\/08\/Inka-Steinepuzzle-sw.jpg?resize=300%2C200 300w\" sizes=\"(max-width: 625px) 100vw, 625px\" data-recalc-dims=\"1\" \/><\/a><p id=\"caption-attachment-1508\" class=\"wp-caption-text\">Inka Steinepuzzle<\/p><\/div>\n<p><!--more-->Die Innenstadt wird beherrscht von Anbietern aller Art f\u00fcr Touren nach Machu Pichu und den restlichen Sehensw\u00fcrdigkeiten.<br \/>\nAlle versuchen das schnelle Geld zu machen und der unaufh\u00f6rliche Strom von Touristen, der nicht versiegt, macht aus aus Kulturst\u00e4tten<br \/>\nSt\u00e4tten f\u00fcr touristische Massenabfertigung.<\/p>\n<div id=\"attachment_1509\" style=\"width: 1034px\" class=\"wp-caption aligncenter\"><a href=\"https:\/\/i0.wp.com\/my-alps.de\/wp-content\/uploads\/2014\/08\/Kaufen-Kaufen-ce4.jpg\"><img aria-describedby=\"caption-attachment-1509\" data-attachment-id=\"1509\" data-permalink=\"http:\/\/my-alps.de\/?attachment_id=1509\" data-orig-file=\"https:\/\/i0.wp.com\/my-alps.de\/wp-content\/uploads\/2014\/08\/Kaufen-Kaufen-ce4.jpg?fit=1024%2C838\" data-orig-size=\"1024,838\" data-comments-opened=\"1\" data-image-meta=\"{&quot;aperture&quot;:&quot;8&quot;,&quot;credit&quot;:&quot;&quot;,&quot;camera&quot;:&quot;NEX-7&quot;,&quot;caption&quot;:&quot;&quot;,&quot;created_timestamp&quot;:&quot;1407946175&quot;,&quot;copyright&quot;:&quot;&quot;,&quot;focal_length&quot;:&quot;73.2&quot;,&quot;iso&quot;:&quot;100&quot;,&quot;shutter_speed&quot;:&quot;0.004&quot;,&quot;title&quot;:&quot;&quot;}\" data-image-title=\"Kaufen-Kaufen-ce4\" data-image-description=\"&lt;p&gt;Kaufen-Kaufen-&lt;\/p&gt;\n\" data-image-caption=\"&lt;p&gt;Kaufen-Kaufen-&lt;\/p&gt;\n\" data-medium-file=\"https:\/\/i0.wp.com\/my-alps.de\/wp-content\/uploads\/2014\/08\/Kaufen-Kaufen-ce4.jpg?fit=300%2C245\" data-large-file=\"https:\/\/i0.wp.com\/my-alps.de\/wp-content\/uploads\/2014\/08\/Kaufen-Kaufen-ce4.jpg?fit=625%2C511\" loading=\"lazy\" class=\"size-full wp-image-1509\" alt=\"Kaufen-Kaufen-\" src=\"https:\/\/i0.wp.com\/my-alps.de\/wp-content\/uploads\/2014\/08\/Kaufen-Kaufen-ce4.jpg?resize=625%2C511\" width=\"625\" height=\"511\" srcset=\"https:\/\/i0.wp.com\/my-alps.de\/wp-content\/uploads\/2014\/08\/Kaufen-Kaufen-ce4.jpg?w=1024 1024w, https:\/\/i0.wp.com\/my-alps.de\/wp-content\/uploads\/2014\/08\/Kaufen-Kaufen-ce4.jpg?resize=300%2C245 300w\" sizes=\"(max-width: 625px) 100vw, 625px\" data-recalc-dims=\"1\" \/><\/a><p id=\"caption-attachment-1509\" class=\"wp-caption-text\">Kaufen-Kaufen-<\/p><\/div>\n<p>Auf Schritt und Tritt wird man bedr\u00e4ngt irgendwelchen Schrott zu kaufen, st\u00e4ndig wird dir eine Speisekarte unter die Nase gehalten und an jeder Ecke stehen Indiofrauen mit ihren T\u00f6chtern und kleinen Lamas oder L\u00e4mmern, h\u00fcbsch zurechtgemacht, um dir (gegen Geld) ein h\u00fcbsches Foto zu erm\u00f6glichen.<br \/>\nWenn du als Reisender, der ein komplett anderes Tempo hat als ein Pauschal(terrorist), das \u00fcber sich ergehen lassen mu\u00df &#8211; dann bist du erst einmal geschockt.<\/p>\n<div id=\"attachment_1510\" style=\"width: 693px\" class=\"wp-caption aligncenter\"><a href=\"https:\/\/i0.wp.com\/my-alps.de\/wp-content\/uploads\/2014\/08\/schnell-schnell-ce4-beschnitten.jpg\"><img aria-describedby=\"caption-attachment-1510\" data-attachment-id=\"1510\" data-permalink=\"http:\/\/my-alps.de\/?attachment_id=1510\" data-orig-file=\"https:\/\/i0.wp.com\/my-alps.de\/wp-content\/uploads\/2014\/08\/schnell-schnell-ce4-beschnitten.jpg?fit=683%2C1024\" data-orig-size=\"683,1024\" data-comments-opened=\"1\" data-image-meta=\"{&quot;aperture&quot;:&quot;10&quot;,&quot;credit&quot;:&quot;&quot;,&quot;camera&quot;:&quot;NEX-7&quot;,&quot;caption&quot;:&quot;&quot;,&quot;created_timestamp&quot;:&quot;1407952503&quot;,&quot;copyright&quot;:&quot;&quot;,&quot;focal_length&quot;:&quot;18&quot;,&quot;iso&quot;:&quot;100&quot;,&quot;shutter_speed&quot;:&quot;0.008&quot;,&quot;title&quot;:&quot;&quot;}\" data-image-title=\"schnell-schnell-ce4-beschnitten\" data-image-description=\"&lt;p&gt;schnell-schnell&lt;\/p&gt;\n\" data-image-caption=\"&lt;p&gt;schnell-schnell&lt;\/p&gt;\n\" data-medium-file=\"https:\/\/i0.wp.com\/my-alps.de\/wp-content\/uploads\/2014\/08\/schnell-schnell-ce4-beschnitten.jpg?fit=200%2C300\" data-large-file=\"https:\/\/i0.wp.com\/my-alps.de\/wp-content\/uploads\/2014\/08\/schnell-schnell-ce4-beschnitten.jpg?fit=625%2C937\" loading=\"lazy\" class=\"size-full wp-image-1510\" alt=\"schnell-schnell\" src=\"https:\/\/i0.wp.com\/my-alps.de\/wp-content\/uploads\/2014\/08\/schnell-schnell-ce4-beschnitten.jpg?resize=625%2C937\" width=\"625\" height=\"937\" srcset=\"https:\/\/i0.wp.com\/my-alps.de\/wp-content\/uploads\/2014\/08\/schnell-schnell-ce4-beschnitten.jpg?w=683 683w, https:\/\/i0.wp.com\/my-alps.de\/wp-content\/uploads\/2014\/08\/schnell-schnell-ce4-beschnitten.jpg?resize=200%2C300 200w\" sizes=\"(max-width: 625px) 100vw, 625px\" data-recalc-dims=\"1\" \/><\/a><p id=\"caption-attachment-1510\" class=\"wp-caption-text\">schnell-schnell<\/p><\/div>\n<p>Du bewegst dich auf absolut historischem Grund und Boden, wenn du eine der alten spanischen Kirchen betrittst, dann musst du dir vergegenw\u00e4rtigen, das unter deinen F\u00fc\u00dfen alte Inka Tempel als Grundmauern f\u00fcr die Kirchen hergenommen wurden. Doch die meisten sehen nur das oberfl\u00e4chliche, das augenscheinliche.<br \/>\nDie alte Kultur ist buchst\u00e4<span style=\"line-height: 1.5;\">blich in der Versenkung \u00a0verschwunden.<\/span><\/p>\n<p>Du kannst aber schnell noch an der Ecke den Inkatrail buchen,<br \/>\nund mit (t\u00e4glich) 500 neuen Individualisten darauf herumspazieren.<br \/>\nVon den 500 m\u00fcssen ca. 350 am ersten Tag alles vollkotzen, da sie mit der H\u00f6he (es geht immerhin von 3.800 auf 4.300 Meter hoch) nicht zurechtkommen.<\/p>\n<div id=\"attachment_1511\" style=\"width: 1034px\" class=\"wp-caption aligncenter\"><a href=\"https:\/\/i0.wp.com\/my-alps.de\/wp-content\/uploads\/2014\/08\/ausruhen-ce4.jpg\"><img aria-describedby=\"caption-attachment-1511\" data-attachment-id=\"1511\" data-permalink=\"http:\/\/my-alps.de\/?attachment_id=1511\" data-orig-file=\"https:\/\/i0.wp.com\/my-alps.de\/wp-content\/uploads\/2014\/08\/ausruhen-ce4.jpg?fit=1024%2C576\" data-orig-size=\"1024,576\" data-comments-opened=\"1\" data-image-meta=\"{&quot;aperture&quot;:&quot;7.1&quot;,&quot;credit&quot;:&quot;&quot;,&quot;camera&quot;:&quot;NEX-7&quot;,&quot;caption&quot;:&quot;&quot;,&quot;created_timestamp&quot;:&quot;1407947654&quot;,&quot;copyright&quot;:&quot;&quot;,&quot;focal_length&quot;:&quot;200&quot;,&quot;iso&quot;:&quot;100&quot;,&quot;shutter_speed&quot;:&quot;0.0025&quot;,&quot;title&quot;:&quot;&quot;}\" data-image-title=\"ausruhen-ce4\" data-image-description=\"&lt;p&gt;ausruhen&lt;\/p&gt;\n\" data-image-caption=\"&lt;p&gt;ausruhen&lt;\/p&gt;\n\" data-medium-file=\"https:\/\/i0.wp.com\/my-alps.de\/wp-content\/uploads\/2014\/08\/ausruhen-ce4.jpg?fit=300%2C168\" data-large-file=\"https:\/\/i0.wp.com\/my-alps.de\/wp-content\/uploads\/2014\/08\/ausruhen-ce4.jpg?fit=625%2C352\" loading=\"lazy\" class=\"size-full wp-image-1511\" alt=\"ausruhen\" src=\"https:\/\/i0.wp.com\/my-alps.de\/wp-content\/uploads\/2014\/08\/ausruhen-ce4.jpg?resize=625%2C352\" width=\"625\" height=\"352\" srcset=\"https:\/\/i0.wp.com\/my-alps.de\/wp-content\/uploads\/2014\/08\/ausruhen-ce4.jpg?w=1024 1024w, https:\/\/i0.wp.com\/my-alps.de\/wp-content\/uploads\/2014\/08\/ausruhen-ce4.jpg?resize=300%2C168 300w\" sizes=\"(max-width: 625px) 100vw, 625px\" data-recalc-dims=\"1\" \/><\/a><p id=\"caption-attachment-1511\" class=\"wp-caption-text\">ausruhen<\/p><\/div>\n<p>Wir machen es wie die Einheimischen &#8211; erst mal tranquilo &#8211; der Rest erledigt sich dann meist von selbst.<\/p>\n<div id=\"attachment_1512\" style=\"width: 1034px\" class=\"wp-caption aligncenter\"><a href=\"https:\/\/i0.wp.com\/my-alps.de\/wp-content\/uploads\/2014\/08\/Geronimo.jpg\"><img aria-describedby=\"caption-attachment-1512\" data-attachment-id=\"1512\" data-permalink=\"http:\/\/my-alps.de\/?attachment_id=1512\" data-orig-file=\"https:\/\/i0.wp.com\/my-alps.de\/wp-content\/uploads\/2014\/08\/Geronimo.jpg?fit=1024%2C682\" data-orig-size=\"1024,682\" data-comments-opened=\"1\" data-image-meta=\"{&quot;aperture&quot;:&quot;5.6&quot;,&quot;credit&quot;:&quot;&quot;,&quot;camera&quot;:&quot;SLT-A99V&quot;,&quot;caption&quot;:&quot;&quot;,&quot;created_timestamp&quot;:&quot;1407856318&quot;,&quot;copyright&quot;:&quot;&quot;,&quot;focal_length&quot;:&quot;70&quot;,&quot;iso&quot;:&quot;100&quot;,&quot;shutter_speed&quot;:&quot;0.0028571428571429&quot;,&quot;title&quot;:&quot;&quot;}\" data-image-title=\"Geronimo\" data-image-description=\"&lt;p&gt;Geronimo&lt;\/p&gt;\n\" data-image-caption=\"&lt;p&gt;Geronimo&lt;\/p&gt;\n\" data-medium-file=\"https:\/\/i0.wp.com\/my-alps.de\/wp-content\/uploads\/2014\/08\/Geronimo.jpg?fit=300%2C199\" data-large-file=\"https:\/\/i0.wp.com\/my-alps.de\/wp-content\/uploads\/2014\/08\/Geronimo.jpg?fit=625%2C416\" loading=\"lazy\" class=\"size-full wp-image-1512\" alt=\"Geronimo\" src=\"https:\/\/i0.wp.com\/my-alps.de\/wp-content\/uploads\/2014\/08\/Geronimo.jpg?resize=625%2C416\" width=\"625\" height=\"416\" srcset=\"https:\/\/i0.wp.com\/my-alps.de\/wp-content\/uploads\/2014\/08\/Geronimo.jpg?w=1024 1024w, https:\/\/i0.wp.com\/my-alps.de\/wp-content\/uploads\/2014\/08\/Geronimo.jpg?resize=300%2C199 300w\" sizes=\"(max-width: 625px) 100vw, 625px\" data-recalc-dims=\"1\" \/><\/a><p id=\"caption-attachment-1512\" class=\"wp-caption-text\">Geronimo<\/p><\/div>\n<p>sonst lachen sich ja die alten Inkas \u00fcber uns nur kaputt&#8230;&#8230;&#8230;..<\/p>\n","protected":false},"excerpt":{"rendered":"<p>Cusco &#8211; diese sch\u00f6nste aller alten Inkast\u00e4dte, heute ein Magnet f\u00fcr alle Peru &#8211; Touristen dieser Welt.<\/p>\n","protected":false},"author":1,"featured_media":0,"comment_status":"open","ping_status":"open","sticky":false,"template":"","format":"gallery","meta":{"spay_email":"","jetpack_publicize_message":"","jetpack_is_tweetstorm":false,"jetpack_publicize_feature_enabled":true},"categories":[1],"tags":[26,24],"jetpack_featured_media_url":"","jetpack_publicize_connections":[],"jetpack_sharing_enabled":true,"jetpack_shortlink":"https:\/\/wp.me\/p6huce-oj","jetpack-related-posts":[{"id":1518,"url":"http:\/\/my-alps.de\/?p=1518","url_meta":{"origin":1507,"position":0},"title":"Ollanta schl\u00e4ft nicht mehr","date":"21. August 2014","format":"gallery","excerpt":"Ollanta, die Abk\u00fcrzung der Peruaner f\u00fcr Ollantaytambo, ist der Ort, von dem die meisten Touristen zur letzten Etappe nach Machupicchu starten. Hier gehen ab fr\u00fch um 5 Uhr die ersten Z\u00fcge, und abends um 24 Uhr kommen die letzten wieder an. Man kann zwar auch direkt ab Cusco mit dem\u2026","rel":"","context":"In &quot;News&quot;","img":{"alt_text":"","src":"https:\/\/i0.wp.com\/my-alps.de\/wp-content\/uploads\/2014\/08\/Perurail.jpg?resize=350%2C200","width":350,"height":200},"classes":[]},{"id":1491,"url":"http:\/\/my-alps.de\/?p=1491","url_meta":{"origin":1507,"position":1},"title":"Die Grabt\u00fcrme von Sillustani","date":"12. August 2014","format":"gallery","excerpt":"Auf dem Weg zur Stra\u00dfe nach Cusco kommen wir wieder recht nahe am Titikakasee vorbei, und so machen wir einen kurzen Abstecher \u00fcber Juliaca, der wohl chaotischsten Stadt in ganz Peru, zu den Grabt\u00fcrmen von Sillustani. Aber erst mal Juliaca - Verkehrschaos pur. Diese Stadt ist ein, ja was eigentlich?\u2026","rel":"","context":"In &quot;News&quot;","img":{"alt_text":"","src":"https:\/\/i0.wp.com\/my-alps.de\/wp-content\/uploads\/2014\/08\/Chaos-in-Juliaca-5.jpg?resize=350%2C200","width":350,"height":200},"classes":[]},{"id":1472,"url":"http:\/\/my-alps.de\/?p=1472","url_meta":{"origin":1507,"position":2},"title":"vom Sajama, dem h\u00f6chsten Berg Boliviens nach Peru","date":"8. August 2014","format":"gallery","excerpt":"Da wir vom Titikakasee etwas entt\u00e4uscht waren, haben wir uns kurzerhand entschlossen doch noch einen Abstecher zum \"Sajama\" zu fahren. Er liegt zwar auf dem Weg Richtung Chile, aber\u00a0das haben wir dann mit dem Grenz\u00fcbergang in Arica\u00a0verkn\u00fcpft. auf dem AltiplanoDer \"Sajama\" ist ein wundersch\u00f6ner Vulkankegel, der sich wie eine Zipfelm\u00fctze\u2026","rel":"","context":"In &quot;News&quot;","img":{"alt_text":"","src":"https:\/\/i0.wp.com\/my-alps.de\/wp-content\/uploads\/2014\/08\/Vulkanausbruch-1-ce4.jpg?resize=350%2C200","width":350,"height":200},"classes":[]},{"id":1166,"url":"http:\/\/my-alps.de\/?p=1166","url_meta":{"origin":1507,"position":3},"title":"Nichts zu verzollen!","date":"22. Mai 2014","format":"gallery","excerpt":"Wir sind wieder in Osorno gelandet, dieser netten Stadt in Chile, in der Mario und seine Frau Gabriela uns eine kleine Heimat schaffen. Denn wir warten auf die Freigabe unseres zweiten Paketes durch den Zoll in Santiago. Unser erstes Paket nach Chile war ruck - zuck durch. Doch diesmal\u2026\u2026.. Mario\u2026","rel":"","context":"In &quot;News&quot;","img":{"alt_text":"","src":"https:\/\/i0.wp.com\/my-alps.de\/wp-content\/uploads\/2014\/05\/IMG_0022.jpg?resize=350%2C200","width":350,"height":200},"classes":[]},{"id":1458,"url":"http:\/\/my-alps.de\/?p=1458","url_meta":{"origin":1507,"position":4},"title":"Copacabana &#8211; am Titikakasee","date":"7. August 2014","format":"gallery","excerpt":"Copacabana? am Titikakasee? Ja, richtig geraten! DAS ist das wahre Copacabana, das am Titikakasee! Der Strand in Rio hat von den Einwohnern am T-see, den Namen \u201egeschenkt\u201c bekommen, und das f\u00fcr die Weihe einer kleinen Kapelle mit einer Madonna vom Titikakasee. Sch\u00f6n bl\u00f6d denken sich nun die (bolivianischen) Copacabaner und\u2026","rel":"","context":"In &quot;News&quot;","img":{"alt_text":"","src":"https:\/\/i0.wp.com\/my-alps.de\/wp-content\/uploads\/2014\/08\/Let-my-Motor-running.....jpg?resize=350%2C200","width":350,"height":200},"classes":[]},{"id":1320,"url":"http:\/\/my-alps.de\/?p=1320","url_meta":{"origin":1507,"position":5},"title":"Auf den Salar de Atacama -und weiter nach Calama","date":"17. Juli 2014","format":"gallery","excerpt":"Nach zwei Tagen \u201eauftanken\u201c in San Pedro de Atacama ,\u2028\u201ezieht\u201c es an einem, dieses Gef\u00fchl wieder hinaus in die Einsamkeit\u2028zu m\u00fcssen. Die ganze Zeit hat man nur grenzenlose Landschaft um\u2028sich, der Horizont existiert nur im Kopf. Selbst die kleine Stadt mit\u2028ihrer h\u00fcbschen Plaza, den Lehmh\u00e4usern und dem bunten Markt \u2028wird\u2026","rel":"","context":"In &quot;News&quot;","img":{"alt_text":"","src":"https:\/\/i0.wp.com\/my-alps.de\/wp-content\/uploads\/2014\/07\/Super-LKW.org_.jpg?resize=350%2C200","width":350,"height":200},"classes":[]}],"_links":{"self":[{"href":"http:\/\/my-alps.de\/index.php?rest_route=\/wp\/v2\/posts\/1507"}],"collection":[{"href":"http:\/\/my-alps.de\/index.php?rest_route=\/wp\/v2\/posts"}],"about":[{"href":"http:\/\/my-alps.de\/index.php?rest_route=\/wp\/v2\/types\/post"}],"author":[{"embeddable":true,"href":"http:\/\/my-alps.de\/index.php?rest_route=\/wp\/v2\/users\/1"}],"replies":[{"embeddable":true,"href":"http:\/\/my-alps.de\/index.php?rest_route=%2Fwp%2Fv2%2Fcomments&post=1507"}],"version-history":[{"count":2,"href":"http:\/\/my-alps.de\/index.php?rest_route=\/wp\/v2\/posts\/1507\/revisions"}],"predecessor-version":[{"id":1517,"href":"http:\/\/my-alps.de\/index.php?rest_route=\/wp\/v2\/posts\/1507\/revisions\/1517"}],"wp:attachment":[{"href":"http:\/\/my-alps.de\/index.php?rest_route=%2Fwp%2Fv2%2Fmedia&parent=1507"}],"wp:term":[{"taxonomy":"category","embeddable":true,"href":"http:\/\/my-alps.de\/index.php?rest_route=%2Fwp%2Fv2%2Fcategories&post=1507"},{"taxonomy":"post_tag","embeddable":true,"href":"http:\/\/my-alps.de\/index.php?rest_route=%2Fwp%2Fv2%2Ftags&post=1507"}],"curies":[{"name":"wp","href":"https:\/\/api.w.org\/{rel}","templated":true}]}}