{"id":1503,"date":"2014-08-12T03:28:49","date_gmt":"2014-08-12T01:28:49","guid":{"rendered":"http:\/\/my-alps.de\/?p=1503"},"modified":"2014-08-12T03:28:49","modified_gmt":"2014-08-12T01:28:49","slug":"das-ultimative-periodensystem","status":"publish","type":"post","link":"http:\/\/my-alps.de\/?p=1503","title":{"rendered":"Das ultimative Periodensystem"},"content":{"rendered":"<p>Hab&#8216; ich in Arequipa in einem &#8222;Schokoladenladen&#8220; gesehen.<\/p>\n<p>Noch nie war Chemie so leicht verst\u00e4ndlich!<br \/>\nIch frage mich weshalb wir damals diese bl\u00f6den Ionenverbindungen lernen mussten &#8211; die braucht kein Mensch mehr.<\/p>\n<div id=\"attachment_1504\" style=\"width: 1034px\" class=\"wp-caption aligncenter\"><a href=\"https:\/\/i0.wp.com\/my-alps.de\/wp-content\/uploads\/2014\/08\/Bierodensystem.jpg\"><img aria-describedby=\"caption-attachment-1504\" data-attachment-id=\"1504\" data-permalink=\"http:\/\/my-alps.de\/?attachment_id=1504\" data-orig-file=\"https:\/\/i0.wp.com\/my-alps.de\/wp-content\/uploads\/2014\/08\/Bierodensystem.jpg?fit=1024%2C683\" data-orig-size=\"1024,683\" data-comments-opened=\"1\" data-image-meta=\"{&quot;aperture&quot;:&quot;2.8&quot;,&quot;credit&quot;:&quot;&quot;,&quot;camera&quot;:&quot;DSC-RX100&quot;,&quot;caption&quot;:&quot;&quot;,&quot;created_timestamp&quot;:&quot;1407353778&quot;,&quot;copyright&quot;:&quot;&quot;,&quot;focal_length&quot;:&quot;10.4&quot;,&quot;iso&quot;:&quot;1600&quot;,&quot;shutter_speed&quot;:&quot;0.01&quot;,&quot;title&quot;:&quot;&quot;}\" data-image-title=\"Bierodensystem\" data-image-description=\"&lt;p&gt;Bierodensystem&lt;\/p&gt;\n\" data-image-caption=\"&lt;p&gt;Bierodensystem&lt;\/p&gt;\n\" data-medium-file=\"https:\/\/i0.wp.com\/my-alps.de\/wp-content\/uploads\/2014\/08\/Bierodensystem.jpg?fit=300%2C200\" data-large-file=\"https:\/\/i0.wp.com\/my-alps.de\/wp-content\/uploads\/2014\/08\/Bierodensystem.jpg?fit=625%2C417\" loading=\"lazy\" class=\"size-full wp-image-1504\" alt=\"Bierodensystem\" src=\"https:\/\/i0.wp.com\/my-alps.de\/wp-content\/uploads\/2014\/08\/Bierodensystem.jpg?resize=625%2C417\" width=\"625\" height=\"417\" srcset=\"https:\/\/i0.wp.com\/my-alps.de\/wp-content\/uploads\/2014\/08\/Bierodensystem.jpg?w=1024 1024w, https:\/\/i0.wp.com\/my-alps.de\/wp-content\/uploads\/2014\/08\/Bierodensystem.jpg?resize=300%2C200 300w\" sizes=\"(max-width: 625px) 100vw, 625px\" data-recalc-dims=\"1\" \/><\/a><p id=\"caption-attachment-1504\" class=\"wp-caption-text\">Bierodensystem<\/p><\/div>\n","protected":false},"excerpt":{"rendered":"<p>Hab&#8216; ich in Arequipa in einem &#8222;Schokoladenladen&#8220; gesehen. Noch nie war Chemie so leicht verst\u00e4ndlich! Ich frage mich weshalb wir damals diese bl\u00f6den Ionenverbindungen lernen mussten &#8211; die braucht kein Mensch mehr.<\/p>\n","protected":false},"author":1,"featured_media":0,"comment_status":"open","ping_status":"open","sticky":false,"template":"","format":"gallery","meta":{"spay_email":"","jetpack_publicize_message":"","jetpack_is_tweetstorm":false,"jetpack_publicize_feature_enabled":true},"categories":[1],"tags":[],"jetpack_featured_media_url":"","jetpack_publicize_connections":[],"jetpack_sharing_enabled":true,"jetpack_shortlink":"https:\/\/wp.me\/p6huce-of","jetpack-related-posts":[{"id":71,"url":"http:\/\/my-alps.de\/?p=71","url_meta":{"origin":1503,"position":0},"title":"Das kommt mir Spanisch vor&#8230;","date":"14. Februar 2013","format":false,"excerpt":"Heute habe ich mal wieder in meinem Audible Account gest\u00f6bert - in der Gewissheit das 30 Tage auf See mich ziemlich langweilen werden. Zum Gl\u00fcck sammle ich jetzt schon H\u00f6rb\u00fccher. Da bin ich \u00fcber einen Spanisch H\u00f6rbuch nach Birkenbihl gestolpert - Ey hola -un huebo per pasado .... und so\u2026","rel":"","context":"In &quot;unter uns&quot;","img":{"alt_text":"","src":"","width":0,"height":0},"classes":[]},{"id":885,"url":"http:\/\/my-alps.de\/?p=885","url_meta":{"origin":1503,"position":1},"title":"Cerveza artesanal","date":"26. M\u00e4rz 2014","format":"gallery","excerpt":"Ich bin ja in Kulmbach geboren und aufgewachsen, jetzt wohne ich (nach einigen Umwegen) in Bamberg. Da hat man im Laufe der Zeit einen besonderen Bezug zu Bier aufgebaut. In Puerto Montt habe ich beim Einkaufen im Supermarkt ein Regal mit \u201eLandbier\u201c entdeckt. Die musste ich unbedingt probieren, das war\u2026","rel":"","context":"In &quot;unter uns&quot;","img":{"alt_text":"","src":"https:\/\/i0.wp.com\/my-alps.de\/wp-content\/uploads\/2014\/03\/Chilenische-Bierprobe.jpg?resize=350%2C200","width":350,"height":200},"classes":[]},{"id":800,"url":"http:\/\/my-alps.de\/?p=800","url_meta":{"origin":1503,"position":2},"title":"Genetischer Code bei M\u00e4nnchen","date":"10. M\u00e4rz 2014","format":"gallery","excerpt":"Ihr alle werdet mir zustimmen, die Frauen neigen eher zum sammeln und der Mann zum Jagen.Ich habe bei mir das mit dem Jagd-Gen schon ganz fr\u00fch entdeckt, aber wir hatten daheim einen Haushalt, da gab es ausser Essbesteck keine Waffen. (obwohl meine beiden Gro\u00dfv\u00e4ter Sch\u00fctzenk\u00f6nige waren!) Und mit einer Gabel\u2026","rel":"","context":"In &quot;unter uns&quot;","img":{"alt_text":"","src":"https:\/\/i0.wp.com\/my-alps.de\/wp-content\/uploads\/2014\/03\/Nummer-Zwei-HD.jpg?resize=350%2C200","width":350,"height":200},"classes":[]},{"id":400,"url":"http:\/\/my-alps.de\/?p=400","url_meta":{"origin":1503,"position":3},"title":"Letztes Umbauwochenende&#8230;.(wahrscheinlich)","date":"22. September 2013","format":"gallery","excerpt":"Gestern fast fertig geworden mit den letzten Umbauten, jetzt kommen nur noch die Gimmiks! Na ja - fast jedenfalls. Ich muss nur noch den Solarwarmwasserduschkanister auf dem Dach mit den richtigen Schl\u00e4uchen und Verschl\u00fcssen anschlie\u00dfen - und dann bin ich eigentlich DURCH. Ok - ich h\u00e4tte da schon noch einige\u2026","rel":"","context":"In &quot;Wohnmobil&quot;","img":{"alt_text":"","src":"https:\/\/i0.wp.com\/my-alps.de\/wp-content\/uploads\/2013\/09\/Testfahrt.jpg?resize=350%2C200","width":350,"height":200},"classes":[]},{"id":453,"url":"http:\/\/my-alps.de\/?p=453","url_meta":{"origin":1503,"position":4},"title":"Damit habe ich mich blamiert &#8211; echt jetzt!","date":"16. Dezember 2013","format":"gallery","excerpt":"Hay und Hola, Nachdem wir unsere F\u00e4hre nach Buenos Aires erfolgreich gebucht hatten, mussten wir uns kurz mit einem Snack belohnen. Nur ein Salat und ein kleines Beilagensteak. Bei Annette's Bestellung mit dem Salat ist die Welt f\u00fcr die Kellnerin noch in Ordnung, als ich dann \"nur\" ein Mini-Entrecote bestelle,\u2026","rel":"","context":"In &quot;News&quot;","img":{"alt_text":"","src":"","width":0,"height":0},"classes":[]},{"id":347,"url":"http:\/\/my-alps.de\/?p=347","url_meta":{"origin":1503,"position":5},"title":"gestern war Basteltag &#8211; oder Jean P\u00fctz l\u00e4sst gr\u00fc\u00dfen","date":"22. Juni 2013","format":"gallery","excerpt":"Ich bin ganz froh selbstst\u00e4ndig zu sein, denn gestern bin ich nach dem Motto: \"Nach EINS macht jeder seins\" verfahren und habe ab Mittag, nachdem ich noch schnell auf meiner Baustelle der Schulsanierung in Eggolsheim Verwirrung stiftete, an unserem Boomer herumgebastelt. Die LED Leuchten waren im Laufe der Woche eingetroffen\u2026","rel":"","context":"In &quot;Wohnmobil&quot;","img":{"alt_text":"","src":"","width":0,"height":0},"classes":[]}],"_links":{"self":[{"href":"http:\/\/my-alps.de\/index.php?rest_route=\/wp\/v2\/posts\/1503"}],"collection":[{"href":"http:\/\/my-alps.de\/index.php?rest_route=\/wp\/v2\/posts"}],"about":[{"href":"http:\/\/my-alps.de\/index.php?rest_route=\/wp\/v2\/types\/post"}],"author":[{"embeddable":true,"href":"http:\/\/my-alps.de\/index.php?rest_route=\/wp\/v2\/users\/1"}],"replies":[{"embeddable":true,"href":"http:\/\/my-alps.de\/index.php?rest_route=%2Fwp%2Fv2%2Fcomments&post=1503"}],"version-history":[{"count":1,"href":"http:\/\/my-alps.de\/index.php?rest_route=\/wp\/v2\/posts\/1503\/revisions"}],"predecessor-version":[{"id":1505,"href":"http:\/\/my-alps.de\/index.php?rest_route=\/wp\/v2\/posts\/1503\/revisions\/1505"}],"wp:attachment":[{"href":"http:\/\/my-alps.de\/index.php?rest_route=%2Fwp%2Fv2%2Fmedia&parent=1503"}],"wp:term":[{"taxonomy":"category","embeddable":true,"href":"http:\/\/my-alps.de\/index.php?rest_route=%2Fwp%2Fv2%2Fcategories&post=1503"},{"taxonomy":"post_tag","embeddable":true,"href":"http:\/\/my-alps.de\/index.php?rest_route=%2Fwp%2Fv2%2Ftags&post=1503"}],"curies":[{"name":"wp","href":"https:\/\/api.w.org\/{rel}","templated":true}]}}