{"id":1491,"date":"2014-08-12T03:05:42","date_gmt":"2014-08-12T01:05:42","guid":{"rendered":"http:\/\/my-alps.de\/?p=1491"},"modified":"2014-08-12T03:08:00","modified_gmt":"2014-08-12T01:08:00","slug":"die-grabtuerme-von-sillustani","status":"publish","type":"post","link":"http:\/\/my-alps.de\/?p=1491","title":{"rendered":"Die Grabt\u00fcrme von Sillustani"},"content":{"rendered":"<p>Auf dem Weg zur Stra\u00dfe nach Cusco kommen wir wieder recht nahe am Titikakasee vorbei, und so machen wir einen kurzen Abstecher \u00fcber Juliaca, der wohl chaotischsten Stadt in ganz Peru, zu den Grabt\u00fcrmen von Sillustani.<\/p>\n<p><!--more--><\/p>\n<p>Aber erst mal Juliaca &#8211; Verkehrschaos pur.<br \/>\nDiese Stadt ist ein, ja was eigentlich? Ich finde daf\u00fcr gar keine passenden Formulierungen. Die Stra\u00dfen sind vollgestopft mit Fahrzeugen aller Art, vom Fahrrad bis hin zum LKW.<br \/>\nDie tummeln sich alle gerade da wo Platz ist.<br \/>\nAlso nirgends und doch \u00fcberall.<\/p>\n<div id=\"attachment_1494\" style=\"width: 650px\" class=\"wp-caption aligncenter\"><a href=\"https:\/\/i0.wp.com\/my-alps.de\/wp-content\/uploads\/2014\/08\/Chaos-in-Juliaca-3.jpg\"><img aria-describedby=\"caption-attachment-1494\" data-attachment-id=\"1494\" data-permalink=\"http:\/\/my-alps.de\/?attachment_id=1494\" data-orig-file=\"https:\/\/i0.wp.com\/my-alps.de\/wp-content\/uploads\/2014\/08\/Chaos-in-Juliaca-3.jpg?fit=640%2C480\" data-orig-size=\"640,480\" data-comments-opened=\"1\" data-image-meta=\"{&quot;aperture&quot;:&quot;2.4&quot;,&quot;credit&quot;:&quot;&quot;,&quot;camera&quot;:&quot;iPhone 5c&quot;,&quot;caption&quot;:&quot;&quot;,&quot;created_timestamp&quot;:&quot;1407772112&quot;,&quot;copyright&quot;:&quot;&quot;,&quot;focal_length&quot;:&quot;4.12&quot;,&quot;iso&quot;:&quot;50&quot;,&quot;shutter_speed&quot;:&quot;0.0031948881789137&quot;,&quot;title&quot;:&quot;&quot;}\" data-image-title=\"Chaos in Juliaca-3\" data-image-description=\"&lt;p&gt;Chaos in Juliaca&lt;\/p&gt;\n\" data-image-caption=\"&lt;p&gt;Chaos in Juliaca&lt;\/p&gt;\n\" data-medium-file=\"https:\/\/i0.wp.com\/my-alps.de\/wp-content\/uploads\/2014\/08\/Chaos-in-Juliaca-3.jpg?fit=300%2C225\" data-large-file=\"https:\/\/i0.wp.com\/my-alps.de\/wp-content\/uploads\/2014\/08\/Chaos-in-Juliaca-3.jpg?fit=625%2C469\" loading=\"lazy\" class=\"size-full wp-image-1494\" alt=\"Chaos in Juliaca\" src=\"https:\/\/i0.wp.com\/my-alps.de\/wp-content\/uploads\/2014\/08\/Chaos-in-Juliaca-3.jpg?resize=625%2C469\" width=\"625\" height=\"469\" srcset=\"https:\/\/i0.wp.com\/my-alps.de\/wp-content\/uploads\/2014\/08\/Chaos-in-Juliaca-3.jpg?w=640 640w, https:\/\/i0.wp.com\/my-alps.de\/wp-content\/uploads\/2014\/08\/Chaos-in-Juliaca-3.jpg?resize=300%2C225 300w\" sizes=\"(max-width: 625px) 100vw, 625px\" data-recalc-dims=\"1\" \/><\/a><p id=\"caption-attachment-1494\" class=\"wp-caption-text\">Chaos in Juliaca<\/p><\/div>\n<p>Jeder hat nat\u00fcrlich Vorfahrt und Fu\u00dfg\u00e4nger, die zwischen diesem Chaos hin und her huschen sind begehrte Jagdopfer.<\/p>\n<div id=\"attachment_1492\" style=\"width: 650px\" class=\"wp-caption aligncenter\"><a href=\"https:\/\/i0.wp.com\/my-alps.de\/wp-content\/uploads\/2014\/08\/Chaos-in-Juliaca-1.jpg\"><img aria-describedby=\"caption-attachment-1492\" data-attachment-id=\"1492\" data-permalink=\"http:\/\/my-alps.de\/?attachment_id=1492\" data-orig-file=\"https:\/\/i0.wp.com\/my-alps.de\/wp-content\/uploads\/2014\/08\/Chaos-in-Juliaca-1.jpg?fit=640%2C480\" data-orig-size=\"640,480\" data-comments-opened=\"1\" data-image-meta=\"{&quot;aperture&quot;:&quot;2.4&quot;,&quot;credit&quot;:&quot;&quot;,&quot;camera&quot;:&quot;iPhone 5c&quot;,&quot;caption&quot;:&quot;&quot;,&quot;created_timestamp&quot;:&quot;1407771624&quot;,&quot;copyright&quot;:&quot;&quot;,&quot;focal_length&quot;:&quot;4.12&quot;,&quot;iso&quot;:&quot;50&quot;,&quot;shutter_speed&quot;:&quot;0.005952380952381&quot;,&quot;title&quot;:&quot;&quot;}\" data-image-title=\"Chaos in Juliaca-1\" data-image-description=\"&lt;p&gt;Chaos in Juliaca&lt;\/p&gt;\n\" data-image-caption=\"&lt;p&gt;Chaos in Juliaca&lt;\/p&gt;\n\" data-medium-file=\"https:\/\/i0.wp.com\/my-alps.de\/wp-content\/uploads\/2014\/08\/Chaos-in-Juliaca-1.jpg?fit=300%2C225\" data-large-file=\"https:\/\/i0.wp.com\/my-alps.de\/wp-content\/uploads\/2014\/08\/Chaos-in-Juliaca-1.jpg?fit=625%2C469\" loading=\"lazy\" class=\"size-full wp-image-1492\" alt=\"Chaos in Juliaca\" src=\"https:\/\/i0.wp.com\/my-alps.de\/wp-content\/uploads\/2014\/08\/Chaos-in-Juliaca-1.jpg?resize=625%2C469\" width=\"625\" height=\"469\" srcset=\"https:\/\/i0.wp.com\/my-alps.de\/wp-content\/uploads\/2014\/08\/Chaos-in-Juliaca-1.jpg?w=640 640w, https:\/\/i0.wp.com\/my-alps.de\/wp-content\/uploads\/2014\/08\/Chaos-in-Juliaca-1.jpg?resize=300%2C225 300w\" sizes=\"(max-width: 625px) 100vw, 625px\" data-recalc-dims=\"1\" \/><\/a><p id=\"caption-attachment-1492\" class=\"wp-caption-text\">Chaos in Juliaca<\/p><\/div>\n<p>Es gibt hier so niedliche Taxi-Dreir\u00e4der. \u00fcber die k\u00f6nnte man einfach &#8218;dr\u00fcberfahren ohne gro\u00df was zu sp\u00fcren. Und diese Dinger sind \u00fcberall. Vorne recht links hinten &#8211; zw\u00e4ngen sich in jede kleinste L\u00fccke und verstopfen den Verkehr vollends. Unser NAVI hat uns dann auch noch in die engsten Gassen gelotst und da war auch noch Markt. Ich habe eine Handvoll Obst- und Gem\u00fcsest\u00e4nde verw\u00fcstet, als ich mich da durchzw\u00e4ngen musste. Dann habe ich mir das NAVI geschnappt und die &#8222;Umgehung&#8220; gesucht.<br \/>\n<span style=\"line-height: 1.5;\">Das ist sie:<br \/>\n<\/span><\/p>\n<div id=\"attachment_1495\" style=\"width: 650px\" class=\"wp-caption aligncenter\"><a href=\"https:\/\/i0.wp.com\/my-alps.de\/wp-content\/uploads\/2014\/08\/Chaos-in-Juliaca-4.jpg\"><img aria-describedby=\"caption-attachment-1495\" data-attachment-id=\"1495\" data-permalink=\"http:\/\/my-alps.de\/?attachment_id=1495\" data-orig-file=\"https:\/\/i0.wp.com\/my-alps.de\/wp-content\/uploads\/2014\/08\/Chaos-in-Juliaca-4.jpg?fit=640%2C480\" data-orig-size=\"640,480\" data-comments-opened=\"1\" data-image-meta=\"{&quot;aperture&quot;:&quot;0&quot;,&quot;credit&quot;:&quot;&quot;,&quot;camera&quot;:&quot;&quot;,&quot;caption&quot;:&quot;&quot;,&quot;created_timestamp&quot;:&quot;0&quot;,&quot;copyright&quot;:&quot;&quot;,&quot;focal_length&quot;:&quot;0&quot;,&quot;iso&quot;:&quot;0&quot;,&quot;shutter_speed&quot;:&quot;0&quot;,&quot;title&quot;:&quot;&quot;}\" data-image-title=\"Chaos in Juliaca-4\" data-image-description=\"&lt;p&gt;Chaos in Juliaca&lt;\/p&gt;\n\" data-image-caption=\"&lt;p&gt;Chaos in Juliaca&lt;\/p&gt;\n\" data-medium-file=\"https:\/\/i0.wp.com\/my-alps.de\/wp-content\/uploads\/2014\/08\/Chaos-in-Juliaca-4.jpg?fit=300%2C225\" data-large-file=\"https:\/\/i0.wp.com\/my-alps.de\/wp-content\/uploads\/2014\/08\/Chaos-in-Juliaca-4.jpg?fit=625%2C469\" loading=\"lazy\" class=\"size-full wp-image-1495\" alt=\"Chaos in Juliaca\" src=\"https:\/\/i0.wp.com\/my-alps.de\/wp-content\/uploads\/2014\/08\/Chaos-in-Juliaca-4.jpg?resize=625%2C469\" width=\"625\" height=\"469\" srcset=\"https:\/\/i0.wp.com\/my-alps.de\/wp-content\/uploads\/2014\/08\/Chaos-in-Juliaca-4.jpg?w=640 640w, https:\/\/i0.wp.com\/my-alps.de\/wp-content\/uploads\/2014\/08\/Chaos-in-Juliaca-4.jpg?resize=300%2C225 300w\" sizes=\"(max-width: 625px) 100vw, 625px\" data-recalc-dims=\"1\" \/><\/a><p id=\"caption-attachment-1495\" class=\"wp-caption-text\">Chaos in Juliaca<\/p><\/div>\n<p>Die Stra\u00dfe ist in einem Zustand, als ob gerade ein Natoman\u00f6ver mit schwerem Ger\u00e4t in der Stadt durchgef\u00fchrt wurde. Die Schlagl\u00f6cher sind so tief, so ein kleines Taxi w\u00fcrde einfach hineinfallen. Ach ja, Gullydeckel sind auch Mangelware, und so manches Loch ist mindestens 2 Meter tief.<\/p>\n<div id=\"attachment_1493\" style=\"width: 650px\" class=\"wp-caption aligncenter\"><a href=\"https:\/\/i0.wp.com\/my-alps.de\/wp-content\/uploads\/2014\/08\/Chaos-in-Juliaca-2.jpg\"><img aria-describedby=\"caption-attachment-1493\" data-attachment-id=\"1493\" data-permalink=\"http:\/\/my-alps.de\/?attachment_id=1493\" data-orig-file=\"https:\/\/i0.wp.com\/my-alps.de\/wp-content\/uploads\/2014\/08\/Chaos-in-Juliaca-2.jpg?fit=640%2C480\" data-orig-size=\"640,480\" data-comments-opened=\"1\" data-image-meta=\"{&quot;aperture&quot;:&quot;2.4&quot;,&quot;credit&quot;:&quot;&quot;,&quot;camera&quot;:&quot;iPhone 5c&quot;,&quot;caption&quot;:&quot;&quot;,&quot;created_timestamp&quot;:&quot;1407772095&quot;,&quot;copyright&quot;:&quot;&quot;,&quot;focal_length&quot;:&quot;4.12&quot;,&quot;iso&quot;:&quot;50&quot;,&quot;shutter_speed&quot;:&quot;0.0031948881789137&quot;,&quot;title&quot;:&quot;&quot;}\" data-image-title=\"Chaos in Juliaca-2\" data-image-description=\"&lt;p&gt;Chaos in Juliaca&lt;\/p&gt;\n\" data-image-caption=\"&lt;p&gt;Chaos in Juliaca&lt;\/p&gt;\n\" data-medium-file=\"https:\/\/i0.wp.com\/my-alps.de\/wp-content\/uploads\/2014\/08\/Chaos-in-Juliaca-2.jpg?fit=300%2C225\" data-large-file=\"https:\/\/i0.wp.com\/my-alps.de\/wp-content\/uploads\/2014\/08\/Chaos-in-Juliaca-2.jpg?fit=625%2C469\" loading=\"lazy\" class=\"size-full wp-image-1493\" alt=\"Chaos in Juliaca\" src=\"https:\/\/i0.wp.com\/my-alps.de\/wp-content\/uploads\/2014\/08\/Chaos-in-Juliaca-2.jpg?resize=625%2C469\" width=\"625\" height=\"469\" srcset=\"https:\/\/i0.wp.com\/my-alps.de\/wp-content\/uploads\/2014\/08\/Chaos-in-Juliaca-2.jpg?w=640 640w, https:\/\/i0.wp.com\/my-alps.de\/wp-content\/uploads\/2014\/08\/Chaos-in-Juliaca-2.jpg?resize=300%2C225 300w\" sizes=\"(max-width: 625px) 100vw, 625px\" data-recalc-dims=\"1\" \/><\/a><p id=\"caption-attachment-1493\" class=\"wp-caption-text\">Chaos in Juliaca<\/p><\/div>\n<p>Da k\u00f6nnten die Peruaner eigentlich ihren ganzen M\u00fcll hineinschmei\u00dfen. Aber den kippen sie lieber direkt auf die Stra\u00dfe, eventuell ist ja noch was brauchbares dabei&#8230;&#8230;&#8230;&#8230;&#8230;<\/p>\n<div id=\"attachment_1496\" style=\"width: 650px\" class=\"wp-caption aligncenter\"><a href=\"https:\/\/i0.wp.com\/my-alps.de\/wp-content\/uploads\/2014\/08\/Chaos-in-Juliaca-5.jpg\"><img aria-describedby=\"caption-attachment-1496\" data-attachment-id=\"1496\" data-permalink=\"http:\/\/my-alps.de\/?attachment_id=1496\" data-orig-file=\"https:\/\/i0.wp.com\/my-alps.de\/wp-content\/uploads\/2014\/08\/Chaos-in-Juliaca-5.jpg?fit=640%2C480\" data-orig-size=\"640,480\" data-comments-opened=\"1\" data-image-meta=\"{&quot;aperture&quot;:&quot;0&quot;,&quot;credit&quot;:&quot;&quot;,&quot;camera&quot;:&quot;&quot;,&quot;caption&quot;:&quot;&quot;,&quot;created_timestamp&quot;:&quot;0&quot;,&quot;copyright&quot;:&quot;&quot;,&quot;focal_length&quot;:&quot;0&quot;,&quot;iso&quot;:&quot;0&quot;,&quot;shutter_speed&quot;:&quot;0&quot;,&quot;title&quot;:&quot;&quot;}\" data-image-title=\"Chaos in Juliaca-5\" data-image-description=\"&lt;p&gt;Chaos in Juliaca&lt;\/p&gt;\n\" data-image-caption=\"&lt;p&gt;Chaos in Juliaca&lt;\/p&gt;\n\" data-medium-file=\"https:\/\/i0.wp.com\/my-alps.de\/wp-content\/uploads\/2014\/08\/Chaos-in-Juliaca-5.jpg?fit=300%2C225\" data-large-file=\"https:\/\/i0.wp.com\/my-alps.de\/wp-content\/uploads\/2014\/08\/Chaos-in-Juliaca-5.jpg?fit=625%2C469\" loading=\"lazy\" class=\"size-full wp-image-1496\" alt=\"Chaos in Juliaca\" src=\"https:\/\/i0.wp.com\/my-alps.de\/wp-content\/uploads\/2014\/08\/Chaos-in-Juliaca-5.jpg?resize=625%2C469\" width=\"625\" height=\"469\" srcset=\"https:\/\/i0.wp.com\/my-alps.de\/wp-content\/uploads\/2014\/08\/Chaos-in-Juliaca-5.jpg?w=640 640w, https:\/\/i0.wp.com\/my-alps.de\/wp-content\/uploads\/2014\/08\/Chaos-in-Juliaca-5.jpg?resize=300%2C225 300w\" sizes=\"(max-width: 625px) 100vw, 625px\" data-recalc-dims=\"1\" \/><\/a><p id=\"caption-attachment-1496\" class=\"wp-caption-text\">Chaos in Juliaca<\/p><\/div>\n<p>Die kleinen Dreir\u00e4der eignen sich auch hervorragend als Transporter f\u00fcr Dinge des t\u00e4glichen Lebens. Ich wei\u00df ja nicht, aber der Fahrer hat dann vor einer &#8222;Peluqueria&#8220; angehalten. Ist&#8217;s f\u00fcr die Schafe oder die M\u00e4dels? (Peluqueria = Fris\u00f6r)<\/p>\n<p>Nachdem wir diesen Gro\u00dfstadtdschungel hinter uns gebracht haben sind wir dann nach Sillustani gefahren und haben die alten Grabh\u00fcgel bewundert. Hier wurden schon in der Pr\u00e4inkazeit prachtvolle Grabanlagen geschaffen. Wenn ein einflussreicher Herrscher gestorben ist, hat man seine Frauen, Kinder und seine Untergebenen gleich mit umgebracht und eingemauert.<\/p>\n<div id=\"attachment_1497\" style=\"width: 1034px\" class=\"wp-caption aligncenter\"><a href=\"https:\/\/i0.wp.com\/my-alps.de\/wp-content\/uploads\/2014\/08\/Sillustani-Grabh\u00fcgel-1-ce4.jpg\"><img aria-describedby=\"caption-attachment-1497\" data-attachment-id=\"1497\" data-permalink=\"http:\/\/my-alps.de\/?attachment_id=1497\" data-orig-file=\"https:\/\/i0.wp.com\/my-alps.de\/wp-content\/uploads\/2014\/08\/Sillustani-Grabh\u00fcgel-1-ce4.jpg?fit=1024%2C683\" data-orig-size=\"1024,683\" data-comments-opened=\"1\" data-image-meta=\"{&quot;aperture&quot;:&quot;9.5&quot;,&quot;credit&quot;:&quot;&quot;,&quot;camera&quot;:&quot;SLT-A99V&quot;,&quot;caption&quot;:&quot;&quot;,&quot;created_timestamp&quot;:&quot;1407694521&quot;,&quot;copyright&quot;:&quot;&quot;,&quot;focal_length&quot;:&quot;35&quot;,&quot;iso&quot;:&quot;100&quot;,&quot;shutter_speed&quot;:&quot;0.004&quot;,&quot;title&quot;:&quot;&quot;}\" data-image-title=\"Sillustani Grabh\u00fcgel-1-ce4\" data-image-description=\"&lt;p&gt;Sillustani Grabh\u00fcgel-1&lt;\/p&gt;\n\" data-image-caption=\"&lt;p&gt;Sillustani Grabh\u00fcgel-1&lt;\/p&gt;\n\" data-medium-file=\"https:\/\/i0.wp.com\/my-alps.de\/wp-content\/uploads\/2014\/08\/Sillustani-Grabh\u00fcgel-1-ce4.jpg?fit=300%2C200\" data-large-file=\"https:\/\/i0.wp.com\/my-alps.de\/wp-content\/uploads\/2014\/08\/Sillustani-Grabh\u00fcgel-1-ce4.jpg?fit=625%2C417\" loading=\"lazy\" class=\"size-full wp-image-1497\" alt=\"Sillustani Grabh\u00fcgel-1\" src=\"https:\/\/i0.wp.com\/my-alps.de\/wp-content\/uploads\/2014\/08\/Sillustani-Grabh\u00fcgel-1-ce4.jpg?resize=625%2C417\" width=\"625\" height=\"417\" srcset=\"https:\/\/i0.wp.com\/my-alps.de\/wp-content\/uploads\/2014\/08\/Sillustani-Grabh\u00fcgel-1-ce4.jpg?w=1024 1024w, https:\/\/i0.wp.com\/my-alps.de\/wp-content\/uploads\/2014\/08\/Sillustani-Grabh\u00fcgel-1-ce4.jpg?resize=300%2C200 300w\" sizes=\"(max-width: 625px) 100vw, 625px\" data-recalc-dims=\"1\" \/><\/a><p id=\"caption-attachment-1497\" class=\"wp-caption-text\">Sillustani Grabh\u00fcgel-1<\/p><\/div>\n<p>Die Steine wurden kunstvoll behauen und gegl\u00e4ttet, und dann aufgeschichtet. auf der Innenseite wurde das ganze dann mit Lehm und Kieselsteinen ausgesteift.<\/p>\n<div id=\"attachment_1499\" style=\"width: 693px\" class=\"wp-caption aligncenter\"><a href=\"https:\/\/i0.wp.com\/my-alps.de\/wp-content\/uploads\/2014\/08\/Sillustani-Grabh\u00fcgel-3-ce4.jpg\"><img aria-describedby=\"caption-attachment-1499\" data-attachment-id=\"1499\" data-permalink=\"http:\/\/my-alps.de\/?attachment_id=1499\" data-orig-file=\"https:\/\/i0.wp.com\/my-alps.de\/wp-content\/uploads\/2014\/08\/Sillustani-Grabh\u00fcgel-3-ce4.jpg?fit=683%2C1024\" data-orig-size=\"683,1024\" data-comments-opened=\"1\" data-image-meta=\"{&quot;aperture&quot;:&quot;9.5&quot;,&quot;credit&quot;:&quot;&quot;,&quot;camera&quot;:&quot;SLT-A99V&quot;,&quot;caption&quot;:&quot;&quot;,&quot;created_timestamp&quot;:&quot;1407694571&quot;,&quot;copyright&quot;:&quot;&quot;,&quot;focal_length&quot;:&quot;55&quot;,&quot;iso&quot;:&quot;100&quot;,&quot;shutter_speed&quot;:&quot;0.004&quot;,&quot;title&quot;:&quot;&quot;}\" data-image-title=\"Sillustani-Grabh\u00fcgel-3-ce4\" data-image-description=\"&lt;p&gt;Sillustani-Grabh\u00fcgel-3&lt;\/p&gt;\n\" data-image-caption=\"&lt;p&gt;Sillustani-Grabh\u00fcgel-3&lt;\/p&gt;\n\" data-medium-file=\"https:\/\/i0.wp.com\/my-alps.de\/wp-content\/uploads\/2014\/08\/Sillustani-Grabh\u00fcgel-3-ce4.jpg?fit=200%2C300\" data-large-file=\"https:\/\/i0.wp.com\/my-alps.de\/wp-content\/uploads\/2014\/08\/Sillustani-Grabh\u00fcgel-3-ce4.jpg?fit=625%2C937\" loading=\"lazy\" class=\"size-full wp-image-1499\" alt=\"Sillustani-Grabh\u00fcgel-3\" src=\"https:\/\/i0.wp.com\/my-alps.de\/wp-content\/uploads\/2014\/08\/Sillustani-Grabh\u00fcgel-3-ce4.jpg?resize=625%2C937\" width=\"625\" height=\"937\" srcset=\"https:\/\/i0.wp.com\/my-alps.de\/wp-content\/uploads\/2014\/08\/Sillustani-Grabh\u00fcgel-3-ce4.jpg?w=683 683w, https:\/\/i0.wp.com\/my-alps.de\/wp-content\/uploads\/2014\/08\/Sillustani-Grabh\u00fcgel-3-ce4.jpg?resize=200%2C300 200w\" sizes=\"(max-width: 625px) 100vw, 625px\" data-recalc-dims=\"1\" \/><\/a><p id=\"caption-attachment-1499\" class=\"wp-caption-text\">Sillustani-Grabh\u00fcgel-3<\/p><\/div>\n<p>Diese kunstvolle Steinarchitektur hat uns dann f\u00fcr das Chaos in der Stadt entsch\u00e4digt. Wir durften auf dem Parkplatz vor dem Museum mit unserem WOMO \u00fcbernachten, und hatten einen privaten Nachtw\u00e4chter. Der war sehr lustig.<\/p>\n<div id=\"attachment_1498\" style=\"width: 1034px\" class=\"wp-caption aligncenter\"><a href=\"https:\/\/i0.wp.com\/my-alps.de\/wp-content\/uploads\/2014\/08\/Sillustani-Grabh\u00fcgel-2-ce4.jpg\"><img aria-describedby=\"caption-attachment-1498\" data-attachment-id=\"1498\" data-permalink=\"http:\/\/my-alps.de\/?attachment_id=1498\" data-orig-file=\"https:\/\/i0.wp.com\/my-alps.de\/wp-content\/uploads\/2014\/08\/Sillustani-Grabh\u00fcgel-2-ce4.jpg?fit=1024%2C683\" data-orig-size=\"1024,683\" data-comments-opened=\"1\" data-image-meta=\"{&quot;aperture&quot;:&quot;11&quot;,&quot;credit&quot;:&quot;&quot;,&quot;camera&quot;:&quot;SLT-A99V&quot;,&quot;caption&quot;:&quot;&quot;,&quot;created_timestamp&quot;:&quot;1407695083&quot;,&quot;copyright&quot;:&quot;&quot;,&quot;focal_length&quot;:&quot;24&quot;,&quot;iso&quot;:&quot;100&quot;,&quot;shutter_speed&quot;:&quot;0.004&quot;,&quot;title&quot;:&quot;&quot;}\" data-image-title=\"Sillustani-Grabh\u00fcgel-2-ce4\" data-image-description=\"&lt;p&gt;Sillustani-Grabh\u00fcgel-2&lt;\/p&gt;\n\" data-image-caption=\"&lt;p&gt;Sillustani-Grabh\u00fcgel-2&lt;\/p&gt;\n\" data-medium-file=\"https:\/\/i0.wp.com\/my-alps.de\/wp-content\/uploads\/2014\/08\/Sillustani-Grabh\u00fcgel-2-ce4.jpg?fit=300%2C200\" data-large-file=\"https:\/\/i0.wp.com\/my-alps.de\/wp-content\/uploads\/2014\/08\/Sillustani-Grabh\u00fcgel-2-ce4.jpg?fit=625%2C417\" loading=\"lazy\" class=\"size-full wp-image-1498\" alt=\"Sillustani-Grabh\u00fcgel-2\" src=\"https:\/\/i0.wp.com\/my-alps.de\/wp-content\/uploads\/2014\/08\/Sillustani-Grabh\u00fcgel-2-ce4.jpg?resize=625%2C417\" width=\"625\" height=\"417\" srcset=\"https:\/\/i0.wp.com\/my-alps.de\/wp-content\/uploads\/2014\/08\/Sillustani-Grabh\u00fcgel-2-ce4.jpg?w=1024 1024w, https:\/\/i0.wp.com\/my-alps.de\/wp-content\/uploads\/2014\/08\/Sillustani-Grabh\u00fcgel-2-ce4.jpg?resize=300%2C200 300w\" sizes=\"(max-width: 625px) 100vw, 625px\" data-recalc-dims=\"1\" \/><\/a><p id=\"caption-attachment-1498\" class=\"wp-caption-text\">Sillustani-Grabh\u00fcgel-2<\/p><\/div>\n<p>&nbsp;<\/p>\n","protected":false},"excerpt":{"rendered":"<p>Auf dem Weg zur Stra\u00dfe nach Cusco kommen wir wieder recht nahe am Titikakasee vorbei, und so machen wir einen kurzen Abstecher \u00fcber Juliaca, der wohl chaotischsten Stadt in ganz Peru, zu den Grabt\u00fcrmen von Sillustani.<\/p>\n","protected":false},"author":1,"featured_media":0,"comment_status":"open","ping_status":"open","sticky":false,"template":"","format":"gallery","meta":{"spay_email":"","jetpack_publicize_message":"","jetpack_is_tweetstorm":false,"jetpack_publicize_feature_enabled":true},"categories":[1],"tags":[24,25,21],"jetpack_featured_media_url":"","jetpack_publicize_connections":[],"jetpack_sharing_enabled":true,"jetpack_shortlink":"https:\/\/wp.me\/p6huce-o3","jetpack-related-posts":[{"id":1472,"url":"http:\/\/my-alps.de\/?p=1472","url_meta":{"origin":1491,"position":0},"title":"vom Sajama, dem h\u00f6chsten Berg Boliviens nach Peru","date":"8. August 2014","format":"gallery","excerpt":"Da wir vom Titikakasee etwas entt\u00e4uscht waren, haben wir uns kurzerhand entschlossen doch noch einen Abstecher zum \"Sajama\" zu fahren. Er liegt zwar auf dem Weg Richtung Chile, aber\u00a0das haben wir dann mit dem Grenz\u00fcbergang in Arica\u00a0verkn\u00fcpft. auf dem AltiplanoDer \"Sajama\" ist ein wundersch\u00f6ner Vulkankegel, der sich wie eine Zipfelm\u00fctze\u2026","rel":"","context":"In &quot;News&quot;","img":{"alt_text":"","src":"https:\/\/i0.wp.com\/my-alps.de\/wp-content\/uploads\/2014\/08\/Vulkanausbruch-1-ce4.jpg?resize=350%2C200","width":350,"height":200},"classes":[]},{"id":1458,"url":"http:\/\/my-alps.de\/?p=1458","url_meta":{"origin":1491,"position":1},"title":"Copacabana &#8211; am Titikakasee","date":"7. August 2014","format":"gallery","excerpt":"Copacabana? am Titikakasee? Ja, richtig geraten! DAS ist das wahre Copacabana, das am Titikakasee! Der Strand in Rio hat von den Einwohnern am T-see, den Namen \u201egeschenkt\u201c bekommen, und das f\u00fcr die Weihe einer kleinen Kapelle mit einer Madonna vom Titikakasee. Sch\u00f6n bl\u00f6d denken sich nun die (bolivianischen) Copacabaner und\u2026","rel":"","context":"In &quot;News&quot;","img":{"alt_text":"","src":"https:\/\/i0.wp.com\/my-alps.de\/wp-content\/uploads\/2014\/08\/Let-my-Motor-running.....jpg?resize=350%2C200","width":350,"height":200},"classes":[]},{"id":1178,"url":"http:\/\/my-alps.de\/?p=1178","url_meta":{"origin":1491,"position":2},"title":"Epilog &#8211; Osorno","date":"3. Juni 2014","format":"gallery","excerpt":"Nach erfolgreicher Implementierung des nagelneuen Steuerger\u00e4tes in unseren Allradantrieb -\u00a0(er funktioniert wieder!) - steht einer Fortsetzung der Reise nach Norden, Richtung Bolivien und Peru nichts mehr im Weg. Doch vorher ein kleiner R\u00fcckblick: Wir haben hier in der Stadt richtige Freunde gefunden, Mario, Gustavo und ihre Familien sind so gastfreundlich\u2026","rel":"","context":"In &quot;News&quot;","img":{"alt_text":"","src":"","width":0,"height":0},"classes":[]},{"id":1483,"url":"http:\/\/my-alps.de\/?p=1483","url_meta":{"origin":1491,"position":3},"title":"Colca Canyon &#8211; ganz sch\u00f6n tief","date":"11. August 2014","format":"gallery","excerpt":"Nachdem wir zwei Tage in Arequipa, der wohl sch\u00f6nsten Stadt in Peru, verbracht haben, sind wir weitergefahren zum Colca Canyon. Arequipa besticht mit seiner sch\u00f6nen Innenstadt und den aus weissen Vulkangestein erbauten Kolonialgeb\u00e4uden. Unser Camp haben wir im Garten des \"Hostal Mercedes\", direkt in der Innenstadt aufgeschlagen. Dementsprechend laut war\u2026","rel":"","context":"In &quot;News&quot;","img":{"alt_text":"","src":"https:\/\/i0.wp.com\/my-alps.de\/wp-content\/uploads\/2014\/08\/Colca-Terrassenfelder-ce4.jpg?resize=350%2C200","width":350,"height":200},"classes":[]},{"id":450,"url":"http:\/\/my-alps.de\/?p=450","url_meta":{"origin":1491,"position":4},"title":"Das sagt sie und das meint ER (1von2)","date":"15. Dezember 2013","format":"gallery","excerpt":"Hallo, ihr ZUHAUSEgebliebenen, wir sind heute in Colonia di Sacramento angekommen und sin somit in Uruguay. Dem esten Fussballweltmeister, und wenn's nach den URU'S geht, auch dem kommenden in Brasilien. Die Bilder zu diesem Blog f\u00fcge ich sp\u00e4ter mal ein, das WIFI hier in Uruguay ist nicht so von der\u2026","rel":"","context":"In &quot;News&quot;","img":{"alt_text":"","src":"","width":0,"height":0},"classes":[]},{"id":1595,"url":"http:\/\/my-alps.de\/?p=1595","url_meta":{"origin":1491,"position":5},"title":"Die Traumstra\u00dfe (Teil 2) \u00fcber Leymebamba","date":"11. September 2014","format":"gallery","excerpt":"Nach der \u00dcberquerung der sich schier endlos hinziehenden Pass Stra\u00dfe, ver\u00e4ndert sich das Landschaftsbild. Waren die Berge vorher noch mit niedriger Macchia bewachsen, dominiert nun auf einmal sattes Gr\u00fcn. Wie bei uns in den Voralpen sind die Wiesen saftig gr\u00fcn und es weiden K\u00fche. Fehlt nur noch das Gebimmel der\u2026","rel":"","context":"In &quot;News&quot;","img":{"alt_text":"","src":"https:\/\/i0.wp.com\/my-alps.de\/wp-content\/uploads\/2014\/09\/Die-Regenzeit-beginnt-ce4.jpg?resize=350%2C200","width":350,"height":200},"classes":[]}],"_links":{"self":[{"href":"http:\/\/my-alps.de\/index.php?rest_route=\/wp\/v2\/posts\/1491"}],"collection":[{"href":"http:\/\/my-alps.de\/index.php?rest_route=\/wp\/v2\/posts"}],"about":[{"href":"http:\/\/my-alps.de\/index.php?rest_route=\/wp\/v2\/types\/post"}],"author":[{"embeddable":true,"href":"http:\/\/my-alps.de\/index.php?rest_route=\/wp\/v2\/users\/1"}],"replies":[{"embeddable":true,"href":"http:\/\/my-alps.de\/index.php?rest_route=%2Fwp%2Fv2%2Fcomments&post=1491"}],"version-history":[{"count":3,"href":"http:\/\/my-alps.de\/index.php?rest_route=\/wp\/v2\/posts\/1491\/revisions"}],"predecessor-version":[{"id":1502,"href":"http:\/\/my-alps.de\/index.php?rest_route=\/wp\/v2\/posts\/1491\/revisions\/1502"}],"wp:attachment":[{"href":"http:\/\/my-alps.de\/index.php?rest_route=%2Fwp%2Fv2%2Fmedia&parent=1491"}],"wp:term":[{"taxonomy":"category","embeddable":true,"href":"http:\/\/my-alps.de\/index.php?rest_route=%2Fwp%2Fv2%2Fcategories&post=1491"},{"taxonomy":"post_tag","embeddable":true,"href":"http:\/\/my-alps.de\/index.php?rest_route=%2Fwp%2Fv2%2Ftags&post=1491"}],"curies":[{"name":"wp","href":"https:\/\/api.w.org\/{rel}","templated":true}]}}