{"id":1483,"date":"2014-08-11T18:17:21","date_gmt":"2014-08-11T16:17:21","guid":{"rendered":"http:\/\/my-alps.de\/?p=1483"},"modified":"2014-08-11T18:17:21","modified_gmt":"2014-08-11T16:17:21","slug":"colca-canyon-ganz-schoen-tief","status":"publish","type":"post","link":"http:\/\/my-alps.de\/?p=1483","title":{"rendered":"Colca Canyon &#8211; ganz sch\u00f6n tief"},"content":{"rendered":"<p>Nachdem wir zwei Tage in Arequipa, der wohl sch\u00f6nsten Stadt in Peru, verbracht haben, sind wir weitergefahren zum Colca Canyon.<br \/>\nArequipa besticht mit seiner sch\u00f6nen Innenstadt und den aus weissen Vulkangestein erbauten Kolonialgeb\u00e4uden.<br \/>\nUnser Camp haben wir im Garten des &#8222;Hostal Mercedes&#8220;, direkt in der Innenstadt aufgeschlagen. Dementsprechend laut war die 4-spurige Stra\u00dfe, die direkt an unserem Ohr vorbei f\u00fchrt. Aber daf\u00fcr stehen wir sicher und in die Innenstadt sind es nur 5 Minuten zu Fu\u00df. Wir schlendern durch die Stadt und erledigen einige Dinge, wie neue Telefonkarten besorgen, Geld tauschen und den Taxis auszuweichen, die einem \u00fcber die F\u00fc\u00dfe fahren wollen.<\/p>\n<p><!--more--><br \/>\nNach 2 Tagen Sightseeing langt es dann auch und wir starten zum Colca Canyon.<\/p>\n<div id=\"attachment_1486\" style=\"width: 1034px\" class=\"wp-caption aligncenter\"><a href=\"https:\/\/i0.wp.com\/my-alps.de\/wp-content\/uploads\/2014\/08\/Colca-Chivay-ce4-dfine.jpg\"><img aria-describedby=\"caption-attachment-1486\" data-attachment-id=\"1486\" data-permalink=\"http:\/\/my-alps.de\/?attachment_id=1486\" data-orig-file=\"https:\/\/i0.wp.com\/my-alps.de\/wp-content\/uploads\/2014\/08\/Colca-Chivay-ce4-dfine.jpg?fit=1024%2C683\" data-orig-size=\"1024,683\" data-comments-opened=\"1\" data-image-meta=\"{&quot;aperture&quot;:&quot;9.5&quot;,&quot;credit&quot;:&quot;&quot;,&quot;camera&quot;:&quot;SLT-A99V&quot;,&quot;caption&quot;:&quot;&quot;,&quot;created_timestamp&quot;:&quot;1407517788&quot;,&quot;copyright&quot;:&quot;&quot;,&quot;focal_length&quot;:&quot;70&quot;,&quot;iso&quot;:&quot;100&quot;,&quot;shutter_speed&quot;:&quot;0.008&quot;,&quot;title&quot;:&quot;&quot;}\" data-image-title=\"Colca &#8211; Chivay-ce4-dfine\" data-image-description=\"&lt;p&gt;Colca &#8211; Chivay&lt;\/p&gt;\n\" data-image-caption=\"&lt;p&gt;Colca &#8211; Chivay&lt;\/p&gt;\n\" data-medium-file=\"https:\/\/i0.wp.com\/my-alps.de\/wp-content\/uploads\/2014\/08\/Colca-Chivay-ce4-dfine.jpg?fit=300%2C200\" data-large-file=\"https:\/\/i0.wp.com\/my-alps.de\/wp-content\/uploads\/2014\/08\/Colca-Chivay-ce4-dfine.jpg?fit=625%2C417\" loading=\"lazy\" class=\"size-full wp-image-1486\" alt=\"Colca - Chivay\" src=\"https:\/\/i0.wp.com\/my-alps.de\/wp-content\/uploads\/2014\/08\/Colca-Chivay-ce4-dfine.jpg?resize=625%2C417\" width=\"625\" height=\"417\" srcset=\"https:\/\/i0.wp.com\/my-alps.de\/wp-content\/uploads\/2014\/08\/Colca-Chivay-ce4-dfine.jpg?w=1024 1024w, https:\/\/i0.wp.com\/my-alps.de\/wp-content\/uploads\/2014\/08\/Colca-Chivay-ce4-dfine.jpg?resize=300%2C200 300w\" sizes=\"(max-width: 625px) 100vw, 625px\" data-recalc-dims=\"1\" \/><\/a><p id=\"caption-attachment-1486\" class=\"wp-caption-text\">Colca &#8211; Chivay<\/p><\/div>\n<p>Es geht wieder hinauf bis auf 4.800 Meter, und dann in endlosen Serpentinen nach Chivay hinunter auf 3.600 Meter.<br \/>\nDer Colca Canyon wird schon seit der Pr\u00e4inkazeit intensiv f\u00fcr die Landwirtschaft genutzt, denn das Klima ist hier &#8222;relativ&#8220; mild.<br \/>\nDie Schlucht geh\u00f6rt zu einer der tiefsten der Erde, und es kommt, wie immer nat\u00fcrlich auf den Betrachtungspunkt an,<br \/>\nwie man &#8222;Tiefe&#8220; definiert.<\/p>\n<div id=\"attachment_1488\" style=\"width: 1034px\" class=\"wp-caption aligncenter\"><a href=\"https:\/\/i0.wp.com\/my-alps.de\/wp-content\/uploads\/2014\/08\/Colca-Terrassenfelder-ce4.jpg\"><img aria-describedby=\"caption-attachment-1488\" data-attachment-id=\"1488\" data-permalink=\"http:\/\/my-alps.de\/?attachment_id=1488\" data-orig-file=\"https:\/\/i0.wp.com\/my-alps.de\/wp-content\/uploads\/2014\/08\/Colca-Terrassenfelder-ce4.jpg?fit=1024%2C683\" data-orig-size=\"1024,683\" data-comments-opened=\"1\" data-image-meta=\"{&quot;aperture&quot;:&quot;6.7&quot;,&quot;credit&quot;:&quot;&quot;,&quot;camera&quot;:&quot;SLT-A99V&quot;,&quot;caption&quot;:&quot;&quot;,&quot;created_timestamp&quot;:&quot;1407589578&quot;,&quot;copyright&quot;:&quot;&quot;,&quot;focal_length&quot;:&quot;24&quot;,&quot;iso&quot;:&quot;100&quot;,&quot;shutter_speed&quot;:&quot;0.004&quot;,&quot;title&quot;:&quot;&quot;}\" data-image-title=\"Colca &#8211; Terrassenfelder-ce4\" data-image-description=\"&lt;p&gt;Colca &#8211; Terrassenfelder&lt;\/p&gt;\n\" data-image-caption=\"&lt;p&gt;Colca &#8211; Terrassenfelder&lt;\/p&gt;\n\" data-medium-file=\"https:\/\/i0.wp.com\/my-alps.de\/wp-content\/uploads\/2014\/08\/Colca-Terrassenfelder-ce4.jpg?fit=300%2C200\" data-large-file=\"https:\/\/i0.wp.com\/my-alps.de\/wp-content\/uploads\/2014\/08\/Colca-Terrassenfelder-ce4.jpg?fit=625%2C417\" loading=\"lazy\" class=\"size-full wp-image-1488\" alt=\"Colca - Terrassenfelder\" src=\"https:\/\/i0.wp.com\/my-alps.de\/wp-content\/uploads\/2014\/08\/Colca-Terrassenfelder-ce4.jpg?resize=625%2C417\" width=\"625\" height=\"417\" srcset=\"https:\/\/i0.wp.com\/my-alps.de\/wp-content\/uploads\/2014\/08\/Colca-Terrassenfelder-ce4.jpg?w=1024 1024w, https:\/\/i0.wp.com\/my-alps.de\/wp-content\/uploads\/2014\/08\/Colca-Terrassenfelder-ce4.jpg?resize=300%2C200 300w\" sizes=\"(max-width: 625px) 100vw, 625px\" data-recalc-dims=\"1\" \/><\/a><p id=\"caption-attachment-1488\" class=\"wp-caption-text\">Colca &#8211; Terrassenfelder<\/p><\/div>\n<p>Allerdings sind die Ausblicke von der (\u00fcbelsten) Piste wirklich grandios. Was st\u00f6rt, ist die gnadenlose Vermarktung der Peruaner dieses Naturwunders. Als Europ\u00e4er muss man 70 Soles Eintritt p.P. bezahlen. Das sind fast 18 Euro &#8211; f\u00fcr na ja, das man halt die Schlucht herunterschauen kann. An der Kontrollstelle, wo die Tickets verkauft werden verhandle ich deshalb den Einheimischen Preis von 40 Soles \u00a0p.P. &#8211; das reicht auch. (Mein Spanisch kann ganz sch\u00f6n \u00fcberzeugend sein ;-))))))<\/p>\n<div id=\"attachment_1484\" style=\"width: 1034px\" class=\"wp-caption aligncenter\"><a href=\"https:\/\/i0.wp.com\/my-alps.de\/wp-content\/uploads\/2014\/08\/Absturzsicher-ce4.jpg\"><img aria-describedby=\"caption-attachment-1484\" data-attachment-id=\"1484\" data-permalink=\"http:\/\/my-alps.de\/?attachment_id=1484\" data-orig-file=\"https:\/\/i0.wp.com\/my-alps.de\/wp-content\/uploads\/2014\/08\/Absturzsicher-ce4.jpg?fit=1024%2C683\" data-orig-size=\"1024,683\" data-comments-opened=\"1\" data-image-meta=\"{&quot;aperture&quot;:&quot;8&quot;,&quot;credit&quot;:&quot;&quot;,&quot;camera&quot;:&quot;SLT-A99V&quot;,&quot;caption&quot;:&quot;&quot;,&quot;created_timestamp&quot;:&quot;1407606746&quot;,&quot;copyright&quot;:&quot;&quot;,&quot;focal_length&quot;:&quot;24&quot;,&quot;iso&quot;:&quot;100&quot;,&quot;shutter_speed&quot;:&quot;0.005&quot;,&quot;title&quot;:&quot;&quot;}\" data-image-title=\"Absturzsicher-ce4\" data-image-description=\"&lt;p&gt;Absturzsicher&lt;\/p&gt;\n\" data-image-caption=\"&lt;p&gt;Absturzsicher&lt;\/p&gt;\n\" data-medium-file=\"https:\/\/i0.wp.com\/my-alps.de\/wp-content\/uploads\/2014\/08\/Absturzsicher-ce4.jpg?fit=300%2C200\" data-large-file=\"https:\/\/i0.wp.com\/my-alps.de\/wp-content\/uploads\/2014\/08\/Absturzsicher-ce4.jpg?fit=625%2C417\" loading=\"lazy\" class=\"size-full wp-image-1484\" alt=\"Absturzsicher\" src=\"https:\/\/i0.wp.com\/my-alps.de\/wp-content\/uploads\/2014\/08\/Absturzsicher-ce4.jpg?resize=625%2C417\" width=\"625\" height=\"417\" srcset=\"https:\/\/i0.wp.com\/my-alps.de\/wp-content\/uploads\/2014\/08\/Absturzsicher-ce4.jpg?w=1024 1024w, https:\/\/i0.wp.com\/my-alps.de\/wp-content\/uploads\/2014\/08\/Absturzsicher-ce4.jpg?resize=300%2C200 300w\" sizes=\"(max-width: 625px) 100vw, 625px\" data-recalc-dims=\"1\" \/><\/a><p id=\"caption-attachment-1484\" class=\"wp-caption-text\">Absturzsicher<\/p><\/div>\n<p>Die Piste, auf der einem gef\u00fchlte 200 Mercedes Sprinter mit Pauschaltouristen und 20 Busse entgegenkommen, ist mit Tiefblicken garniert, die einem die schauerlichsten Geschichten von abgest\u00fcrzten Autos in den Kopf projizieren. Der Fahrstil der Peruaner unterscheidet sich im \u00fcbrigen in nichts von dem der Bolivianer!<\/p>\n<div id=\"attachment_1485\" style=\"width: 1034px\" class=\"wp-caption aligncenter\"><a href=\"https:\/\/i0.wp.com\/my-alps.de\/wp-content\/uploads\/2014\/08\/Colca-Canyon-pan-ce4.jpg\"><img aria-describedby=\"caption-attachment-1485\" data-attachment-id=\"1485\" data-permalink=\"http:\/\/my-alps.de\/?attachment_id=1485\" data-orig-file=\"https:\/\/i0.wp.com\/my-alps.de\/wp-content\/uploads\/2014\/08\/Colca-Canyon-pan-ce4.jpg?fit=1024%2C683\" data-orig-size=\"1024,683\" data-comments-opened=\"1\" data-image-meta=\"{&quot;aperture&quot;:&quot;5.6&quot;,&quot;credit&quot;:&quot;&quot;,&quot;camera&quot;:&quot;SLT-A99V&quot;,&quot;caption&quot;:&quot;&quot;,&quot;created_timestamp&quot;:&quot;1407599104&quot;,&quot;copyright&quot;:&quot;&quot;,&quot;focal_length&quot;:&quot;12&quot;,&quot;iso&quot;:&quot;100&quot;,&quot;shutter_speed&quot;:&quot;0.004&quot;,&quot;title&quot;:&quot;&quot;}\" data-image-title=\"Colca &#8211; Canyon &#8211; pan-ce4\" data-image-description=\"&lt;p&gt;Colca &#8211; Canyon&lt;\/p&gt;\n\" data-image-caption=\"&lt;p&gt;Colca &#8211; Canyon&lt;\/p&gt;\n\" data-medium-file=\"https:\/\/i0.wp.com\/my-alps.de\/wp-content\/uploads\/2014\/08\/Colca-Canyon-pan-ce4.jpg?fit=300%2C200\" data-large-file=\"https:\/\/i0.wp.com\/my-alps.de\/wp-content\/uploads\/2014\/08\/Colca-Canyon-pan-ce4.jpg?fit=625%2C417\" loading=\"lazy\" class=\"size-full wp-image-1485\" alt=\"Colca - Canyon\" src=\"https:\/\/i0.wp.com\/my-alps.de\/wp-content\/uploads\/2014\/08\/Colca-Canyon-pan-ce4.jpg?resize=625%2C417\" width=\"625\" height=\"417\" srcset=\"https:\/\/i0.wp.com\/my-alps.de\/wp-content\/uploads\/2014\/08\/Colca-Canyon-pan-ce4.jpg?w=1024 1024w, https:\/\/i0.wp.com\/my-alps.de\/wp-content\/uploads\/2014\/08\/Colca-Canyon-pan-ce4.jpg?resize=300%2C200 300w\" sizes=\"(max-width: 625px) 100vw, 625px\" data-recalc-dims=\"1\" \/><\/a><p id=\"caption-attachment-1485\" class=\"wp-caption-text\">Colca &#8211; Canyon<\/p><\/div>\n<p>Am h\u00f6chsten Aussichtspunkt erkennt man den Grund der Schlucht kaum mehr &#8211; ist ja auch einen knappen Kilometer entfernt!<br \/>\nAn den Klippen kreisen Kondore im Aufwind und wir sitzen den halben Tag da und lassen diese Landschaft auf uns wirken.<\/p>\n<div id=\"attachment_1487\" style=\"width: 1034px\" class=\"wp-caption aligncenter\"><a href=\"https:\/\/i0.wp.com\/my-alps.de\/wp-content\/uploads\/2014\/08\/Colca-Condor.jpg\"><img aria-describedby=\"caption-attachment-1487\" data-attachment-id=\"1487\" data-permalink=\"http:\/\/my-alps.de\/?attachment_id=1487\" data-orig-file=\"https:\/\/i0.wp.com\/my-alps.de\/wp-content\/uploads\/2014\/08\/Colca-Condor.jpg?fit=1024%2C575\" data-orig-size=\"1024,575\" data-comments-opened=\"1\" data-image-meta=\"{&quot;aperture&quot;:&quot;11&quot;,&quot;credit&quot;:&quot;&quot;,&quot;camera&quot;:&quot;SLT-A99V&quot;,&quot;caption&quot;:&quot;&quot;,&quot;created_timestamp&quot;:&quot;1407594048&quot;,&quot;copyright&quot;:&quot;&quot;,&quot;focal_length&quot;:&quot;70&quot;,&quot;iso&quot;:&quot;100&quot;,&quot;shutter_speed&quot;:&quot;0.0028571428571429&quot;,&quot;title&quot;:&quot;&quot;}\" data-image-title=\"Colca &#8211; Condor\" data-image-description=\"&lt;p&gt;Colca &#8211; Condor&lt;\/p&gt;\n\" data-image-caption=\"&lt;p&gt;Colca &#8211; Condor&lt;\/p&gt;\n\" data-medium-file=\"https:\/\/i0.wp.com\/my-alps.de\/wp-content\/uploads\/2014\/08\/Colca-Condor.jpg?fit=300%2C168\" data-large-file=\"https:\/\/i0.wp.com\/my-alps.de\/wp-content\/uploads\/2014\/08\/Colca-Condor.jpg?fit=625%2C351\" loading=\"lazy\" class=\"size-full wp-image-1487\" alt=\"Colca - Condor\" src=\"https:\/\/i0.wp.com\/my-alps.de\/wp-content\/uploads\/2014\/08\/Colca-Condor.jpg?resize=625%2C351\" width=\"625\" height=\"351\" srcset=\"https:\/\/i0.wp.com\/my-alps.de\/wp-content\/uploads\/2014\/08\/Colca-Condor.jpg?w=1024 1024w, https:\/\/i0.wp.com\/my-alps.de\/wp-content\/uploads\/2014\/08\/Colca-Condor.jpg?resize=300%2C168 300w\" sizes=\"(max-width: 625px) 100vw, 625px\" data-recalc-dims=\"1\" \/><\/a><p id=\"caption-attachment-1487\" class=\"wp-caption-text\">Colca &#8211; Condor<\/p><\/div>\n<p>Beim zur\u00fcckfahren stellen wir fest, das wir ganz alleine sind &#8211; alle Tourbusse sind verschwunden, die Staubschleier haben sich verzogen, und die Marktst\u00e4nde, an denen man Decken und allerlei Souvenirs erstehen konnte liegen verlassen da.<br \/>\nHier herrscht nur am Vormittag Tourismus &#8211; sp\u00e4ter teilt man die Landschaft mit den Terrassenfeldern und den umliegenden Vulkanen \u00a0nur mit den Lamas und den Schafen, sowie einigen Campesinos die auf ihre Tiere aufpassen das sie keinen Quatsch machen&#8230;&#8230;&#8230;..<\/p>\n<div id=\"attachment_1489\" style=\"width: 693px\" class=\"wp-caption aligncenter\"><a href=\"https:\/\/i0.wp.com\/my-alps.de\/wp-content\/uploads\/2014\/08\/Das-sch\u00f6nste-Lama-das-bin-ich-sw.jpg\"><img aria-describedby=\"caption-attachment-1489\" data-attachment-id=\"1489\" data-permalink=\"http:\/\/my-alps.de\/?attachment_id=1489\" data-orig-file=\"https:\/\/i0.wp.com\/my-alps.de\/wp-content\/uploads\/2014\/08\/Das-sch\u00f6nste-Lama-das-bin-ich-sw.jpg?fit=683%2C1024\" data-orig-size=\"683,1024\" data-comments-opened=\"1\" data-image-meta=\"{&quot;aperture&quot;:&quot;4.5&quot;,&quot;credit&quot;:&quot;&quot;,&quot;camera&quot;:&quot;SLT-A99V&quot;,&quot;caption&quot;:&quot;&quot;,&quot;created_timestamp&quot;:&quot;1407608202&quot;,&quot;copyright&quot;:&quot;&quot;,&quot;focal_length&quot;:&quot;70&quot;,&quot;iso&quot;:&quot;100&quot;,&quot;shutter_speed&quot;:&quot;0.004&quot;,&quot;title&quot;:&quot;&quot;}\" data-image-title=\"Das sch\u00f6nste Lama &#8211; das bin ich!-sw\" data-image-description=\"&lt;p&gt;Das sch\u00f6nste Lama &#8211; das bin ich!&lt;\/p&gt;\n\" data-image-caption=\"&lt;p&gt;Das sch\u00f6nste Lama &#8211; das bin ich!&lt;\/p&gt;\n\" data-medium-file=\"https:\/\/i0.wp.com\/my-alps.de\/wp-content\/uploads\/2014\/08\/Das-sch\u00f6nste-Lama-das-bin-ich-sw.jpg?fit=200%2C300\" data-large-file=\"https:\/\/i0.wp.com\/my-alps.de\/wp-content\/uploads\/2014\/08\/Das-sch\u00f6nste-Lama-das-bin-ich-sw.jpg?fit=625%2C937\" loading=\"lazy\" class=\"size-full wp-image-1489\" alt=\"Das sch\u00f6nste Lama - das bin ich!\" src=\"https:\/\/i0.wp.com\/my-alps.de\/wp-content\/uploads\/2014\/08\/Das-sch\u00f6nste-Lama-das-bin-ich-sw.jpg?resize=625%2C937\" width=\"625\" height=\"937\" srcset=\"https:\/\/i0.wp.com\/my-alps.de\/wp-content\/uploads\/2014\/08\/Das-sch\u00f6nste-Lama-das-bin-ich-sw.jpg?w=683 683w, https:\/\/i0.wp.com\/my-alps.de\/wp-content\/uploads\/2014\/08\/Das-sch\u00f6nste-Lama-das-bin-ich-sw.jpg?resize=200%2C300 200w\" sizes=\"(max-width: 625px) 100vw, 625px\" data-recalc-dims=\"1\" \/><\/a><p id=\"caption-attachment-1489\" class=\"wp-caption-text\">Das sch\u00f6nste Lama &#8211; das bin ich!<\/p><\/div>\n<p>&nbsp;<\/p>\n<p>&nbsp;<\/p>\n<p>&nbsp;<\/p>\n","protected":false},"excerpt":{"rendered":"<p>Nachdem wir zwei Tage in Arequipa, der wohl sch\u00f6nsten Stadt in Peru, verbracht haben, sind wir weitergefahren zum Colca Canyon. Arequipa besticht mit seiner sch\u00f6nen Innenstadt und den aus weissen Vulkangestein erbauten Kolonialgeb\u00e4uden. Unser Camp haben wir im Garten des &#8222;Hostal Mercedes&#8220;, direkt in der Innenstadt aufgeschlagen. Dementsprechend laut war die 4-spurige Stra\u00dfe, die direkt [&hellip;]<\/p>\n","protected":false},"author":1,"featured_media":0,"comment_status":"open","ping_status":"open","sticky":false,"template":"","format":"gallery","meta":{"spay_email":"","jetpack_publicize_message":"","jetpack_is_tweetstorm":false,"jetpack_publicize_feature_enabled":true},"categories":[1],"tags":[23,22,24],"jetpack_featured_media_url":"","jetpack_publicize_connections":[],"jetpack_sharing_enabled":true,"jetpack_shortlink":"https:\/\/wp.me\/p6huce-nV","jetpack-related-posts":[{"id":1472,"url":"http:\/\/my-alps.de\/?p=1472","url_meta":{"origin":1483,"position":0},"title":"vom Sajama, dem h\u00f6chsten Berg Boliviens nach Peru","date":"8. August 2014","format":"gallery","excerpt":"Da wir vom Titikakasee etwas entt\u00e4uscht waren, haben wir uns kurzerhand entschlossen doch noch einen Abstecher zum \"Sajama\" zu fahren. Er liegt zwar auf dem Weg Richtung Chile, aber\u00a0das haben wir dann mit dem Grenz\u00fcbergang in Arica\u00a0verkn\u00fcpft. auf dem AltiplanoDer \"Sajama\" ist ein wundersch\u00f6ner Vulkankegel, der sich wie eine Zipfelm\u00fctze\u2026","rel":"","context":"In &quot;News&quot;","img":{"alt_text":"","src":"https:\/\/i0.wp.com\/my-alps.de\/wp-content\/uploads\/2014\/08\/Vulkanausbruch-1-ce4.jpg?resize=350%2C200","width":350,"height":200},"classes":[]},{"id":1595,"url":"http:\/\/my-alps.de\/?p=1595","url_meta":{"origin":1483,"position":1},"title":"Die Traumstra\u00dfe (Teil 2) \u00fcber Leymebamba","date":"11. September 2014","format":"gallery","excerpt":"Nach der \u00dcberquerung der sich schier endlos hinziehenden Pass Stra\u00dfe, ver\u00e4ndert sich das Landschaftsbild. Waren die Berge vorher noch mit niedriger Macchia bewachsen, dominiert nun auf einmal sattes Gr\u00fcn. Wie bei uns in den Voralpen sind die Wiesen saftig gr\u00fcn und es weiden K\u00fche. Fehlt nur noch das Gebimmel der\u2026","rel":"","context":"In &quot;News&quot;","img":{"alt_text":"","src":"https:\/\/i0.wp.com\/my-alps.de\/wp-content\/uploads\/2014\/09\/Die-Regenzeit-beginnt-ce4.jpg?resize=350%2C200","width":350,"height":200},"classes":[]},{"id":1564,"url":"http:\/\/my-alps.de\/?p=1564","url_meta":{"origin":1483,"position":2},"title":"Cordillera Blanca","date":"9. September 2014","format":"gallery","excerpt":"Nachdem wir Lima verlassen hatten wollten wir nicht\u00a0unn\u00f6tig weiter an der K\u00fcste hochfahren, und haben die\u00a0n\u00e4chste M\u00f6glichkeit genutzt um in die Bergwelt der \"Cordillera Blanca\" abzubiegen. Bei Paramonga am Pazifik biegt man in das Tal des\u00a0Rio Fortaleza ab und f\u00e4hrt von Meeresh\u00f6he wieder\u00a0hinauf auf ca. 4.000 Meter. Dann steht man\u2026","rel":"","context":"In &quot;News&quot;","img":{"alt_text":"","src":"https:\/\/i0.wp.com\/my-alps.de\/wp-content\/uploads\/2014\/09\/Lago-Llanganuco-Orkoncocha-ce4.jpg?resize=350%2C200","width":350,"height":200},"classes":[]},{"id":1467,"url":"http:\/\/my-alps.de\/?p=1467","url_meta":{"origin":1483,"position":3},"title":"Autofahren in Bolivien &#8211; es braucht nicht viel um verr\u00fcckt zu werden","date":"7. August 2014","format":"gallery","excerpt":"Wir sind jetzt einen ganzen Monat kreuz und quer durch den bolivianischen Altiplano gefahren, haben dabei grosse Salzseen \u00fcberquert, sind \u00fcber 5.000 m hoch hinauf gekommen, mussten durch Fl\u00fcsse fahren, durch Steppen und \u00fcber Wellblechpisten. Alles kein Problem. Wenn da nicht der Verkehr auf den Hauptstra\u00dfen und in La Paz\u2026","rel":"","context":"In &quot;News&quot;","img":{"alt_text":"","src":"https:\/\/i0.wp.com\/my-alps.de\/wp-content\/uploads\/2014\/08\/Innenstadt-La-Paz-ce4.jpg?resize=350%2C200","width":350,"height":200},"classes":[]},{"id":1570,"url":"http:\/\/my-alps.de\/?p=1570","url_meta":{"origin":1483,"position":4},"title":"Canyon del Pato &#8211; die &#8222;Entenschlucht&#8220;","date":"9. September 2014","format":"gallery","excerpt":"Nach und nach wird das Tal des Rio Santa immer enger und wilder, bis es durch den Canyon del Pato - die Entenschlucht - nur noch auf der Strecke der alten Eisenbahn weitergeht. Es folgt eine Achterbahnfahrt durch 54 (unbeleuchtete) Tunnel,\u00a0nur einspurig und teilweise asphaltiert. Die Schlucht ist teilweise so\u2026","rel":"","context":"In &quot;News&quot;","img":{"alt_text":"","src":"https:\/\/i0.wp.com\/my-alps.de\/wp-content\/uploads\/2014\/09\/Canyon-del-Pato-IV-ce4.jpg?resize=350%2C200","width":350,"height":200},"classes":[]},{"id":1491,"url":"http:\/\/my-alps.de\/?p=1491","url_meta":{"origin":1483,"position":5},"title":"Die Grabt\u00fcrme von Sillustani","date":"12. August 2014","format":"gallery","excerpt":"Auf dem Weg zur Stra\u00dfe nach Cusco kommen wir wieder recht nahe am Titikakasee vorbei, und so machen wir einen kurzen Abstecher \u00fcber Juliaca, der wohl chaotischsten Stadt in ganz Peru, zu den Grabt\u00fcrmen von Sillustani. Aber erst mal Juliaca - Verkehrschaos pur. Diese Stadt ist ein, ja was eigentlich?\u2026","rel":"","context":"In &quot;News&quot;","img":{"alt_text":"","src":"https:\/\/i0.wp.com\/my-alps.de\/wp-content\/uploads\/2014\/08\/Chaos-in-Juliaca-5.jpg?resize=350%2C200","width":350,"height":200},"classes":[]}],"_links":{"self":[{"href":"http:\/\/my-alps.de\/index.php?rest_route=\/wp\/v2\/posts\/1483"}],"collection":[{"href":"http:\/\/my-alps.de\/index.php?rest_route=\/wp\/v2\/posts"}],"about":[{"href":"http:\/\/my-alps.de\/index.php?rest_route=\/wp\/v2\/types\/post"}],"author":[{"embeddable":true,"href":"http:\/\/my-alps.de\/index.php?rest_route=\/wp\/v2\/users\/1"}],"replies":[{"embeddable":true,"href":"http:\/\/my-alps.de\/index.php?rest_route=%2Fwp%2Fv2%2Fcomments&post=1483"}],"version-history":[{"count":1,"href":"http:\/\/my-alps.de\/index.php?rest_route=\/wp\/v2\/posts\/1483\/revisions"}],"predecessor-version":[{"id":1490,"href":"http:\/\/my-alps.de\/index.php?rest_route=\/wp\/v2\/posts\/1483\/revisions\/1490"}],"wp:attachment":[{"href":"http:\/\/my-alps.de\/index.php?rest_route=%2Fwp%2Fv2%2Fmedia&parent=1483"}],"wp:term":[{"taxonomy":"category","embeddable":true,"href":"http:\/\/my-alps.de\/index.php?rest_route=%2Fwp%2Fv2%2Fcategories&post=1483"},{"taxonomy":"post_tag","embeddable":true,"href":"http:\/\/my-alps.de\/index.php?rest_route=%2Fwp%2Fv2%2Ftags&post=1483"}],"curies":[{"name":"wp","href":"https:\/\/api.w.org\/{rel}","templated":true}]}}