{"id":1472,"date":"2014-08-08T00:20:23","date_gmt":"2014-08-07T22:20:23","guid":{"rendered":"http:\/\/my-alps.de\/?p=1472"},"modified":"2014-08-08T00:28:58","modified_gmt":"2014-08-07T22:28:58","slug":"vom-sajama-dem-hoechste-berg-boliviens-nach-peru","status":"publish","type":"post","link":"http:\/\/my-alps.de\/?p=1472","title":{"rendered":"vom Sajama, dem h\u00f6chsten Berg Boliviens nach Peru"},"content":{"rendered":"<p>Da wir vom Titikakasee etwas entt\u00e4uscht waren,<br \/>\nhaben wir uns kurzerhand entschlossen doch noch<br \/>\neinen Abstecher zum &#8222;Sajama&#8220; zu fahren.<br \/>\nEr liegt zwar auf dem Weg Richtung Chile,<br \/>\naber\u00a0das haben wir dann mit dem Grenz\u00fcbergang<br \/>\nin Arica\u00a0verkn\u00fcpft.<br \/>\n<!--more--><\/p>\n<p><a style=\"font-weight: bold; line-height: 1.5;\" href=\"https:\/\/i0.wp.com\/my-alps.de\/wp-content\/uploads\/2014\/08\/auf-dem-Altiplano-ce4.jpg\"><img data-attachment-id=\"1474\" data-permalink=\"http:\/\/my-alps.de\/?attachment_id=1474\" data-orig-file=\"https:\/\/i0.wp.com\/my-alps.de\/wp-content\/uploads\/2014\/08\/auf-dem-Altiplano-ce4.jpg?fit=1024%2C683\" data-orig-size=\"1024,683\" data-comments-opened=\"1\" data-image-meta=\"{&quot;aperture&quot;:&quot;9.5&quot;,&quot;credit&quot;:&quot;&quot;,&quot;camera&quot;:&quot;SLT-A99V&quot;,&quot;caption&quot;:&quot;&quot;,&quot;created_timestamp&quot;:&quot;1407006049&quot;,&quot;copyright&quot;:&quot;&quot;,&quot;focal_length&quot;:&quot;70&quot;,&quot;iso&quot;:&quot;100&quot;,&quot;shutter_speed&quot;:&quot;0.004&quot;,&quot;title&quot;:&quot;&quot;}\" data-image-title=\"auf dem Altiplano-ce4\" data-image-description=\"&lt;p&gt;auf dem Altiplano&lt;\/p&gt;\n\" data-image-caption=\"&lt;p&gt;auf dem Altiplano&lt;\/p&gt;\n\" data-medium-file=\"https:\/\/i0.wp.com\/my-alps.de\/wp-content\/uploads\/2014\/08\/auf-dem-Altiplano-ce4.jpg?fit=300%2C200\" data-large-file=\"https:\/\/i0.wp.com\/my-alps.de\/wp-content\/uploads\/2014\/08\/auf-dem-Altiplano-ce4.jpg?fit=625%2C417\" loading=\"lazy\" class=\"size-full wp-image-1474\" alt=\"auf dem Altiplano\" src=\"https:\/\/i0.wp.com\/my-alps.de\/wp-content\/uploads\/2014\/08\/auf-dem-Altiplano-ce4.jpg?resize=625%2C417\" width=\"625\" height=\"417\" srcset=\"https:\/\/i0.wp.com\/my-alps.de\/wp-content\/uploads\/2014\/08\/auf-dem-Altiplano-ce4.jpg?w=1024 1024w, https:\/\/i0.wp.com\/my-alps.de\/wp-content\/uploads\/2014\/08\/auf-dem-Altiplano-ce4.jpg?resize=300%2C200 300w\" sizes=\"(max-width: 625px) 100vw, 625px\" data-recalc-dims=\"1\" \/><\/a><\/p>\n<dl class=\"wp-caption aligncenter\" id=\"attachment_1474\" style=\"width: 1034px;\">\n<dd class=\"wp-caption-dd\">auf dem Altiplano<\/dd>\n<\/dl>\n<p>Der &#8222;Sajama&#8220; ist ein wundersch\u00f6ner Vulkankegel, der sich<br \/>\nwie eine Zipfelm\u00fctze \u00fcber dem Altiplano erhebt.<br \/>\nEs gibt einen kleinen Nationalpark, mit Lagunen und<br \/>\nnoch etwas Vegetation.<\/p>\n<div id=\"attachment_1478\" style=\"width: 1034px\" class=\"wp-caption aligncenter\"><a href=\"https:\/\/i0.wp.com\/my-alps.de\/wp-content\/uploads\/2014\/08\/Sajama-mit-Spiegelbild-ce4.jpg\"><img aria-describedby=\"caption-attachment-1478\" data-attachment-id=\"1478\" data-permalink=\"http:\/\/my-alps.de\/?attachment_id=1478\" data-orig-file=\"https:\/\/i0.wp.com\/my-alps.de\/wp-content\/uploads\/2014\/08\/Sajama-mit-Spiegelbild-ce4.jpg?fit=1024%2C683\" data-orig-size=\"1024,683\" data-comments-opened=\"1\" data-image-meta=\"{&quot;aperture&quot;:&quot;11&quot;,&quot;credit&quot;:&quot;&quot;,&quot;camera&quot;:&quot;SLT-A99V&quot;,&quot;caption&quot;:&quot;&quot;,&quot;created_timestamp&quot;:&quot;1407074954&quot;,&quot;copyright&quot;:&quot;&quot;,&quot;focal_length&quot;:&quot;24&quot;,&quot;iso&quot;:&quot;100&quot;,&quot;shutter_speed&quot;:&quot;0.004&quot;,&quot;title&quot;:&quot;&quot;}\" data-image-title=\"Sajama &#8211; mit Spiegelbild-ce4\" data-image-description=\"&lt;p&gt;Sajama &#8211; mit Spiegelbild&lt;\/p&gt;\n\" data-image-caption=\"&lt;p&gt;Sajama &#8211; mit Spiegelbild&lt;\/p&gt;\n\" data-medium-file=\"https:\/\/i0.wp.com\/my-alps.de\/wp-content\/uploads\/2014\/08\/Sajama-mit-Spiegelbild-ce4.jpg?fit=300%2C200\" data-large-file=\"https:\/\/i0.wp.com\/my-alps.de\/wp-content\/uploads\/2014\/08\/Sajama-mit-Spiegelbild-ce4.jpg?fit=625%2C417\" loading=\"lazy\" class=\"size-full wp-image-1478\" alt=\"Sajama - mit Spiegelbild\" src=\"https:\/\/i0.wp.com\/my-alps.de\/wp-content\/uploads\/2014\/08\/Sajama-mit-Spiegelbild-ce4.jpg?resize=625%2C417\" width=\"625\" height=\"417\" srcset=\"https:\/\/i0.wp.com\/my-alps.de\/wp-content\/uploads\/2014\/08\/Sajama-mit-Spiegelbild-ce4.jpg?w=1024 1024w, https:\/\/i0.wp.com\/my-alps.de\/wp-content\/uploads\/2014\/08\/Sajama-mit-Spiegelbild-ce4.jpg?resize=300%2C200 300w\" sizes=\"(max-width: 625px) 100vw, 625px\" data-recalc-dims=\"1\" \/><\/a><p id=\"caption-attachment-1478\" class=\"wp-caption-text\">Sajama &#8211; mit Spiegelbild<\/p><\/div>\n<div><\/div>\n<p>Danach wird die Gegend sehr w\u00fcstenhaft, und man muss vom Altiplano wieder hinunter auf Meeresh\u00f6he.<\/p>\n<div id=\"attachment_1476\" style=\"width: 1034px\" class=\"wp-caption aligncenter\"><a href=\"https:\/\/i0.wp.com\/my-alps.de\/wp-content\/uploads\/2014\/08\/Flussoase-den-Altiplano-hinunter-ce4.jpg\"><img aria-describedby=\"caption-attachment-1476\" data-attachment-id=\"1476\" data-permalink=\"http:\/\/my-alps.de\/?attachment_id=1476\" data-orig-file=\"https:\/\/i0.wp.com\/my-alps.de\/wp-content\/uploads\/2014\/08\/Flussoase-den-Altiplano-hinunter-ce4.jpg?fit=1024%2C683\" data-orig-size=\"1024,683\" data-comments-opened=\"1\" data-image-meta=\"{&quot;aperture&quot;:&quot;6.7&quot;,&quot;credit&quot;:&quot;&quot;,&quot;camera&quot;:&quot;SLT-A99V&quot;,&quot;caption&quot;:&quot;&quot;,&quot;created_timestamp&quot;:&quot;1407158814&quot;,&quot;copyright&quot;:&quot;&quot;,&quot;focal_length&quot;:&quot;24&quot;,&quot;iso&quot;:&quot;100&quot;,&quot;shutter_speed&quot;:&quot;0.004&quot;,&quot;title&quot;:&quot;&quot;}\" data-image-title=\"Flussoase den Altiplano hinunter-ce4\" data-image-description=\"&lt;p&gt;Flussoase den Altiplano hinunter&lt;\/p&gt;\n\" data-image-caption=\"&lt;p&gt;Flussoase den Altiplano hinunter&lt;\/p&gt;\n\" data-medium-file=\"https:\/\/i0.wp.com\/my-alps.de\/wp-content\/uploads\/2014\/08\/Flussoase-den-Altiplano-hinunter-ce4.jpg?fit=300%2C200\" data-large-file=\"https:\/\/i0.wp.com\/my-alps.de\/wp-content\/uploads\/2014\/08\/Flussoase-den-Altiplano-hinunter-ce4.jpg?fit=625%2C417\" loading=\"lazy\" class=\"size-full wp-image-1476\" alt=\"Flussoase den Altiplano hinunter\" src=\"https:\/\/i0.wp.com\/my-alps.de\/wp-content\/uploads\/2014\/08\/Flussoase-den-Altiplano-hinunter-ce4.jpg?resize=625%2C417\" width=\"625\" height=\"417\" srcset=\"https:\/\/i0.wp.com\/my-alps.de\/wp-content\/uploads\/2014\/08\/Flussoase-den-Altiplano-hinunter-ce4.jpg?w=1024 1024w, https:\/\/i0.wp.com\/my-alps.de\/wp-content\/uploads\/2014\/08\/Flussoase-den-Altiplano-hinunter-ce4.jpg?resize=300%2C200 300w\" sizes=\"(max-width: 625px) 100vw, 625px\" data-recalc-dims=\"1\" \/><\/a><p id=\"caption-attachment-1476\" class=\"wp-caption-text\">Flussoase den Altiplano hinunter<\/p><\/div>\n<p>Das hat mir mehr zu schaffen gemacht als die ganze Zeit in der H\u00f6he auf \u00fcber 4.000 Meter zu sein.<br \/>\n(Die Rache des Inka war f\u00fcrchterlich.)<br \/>\nOder war das Donnergrollen doch der kleine<br \/>\nVulkanausbruch hinter mir?<\/p>\n<div id=\"attachment_1479\" style=\"width: 1034px\" class=\"wp-caption aligncenter\"><a href=\"https:\/\/i0.wp.com\/my-alps.de\/wp-content\/uploads\/2014\/08\/Vulkanausbruch-1-ce4.jpg\"><img aria-describedby=\"caption-attachment-1479\" data-attachment-id=\"1479\" data-permalink=\"http:\/\/my-alps.de\/?attachment_id=1479\" data-orig-file=\"https:\/\/i0.wp.com\/my-alps.de\/wp-content\/uploads\/2014\/08\/Vulkanausbruch-1-ce4.jpg?fit=1024%2C683\" data-orig-size=\"1024,683\" data-comments-opened=\"1\" data-image-meta=\"{&quot;aperture&quot;:&quot;11&quot;,&quot;credit&quot;:&quot;&quot;,&quot;camera&quot;:&quot;SLT-A77V&quot;,&quot;caption&quot;:&quot;&quot;,&quot;created_timestamp&quot;:&quot;1407076221&quot;,&quot;copyright&quot;:&quot;&quot;,&quot;focal_length&quot;:&quot;200&quot;,&quot;iso&quot;:&quot;100&quot;,&quot;shutter_speed&quot;:&quot;0.0025&quot;,&quot;title&quot;:&quot;&quot;}\" data-image-title=\"Vulkanausbruch-1-ce4\" data-image-description=\"&lt;p&gt;Vulkanausbruch&lt;\/p&gt;\n\" data-image-caption=\"&lt;p&gt;Vulkanausbruch&lt;\/p&gt;\n\" data-medium-file=\"https:\/\/i0.wp.com\/my-alps.de\/wp-content\/uploads\/2014\/08\/Vulkanausbruch-1-ce4.jpg?fit=300%2C200\" data-large-file=\"https:\/\/i0.wp.com\/my-alps.de\/wp-content\/uploads\/2014\/08\/Vulkanausbruch-1-ce4.jpg?fit=625%2C417\" loading=\"lazy\" class=\"size-full wp-image-1479\" alt=\"Vulkanausbruch\" src=\"https:\/\/i0.wp.com\/my-alps.de\/wp-content\/uploads\/2014\/08\/Vulkanausbruch-1-ce4.jpg?resize=625%2C417\" width=\"625\" height=\"417\" srcset=\"https:\/\/i0.wp.com\/my-alps.de\/wp-content\/uploads\/2014\/08\/Vulkanausbruch-1-ce4.jpg?w=1024 1024w, https:\/\/i0.wp.com\/my-alps.de\/wp-content\/uploads\/2014\/08\/Vulkanausbruch-1-ce4.jpg?resize=300%2C200 300w\" sizes=\"(max-width: 625px) 100vw, 625px\" data-recalc-dims=\"1\" \/><\/a><p id=\"caption-attachment-1479\" class=\"wp-caption-text\">Vulkanausbruch<\/p><\/div>\n<p>oder haben die beiden Kleinen mal kurz gerufen?<\/p>\n<div id=\"attachment_1473\" style=\"width: 1034px\" class=\"wp-caption aligncenter\"><a href=\"https:\/\/i0.wp.com\/my-alps.de\/wp-content\/uploads\/2014\/08\/2-Baby-Vicunas-ce4.jpg\"><img aria-describedby=\"caption-attachment-1473\" data-attachment-id=\"1473\" data-permalink=\"http:\/\/my-alps.de\/?attachment_id=1473\" data-orig-file=\"https:\/\/i0.wp.com\/my-alps.de\/wp-content\/uploads\/2014\/08\/2-Baby-Vicunas-ce4.jpg?fit=1024%2C576\" data-orig-size=\"1024,576\" data-comments-opened=\"1\" data-image-meta=\"{&quot;aperture&quot;:&quot;11&quot;,&quot;credit&quot;:&quot;&quot;,&quot;camera&quot;:&quot;SLT-A77V&quot;,&quot;caption&quot;:&quot;&quot;,&quot;created_timestamp&quot;:&quot;1407079260&quot;,&quot;copyright&quot;:&quot;&quot;,&quot;focal_length&quot;:&quot;160&quot;,&quot;iso&quot;:&quot;100&quot;,&quot;shutter_speed&quot;:&quot;0.002&quot;,&quot;title&quot;:&quot;&quot;}\" data-image-title=\"2 Baby-Vicunas-ce4\" data-image-description=\"&lt;p&gt;2 Baby-Vicunas&lt;\/p&gt;\n\" data-image-caption=\"&lt;p&gt;2 Baby-Vicunas&lt;\/p&gt;\n\" data-medium-file=\"https:\/\/i0.wp.com\/my-alps.de\/wp-content\/uploads\/2014\/08\/2-Baby-Vicunas-ce4.jpg?fit=300%2C168\" data-large-file=\"https:\/\/i0.wp.com\/my-alps.de\/wp-content\/uploads\/2014\/08\/2-Baby-Vicunas-ce4.jpg?fit=625%2C352\" loading=\"lazy\" class=\"size-full wp-image-1473\" alt=\"2 Baby-Vicunas\" src=\"https:\/\/i0.wp.com\/my-alps.de\/wp-content\/uploads\/2014\/08\/2-Baby-Vicunas-ce4.jpg?resize=625%2C352\" width=\"625\" height=\"352\" srcset=\"https:\/\/i0.wp.com\/my-alps.de\/wp-content\/uploads\/2014\/08\/2-Baby-Vicunas-ce4.jpg?w=1024 1024w, https:\/\/i0.wp.com\/my-alps.de\/wp-content\/uploads\/2014\/08\/2-Baby-Vicunas-ce4.jpg?resize=300%2C168 300w\" sizes=\"(max-width: 625px) 100vw, 625px\" data-recalc-dims=\"1\" \/><\/a><p id=\"caption-attachment-1473\" class=\"wp-caption-text\">2 Baby-Vicunas<\/p><\/div>\n<p>Jedenfalls sind wir wohlbehalten in Arica in Chile angekommen, haben nochmals Gas getankt und uns dann (erstmal) von Chile verabschiedet und sind \u00fcber die Grenze nach Peru gefahren.<\/p>\n<div id=\"attachment_1475\" style=\"width: 1034px\" class=\"wp-caption aligncenter\"><a href=\"https:\/\/i0.wp.com\/my-alps.de\/wp-content\/uploads\/2014\/08\/Der-W\u00fcstenfuchs-in-der-W\u00fcste-2-ce4-HD.jpg\"><img aria-describedby=\"caption-attachment-1475\" data-attachment-id=\"1475\" data-permalink=\"http:\/\/my-alps.de\/?attachment_id=1475\" data-orig-file=\"https:\/\/i0.wp.com\/my-alps.de\/wp-content\/uploads\/2014\/08\/Der-W\u00fcstenfuchs-in-der-W\u00fcste-2-ce4-HD.jpg?fit=1024%2C576\" data-orig-size=\"1024,576\" data-comments-opened=\"1\" data-image-meta=\"{&quot;aperture&quot;:&quot;11&quot;,&quot;credit&quot;:&quot;&quot;,&quot;camera&quot;:&quot;SLT-A99V&quot;,&quot;caption&quot;:&quot;&quot;,&quot;created_timestamp&quot;:&quot;1407265222&quot;,&quot;copyright&quot;:&quot;&quot;,&quot;focal_length&quot;:&quot;24&quot;,&quot;iso&quot;:&quot;100&quot;,&quot;shutter_speed&quot;:&quot;0.004&quot;,&quot;title&quot;:&quot;&quot;}\" data-image-title=\"Der W\u00fcstenfuchs in der W\u00fcste-2-ce4-HD\" data-image-description=\"&lt;p&gt;Der W\u00fcstenfuchs in der W\u00fcste&lt;\/p&gt;\n\" data-image-caption=\"&lt;p&gt;Der W\u00fcstenfuchs in der W\u00fcste&lt;\/p&gt;\n\" data-medium-file=\"https:\/\/i0.wp.com\/my-alps.de\/wp-content\/uploads\/2014\/08\/Der-W\u00fcstenfuchs-in-der-W\u00fcste-2-ce4-HD.jpg?fit=300%2C168\" data-large-file=\"https:\/\/i0.wp.com\/my-alps.de\/wp-content\/uploads\/2014\/08\/Der-W\u00fcstenfuchs-in-der-W\u00fcste-2-ce4-HD.jpg?fit=625%2C352\" loading=\"lazy\" class=\"size-full wp-image-1475\" alt=\"Der W\u00fcstenfuchs in der W\u00fcste\" src=\"https:\/\/i0.wp.com\/my-alps.de\/wp-content\/uploads\/2014\/08\/Der-W\u00fcstenfuchs-in-der-W\u00fcste-2-ce4-HD.jpg?resize=625%2C352\" width=\"625\" height=\"352\" srcset=\"https:\/\/i0.wp.com\/my-alps.de\/wp-content\/uploads\/2014\/08\/Der-W\u00fcstenfuchs-in-der-W\u00fcste-2-ce4-HD.jpg?w=1024 1024w, https:\/\/i0.wp.com\/my-alps.de\/wp-content\/uploads\/2014\/08\/Der-W\u00fcstenfuchs-in-der-W\u00fcste-2-ce4-HD.jpg?resize=300%2C168 300w\" sizes=\"(max-width: 625px) 100vw, 625px\" data-recalc-dims=\"1\" \/><\/a><p id=\"caption-attachment-1475\" class=\"wp-caption-text\">Der W\u00fcstenfuchs in der W\u00fcste<\/p><\/div>\n<p>Die Landschaft an der K\u00fcste des Pazifiks ist &#8211; ein gro\u00dfer Sandkasten!<br \/>\nD\u00fcnen, Flussoasen und Berge mit den abenteuerlichsten Farben wechseln sich ab mit endlos langen Geraden durch Sand und Steine.<\/p>\n<div id=\"attachment_1477\" style=\"width: 1034px\" class=\"wp-caption aligncenter\"><a href=\"https:\/\/i0.wp.com\/my-alps.de\/wp-content\/uploads\/2014\/08\/nach-Arequipa-ce4.jpg\"><img aria-describedby=\"caption-attachment-1477\" data-attachment-id=\"1477\" data-permalink=\"http:\/\/my-alps.de\/?attachment_id=1477\" data-orig-file=\"https:\/\/i0.wp.com\/my-alps.de\/wp-content\/uploads\/2014\/08\/nach-Arequipa-ce4.jpg?fit=1024%2C683\" data-orig-size=\"1024,683\" data-comments-opened=\"1\" data-image-meta=\"{&quot;aperture&quot;:&quot;9.5&quot;,&quot;credit&quot;:&quot;&quot;,&quot;camera&quot;:&quot;SLT-A99V&quot;,&quot;caption&quot;:&quot;&quot;,&quot;created_timestamp&quot;:&quot;1407336503&quot;,&quot;copyright&quot;:&quot;&quot;,&quot;focal_length&quot;:&quot;24&quot;,&quot;iso&quot;:&quot;100&quot;,&quot;shutter_speed&quot;:&quot;0.002&quot;,&quot;title&quot;:&quot;&quot;}\" data-image-title=\"nach Arequipa-ce4\" data-image-description=\"&lt;p&gt;nach Arequipa&lt;\/p&gt;\n\" data-image-caption=\"&lt;p&gt;nach Arequipa&lt;\/p&gt;\n\" data-medium-file=\"https:\/\/i0.wp.com\/my-alps.de\/wp-content\/uploads\/2014\/08\/nach-Arequipa-ce4.jpg?fit=300%2C200\" data-large-file=\"https:\/\/i0.wp.com\/my-alps.de\/wp-content\/uploads\/2014\/08\/nach-Arequipa-ce4.jpg?fit=625%2C417\" loading=\"lazy\" class=\"size-full wp-image-1477\" alt=\"nach Arequipa\" src=\"https:\/\/i0.wp.com\/my-alps.de\/wp-content\/uploads\/2014\/08\/nach-Arequipa-ce4.jpg?resize=625%2C417\" width=\"625\" height=\"417\" srcset=\"https:\/\/i0.wp.com\/my-alps.de\/wp-content\/uploads\/2014\/08\/nach-Arequipa-ce4.jpg?w=1024 1024w, https:\/\/i0.wp.com\/my-alps.de\/wp-content\/uploads\/2014\/08\/nach-Arequipa-ce4.jpg?resize=300%2C200 300w\" sizes=\"(max-width: 625px) 100vw, 625px\" data-recalc-dims=\"1\" \/><\/a><p id=\"caption-attachment-1477\" class=\"wp-caption-text\">nach Arequipa<\/p><\/div>\n<p>In Peru werden wir zun\u00e4chst Arequipa ansteuern und von dort weiter in den Cola Canyon und dann nach Cusco fahren.<br \/>\nEventuell geben wir dem Titikakasee auch noch eine zweite Chance mit den schwimmenden Inseln der Uros &#8211; mal sehen.<\/p>\n<p>P.s.<br \/>\nAch Herr Salten, das mit ihrer bergsteigerischen Seele tut mir ja echt leid, ich versuche mal ab und zu etwas &#8222;flacheres&#8220; mit einzubauen.<\/p>\n","protected":false},"excerpt":{"rendered":"<p>Da wir vom Titikakasee etwas entt\u00e4uscht waren, haben wir uns kurzerhand entschlossen doch noch einen Abstecher zum &#8222;Sajama&#8220; zu fahren. Er liegt zwar auf dem Weg Richtung Chile, aber\u00a0das haben wir dann mit dem Grenz\u00fcbergang in Arica\u00a0verkn\u00fcpft.<\/p>\n","protected":false},"author":1,"featured_media":0,"comment_status":"open","ping_status":"open","sticky":false,"template":"","format":"gallery","meta":{"spay_email":"","jetpack_publicize_message":"","jetpack_is_tweetstorm":false,"jetpack_publicize_feature_enabled":true},"categories":[1],"tags":[],"jetpack_featured_media_url":"","jetpack_publicize_connections":[],"jetpack_sharing_enabled":true,"jetpack_shortlink":"https:\/\/wp.me\/p6huce-nK","jetpack-related-posts":[{"id":504,"url":"http:\/\/my-alps.de\/?p=504","url_meta":{"origin":1472,"position":0},"title":"WIFI &#8211; Bitte ?!?","date":"3. Januar 2014","format":"gallery","excerpt":"Wir haben die n\u00e4chsten Zeilen in der ersten Januarwoche offline geschrieben, denn da wo wir uns zeitweise herumgetrieben haben wird das Internet vom Winde verweht ;-)) Nachdem wir unser Sylvester 2013\/14 mit den wilden Hupkonzerten der Dorfjugend von Camarones geteilt hatten, sind wir am 01.01.2014 weiter Richtung S\u00fcden gefahren. Zuerst\u2026","rel":"","context":"In &quot;News&quot;","img":{"alt_text":"","src":"https:\/\/i0.wp.com\/my-alps.de\/wp-content\/uploads\/2014\/01\/Hallo-ich-bin-Freddy-und-du-200x300.jpg?resize=350%2C200","width":350,"height":200},"classes":[]},{"id":1458,"url":"http:\/\/my-alps.de\/?p=1458","url_meta":{"origin":1472,"position":1},"title":"Copacabana &#8211; am Titikakasee","date":"7. August 2014","format":"gallery","excerpt":"Copacabana? am Titikakasee? Ja, richtig geraten! DAS ist das wahre Copacabana, das am Titikakasee! Der Strand in Rio hat von den Einwohnern am T-see, den Namen \u201egeschenkt\u201c bekommen, und das f\u00fcr die Weihe einer kleinen Kapelle mit einer Madonna vom Titikakasee. Sch\u00f6n bl\u00f6d denken sich nun die (bolivianischen) Copacabaner und\u2026","rel":"","context":"In &quot;News&quot;","img":{"alt_text":"","src":"https:\/\/i0.wp.com\/my-alps.de\/wp-content\/uploads\/2014\/08\/Let-my-Motor-running.....jpg?resize=350%2C200","width":350,"height":200},"classes":[]},{"id":360,"url":"http:\/\/my-alps.de\/?p=360","url_meta":{"origin":1472,"position":2},"title":"Sippentreffen &#8211; oder &#8222;Der Wilde Osten&#8220;","date":"15. Juli 2013","format":"gallery","excerpt":"So - das letzte Wochenende waren wir wieder mal in Sachen \"Die Familie\" unterwegs. Also war nichts mit herumbasteln an unserem Schneckenhaus. Wir sind also mal zu dem Familienteil von meinem \"Stiefvater\" gefahren um uns dem j\u00e4hrlichen Sippentreffen in Scharfenstein anzuschlie\u00dfen. Dieses Treffen findet jedes Jahr bei einem anderen Familienteil\u2026","rel":"","context":"In &quot;News&quot;","img":{"alt_text":"","src":"https:\/\/i0.wp.com\/my-alps.de\/wp-content\/uploads\/2013\/07\/Der-kleine-Drache-II.jpg?resize=350%2C200","width":350,"height":200},"classes":[]},{"id":1182,"url":"http:\/\/my-alps.de\/?p=1182","url_meta":{"origin":1472,"position":3},"title":"\u2026.immer diese Grenzer!","date":"4. Juni 2014","format":"gallery","excerpt":"Als Angeh\u00f6riger des Schengener Abkommens ist einem der Umgang bei der Grenzabfertigung etwas abhanden gekommen. So haben wir uns bei der \u00dcberquerung der Grenze von Chile nach Argentinien am \u201ePaso Cristo Redentor\u201c von einen netten Herrn erst mal an der falschen Zollstelle anstellen lassen. Die Dame am Zoll hat flei\u00dfig\u2026","rel":"","context":"In &quot;News&quot;","img":{"alt_text":"","src":"https:\/\/i0.wp.com\/my-alps.de\/wp-content\/uploads\/2014\/06\/Via-PanAm-Argentinien.jpg?resize=350%2C200","width":350,"height":200},"classes":[]},{"id":1331,"url":"http:\/\/my-alps.de\/?p=1331","url_meta":{"origin":1472,"position":4},"title":"Lagunenroute in Bolivien &#8211; Teil 1","date":"17. Juli 2014","format":"gallery","excerpt":"San Pedro de Atacama in Chile ist der ideale Ausgangspunkt um von dort aus die legend\u00e4re im Boliviens zu befahren. Es geht von der W\u00fcstenoase zur\u00fcck Richtung Paso Jama, von 2.400 Meter auf 4.500 Meter hinauf. Schnurgerade, bis auf wenige Kurven, zieht sich die Stra\u00dfe auf fast 30 Kilometer bergauf.\u2026","rel":"","context":"In &quot;News&quot;","img":{"alt_text":"","src":"https:\/\/i0.wp.com\/my-alps.de\/wp-content\/uploads\/2014\/07\/alt-5015hm.jpg?resize=350%2C200","width":350,"height":200},"classes":[]},{"id":1732,"url":"http:\/\/my-alps.de\/?p=1732","url_meta":{"origin":1472,"position":5},"title":"auf die letzte Rille!","date":"16. Oktober 2014","format":"gallery","excerpt":"Langsam aber unaufhaltsam n\u00e4hert sich unsere Reise durch S\u00fcdamerika, immer an den Anden entlang, dem Ende. Nordw\u00e4rts, und es wir immer heisser und schw\u00fcler. Unwetter und sinflutartige Regenf\u00e4lle jeden Nachmittag verk\u00fcnden den Beginn der Regenzeit. Auf den befestigten Stra\u00dfen in Kolumbien w\u00fcnschen wir uns oft die chilenischen Schotterpisten zur\u00fcck. Es\u2026","rel":"","context":"In &quot;News&quot;","img":{"alt_text":"","src":"https:\/\/i0.wp.com\/my-alps.de\/wp-content\/uploads\/2014\/10\/Karibik-ce4-HD.jpg?resize=350%2C200","width":350,"height":200},"classes":[]}],"_links":{"self":[{"href":"http:\/\/my-alps.de\/index.php?rest_route=\/wp\/v2\/posts\/1472"}],"collection":[{"href":"http:\/\/my-alps.de\/index.php?rest_route=\/wp\/v2\/posts"}],"about":[{"href":"http:\/\/my-alps.de\/index.php?rest_route=\/wp\/v2\/types\/post"}],"author":[{"embeddable":true,"href":"http:\/\/my-alps.de\/index.php?rest_route=\/wp\/v2\/users\/1"}],"replies":[{"embeddable":true,"href":"http:\/\/my-alps.de\/index.php?rest_route=%2Fwp%2Fv2%2Fcomments&post=1472"}],"version-history":[{"count":2,"href":"http:\/\/my-alps.de\/index.php?rest_route=\/wp\/v2\/posts\/1472\/revisions"}],"predecessor-version":[{"id":1482,"href":"http:\/\/my-alps.de\/index.php?rest_route=\/wp\/v2\/posts\/1472\/revisions\/1482"}],"wp:attachment":[{"href":"http:\/\/my-alps.de\/index.php?rest_route=%2Fwp%2Fv2%2Fmedia&parent=1472"}],"wp:term":[{"taxonomy":"category","embeddable":true,"href":"http:\/\/my-alps.de\/index.php?rest_route=%2Fwp%2Fv2%2Fcategories&post=1472"},{"taxonomy":"post_tag","embeddable":true,"href":"http:\/\/my-alps.de\/index.php?rest_route=%2Fwp%2Fv2%2Ftags&post=1472"}],"curies":[{"name":"wp","href":"https:\/\/api.w.org\/{rel}","templated":true}]}}