{"id":1467,"date":"2014-08-07T23:39:35","date_gmt":"2014-08-07T21:39:35","guid":{"rendered":"http:\/\/my-alps.de\/?p=1467"},"modified":"2014-08-07T23:47:09","modified_gmt":"2014-08-07T21:47:09","slug":"autofahren-in-bolivien-es-braucht-nicht-viel-um-verrueckt-zu-werden","status":"publish","type":"post","link":"http:\/\/my-alps.de\/?p=1467","title":{"rendered":"Autofahren in Bolivien &#8211; es braucht nicht viel um verr\u00fcckt zu werden"},"content":{"rendered":"<p>Wir sind jetzt einen ganzen Monat kreuz und quer<br \/>\ndurch den bolivianischen Altiplano gefahren,<br \/>\nhaben dabei grosse Salzseen \u00fcberquert,<br \/>\nsind \u00fcber 5.000 m hoch hinauf gekommen,<br \/>\nmussten durch Fl\u00fcsse fahren,<br \/>\ndurch Steppen und \u00fcber Wellblechpisten.<\/p>\n<p>Alles kein Problem.<\/p>\n<p><!--more--><\/p>\n<p>Wenn da nicht der Verkehr auf den Hauptstra\u00dfen<br \/>\nund in La Paz w\u00e4hre. Der bolivianische Autofahrer<br \/>\nist latent suizid, gr\u00f6\u00dfenwahnsinnig und auf einem<br \/>\nAuge blind.<br \/>\nSein 50 PS Toyota<br \/>\n(mehr Leistung bleibt bei 4.000 m nicht \u00fcbrig)<br \/>\nwird zu wilden \u00dcberholman\u00f6vern gezwungen.<br \/>\nDer Gegenverkehr wird schon ausweichen, anhalten<br \/>\noder (falls notwendig) sich in Luft aufl\u00f6sen.<br \/>\nLKW\u2019s \u00fcberholen in Baustellen Busse, die<br \/>\nebenfalls Taxis \u00fcberholen.<br \/>\nDabei ist nur eine Fahrspur vorhanden.<br \/>\nWilde Ausweichman\u00f6ver enden oft im Kiesbett.<\/p>\n<p>Als europ\u00e4ischer Fahrer kannst du dich eine Zeitlang<br \/>\naus dem Spiel heraushalten, doch irgendwann<br \/>\nwirst du selbst zum Spielball. Da bleibt dir nichts anderes<br \/>\n\u00fcbrig als mit zu machen. In der Innenstadt, dem Heimrevier<br \/>\ndes Bolivianers, bleibst du einfach auf dem Gas.<br \/>\nRote Ampel? &#8211; Nicht hinsehen!<br \/>\nDie Steigung hat gut und gerne 25 % und die Kupplung qualmt.<br \/>\nSpiegel an Spiegel zw\u00e4ngst du dich durch Busse und Taxis.<br \/>\nRechts und links kannst du dabei Bananen und alles m\u00f6gliche einkaufen, oder doch lieber schnell einen \u00d6lwechsel?<br \/>\nWildes hupen ignorierst du, und schaust mit unschuldiger Mine<br \/>\naus dem Fenster.<\/p>\n<div id=\"attachment_1470\" style=\"width: 1034px\" class=\"wp-caption aligncenter\"><a href=\"https:\/\/i0.wp.com\/my-alps.de\/wp-content\/uploads\/2014\/08\/Innenstadt-La-Paz-ce4.jpg\"><img aria-describedby=\"caption-attachment-1470\" data-attachment-id=\"1470\" data-permalink=\"http:\/\/my-alps.de\/?attachment_id=1470\" data-orig-file=\"https:\/\/i0.wp.com\/my-alps.de\/wp-content\/uploads\/2014\/08\/Innenstadt-La-Paz-ce4.jpg?fit=1024%2C683\" data-orig-size=\"1024,683\" data-comments-opened=\"1\" data-image-meta=\"{&quot;aperture&quot;:&quot;6.3&quot;,&quot;credit&quot;:&quot;&quot;,&quot;camera&quot;:&quot;SLT-A77V&quot;,&quot;caption&quot;:&quot;&quot;,&quot;created_timestamp&quot;:&quot;1406725771&quot;,&quot;copyright&quot;:&quot;&quot;,&quot;focal_length&quot;:&quot;28&quot;,&quot;iso&quot;:&quot;100&quot;,&quot;shutter_speed&quot;:&quot;0.00625&quot;,&quot;title&quot;:&quot;&quot;}\" data-image-title=\"Innenstadt La Paz-ce4\" data-image-description=\"&lt;p&gt;Innenstadt La Paz&lt;\/p&gt;\n\" data-image-caption=\"&lt;p&gt;Innenstadt La Paz&lt;\/p&gt;\n\" data-medium-file=\"https:\/\/i0.wp.com\/my-alps.de\/wp-content\/uploads\/2014\/08\/Innenstadt-La-Paz-ce4.jpg?fit=300%2C200\" data-large-file=\"https:\/\/i0.wp.com\/my-alps.de\/wp-content\/uploads\/2014\/08\/Innenstadt-La-Paz-ce4.jpg?fit=625%2C417\" loading=\"lazy\" class=\"size-full wp-image-1470\" alt=\"Innenstadt La Paz\" src=\"https:\/\/i0.wp.com\/my-alps.de\/wp-content\/uploads\/2014\/08\/Innenstadt-La-Paz-ce4.jpg?resize=625%2C417\" width=\"625\" height=\"417\" srcset=\"https:\/\/i0.wp.com\/my-alps.de\/wp-content\/uploads\/2014\/08\/Innenstadt-La-Paz-ce4.jpg?w=1024 1024w, https:\/\/i0.wp.com\/my-alps.de\/wp-content\/uploads\/2014\/08\/Innenstadt-La-Paz-ce4.jpg?resize=300%2C200 300w\" sizes=\"(max-width: 625px) 100vw, 625px\" data-recalc-dims=\"1\" \/><\/a><p id=\"caption-attachment-1470\" class=\"wp-caption-text\">Innenstadt La Paz<\/p><\/div>\n<p>Deinem Gegner direkt in\u2019s Gesicht.<br \/>\n\u201eMein Turbodiesel ist st\u00e4rker!\u201c<br \/>\nJa, das ist die \u00dcberlebensstrategie f\u00fcr St\u00e4dte wie La Paz oder El Alto.<br \/>\nNichts f\u00fcr schwache Nerven.<br \/>\n(oder \u00e4ngstliche Beifahrer)<br \/>\nDie Schattenseite dieses Fahrstils?<br \/>\nIch muss zu Hause erst mal ein paar Fahrstunden bei meinem<br \/>\nSchwager nehmen<br \/>\n&#8211; sozusagen als \u201eWiedereingliederungsma\u00dfnahme\u201c<\/p>\n<p>&nbsp;<\/p>\n","protected":false},"excerpt":{"rendered":"<p>Wir sind jetzt einen ganzen Monat kreuz und quer durch den bolivianischen Altiplano gefahren, haben dabei grosse Salzseen \u00fcberquert, sind \u00fcber 5.000 m hoch hinauf gekommen, mussten durch Fl\u00fcsse fahren, durch Steppen und \u00fcber Wellblechpisten. Alles kein Problem.<\/p>\n","protected":false},"author":1,"featured_media":0,"comment_status":"open","ping_status":"open","sticky":false,"template":"","format":"gallery","meta":{"spay_email":"","jetpack_publicize_message":"","jetpack_is_tweetstorm":false,"jetpack_publicize_feature_enabled":true},"categories":[1],"tags":[],"jetpack_featured_media_url":"","jetpack_publicize_connections":[],"jetpack_sharing_enabled":true,"jetpack_shortlink":"https:\/\/wp.me\/p6huce-nF","jetpack-related-posts":[{"id":1712,"url":"http:\/\/my-alps.de\/?p=1712","url_meta":{"origin":1467,"position":0},"title":"Festgefahren","date":"12. Oktober 2014","format":"gallery","excerpt":"Wir hatten bis jetzt ja immer Gl\u00fcck auf unserer gesamten Fahrt durch S\u00fcdamerika - keine Pannen und wir sind immer gut durchgekommen. Doch auf der Fahrt von Salento nach Villa de Leyva hat es uns doch mal erwischt. Es hat in der Nacht ein schweres Unwetter gegeben, und wir haben\u2026","rel":"","context":"In &quot;News&quot;","img":{"alt_text":"","src":"https:\/\/i0.wp.com\/my-alps.de\/wp-content\/uploads\/2014\/10\/es-wird-Regen-geben-ce4.jpg?resize=350%2C200","width":350,"height":200},"classes":[]},{"id":1411,"url":"http:\/\/my-alps.de\/?p=1411","url_meta":{"origin":1467,"position":1},"title":"\u00fcber Cochabamba weiter nach La Paz (Teil 2)","date":"27. Juli 2014","format":"gallery","excerpt":"Von Sucre fahren wir durch die wilde und bergige Altiplanolandschaft.\u00a0Es geht durch kleine D\u00f6rfer und in den Flusst\u00e4lern werden Bananen\u00a0und Papayas angebaut. Anfangs ist die Stra\u00dfe noch asphaltiert, doch\u00a0dann sind wir wieder auf einer staubigen Piste. Der puderfeine Staub\u00a0legt sich wie ein Nebelschleier \u00fcber die Landschaft und alles was am\u00a0Stra\u00dfenrand\u2026","rel":"","context":"In &quot;News&quot;","img":{"alt_text":"","src":"https:\/\/i0.wp.com\/my-alps.de\/wp-content\/uploads\/2014\/07\/rauf-und-runter-ce4.jpg?resize=350%2C200","width":350,"height":200},"classes":[]},{"id":1304,"url":"http:\/\/my-alps.de\/?p=1304","url_meta":{"origin":1467,"position":2},"title":"Chilecito, Hualko, Amaicha und Tafi del Valles","date":"30. Juni 2014","format":"gallery","excerpt":"Chronologisch unserer Reiseroute ging es nach dem NP Talampaya in Richtung Chilecito. Da die Ruta 40 zur dieser Zeit \u00fcber die\u00a0\u201eCuesta de Miranda\u201c gesperrt war, mussten wir einen \u201ekleinen\u201c\u00a0Umweg von ca. 250 Kilometer machen. Die Fahrt ging zur\u00fcck \u00fcber die Ruta 76 bis nach Pataguia und dann die Ruta 74\u2026","rel":"","context":"In &quot;News&quot;","img":{"alt_text":"","src":"https:\/\/i0.wp.com\/my-alps.de\/wp-content\/uploads\/2014\/06\/DSC03910.jpg?resize=350%2C200","width":350,"height":200},"classes":[]},{"id":1664,"url":"http:\/\/my-alps.de\/?p=1664","url_meta":{"origin":1467,"position":3},"title":"Paramo und Papallacta","date":"28. September 2014","format":"gallery","excerpt":"Im schwefelhaltigen Wasser der Thermen \u00a0von Papallacta haben wir uns sch\u00f6n entspannt (und gereinigt!). Die Landschaft hat ihr Bild\u00a0total ver\u00e4ndert und wir sind schon wieder auf 3.300 Meter. \u00dcberall dr\u00e4ngen Wasserf\u00e4lle aus den Bergen in das schmale Tal und die Stra\u00dfe ist durch die vielen Erdbeben und aktiven Vulkane einem\u2026","rel":"","context":"In &quot;News&quot;","img":{"alt_text":"","src":"https:\/\/i0.wp.com\/my-alps.de\/wp-content\/uploads\/2014\/09\/Cerro-Antisana-5.700-m-ce4.jpg?resize=350%2C200","width":350,"height":200},"classes":[]},{"id":995,"url":"http:\/\/my-alps.de\/?p=995","url_meta":{"origin":1467,"position":4},"title":"April, April &#8211; Halbzeit bei der Auszeit","date":"10. April 2014","format":"gallery","excerpt":"Am 11.11.2013 sind wir in Hamburg an Bord der \u201eGrande Cameroon\u201c gegangen und \u00fcber den Atlantik nach S\u00fcdamerika geschippert. Zugegeben, es war nicht immer gerade Hochstimmung mit Karneval und Fasching an Bord, aber es ist uns wirklich nicht langweilig geworden. So eine Frachterreise hat auch etwas besonderes. (Beinahe meditativ!) Nun\u2026","rel":"","context":"In &quot;News&quot;","img":{"alt_text":"","src":"","width":0,"height":0},"classes":[]},{"id":1533,"url":"http:\/\/my-alps.de\/?p=1533","url_meta":{"origin":1467,"position":5},"title":"Nazca &#8211; die W\u00fcste mal von oben betrachtet","date":"26. August 2014","format":"gallery","excerpt":"Wir waren nun auf unserer Reise nach Norden auch in Nazca (oder Nasca) - es existieren verschiedene Schreibformen. Wir wollten uns die ber\u00fchmten Nazca-Linien mal von oben betrachten, da sich von der Aussichtsplattform an der Panamericana nur ein kleiner Teil sehen l\u00e4sst. So haben wir uns einen Flug in einer\u2026","rel":"","context":"In &quot;News&quot;","img":{"alt_text":"","src":"https:\/\/i0.wp.com\/my-alps.de\/wp-content\/uploads\/2014\/08\/Die-Spinne-sw.jpg?resize=350%2C200","width":350,"height":200},"classes":[]}],"_links":{"self":[{"href":"http:\/\/my-alps.de\/index.php?rest_route=\/wp\/v2\/posts\/1467"}],"collection":[{"href":"http:\/\/my-alps.de\/index.php?rest_route=\/wp\/v2\/posts"}],"about":[{"href":"http:\/\/my-alps.de\/index.php?rest_route=\/wp\/v2\/types\/post"}],"author":[{"embeddable":true,"href":"http:\/\/my-alps.de\/index.php?rest_route=\/wp\/v2\/users\/1"}],"replies":[{"embeddable":true,"href":"http:\/\/my-alps.de\/index.php?rest_route=%2Fwp%2Fv2%2Fcomments&post=1467"}],"version-history":[{"count":3,"href":"http:\/\/my-alps.de\/index.php?rest_route=\/wp\/v2\/posts\/1467\/revisions"}],"predecessor-version":[{"id":1471,"href":"http:\/\/my-alps.de\/index.php?rest_route=\/wp\/v2\/posts\/1467\/revisions\/1471"}],"wp:attachment":[{"href":"http:\/\/my-alps.de\/index.php?rest_route=%2Fwp%2Fv2%2Fmedia&parent=1467"}],"wp:term":[{"taxonomy":"category","embeddable":true,"href":"http:\/\/my-alps.de\/index.php?rest_route=%2Fwp%2Fv2%2Fcategories&post=1467"},{"taxonomy":"post_tag","embeddable":true,"href":"http:\/\/my-alps.de\/index.php?rest_route=%2Fwp%2Fv2%2Ftags&post=1467"}],"curies":[{"name":"wp","href":"https:\/\/api.w.org\/{rel}","templated":true}]}}