{"id":1458,"date":"2014-08-07T23:14:38","date_gmt":"2014-08-07T21:14:38","guid":{"rendered":"http:\/\/my-alps.de\/?p=1458"},"modified":"2014-08-07T23:37:35","modified_gmt":"2014-08-07T21:37:35","slug":"copacabana-am-titikakasee","status":"publish","type":"post","link":"http:\/\/my-alps.de\/?p=1458","title":{"rendered":"Copacabana &#8211; am Titikakasee"},"content":{"rendered":"<p>Copacabana?<\/p>\n<div id=\"attachment_1453\" style=\"width: 1034px\" class=\"wp-caption aligncenter\"><a href=\"https:\/\/i0.wp.com\/my-alps.de\/wp-content\/uploads\/2014\/08\/Landesflagge-ce4.jpg\"><img aria-describedby=\"caption-attachment-1453\" data-attachment-id=\"1453\" data-permalink=\"http:\/\/my-alps.de\/?attachment_id=1453\" data-orig-file=\"https:\/\/i0.wp.com\/my-alps.de\/wp-content\/uploads\/2014\/08\/Landesflagge-ce4.jpg?fit=1024%2C683\" data-orig-size=\"1024,683\" data-comments-opened=\"1\" data-image-meta=\"{&quot;aperture&quot;:&quot;13&quot;,&quot;credit&quot;:&quot;&quot;,&quot;camera&quot;:&quot;NEX-7&quot;,&quot;caption&quot;:&quot;&quot;,&quot;created_timestamp&quot;:&quot;1406293151&quot;,&quot;copyright&quot;:&quot;&quot;,&quot;focal_length&quot;:&quot;48.2&quot;,&quot;iso&quot;:&quot;100&quot;,&quot;shutter_speed&quot;:&quot;0.00625&quot;,&quot;title&quot;:&quot;&quot;}\" data-image-title=\"Landesflagge-ce4\" data-image-description=\"&lt;p&gt;Bolivia&lt;\/p&gt;\n\" data-image-caption=\"&lt;p&gt;Bolivia&lt;\/p&gt;\n\" data-medium-file=\"https:\/\/i0.wp.com\/my-alps.de\/wp-content\/uploads\/2014\/08\/Landesflagge-ce4.jpg?fit=300%2C200\" data-large-file=\"https:\/\/i0.wp.com\/my-alps.de\/wp-content\/uploads\/2014\/08\/Landesflagge-ce4.jpg?fit=625%2C417\" loading=\"lazy\" class=\"size-full wp-image-1453\" alt=\"Bolivia\" src=\"https:\/\/i0.wp.com\/my-alps.de\/wp-content\/uploads\/2014\/08\/Landesflagge-ce4.jpg?resize=625%2C417\" width=\"625\" height=\"417\" srcset=\"https:\/\/i0.wp.com\/my-alps.de\/wp-content\/uploads\/2014\/08\/Landesflagge-ce4.jpg?w=1024 1024w, https:\/\/i0.wp.com\/my-alps.de\/wp-content\/uploads\/2014\/08\/Landesflagge-ce4.jpg?resize=300%2C200 300w\" sizes=\"(max-width: 625px) 100vw, 625px\" data-recalc-dims=\"1\" \/><\/a><p id=\"caption-attachment-1453\" class=\"wp-caption-text\">Bolivia<\/p><\/div>\n<p>am Titikakasee?<\/p>\n<p>Ja, richtig geraten!<br \/>\nDAS ist das wahre Copacabana, das am Titikakasee!<\/p>\n<p><!--more--><\/p>\n<p>Der Strand in Rio hat von den Einwohnern am T-see,<br \/>\nden Namen \u201egeschenkt\u201c bekommen, und das f\u00fcr die Weihe<br \/>\neiner kleinen Kapelle mit einer Madonna vom Titikakasee.<\/p>\n<p>Sch\u00f6n bl\u00f6d denken sich nun die (bolivianischen) Copacabaner<br \/>\nund veranstalten daf\u00fcr so richtig tolle Segnungen f\u00fcr\u2026\u2026<br \/>\n\u2026.AUTOS\u2026.<br \/>\ndie haben zwar keine knappen Bikinis, sehen aber daf\u00fcr<br \/>\ngenau so toll aus.<\/p>\n<div id=\"attachment_1464\" style=\"width: 1034px\" class=\"wp-caption aligncenter\"><a href=\"https:\/\/i0.wp.com\/my-alps.de\/wp-content\/uploads\/2014\/08\/Let-my-Motor-running.....jpg\"><img aria-describedby=\"caption-attachment-1464\" data-attachment-id=\"1464\" data-permalink=\"http:\/\/my-alps.de\/?attachment_id=1464\" data-orig-file=\"https:\/\/i0.wp.com\/my-alps.de\/wp-content\/uploads\/2014\/08\/Let-my-Motor-running.....jpg?fit=1024%2C683\" data-orig-size=\"1024,683\" data-comments-opened=\"1\" data-image-meta=\"{&quot;aperture&quot;:&quot;13&quot;,&quot;credit&quot;:&quot;&quot;,&quot;camera&quot;:&quot;SLT-A77V&quot;,&quot;caption&quot;:&quot;&quot;,&quot;created_timestamp&quot;:&quot;1406904651&quot;,&quot;copyright&quot;:&quot;&quot;,&quot;focal_length&quot;:&quot;18&quot;,&quot;iso&quot;:&quot;100&quot;,&quot;shutter_speed&quot;:&quot;0.00625&quot;,&quot;title&quot;:&quot;&quot;}\" data-image-title=\"Let my Motor running&#8230;.\" data-image-description=\"&lt;p&gt;Let my Motor running&#8230;.&lt;\/p&gt;\n\" data-image-caption=\"&lt;p&gt;Let my Motor running&#8230;.&lt;\/p&gt;\n\" data-medium-file=\"https:\/\/i0.wp.com\/my-alps.de\/wp-content\/uploads\/2014\/08\/Let-my-Motor-running.....jpg?fit=300%2C200\" data-large-file=\"https:\/\/i0.wp.com\/my-alps.de\/wp-content\/uploads\/2014\/08\/Let-my-Motor-running.....jpg?fit=625%2C417\" loading=\"lazy\" class=\"size-full wp-image-1464\" alt=\"Let my Motor running....\" src=\"https:\/\/i0.wp.com\/my-alps.de\/wp-content\/uploads\/2014\/08\/Let-my-Motor-running.....jpg?resize=625%2C417\" width=\"625\" height=\"417\" srcset=\"https:\/\/i0.wp.com\/my-alps.de\/wp-content\/uploads\/2014\/08\/Let-my-Motor-running.....jpg?w=1024 1024w, https:\/\/i0.wp.com\/my-alps.de\/wp-content\/uploads\/2014\/08\/Let-my-Motor-running.....jpg?resize=300%2C200 300w\" sizes=\"(max-width: 625px) 100vw, 625px\" data-recalc-dims=\"1\" \/><\/a><p id=\"caption-attachment-1464\" class=\"wp-caption-text\">Let my Motor running&#8230;.<\/p><\/div>\n<p>Der ganze Ort wird beherrscht von diesen Zeremonien.<br \/>\nDie Eigent\u00fcmer schm\u00fccken die Fahrzeuge,<br \/>\nfahren vor die Basilika und der Pater schwingt sein Weihwasser.<\/p>\n<div id=\"attachment_1462\" style=\"width: 1034px\" class=\"wp-caption aligncenter\"><a href=\"https:\/\/i0.wp.com\/my-alps.de\/wp-content\/uploads\/2014\/08\/kleine-Geschenke-f\u00fcrs-Auto.jpg\"><img aria-describedby=\"caption-attachment-1462\" data-attachment-id=\"1462\" data-permalink=\"http:\/\/my-alps.de\/?attachment_id=1462\" data-orig-file=\"https:\/\/i0.wp.com\/my-alps.de\/wp-content\/uploads\/2014\/08\/kleine-Geschenke-f\u00fcrs-Auto.jpg?fit=1024%2C683\" data-orig-size=\"1024,683\" data-comments-opened=\"1\" data-image-meta=\"{&quot;aperture&quot;:&quot;9&quot;,&quot;credit&quot;:&quot;&quot;,&quot;camera&quot;:&quot;SLT-A77V&quot;,&quot;caption&quot;:&quot;&quot;,&quot;created_timestamp&quot;:&quot;1406904617&quot;,&quot;copyright&quot;:&quot;&quot;,&quot;focal_length&quot;:&quot;150&quot;,&quot;iso&quot;:&quot;100&quot;,&quot;shutter_speed&quot;:&quot;0.002&quot;,&quot;title&quot;:&quot;&quot;}\" data-image-title=\"kleine Geschenke f\u00fcrs Auto\" data-image-description=\"&lt;p&gt;kleine Geschenke f\u00fcrs Auto&lt;\/p&gt;\n\" data-image-caption=\"&lt;p&gt;kleine Geschenke f\u00fcrs Auto&lt;\/p&gt;\n\" data-medium-file=\"https:\/\/i0.wp.com\/my-alps.de\/wp-content\/uploads\/2014\/08\/kleine-Geschenke-f\u00fcrs-Auto.jpg?fit=300%2C200\" data-large-file=\"https:\/\/i0.wp.com\/my-alps.de\/wp-content\/uploads\/2014\/08\/kleine-Geschenke-f\u00fcrs-Auto.jpg?fit=625%2C417\" loading=\"lazy\" class=\"size-full wp-image-1462\" alt=\"kleine Geschenke f\u00fcrs Auto\" src=\"https:\/\/i0.wp.com\/my-alps.de\/wp-content\/uploads\/2014\/08\/kleine-Geschenke-f\u00fcrs-Auto.jpg?resize=625%2C417\" width=\"625\" height=\"417\" srcset=\"https:\/\/i0.wp.com\/my-alps.de\/wp-content\/uploads\/2014\/08\/kleine-Geschenke-f\u00fcrs-Auto.jpg?w=1024 1024w, https:\/\/i0.wp.com\/my-alps.de\/wp-content\/uploads\/2014\/08\/kleine-Geschenke-f\u00fcrs-Auto.jpg?resize=300%2C200 300w\" sizes=\"(max-width: 625px) 100vw, 625px\" data-recalc-dims=\"1\" \/><\/a><p id=\"caption-attachment-1462\" class=\"wp-caption-text\">kleine Geschenke f\u00fcrs Auto<\/p><\/div>\n<p>Nach dieser (christlichen) Weihe wird nat\u00fcrlich auch<br \/>\nder Segen von Pachamama erbeten.<br \/>\nUnd so bekommen alle Autos eine kr\u00e4ftige Dusche<br \/>\nmit Sekt oder Bier, manchmal auch Schnaps.<br \/>\nDer Rest wird dann selbst genossen.<\/p>\n<p>So stehen an diesem kleinen Ort am Titikakasee, der<br \/>\neinem Badeort an der Adria aus den 50igern gleicht,<br \/>\nhunderte von geschm\u00fcckten Autos am Strand,<br \/>\nes werden st\u00e4ndig Knallfr\u00f6sche gez\u00fcndet,<br \/>\nund bis in die tiefe Nacht steppt der B\u00e4r.<\/p>\n<div id=\"attachment_1463\" style=\"width: 1034px\" class=\"wp-caption aligncenter\"><a href=\"https:\/\/i0.wp.com\/my-alps.de\/wp-content\/uploads\/2014\/08\/Kon-Tiki-125-ce4.jpg\"><img aria-describedby=\"caption-attachment-1463\" data-attachment-id=\"1463\" data-permalink=\"http:\/\/my-alps.de\/?attachment_id=1463\" data-orig-file=\"https:\/\/i0.wp.com\/my-alps.de\/wp-content\/uploads\/2014\/08\/Kon-Tiki-125-ce4.jpg?fit=1024%2C683\" data-orig-size=\"1024,683\" data-comments-opened=\"1\" data-image-meta=\"{&quot;aperture&quot;:&quot;13&quot;,&quot;credit&quot;:&quot;&quot;,&quot;camera&quot;:&quot;SLT-A77V&quot;,&quot;caption&quot;:&quot;&quot;,&quot;created_timestamp&quot;:&quot;1406899748&quot;,&quot;copyright&quot;:&quot;&quot;,&quot;focal_length&quot;:&quot;60&quot;,&quot;iso&quot;:&quot;100&quot;,&quot;shutter_speed&quot;:&quot;0.00625&quot;,&quot;title&quot;:&quot;&quot;}\" data-image-title=\"Kon Tiki -125-ce4\" data-image-description=\"&lt;p&gt;Kon Tiki -12,5er&lt;\/p&gt;\n\" data-image-caption=\"&lt;p&gt;Kon Tiki -12,5er&lt;\/p&gt;\n\" data-medium-file=\"https:\/\/i0.wp.com\/my-alps.de\/wp-content\/uploads\/2014\/08\/Kon-Tiki-125-ce4.jpg?fit=300%2C200\" data-large-file=\"https:\/\/i0.wp.com\/my-alps.de\/wp-content\/uploads\/2014\/08\/Kon-Tiki-125-ce4.jpg?fit=625%2C417\" loading=\"lazy\" class=\"size-full wp-image-1463\" alt=\"Kon Tiki -12,5er\" src=\"https:\/\/i0.wp.com\/my-alps.de\/wp-content\/uploads\/2014\/08\/Kon-Tiki-125-ce4.jpg?resize=625%2C417\" width=\"625\" height=\"417\" srcset=\"https:\/\/i0.wp.com\/my-alps.de\/wp-content\/uploads\/2014\/08\/Kon-Tiki-125-ce4.jpg?w=1024 1024w, https:\/\/i0.wp.com\/my-alps.de\/wp-content\/uploads\/2014\/08\/Kon-Tiki-125-ce4.jpg?resize=300%2C200 300w\" sizes=\"(max-width: 625px) 100vw, 625px\" data-recalc-dims=\"1\" \/><\/a><p id=\"caption-attachment-1463\" class=\"wp-caption-text\">Kon Tiki -12,5er<\/p><\/div>\n<p>So richtige Maya-Kultur Stimmung mag hier nicht aufkommen,<br \/>\ndenn zwischen den ganzen Autos versuchen unz\u00e4hlige \u201eSchlepper\u201c<br \/>\nden geneigten Touristen auf ihre Boote zu locken, um mit ihnen<br \/>\neinen (\u00fcberteuerten) Ausflug zur Sonnen- oder Mondinsel<br \/>\nzu unternehmen.<\/p>\n<p>Wir haben dem Treiben einen ganzen Tag zugesehen, in<br \/>\nuns hineingeschmunzelt und dem ganzen den R\u00fccken gekehrt.<br \/>\nLange Reisen trennen den Suchenden vom Findenden.<br \/>\nSo haben wir uns entschlossen dem \u201eSajama\u201c, dem h\u00f6chsten<br \/>\nBerg von Bolivien doch noch die Ehre zu erweisen.<\/p>\n<p>Ach ja &#8211; fast vergessen:<br \/>\nDie \u00dcberfahrt mit dem &#8222;F\u00e4hrmann&#8220; hat etwas, das mich an<br \/>\ndie Griechische Mythologie erinnert hat&#8230;.<br \/>\n(Wie war das noch gleich mit dem Hades&#8230;&#8230;..)<\/p>\n<div id=\"attachment_1461\" style=\"width: 1034px\" class=\"wp-caption aligncenter\"><a href=\"https:\/\/i0.wp.com\/my-alps.de\/wp-content\/uploads\/2014\/08\/Der-F\u00e4hrmann-wartet-schon......jpg\"><img aria-describedby=\"caption-attachment-1461\" data-attachment-id=\"1461\" data-permalink=\"http:\/\/my-alps.de\/?attachment_id=1461\" data-orig-file=\"https:\/\/i0.wp.com\/my-alps.de\/wp-content\/uploads\/2014\/08\/Der-F\u00e4hrmann-wartet-schon......jpg?fit=1024%2C683\" data-orig-size=\"1024,683\" data-comments-opened=\"1\" data-image-meta=\"{&quot;aperture&quot;:&quot;13&quot;,&quot;credit&quot;:&quot;&quot;,&quot;camera&quot;:&quot;SLT-A77V&quot;,&quot;caption&quot;:&quot;&quot;,&quot;created_timestamp&quot;:&quot;1406824803&quot;,&quot;copyright&quot;:&quot;&quot;,&quot;focal_length&quot;:&quot;35&quot;,&quot;iso&quot;:&quot;100&quot;,&quot;shutter_speed&quot;:&quot;0.01&quot;,&quot;title&quot;:&quot;&quot;}\" data-image-title=\"Der F\u00e4hrmann wartet schon&#8230;..\" data-image-description=\"&lt;p&gt;Der F\u00e4hrmann wartet schon&#8230;..&lt;\/p&gt;\n\" data-image-caption=\"&lt;p&gt;Der F\u00e4hrmann wartet schon&#8230;..&lt;\/p&gt;\n\" data-medium-file=\"https:\/\/i0.wp.com\/my-alps.de\/wp-content\/uploads\/2014\/08\/Der-F\u00e4hrmann-wartet-schon......jpg?fit=300%2C200\" data-large-file=\"https:\/\/i0.wp.com\/my-alps.de\/wp-content\/uploads\/2014\/08\/Der-F\u00e4hrmann-wartet-schon......jpg?fit=625%2C417\" loading=\"lazy\" class=\"size-full wp-image-1461\" alt=\"Der F\u00e4hrmann wartet schon.....\" src=\"https:\/\/i0.wp.com\/my-alps.de\/wp-content\/uploads\/2014\/08\/Der-F\u00e4hrmann-wartet-schon......jpg?resize=625%2C417\" width=\"625\" height=\"417\" srcset=\"https:\/\/i0.wp.com\/my-alps.de\/wp-content\/uploads\/2014\/08\/Der-F\u00e4hrmann-wartet-schon......jpg?w=1024 1024w, https:\/\/i0.wp.com\/my-alps.de\/wp-content\/uploads\/2014\/08\/Der-F\u00e4hrmann-wartet-schon......jpg?resize=300%2C200 300w\" sizes=\"(max-width: 625px) 100vw, 625px\" data-recalc-dims=\"1\" \/><\/a><p id=\"caption-attachment-1461\" class=\"wp-caption-text\">Der F\u00e4hrmann wartet schon&#8230;..<\/p><\/div>\n<p>und hat sich gefreut&#8230;.<\/p>\n<div id=\"attachment_1465\" style=\"width: 1034px\" class=\"wp-caption aligncenter\"><a href=\"https:\/\/i0.wp.com\/my-alps.de\/wp-content\/uploads\/2014\/08\/\u00dcberfahrt-am-Titikakasee-ce4.jpg\"><img aria-describedby=\"caption-attachment-1465\" data-attachment-id=\"1465\" data-permalink=\"http:\/\/my-alps.de\/?attachment_id=1465\" data-orig-file=\"https:\/\/i0.wp.com\/my-alps.de\/wp-content\/uploads\/2014\/08\/\u00dcberfahrt-am-Titikakasee-ce4.jpg?fit=1024%2C683\" data-orig-size=\"1024,683\" data-comments-opened=\"1\" data-image-meta=\"{&quot;aperture&quot;:&quot;9.5&quot;,&quot;credit&quot;:&quot;&quot;,&quot;camera&quot;:&quot;SLT-A99V&quot;,&quot;caption&quot;:&quot;&quot;,&quot;created_timestamp&quot;:&quot;1406828939&quot;,&quot;copyright&quot;:&quot;&quot;,&quot;focal_length&quot;:&quot;24&quot;,&quot;iso&quot;:&quot;100&quot;,&quot;shutter_speed&quot;:&quot;0.011111111111111&quot;,&quot;title&quot;:&quot;&quot;}\" data-image-title=\"\u00dcberfahrt am Titikakasee-ce4\" data-image-description=\"&lt;p&gt;\u00dcberfahrt am Titikakasee&lt;\/p&gt;\n\" data-image-caption=\"&lt;p&gt;\u00dcberfahrt am Titikakasee&lt;\/p&gt;\n\" data-medium-file=\"https:\/\/i0.wp.com\/my-alps.de\/wp-content\/uploads\/2014\/08\/\u00dcberfahrt-am-Titikakasee-ce4.jpg?fit=300%2C200\" data-large-file=\"https:\/\/i0.wp.com\/my-alps.de\/wp-content\/uploads\/2014\/08\/\u00dcberfahrt-am-Titikakasee-ce4.jpg?fit=625%2C417\" loading=\"lazy\" class=\"size-full wp-image-1465\" alt=\"\u00dcberfahrt am Titikakasee\" src=\"https:\/\/i0.wp.com\/my-alps.de\/wp-content\/uploads\/2014\/08\/\u00dcberfahrt-am-Titikakasee-ce4.jpg?resize=625%2C417\" width=\"625\" height=\"417\" srcset=\"https:\/\/i0.wp.com\/my-alps.de\/wp-content\/uploads\/2014\/08\/\u00dcberfahrt-am-Titikakasee-ce4.jpg?w=1024 1024w, https:\/\/i0.wp.com\/my-alps.de\/wp-content\/uploads\/2014\/08\/\u00dcberfahrt-am-Titikakasee-ce4.jpg?resize=300%2C200 300w\" sizes=\"(max-width: 625px) 100vw, 625px\" data-recalc-dims=\"1\" \/><\/a><p id=\"caption-attachment-1465\" class=\"wp-caption-text\">\u00dcberfahrt am Titikakasee<\/p><\/div>\n<p>&nbsp;<\/p>\n","protected":false},"excerpt":{"rendered":"<p>Copacabana? am Titikakasee? Ja, richtig geraten! DAS ist das wahre Copacabana, das am Titikakasee!<\/p>\n","protected":false},"author":1,"featured_media":0,"comment_status":"open","ping_status":"open","sticky":false,"template":"","format":"gallery","meta":{"spay_email":"","jetpack_publicize_message":"","jetpack_is_tweetstorm":false,"jetpack_publicize_feature_enabled":true},"categories":[1],"tags":[15,20,21],"jetpack_featured_media_url":"","jetpack_publicize_connections":[],"jetpack_sharing_enabled":true,"jetpack_shortlink":"https:\/\/wp.me\/p6huce-nw","jetpack-related-posts":[{"id":1472,"url":"http:\/\/my-alps.de\/?p=1472","url_meta":{"origin":1458,"position":0},"title":"vom Sajama, dem h\u00f6chsten Berg Boliviens nach Peru","date":"8. August 2014","format":"gallery","excerpt":"Da wir vom Titikakasee etwas entt\u00e4uscht waren, haben wir uns kurzerhand entschlossen doch noch einen Abstecher zum \"Sajama\" zu fahren. Er liegt zwar auf dem Weg Richtung Chile, aber\u00a0das haben wir dann mit dem Grenz\u00fcbergang in Arica\u00a0verkn\u00fcpft. auf dem AltiplanoDer \"Sajama\" ist ein wundersch\u00f6ner Vulkankegel, der sich wie eine Zipfelm\u00fctze\u2026","rel":"","context":"In &quot;News&quot;","img":{"alt_text":"","src":"https:\/\/i0.wp.com\/my-alps.de\/wp-content\/uploads\/2014\/08\/Vulkanausbruch-1-ce4.jpg?resize=350%2C200","width":350,"height":200},"classes":[]},{"id":1491,"url":"http:\/\/my-alps.de\/?p=1491","url_meta":{"origin":1458,"position":1},"title":"Die Grabt\u00fcrme von Sillustani","date":"12. August 2014","format":"gallery","excerpt":"Auf dem Weg zur Stra\u00dfe nach Cusco kommen wir wieder recht nahe am Titikakasee vorbei, und so machen wir einen kurzen Abstecher \u00fcber Juliaca, der wohl chaotischsten Stadt in ganz Peru, zu den Grabt\u00fcrmen von Sillustani. Aber erst mal Juliaca - Verkehrschaos pur. Diese Stadt ist ein, ja was eigentlich?\u2026","rel":"","context":"In &quot;News&quot;","img":{"alt_text":"","src":"https:\/\/i0.wp.com\/my-alps.de\/wp-content\/uploads\/2014\/08\/Chaos-in-Juliaca-5.jpg?resize=350%2C200","width":350,"height":200},"classes":[]},{"id":1091,"url":"http:\/\/my-alps.de\/?p=1091","url_meta":{"origin":1458,"position":2},"title":"Weckruf der Mapuche Indianer","date":"4. Mai 2014","format":"gallery","excerpt":"Unser Camp am Rio Malleo, irgendwo im nirgendwo, auf dem Weg zum Vulkan Lanin lag in der N\u00e4he einer Mapuche Siedlung. Wir hatten die Schilder bei der Hin- und R\u00fcckfahrt bemerkt. Da f\u00fcr den 01. Mai sch\u00f6nes Wetter angesagt war, wollten wir den Nationalpark \u201eVolkan Lanin\u201c besuchen. Tja. wie schon\u2026","rel":"","context":"In &quot;unter uns&quot;","img":{"alt_text":"","src":"","width":0,"height":0},"classes":[]},{"id":431,"url":"http:\/\/my-alps.de\/?p=431","url_meta":{"origin":1458,"position":3},"title":"Hamburg ist eine Reise wert&#8230;.","date":"9. November 2013","format":"gallery","excerpt":"Heute haben wir eine ausgedehnte Stadtbesichtigung gemacht - so richtig Touri m\u00e4\u00dfig wie bei uns in Bamberg. Sind sch\u00f6n mit dem Bus durch die Stadt geschaukelt worden und drau\u00dfen hat es gest\u00fcrmt und der Regen kam waagrecht an die Fenster geflogen. Aber wie das so ist im Norden - Nachmittags\u2026","rel":"","context":"In &quot;News&quot;","img":{"alt_text":"","src":"","width":0,"height":0},"classes":[]},{"id":347,"url":"http:\/\/my-alps.de\/?p=347","url_meta":{"origin":1458,"position":4},"title":"gestern war Basteltag &#8211; oder Jean P\u00fctz l\u00e4sst gr\u00fc\u00dfen","date":"22. Juni 2013","format":"gallery","excerpt":"Ich bin ganz froh selbstst\u00e4ndig zu sein, denn gestern bin ich nach dem Motto: \"Nach EINS macht jeder seins\" verfahren und habe ab Mittag, nachdem ich noch schnell auf meiner Baustelle der Schulsanierung in Eggolsheim Verwirrung stiftete, an unserem Boomer herumgebastelt. Die LED Leuchten waren im Laufe der Woche eingetroffen\u2026","rel":"","context":"In &quot;Wohnmobil&quot;","img":{"alt_text":"","src":"","width":0,"height":0},"classes":[]},{"id":1691,"url":"http:\/\/my-alps.de\/?p=1691","url_meta":{"origin":1458,"position":5},"title":"Desertio Tatacoa","date":"6. Oktober 2014","format":"gallery","excerpt":"Auf unserem Weg durch Kolumbien reihen sich wieder die verschiedensten und sch\u00f6nsten Landschaften aneinander. Erst ist man umgeben von Bergwald, der sich meist in Wolken und Nebel versteckt, dann kommen Zuckerrohrplantagen und die Gegend wird Landwirtschaftlich genutzt. Die beiden Gebirgsz\u00fcge werden durch den Rio Magdalena getrennt. Und auf einmal liegt\u2026","rel":"","context":"In &quot;News&quot;","img":{"alt_text":"","src":"https:\/\/i0.wp.com\/my-alps.de\/wp-content\/uploads\/2014\/10\/Desertio-Tatacoa-2-ce4.jpg?resize=350%2C200","width":350,"height":200},"classes":[]}],"_links":{"self":[{"href":"http:\/\/my-alps.de\/index.php?rest_route=\/wp\/v2\/posts\/1458"}],"collection":[{"href":"http:\/\/my-alps.de\/index.php?rest_route=\/wp\/v2\/posts"}],"about":[{"href":"http:\/\/my-alps.de\/index.php?rest_route=\/wp\/v2\/types\/post"}],"author":[{"embeddable":true,"href":"http:\/\/my-alps.de\/index.php?rest_route=\/wp\/v2\/users\/1"}],"replies":[{"embeddable":true,"href":"http:\/\/my-alps.de\/index.php?rest_route=%2Fwp%2Fv2%2Fcomments&post=1458"}],"version-history":[{"count":3,"href":"http:\/\/my-alps.de\/index.php?rest_route=\/wp\/v2\/posts\/1458\/revisions"}],"predecessor-version":[{"id":1466,"href":"http:\/\/my-alps.de\/index.php?rest_route=\/wp\/v2\/posts\/1458\/revisions\/1466"}],"wp:attachment":[{"href":"http:\/\/my-alps.de\/index.php?rest_route=%2Fwp%2Fv2%2Fmedia&parent=1458"}],"wp:term":[{"taxonomy":"category","embeddable":true,"href":"http:\/\/my-alps.de\/index.php?rest_route=%2Fwp%2Fv2%2Fcategories&post=1458"},{"taxonomy":"post_tag","embeddable":true,"href":"http:\/\/my-alps.de\/index.php?rest_route=%2Fwp%2Fv2%2Ftags&post=1458"}],"curies":[{"name":"wp","href":"https:\/\/api.w.org\/{rel}","templated":true}]}}