{"id":1447,"date":"2014-08-07T23:02:15","date_gmt":"2014-08-07T21:02:15","guid":{"rendered":"http:\/\/my-alps.de\/?p=1447"},"modified":"2014-08-07T23:10:24","modified_gmt":"2014-08-07T21:10:24","slug":"sorata-das-kleine-tibet-in-bolivien","status":"publish","type":"post","link":"http:\/\/my-alps.de\/?p=1447","title":{"rendered":"Sorata, das kleine Tibet in Bolivien"},"content":{"rendered":"<p>Von La Paz aus wollten wir auf den Cerro Chacaltaya,<br \/>\nund damit unseren ersten 5.000 er besteigen.<br \/>\nLeider war der Wetter-Inka heute nicht soooo gut gelaunt,<br \/>\ndenn es hatte viel Neuschnee und heftigen Sturm gehabt.<\/p>\n<div id=\"attachment_1452\" style=\"width: 1034px\" class=\"wp-caption aligncenter\"><a href=\"https:\/\/i0.wp.com\/my-alps.de\/wp-content\/uploads\/2014\/08\/Kirschbl\u00fcte-in-La-Paz-ce4.jpg\"><img aria-describedby=\"caption-attachment-1452\" data-attachment-id=\"1452\" data-permalink=\"http:\/\/my-alps.de\/?attachment_id=1452\" data-orig-file=\"https:\/\/i0.wp.com\/my-alps.de\/wp-content\/uploads\/2014\/08\/Kirschbl\u00fcte-in-La-Paz-ce4.jpg?fit=1024%2C768\" data-orig-size=\"1024,768\" data-comments-opened=\"1\" data-image-meta=\"{&quot;aperture&quot;:&quot;2.4&quot;,&quot;credit&quot;:&quot;&quot;,&quot;camera&quot;:&quot;iPhone 5c&quot;,&quot;caption&quot;:&quot;&quot;,&quot;created_timestamp&quot;:&quot;1406379603&quot;,&quot;copyright&quot;:&quot;&quot;,&quot;focal_length&quot;:&quot;4.12&quot;,&quot;iso&quot;:&quot;50&quot;,&quot;shutter_speed&quot;:&quot;0.00084889643463497&quot;,&quot;title&quot;:&quot;&quot;}\" data-image-title=\"Kirschbl\u00fcte in La Paz-ce4\" data-image-description=\"&lt;p&gt;Kirschbl\u00fcte in La Paz&lt;\/p&gt;\n\" data-image-caption=\"&lt;p&gt;Kirschbl\u00fcte in La Paz&lt;\/p&gt;\n\" data-medium-file=\"https:\/\/i0.wp.com\/my-alps.de\/wp-content\/uploads\/2014\/08\/Kirschbl\u00fcte-in-La-Paz-ce4.jpg?fit=300%2C225\" data-large-file=\"https:\/\/i0.wp.com\/my-alps.de\/wp-content\/uploads\/2014\/08\/Kirschbl\u00fcte-in-La-Paz-ce4.jpg?fit=625%2C469\" loading=\"lazy\" class=\"size-full wp-image-1452\" alt=\"Kirschbl\u00fcte in La Paz\" src=\"https:\/\/i0.wp.com\/my-alps.de\/wp-content\/uploads\/2014\/08\/Kirschbl\u00fcte-in-La-Paz-ce4.jpg?resize=625%2C469\" width=\"625\" height=\"469\" srcset=\"https:\/\/i0.wp.com\/my-alps.de\/wp-content\/uploads\/2014\/08\/Kirschbl\u00fcte-in-La-Paz-ce4.jpg?w=1024 1024w, https:\/\/i0.wp.com\/my-alps.de\/wp-content\/uploads\/2014\/08\/Kirschbl\u00fcte-in-La-Paz-ce4.jpg?resize=300%2C225 300w\" sizes=\"(max-width: 625px) 100vw, 625px\" data-recalc-dims=\"1\" \/><\/a><p id=\"caption-attachment-1452\" class=\"wp-caption-text\">Kirschbl\u00fcte in La Paz<\/p><\/div>\n<p>(Obwohl in La Paz die Kirschbl\u00fcte ausgebrochen ist!)<\/p>\n<p>Also mussten wir auf halber Strecke wieder umkehren<br \/>\nund uns ein tiefer gelegenes Ziel aussuchen.<\/p>\n<p><!--more--><\/p>\n<p>So hat uns nach \u201eSorata\u201c verschlagen,<br \/>\neinem kleinen\u00a0<span style=\"line-height: 1.5;\">Dorf am Fu\u00dfe des Illampu (6.368 m).<br \/>\nDie Fahrt vom\u00a0<\/span><span style=\"line-height: 1.5;\">Altiplano von 4.300 Meter hinunter auf 2.600 Meter<\/span><br \/>\nwar ein grandioses Erlebnis. Durch den Schneefall waren<br \/>\ndie \u201eCordillera Real\u201c richtig plastisch zu sehen,<br \/>\n<span style=\"line-height: 1.5;\">und zum greifen nahe.<br \/>\n<\/span><\/p>\n<div id=\"attachment_1450\" style=\"width: 1034px\" class=\"wp-caption aligncenter\"><a href=\"https:\/\/i0.wp.com\/my-alps.de\/wp-content\/uploads\/2014\/08\/2.000-Meter-tiefer-ce4-define.jpg\"><img aria-describedby=\"caption-attachment-1450\" data-attachment-id=\"1450\" data-permalink=\"http:\/\/my-alps.de\/?attachment_id=1450\" data-orig-file=\"https:\/\/i0.wp.com\/my-alps.de\/wp-content\/uploads\/2014\/08\/2.000-Meter-tiefer-ce4-define.jpg?fit=1024%2C683\" data-orig-size=\"1024,683\" data-comments-opened=\"1\" data-image-meta=\"{&quot;aperture&quot;:&quot;9.5&quot;,&quot;credit&quot;:&quot;&quot;,&quot;camera&quot;:&quot;SLT-A99V&quot;,&quot;caption&quot;:&quot;&quot;,&quot;created_timestamp&quot;:&quot;1406745722&quot;,&quot;copyright&quot;:&quot;&quot;,&quot;focal_length&quot;:&quot;100&quot;,&quot;iso&quot;:&quot;100&quot;,&quot;shutter_speed&quot;:&quot;0.005&quot;,&quot;title&quot;:&quot;&quot;}\" data-image-title=\"2.000 Meter tiefer-ce4-define\" data-image-description=\"&lt;p&gt;2.000 Meter tiefer&lt;\/p&gt;\n\" data-image-caption=\"&lt;p&gt;2.000 Meter tiefer&lt;\/p&gt;\n\" data-medium-file=\"https:\/\/i0.wp.com\/my-alps.de\/wp-content\/uploads\/2014\/08\/2.000-Meter-tiefer-ce4-define.jpg?fit=300%2C200\" data-large-file=\"https:\/\/i0.wp.com\/my-alps.de\/wp-content\/uploads\/2014\/08\/2.000-Meter-tiefer-ce4-define.jpg?fit=625%2C417\" loading=\"lazy\" class=\"size-full wp-image-1450\" alt=\"2.000 Meter tiefer\" src=\"https:\/\/i0.wp.com\/my-alps.de\/wp-content\/uploads\/2014\/08\/2.000-Meter-tiefer-ce4-define.jpg?resize=625%2C417\" width=\"625\" height=\"417\" srcset=\"https:\/\/i0.wp.com\/my-alps.de\/wp-content\/uploads\/2014\/08\/2.000-Meter-tiefer-ce4-define.jpg?w=1024 1024w, https:\/\/i0.wp.com\/my-alps.de\/wp-content\/uploads\/2014\/08\/2.000-Meter-tiefer-ce4-define.jpg?resize=300%2C200 300w\" sizes=\"(max-width: 625px) 100vw, 625px\" data-recalc-dims=\"1\" \/><\/a><p id=\"caption-attachment-1450\" class=\"wp-caption-text\">2.000 Meter tiefer<\/p><\/div>\n<p>Aufgereit wie auf einer Perlenschnur liegen vom<br \/>\n<span style=\"line-height: 1.5;\">\u201cHuyana Potosi\u201c bis zum \u201eAncohuma\u201c einige 6.000 er<br \/>\n<\/span><span style=\"line-height: 1.5;\">im Panoramformat zum bewundern da.<br \/>\nDie Berglandschaft mit den dramatischen Wolken und<br \/>\nden frisch verschneiten Gipfeln erinnern uns an Bilder aus Tibet.<br \/>\n<\/span><\/p>\n<div id=\"attachment_1454\" style=\"width: 1034px\" class=\"wp-caption aligncenter\"><a href=\"https:\/\/i0.wp.com\/my-alps.de\/wp-content\/uploads\/2014\/08\/Tibet-in-Bolivien-ce4.jpg\"><img aria-describedby=\"caption-attachment-1454\" data-attachment-id=\"1454\" data-permalink=\"http:\/\/my-alps.de\/?attachment_id=1454\" data-orig-file=\"https:\/\/i0.wp.com\/my-alps.de\/wp-content\/uploads\/2014\/08\/Tibet-in-Bolivien-ce4.jpg?fit=1024%2C683\" data-orig-size=\"1024,683\" data-comments-opened=\"1\" data-image-meta=\"{&quot;aperture&quot;:&quot;9.5&quot;,&quot;credit&quot;:&quot;&quot;,&quot;camera&quot;:&quot;SLT-A99V&quot;,&quot;caption&quot;:&quot;&quot;,&quot;created_timestamp&quot;:&quot;1406811866&quot;,&quot;copyright&quot;:&quot;&quot;,&quot;focal_length&quot;:&quot;24&quot;,&quot;iso&quot;:&quot;100&quot;,&quot;shutter_speed&quot;:&quot;0.004&quot;,&quot;title&quot;:&quot;&quot;}\" data-image-title=\"Tibet in Bolivien-ce4\" data-image-description=\"&lt;p&gt;Tibet in Bolivien&lt;\/p&gt;\n\" data-image-caption=\"&lt;p&gt;Tibet in Bolivien&lt;\/p&gt;\n\" data-medium-file=\"https:\/\/i0.wp.com\/my-alps.de\/wp-content\/uploads\/2014\/08\/Tibet-in-Bolivien-ce4.jpg?fit=300%2C200\" data-large-file=\"https:\/\/i0.wp.com\/my-alps.de\/wp-content\/uploads\/2014\/08\/Tibet-in-Bolivien-ce4.jpg?fit=625%2C417\" loading=\"lazy\" class=\"size-full wp-image-1454\" alt=\"Tibet in Bolivien\" src=\"https:\/\/i0.wp.com\/my-alps.de\/wp-content\/uploads\/2014\/08\/Tibet-in-Bolivien-ce4.jpg?resize=625%2C417\" width=\"625\" height=\"417\" srcset=\"https:\/\/i0.wp.com\/my-alps.de\/wp-content\/uploads\/2014\/08\/Tibet-in-Bolivien-ce4.jpg?w=1024 1024w, https:\/\/i0.wp.com\/my-alps.de\/wp-content\/uploads\/2014\/08\/Tibet-in-Bolivien-ce4.jpg?resize=300%2C200 300w\" sizes=\"(max-width: 625px) 100vw, 625px\" data-recalc-dims=\"1\" \/><\/a><p id=\"caption-attachment-1454\" class=\"wp-caption-text\">Tibet in Bolivien<\/p><\/div>\n<p>Immer wenn wir aussteigen schnuppern wir die<br \/>\nangenehm w\u00fcrzige Bergluft ein, eine Wohltat nach<br \/>\ndem Smogaroma in La Paz.<\/p>\n<div id=\"attachment_1451\" style=\"width: 1034px\" class=\"wp-caption aligncenter\"><a href=\"https:\/\/i0.wp.com\/my-alps.de\/wp-content\/uploads\/2014\/08\/Bolivianische-Kippen-1.jpg\"><img aria-describedby=\"caption-attachment-1451\" data-attachment-id=\"1451\" data-permalink=\"http:\/\/my-alps.de\/?attachment_id=1451\" data-orig-file=\"https:\/\/i0.wp.com\/my-alps.de\/wp-content\/uploads\/2014\/08\/Bolivianische-Kippen-1.jpg?fit=1024%2C768\" data-orig-size=\"1024,768\" data-comments-opened=\"1\" data-image-meta=\"{&quot;aperture&quot;:&quot;2.5&quot;,&quot;credit&quot;:&quot;&quot;,&quot;camera&quot;:&quot;DSC-RX100&quot;,&quot;caption&quot;:&quot;&quot;,&quot;created_timestamp&quot;:&quot;1406032420&quot;,&quot;copyright&quot;:&quot;&quot;,&quot;focal_length&quot;:&quot;10.4&quot;,&quot;iso&quot;:&quot;125&quot;,&quot;shutter_speed&quot;:&quot;0.01&quot;,&quot;title&quot;:&quot;&quot;}\" data-image-title=\"Bolivianische Kippen-1\" data-image-description=\"&lt;p&gt;Bolivianische Kippen&lt;\/p&gt;\n\" data-image-caption=\"&lt;p&gt;Bolivianische Kippen&lt;\/p&gt;\n\" data-medium-file=\"https:\/\/i0.wp.com\/my-alps.de\/wp-content\/uploads\/2014\/08\/Bolivianische-Kippen-1.jpg?fit=300%2C225\" data-large-file=\"https:\/\/i0.wp.com\/my-alps.de\/wp-content\/uploads\/2014\/08\/Bolivianische-Kippen-1.jpg?fit=625%2C469\" loading=\"lazy\" class=\"size-full wp-image-1451\" alt=\"Bolivianische Kippen\" src=\"https:\/\/i0.wp.com\/my-alps.de\/wp-content\/uploads\/2014\/08\/Bolivianische-Kippen-1.jpg?resize=625%2C469\" width=\"625\" height=\"469\" srcset=\"https:\/\/i0.wp.com\/my-alps.de\/wp-content\/uploads\/2014\/08\/Bolivianische-Kippen-1.jpg?w=1024 1024w, https:\/\/i0.wp.com\/my-alps.de\/wp-content\/uploads\/2014\/08\/Bolivianische-Kippen-1.jpg?resize=300%2C225 300w\" sizes=\"(max-width: 625px) 100vw, 625px\" data-recalc-dims=\"1\" \/><\/a><p id=\"caption-attachment-1451\" class=\"wp-caption-text\">Bolivianische Kippen<\/p><\/div>\n<p>(PS &#8211; die bolivianischen Kippen, die ich in einer Schachtel<br \/>\nneben Beuteln mit Kokabl\u00e4ttern gefunden habe waren auch<br \/>\nrecht \u201ew\u00fcrzig\u201c)<\/p>\n<div id=\"attachment_1455\" style=\"width: 1034px\" class=\"wp-caption aligncenter\"><a href=\"https:\/\/i0.wp.com\/my-alps.de\/wp-content\/uploads\/2014\/08\/Valle-Sorata-I-ce4-define.jpg\"><img aria-describedby=\"caption-attachment-1455\" data-attachment-id=\"1455\" data-permalink=\"http:\/\/my-alps.de\/?attachment_id=1455\" data-orig-file=\"https:\/\/i0.wp.com\/my-alps.de\/wp-content\/uploads\/2014\/08\/Valle-Sorata-I-ce4-define.jpg?fit=1024%2C683\" data-orig-size=\"1024,683\" data-comments-opened=\"1\" data-image-meta=\"{&quot;aperture&quot;:&quot;8&quot;,&quot;credit&quot;:&quot;&quot;,&quot;camera&quot;:&quot;SLT-A99V&quot;,&quot;caption&quot;:&quot;&quot;,&quot;created_timestamp&quot;:&quot;1406745202&quot;,&quot;copyright&quot;:&quot;&quot;,&quot;focal_length&quot;:&quot;55&quot;,&quot;iso&quot;:&quot;100&quot;,&quot;shutter_speed&quot;:&quot;0.002&quot;,&quot;title&quot;:&quot;&quot;}\" data-image-title=\"Valle Sorata-I-ce4-define\" data-image-description=\"&lt;p&gt;Valle Sorata&lt;\/p&gt;\n\" data-image-caption=\"&lt;p&gt;Valle Sorata&lt;\/p&gt;\n\" data-medium-file=\"https:\/\/i0.wp.com\/my-alps.de\/wp-content\/uploads\/2014\/08\/Valle-Sorata-I-ce4-define.jpg?fit=300%2C200\" data-large-file=\"https:\/\/i0.wp.com\/my-alps.de\/wp-content\/uploads\/2014\/08\/Valle-Sorata-I-ce4-define.jpg?fit=625%2C417\" loading=\"lazy\" class=\"size-full wp-image-1455\" alt=\"Valle Sorata\" src=\"https:\/\/i0.wp.com\/my-alps.de\/wp-content\/uploads\/2014\/08\/Valle-Sorata-I-ce4-define.jpg?resize=625%2C417\" width=\"625\" height=\"417\" srcset=\"https:\/\/i0.wp.com\/my-alps.de\/wp-content\/uploads\/2014\/08\/Valle-Sorata-I-ce4-define.jpg?w=1024 1024w, https:\/\/i0.wp.com\/my-alps.de\/wp-content\/uploads\/2014\/08\/Valle-Sorata-I-ce4-define.jpg?resize=300%2C200 300w\" sizes=\"(max-width: 625px) 100vw, 625px\" data-recalc-dims=\"1\" \/><\/a><p id=\"caption-attachment-1455\" class=\"wp-caption-text\">Valle Sorata<\/p><\/div>\n<p>Wir sind ganz benommen von den Eindr\u00fccken und<br \/>\n<span style=\"line-height: 1.5;\">unser Kopf leidet etwas an Reiz\u00fcberflutung als wir<br \/>\n<\/span><span style=\"line-height: 1.5;\">am Abend unser Camp am Flu\u00df aufschlagen. Zu Essen<br \/>\n<\/span><span style=\"line-height: 1.5;\">brauchen wir heute nichts &#8211; wir haben uns \u201esattgesehen\u201c.<\/span><\/p>\n","protected":false},"excerpt":{"rendered":"<p>Von La Paz aus wollten wir auf den Cerro Chacaltaya, und damit unseren ersten 5.000 er besteigen. Leider war der Wetter-Inka heute nicht soooo gut gelaunt, denn es hatte viel Neuschnee und heftigen Sturm gehabt. (Obwohl in La Paz die Kirschbl\u00fcte ausgebrochen ist!) Also mussten wir auf halber Strecke wieder umkehren und uns ein tiefer [&hellip;]<\/p>\n","protected":false},"author":1,"featured_media":0,"comment_status":"open","ping_status":"open","sticky":false,"template":"","format":"gallery","meta":{"spay_email":"","jetpack_publicize_message":"","jetpack_is_tweetstorm":false,"jetpack_publicize_feature_enabled":true},"categories":[1],"tags":[],"jetpack_featured_media_url":"","jetpack_publicize_connections":[],"jetpack_sharing_enabled":true,"jetpack_shortlink":"https:\/\/wp.me\/p6huce-nl","jetpack-related-posts":[{"id":1411,"url":"http:\/\/my-alps.de\/?p=1411","url_meta":{"origin":1447,"position":0},"title":"\u00fcber Cochabamba weiter nach La Paz (Teil 2)","date":"27. Juli 2014","format":"gallery","excerpt":"Von Sucre fahren wir durch die wilde und bergige Altiplanolandschaft.\u00a0Es geht durch kleine D\u00f6rfer und in den Flusst\u00e4lern werden Bananen\u00a0und Papayas angebaut. Anfangs ist die Stra\u00dfe noch asphaltiert, doch\u00a0dann sind wir wieder auf einer staubigen Piste. Der puderfeine Staub\u00a0legt sich wie ein Nebelschleier \u00fcber die Landschaft und alles was am\u00a0Stra\u00dfenrand\u2026","rel":"","context":"In &quot;News&quot;","img":{"alt_text":"","src":"https:\/\/i0.wp.com\/my-alps.de\/wp-content\/uploads\/2014\/07\/rauf-und-runter-ce4.jpg?resize=350%2C200","width":350,"height":200},"classes":[]},{"id":1327,"url":"http:\/\/my-alps.de\/?p=1327","url_meta":{"origin":1447,"position":1},"title":"Tatio Geysire","date":"17. Juli 2014","format":"gallery","excerpt":"Es geht wieder hoch hinauf - \u00a0zu den Tatio Geysiren. Das Geysirfeld,\u2028liegt in 4.300 Meter H\u00f6he, und wir kommen am sp\u00e4ten Nachmittag\u2028dort an. \u00dcberall h\u00e4ngen Dampfschwaden in der Luft und es weht\u2028ein heftiger und eisiger Wind. Wir spazieren zwischen den kleinen\u2028\u201eMinivulkanen\u201c herum und baden in einem salzhaltigem Thermalbecken. Am n\u00e4chsten\u2026","rel":"","context":"In &quot;News&quot;","img":{"alt_text":"","src":"","width":0,"height":0},"classes":[]},{"id":1441,"url":"http:\/\/my-alps.de\/?p=1441","url_meta":{"origin":1447,"position":2},"title":"Die Welt? &#8211; ist ein Dorf!","date":"1. August 2014","format":"gallery","excerpt":"Auf dem Parkplatz des Hotels, das etwas ausserhalb liegt, herrscht ein reges Kommen und Gehen. Die einen reisen in den S\u00fcden weiter, die anderen, wie wir, fahren Richtung Norden. Tja, und dann tritt das ein, was\u00a0kaum zu glauben ist: Ein Bamberger Paar, Viola und Bernd, parken direkt hinter uns ein!\u2026","rel":"","context":"In &quot;News&quot;","img":{"alt_text":"","src":"https:\/\/i0.wp.com\/my-alps.de\/wp-content\/uploads\/2014\/08\/Overlander-Treffen-in-La-Paz-ce4.jpg?resize=350%2C200","width":350,"height":200},"classes":[]},{"id":1331,"url":"http:\/\/my-alps.de\/?p=1331","url_meta":{"origin":1447,"position":3},"title":"Lagunenroute in Bolivien &#8211; Teil 1","date":"17. Juli 2014","format":"gallery","excerpt":"San Pedro de Atacama in Chile ist der ideale Ausgangspunkt um von dort aus die legend\u00e4re im Boliviens zu befahren. Es geht von der W\u00fcstenoase zur\u00fcck Richtung Paso Jama, von 2.400 Meter auf 4.500 Meter hinauf. Schnurgerade, bis auf wenige Kurven, zieht sich die Stra\u00dfe auf fast 30 Kilometer bergauf.\u2026","rel":"","context":"In &quot;News&quot;","img":{"alt_text":"","src":"https:\/\/i0.wp.com\/my-alps.de\/wp-content\/uploads\/2014\/07\/alt-5015hm.jpg?resize=350%2C200","width":350,"height":200},"classes":[]},{"id":1390,"url":"http:\/\/my-alps.de\/?p=1390","url_meta":{"origin":1447,"position":4},"title":"von Uyuni nach Cochabamba (Teil 1)","date":"24. Juli 2014","format":"gallery","excerpt":"Unsere Route durch Bolivien f\u00fchrt uns von Uyuni \u00fcber Potosi und Sucre weiter nach Cochabamba. Die Strecke f\u00fchrt durch\u2019s bolivianische Altiplano. Das Altiplano liegt eingebettet zwischen den westlichen und den \u00f6stlichen Kordilleren. Hier ist die \u201eBesiedlungsdichte\u201c am gr\u00f6ssten und mit Potosi und Sucre liegen zwei grosse St\u00e4dte auf unserem Weg.\u2026","rel":"","context":"In &quot;News&quot;","img":{"alt_text":"","src":"https:\/\/i0.wp.com\/my-alps.de\/wp-content\/uploads\/2014\/07\/hilft-bestimmt-ce4.jpg?resize=350%2C200","width":350,"height":200},"classes":[]},{"id":1578,"url":"http:\/\/my-alps.de\/?p=1578","url_meta":{"origin":1447,"position":5},"title":"unsere pers\u00f6nliche Traumstra\u00dfe in Peru","date":"9. September 2014","format":"gallery","excerpt":"\"eigentlich\" wollten wir gar nicht nach Cajamarca fahren, doch nur die Panamerikana an der verm\u00fcllten K\u00fcste in Peru, zwischen verr\u00fcckten Taxifahren und selbstm\u00f6rderischen LKW's abzuhaken war uns dann doch zu langweilig. Gl\u00fcck gehabt! So sind wir nach unserem Besuch der Lehmziegelstadt \"Chan-Chan\" nur ein kleines St\u00fcck nach Norden hoch und\u2026","rel":"","context":"In &quot;News&quot;","img":{"alt_text":"","src":"https:\/\/i0.wp.com\/my-alps.de\/wp-content\/uploads\/2014\/09\/steile-Felder-ce4-HD.jpg?resize=350%2C200","width":350,"height":200},"classes":[]}],"_links":{"self":[{"href":"http:\/\/my-alps.de\/index.php?rest_route=\/wp\/v2\/posts\/1447"}],"collection":[{"href":"http:\/\/my-alps.de\/index.php?rest_route=\/wp\/v2\/posts"}],"about":[{"href":"http:\/\/my-alps.de\/index.php?rest_route=\/wp\/v2\/types\/post"}],"author":[{"embeddable":true,"href":"http:\/\/my-alps.de\/index.php?rest_route=\/wp\/v2\/users\/1"}],"replies":[{"embeddable":true,"href":"http:\/\/my-alps.de\/index.php?rest_route=%2Fwp%2Fv2%2Fcomments&post=1447"}],"version-history":[{"count":4,"href":"http:\/\/my-alps.de\/index.php?rest_route=\/wp\/v2\/posts\/1447\/revisions"}],"predecessor-version":[{"id":1457,"href":"http:\/\/my-alps.de\/index.php?rest_route=\/wp\/v2\/posts\/1447\/revisions\/1457"}],"wp:attachment":[{"href":"http:\/\/my-alps.de\/index.php?rest_route=%2Fwp%2Fv2%2Fmedia&parent=1447"}],"wp:term":[{"taxonomy":"category","embeddable":true,"href":"http:\/\/my-alps.de\/index.php?rest_route=%2Fwp%2Fv2%2Fcategories&post=1447"},{"taxonomy":"post_tag","embeddable":true,"href":"http:\/\/my-alps.de\/index.php?rest_route=%2Fwp%2Fv2%2Ftags&post=1447"}],"curies":[{"name":"wp","href":"https:\/\/api.w.org\/{rel}","templated":true}]}}