{"id":1441,"date":"2014-08-01T03:41:33","date_gmt":"2014-08-01T01:41:33","guid":{"rendered":"http:\/\/my-alps.de\/?p=1441"},"modified":"2014-08-01T03:46:49","modified_gmt":"2014-08-01T01:46:49","slug":"die-welt-ist-ein-dorf","status":"publish","type":"post","link":"http:\/\/my-alps.de\/?p=1441","title":{"rendered":"Die Welt? &#8211; ist ein Dorf!"},"content":{"rendered":"<p>Auf dem Parkplatz des Hotels, das etwas ausserhalb liegt, herrscht ein reges Kommen und Gehen. Die einen reisen in den S\u00fcden weiter, die anderen, wie wir, fahren Richtung Norden.<\/p>\n<p>Tja, und dann tritt das ein, was\u00a0kaum zu glauben ist:<\/p>\n<p>Ein Bamberger Paar, Viola und Bernd, parken direkt hinter uns ein!<br \/>\nIhr schicker Toyota und unser Bimobil &#8211; beide mit BA &#8211; kaum zu glauben. Die beiden kommen die Panamericana von Nord nach S\u00fcd und wir fahren die PANAM von S\u00fcd nach Nord. Und dann treffen wir uns im Hinterhof eins Hotels in La Paz &#8211; nahezu unglaublich.<\/p>\n<div id=\"attachment_1444\" style=\"width: 1034px\" class=\"wp-caption aligncenter\"><a href=\"https:\/\/i0.wp.com\/my-alps.de\/wp-content\/uploads\/2014\/08\/Overlander-Treffen-in-La-Paz-ce4.jpg\"><img aria-describedby=\"caption-attachment-1444\" data-attachment-id=\"1444\" data-permalink=\"http:\/\/my-alps.de\/?attachment_id=1444\" data-orig-file=\"https:\/\/i0.wp.com\/my-alps.de\/wp-content\/uploads\/2014\/08\/Overlander-Treffen-in-La-Paz-ce4.jpg?fit=1024%2C683\" data-orig-size=\"1024,683\" data-comments-opened=\"1\" data-image-meta=\"{&quot;aperture&quot;:&quot;5.6&quot;,&quot;credit&quot;:&quot;&quot;,&quot;camera&quot;:&quot;DSC-RX100&quot;,&quot;caption&quot;:&quot;&quot;,&quot;created_timestamp&quot;:&quot;1406714799&quot;,&quot;copyright&quot;:&quot;&quot;,&quot;focal_length&quot;:&quot;10.4&quot;,&quot;iso&quot;:&quot;125&quot;,&quot;shutter_speed&quot;:&quot;0.004&quot;,&quot;title&quot;:&quot;&quot;}\" data-image-title=\"Overlander Treffen in La Paz-ce4\" data-image-description=\"&lt;p&gt;Overlander Treffen in La Paz&lt;\/p&gt;\n\" data-image-caption=\"&lt;p&gt;Overlander Treffen in La Paz&lt;\/p&gt;\n\" data-medium-file=\"https:\/\/i0.wp.com\/my-alps.de\/wp-content\/uploads\/2014\/08\/Overlander-Treffen-in-La-Paz-ce4.jpg?fit=300%2C200\" data-large-file=\"https:\/\/i0.wp.com\/my-alps.de\/wp-content\/uploads\/2014\/08\/Overlander-Treffen-in-La-Paz-ce4.jpg?fit=625%2C417\" loading=\"lazy\" class=\"size-full wp-image-1444\" alt=\"Overlander Treffen in La Paz\" src=\"https:\/\/i0.wp.com\/my-alps.de\/wp-content\/uploads\/2014\/08\/Overlander-Treffen-in-La-Paz-ce4.jpg?resize=625%2C417\" width=\"625\" height=\"417\" srcset=\"https:\/\/i0.wp.com\/my-alps.de\/wp-content\/uploads\/2014\/08\/Overlander-Treffen-in-La-Paz-ce4.jpg?w=1024 1024w, https:\/\/i0.wp.com\/my-alps.de\/wp-content\/uploads\/2014\/08\/Overlander-Treffen-in-La-Paz-ce4.jpg?resize=300%2C200 300w\" sizes=\"(max-width: 625px) 100vw, 625px\" data-recalc-dims=\"1\" \/><\/a><p id=\"caption-attachment-1444\" class=\"wp-caption-text\">Overlander Treffen in La Paz<\/p><\/div>\n","protected":false},"excerpt":{"rendered":"<p>Auf dem Parkplatz des Hotels, das etwas ausserhalb liegt, herrscht ein reges Kommen und Gehen. Die einen reisen in den S\u00fcden weiter, die anderen, wie wir, fahren Richtung Norden. Tja, und dann tritt das ein, was\u00a0kaum zu glauben ist: Ein Bamberger Paar, Viola und Bernd, parken direkt hinter uns ein! Ihr schicker Toyota und unser [&hellip;]<\/p>\n","protected":false},"author":1,"featured_media":0,"comment_status":"open","ping_status":"open","sticky":false,"template":"","format":"gallery","meta":{"spay_email":"","jetpack_publicize_message":"","jetpack_is_tweetstorm":false,"jetpack_publicize_feature_enabled":true},"categories":[1],"tags":[],"jetpack_featured_media_url":"","jetpack_publicize_connections":[],"jetpack_sharing_enabled":true,"jetpack_shortlink":"https:\/\/wp.me\/p6huce-nf","jetpack-related-posts":[{"id":1411,"url":"http:\/\/my-alps.de\/?p=1411","url_meta":{"origin":1441,"position":0},"title":"\u00fcber Cochabamba weiter nach La Paz (Teil 2)","date":"27. Juli 2014","format":"gallery","excerpt":"Von Sucre fahren wir durch die wilde und bergige Altiplanolandschaft.\u00a0Es geht durch kleine D\u00f6rfer und in den Flusst\u00e4lern werden Bananen\u00a0und Papayas angebaut. Anfangs ist die Stra\u00dfe noch asphaltiert, doch\u00a0dann sind wir wieder auf einer staubigen Piste. Der puderfeine Staub\u00a0legt sich wie ein Nebelschleier \u00fcber die Landschaft und alles was am\u00a0Stra\u00dfenrand\u2026","rel":"","context":"In &quot;News&quot;","img":{"alt_text":"","src":"https:\/\/i0.wp.com\/my-alps.de\/wp-content\/uploads\/2014\/07\/rauf-und-runter-ce4.jpg?resize=350%2C200","width":350,"height":200},"classes":[]},{"id":1373,"url":"http:\/\/my-alps.de\/?p=1373","url_meta":{"origin":1441,"position":1},"title":"Salar de Uyuni &#8211; der gr\u00f6sste Salzsee der Welt","date":"24. Juli 2014","format":"gallery","excerpt":"Unsere Fahrt f\u00fchrt uns in die erste Stadt in Bolivien - Uyuni. Uyuni ist der ideale Ausgangsort um auf den gr\u00f6ssten Salzsee der Welt zu fahren. Als wir in der Uyuni ankommen geraten wir mitten\u00a0in den Trubel eines Stadtfestes. \u00dcberall Frauen in ihrer indianischen\u00a0Tracht, mit den ausladenden R\u00f6cken, den typischen\u2026","rel":"","context":"In &quot;News&quot;","img":{"alt_text":"","src":"https:\/\/i0.wp.com\/my-alps.de\/wp-content\/uploads\/2014\/07\/passt-doch.jpg?resize=350%2C200","width":350,"height":200},"classes":[]},{"id":1614,"url":"http:\/\/my-alps.de\/?p=1614","url_meta":{"origin":1441,"position":2},"title":"Ecuador &#8211; entschleunigt leben","date":"17. September 2014","format":"gallery","excerpt":"Mittlerweile sitzen wir wieder mal an der K\u00fcste des Pazifiks und schauen auf das graue und endlose Meer hinaus. Etwa 500 Meter von uns entfernt tummeln sich ein paar Wale, machen sch\u00f6ne \"Bauchpflatscher\" oder schlagen mit ihren Schwanzflossen auf's Wasser. Pelikane und Fregattv\u00f6gel lassen sich vom Aufwind an der Steilk\u00fcste\u2026","rel":"","context":"In &quot;News&quot;","img":{"alt_text":"","src":"https:\/\/i0.wp.com\/my-alps.de\/wp-content\/uploads\/2014\/09\/wir-machen-auch-mal-Pause.jpg?resize=350%2C200","width":350,"height":200},"classes":[]},{"id":1033,"url":"http:\/\/my-alps.de\/?p=1033","url_meta":{"origin":1441,"position":3},"title":"Werkstatt &#8211; 911 &#8211; Wurzelbehandlung am Sto\u00dfd\u00e4mpfer","date":"24. April 2014","format":"gallery","excerpt":"Nach dem wir unser lang ersehntes Paket mit den Ersatzteilen in der Hauptpost Puerto Montt in Empfang genommen haben steht einem Werkstattaufenthalt nichts mehr im Weg. Erst mu\u00df ich allerdings noch das \u201eP\u00e4ckchen\u201c durch die halbe Stadt zum Parkplatz tragen. Ich f\u00fchle mich wie ein Lastesel und bin dann doch\u2026","rel":"","context":"In &quot;News&quot;","img":{"alt_text":"","src":"https:\/\/i0.wp.com\/my-alps.de\/wp-content\/uploads\/2014\/04\/zuerst-die-Scheibe.jpg?resize=350%2C200","width":350,"height":200},"classes":[]},{"id":1518,"url":"http:\/\/my-alps.de\/?p=1518","url_meta":{"origin":1441,"position":4},"title":"Ollanta schl\u00e4ft nicht mehr","date":"21. August 2014","format":"gallery","excerpt":"Ollanta, die Abk\u00fcrzung der Peruaner f\u00fcr Ollantaytambo, ist der Ort, von dem die meisten Touristen zur letzten Etappe nach Machupicchu starten. Hier gehen ab fr\u00fch um 5 Uhr die ersten Z\u00fcge, und abends um 24 Uhr kommen die letzten wieder an. Man kann zwar auch direkt ab Cusco mit dem\u2026","rel":"","context":"In &quot;News&quot;","img":{"alt_text":"","src":"https:\/\/i0.wp.com\/my-alps.de\/wp-content\/uploads\/2014\/08\/Perurail.jpg?resize=350%2C200","width":350,"height":200},"classes":[]},{"id":1301,"url":"http:\/\/my-alps.de\/?p=1301","url_meta":{"origin":1441,"position":5},"title":"immer weiter &#8211; immer an den Anden entlang &#8211; Folge 1+2","date":"30. Juni 2014","format":"gallery","excerpt":"\u2026..\u00fcber die Ruta 40. \u00dcberblick f\u00fcr die folgenden Blogbeitr\u00e4ge bis zur Grenze nach Chile! Folge 1: DIE Stra\u00dfe in Argentinien von Norden nach S\u00fcden, oder umgekehrt. Einsame Schotterpisten, ab und zu mal ein kleiner Ort und Staub - Staub und nochmals Staub. So gelangen wir aus den Nationalparks nach Chilecito,\u2026","rel":"","context":"In &quot;News&quot;","img":{"alt_text":"","src":"","width":0,"height":0},"classes":[]}],"_links":{"self":[{"href":"http:\/\/my-alps.de\/index.php?rest_route=\/wp\/v2\/posts\/1441"}],"collection":[{"href":"http:\/\/my-alps.de\/index.php?rest_route=\/wp\/v2\/posts"}],"about":[{"href":"http:\/\/my-alps.de\/index.php?rest_route=\/wp\/v2\/types\/post"}],"author":[{"embeddable":true,"href":"http:\/\/my-alps.de\/index.php?rest_route=\/wp\/v2\/users\/1"}],"replies":[{"embeddable":true,"href":"http:\/\/my-alps.de\/index.php?rest_route=%2Fwp%2Fv2%2Fcomments&post=1441"}],"version-history":[{"count":3,"href":"http:\/\/my-alps.de\/index.php?rest_route=\/wp\/v2\/posts\/1441\/revisions"}],"predecessor-version":[{"id":1445,"href":"http:\/\/my-alps.de\/index.php?rest_route=\/wp\/v2\/posts\/1441\/revisions\/1445"}],"wp:attachment":[{"href":"http:\/\/my-alps.de\/index.php?rest_route=%2Fwp%2Fv2%2Fmedia&parent=1441"}],"wp:term":[{"taxonomy":"category","embeddable":true,"href":"http:\/\/my-alps.de\/index.php?rest_route=%2Fwp%2Fv2%2Fcategories&post=1441"},{"taxonomy":"post_tag","embeddable":true,"href":"http:\/\/my-alps.de\/index.php?rest_route=%2Fwp%2Fv2%2Ftags&post=1441"}],"curies":[{"name":"wp","href":"https:\/\/api.w.org\/{rel}","templated":true}]}}