{"id":1413,"date":"2014-07-27T22:07:22","date_gmt":"2014-07-27T20:07:22","guid":{"rendered":"http:\/\/my-alps.de\/?p=1413"},"modified":"2014-08-01T03:32:34","modified_gmt":"2014-08-01T01:32:34","slug":"la-paz-dem-himmel-ganz-nah","status":"publish","type":"post","link":"http:\/\/my-alps.de\/?p=1413","title":{"rendered":"La Paz &#8211; dem Himmel ganz nah!"},"content":{"rendered":"<p>Ein Bild sagt mehr als 1.000 Worte &#8211; oder?<\/p>\n<p><!--more--><\/p>\n<div id=\"attachment_1427\" style=\"width: 1034px\" class=\"wp-caption aligncenter\"><a href=\"https:\/\/i0.wp.com\/my-alps.de\/wp-content\/uploads\/2014\/07\/El-Alto-und-La-Paz.jpg\"><img aria-describedby=\"caption-attachment-1427\" data-attachment-id=\"1427\" data-permalink=\"http:\/\/my-alps.de\/?attachment_id=1427\" data-orig-file=\"https:\/\/i0.wp.com\/my-alps.de\/wp-content\/uploads\/2014\/07\/El-Alto-und-La-Paz.jpg?fit=1024%2C683\" data-orig-size=\"1024,683\" data-comments-opened=\"1\" data-image-meta=\"{&quot;aperture&quot;:&quot;11&quot;,&quot;credit&quot;:&quot;&quot;,&quot;camera&quot;:&quot;NEX-7&quot;,&quot;caption&quot;:&quot;&quot;,&quot;created_timestamp&quot;:&quot;1406289363&quot;,&quot;copyright&quot;:&quot;&quot;,&quot;focal_length&quot;:&quot;18&quot;,&quot;iso&quot;:&quot;100&quot;,&quot;shutter_speed&quot;:&quot;0.01&quot;,&quot;title&quot;:&quot;&quot;}\" data-image-title=\"El Alto und La Paz\" data-image-description=\"&lt;p&gt;El Alto und La Paz&lt;\/p&gt;\n\" data-image-caption=\"&lt;p&gt;El Alto und La Paz&lt;\/p&gt;\n\" data-medium-file=\"https:\/\/i0.wp.com\/my-alps.de\/wp-content\/uploads\/2014\/07\/El-Alto-und-La-Paz.jpg?fit=300%2C200\" data-large-file=\"https:\/\/i0.wp.com\/my-alps.de\/wp-content\/uploads\/2014\/07\/El-Alto-und-La-Paz.jpg?fit=625%2C417\" loading=\"lazy\" class=\"size-full wp-image-1427\" alt=\"El Alto und La Paz\" src=\"https:\/\/i0.wp.com\/my-alps.de\/wp-content\/uploads\/2014\/07\/El-Alto-und-La-Paz.jpg?resize=625%2C417\" width=\"625\" height=\"417\" srcset=\"https:\/\/i0.wp.com\/my-alps.de\/wp-content\/uploads\/2014\/07\/El-Alto-und-La-Paz.jpg?w=1024 1024w, https:\/\/i0.wp.com\/my-alps.de\/wp-content\/uploads\/2014\/07\/El-Alto-und-La-Paz.jpg?resize=300%2C200 300w\" sizes=\"(max-width: 625px) 100vw, 625px\" data-recalc-dims=\"1\" \/><\/a><p id=\"caption-attachment-1427\" class=\"wp-caption-text\">El Alto und La Paz<\/p><\/div>\n<p>Ok &#8211; die Aussicht aus der (neuen) Seilbahn von La Paz<br \/>\nhinauf\u00a0nach El Alto (4.000 und ein paar zerquetschte Hm)<br \/>\nist einfach grandios. Bis zum Horizont zieht sich die Bebauung<br \/>\nan den Steilh\u00e4ngen hoch. Die Stra\u00dfen sind &#8211; gelinde gesagt &#8211;<br \/>\nnur etwas f\u00fcr Steilwandfahrer und die Smogwolken, die<br \/>\nauf dieser H\u00f6he von den alten Bussen und LKW&#8217;s ausgestossen werden, sind ebenso atemberaubend wie die H\u00f6he.<\/p>\n<p>Die Ver- und Entsorgung in dieser Stadt gleicht einer logistischen<br \/>\nMeisterleistung, wenn sie \u00fcberhaupt funktionieren.<br \/>\nDie Rinnsale der\u00a0<span style=\"line-height: 1.5;\">(\u00fcbrig gebliebenen) Fl\u00fcsse sind<br \/>\nschaumig und graubraun.<\/span><br \/>\nDer Verkehr ist st\u00e4ndig am zusammenbrechen.<\/p>\n<p>Am Tag ist es hei\u00df und Nachts bitterkalt &#8211; aber die Stadt ist einfach:<br \/>\n\u00dcBERW\u00c4LTIGEND und ATEMBERAUBEND<\/p>\n<p>Wir haben unser Camp im Hof des Hotel &#8222;Oberland&#8220;, das einem Schweizer geh\u00f6rt aufgeschlagen und treffen dort viele Reisende.<br \/>\nAustausch von Stellpl\u00e4tzen, Koordinaten und Tips f\u00fcr die weitere Reise werden ausgetauscht.<br \/>\nDazwischen erkunden wir die Stadt und sammeln Eindr\u00fccke.<\/p>\n<div id=\"attachment_1439\" style=\"width: 1034px\" class=\"wp-caption aligncenter\"><a href=\"https:\/\/i0.wp.com\/my-alps.de\/wp-content\/uploads\/2014\/07\/Promorales-I-ce4.jpg\"><img aria-describedby=\"caption-attachment-1439\" data-attachment-id=\"1439\" data-permalink=\"http:\/\/my-alps.de\/?attachment_id=1439\" data-orig-file=\"https:\/\/i0.wp.com\/my-alps.de\/wp-content\/uploads\/2014\/07\/Promorales-I-ce4.jpg?fit=1024%2C907\" data-orig-size=\"1024,907\" data-comments-opened=\"1\" data-image-meta=\"{&quot;aperture&quot;:&quot;7.1&quot;,&quot;credit&quot;:&quot;&quot;,&quot;camera&quot;:&quot;NEX-7&quot;,&quot;caption&quot;:&quot;&quot;,&quot;created_timestamp&quot;:&quot;1406292489&quot;,&quot;copyright&quot;:&quot;&quot;,&quot;focal_length&quot;:&quot;98.5&quot;,&quot;iso&quot;:&quot;100&quot;,&quot;shutter_speed&quot;:&quot;0.005&quot;,&quot;title&quot;:&quot;&quot;}\" data-image-title=\"Promorales-I-ce4\" data-image-description=\"&lt;p&gt;Promorales-I&lt;\/p&gt;\n\" data-image-caption=\"&lt;p&gt;Promorales-I&lt;\/p&gt;\n\" data-medium-file=\"https:\/\/i0.wp.com\/my-alps.de\/wp-content\/uploads\/2014\/07\/Promorales-I-ce4.jpg?fit=300%2C265\" data-large-file=\"https:\/\/i0.wp.com\/my-alps.de\/wp-content\/uploads\/2014\/07\/Promorales-I-ce4.jpg?fit=625%2C554\" loading=\"lazy\" class=\"size-full wp-image-1439\" alt=\"Promorales-I\" src=\"https:\/\/i0.wp.com\/my-alps.de\/wp-content\/uploads\/2014\/07\/Promorales-I-ce4.jpg?resize=625%2C554\" width=\"625\" height=\"554\" srcset=\"https:\/\/i0.wp.com\/my-alps.de\/wp-content\/uploads\/2014\/07\/Promorales-I-ce4.jpg?w=1024 1024w, https:\/\/i0.wp.com\/my-alps.de\/wp-content\/uploads\/2014\/07\/Promorales-I-ce4.jpg?resize=300%2C265 300w\" sizes=\"(max-width: 625px) 100vw, 625px\" data-recalc-dims=\"1\" \/><\/a><p id=\"caption-attachment-1439\" class=\"wp-caption-text\">Promorales-I<\/p><\/div>\n<p>In Bolivien stehen Wahlen an, und der Pr\u00e4sident weiht ein Projekt nach dem anderen ein. Auf den Stra\u00dfen sieht man viele Gruppen die durch die Stra\u00dfen ziehen und Plakate und Spruchb\u00e4nder schwenken. Das dadurch der Verkehr erst recht total zusammenbricht &#8211; st\u00f6rt hier niemanden.<\/p>\n","protected":false},"excerpt":{"rendered":"<p>Ein Bild sagt mehr als 1.000 Worte &#8211; oder?<\/p>\n","protected":false},"author":1,"featured_media":0,"comment_status":"open","ping_status":"open","sticky":false,"template":"","format":"gallery","meta":{"spay_email":"","jetpack_publicize_message":"","jetpack_is_tweetstorm":false,"jetpack_publicize_feature_enabled":true},"categories":[1],"tags":[15,19],"jetpack_featured_media_url":"","jetpack_publicize_connections":[],"jetpack_sharing_enabled":true,"jetpack_shortlink":"https:\/\/wp.me\/p6huce-mN","jetpack-related-posts":[{"id":1411,"url":"http:\/\/my-alps.de\/?p=1411","url_meta":{"origin":1413,"position":0},"title":"\u00fcber Cochabamba weiter nach La Paz (Teil 2)","date":"27. Juli 2014","format":"gallery","excerpt":"Von Sucre fahren wir durch die wilde und bergige Altiplanolandschaft.\u00a0Es geht durch kleine D\u00f6rfer und in den Flusst\u00e4lern werden Bananen\u00a0und Papayas angebaut. Anfangs ist die Stra\u00dfe noch asphaltiert, doch\u00a0dann sind wir wieder auf einer staubigen Piste. Der puderfeine Staub\u00a0legt sich wie ein Nebelschleier \u00fcber die Landschaft und alles was am\u00a0Stra\u00dfenrand\u2026","rel":"","context":"In &quot;News&quot;","img":{"alt_text":"","src":"https:\/\/i0.wp.com\/my-alps.de\/wp-content\/uploads\/2014\/07\/rauf-und-runter-ce4.jpg?resize=350%2C200","width":350,"height":200},"classes":[]},{"id":1467,"url":"http:\/\/my-alps.de\/?p=1467","url_meta":{"origin":1413,"position":1},"title":"Autofahren in Bolivien &#8211; es braucht nicht viel um verr\u00fcckt zu werden","date":"7. August 2014","format":"gallery","excerpt":"Wir sind jetzt einen ganzen Monat kreuz und quer durch den bolivianischen Altiplano gefahren, haben dabei grosse Salzseen \u00fcberquert, sind \u00fcber 5.000 m hoch hinauf gekommen, mussten durch Fl\u00fcsse fahren, durch Steppen und \u00fcber Wellblechpisten. Alles kein Problem. Wenn da nicht der Verkehr auf den Hauptstra\u00dfen und in La Paz\u2026","rel":"","context":"In &quot;News&quot;","img":{"alt_text":"","src":"https:\/\/i0.wp.com\/my-alps.de\/wp-content\/uploads\/2014\/08\/Innenstadt-La-Paz-ce4.jpg?resize=350%2C200","width":350,"height":200},"classes":[]},{"id":1447,"url":"http:\/\/my-alps.de\/?p=1447","url_meta":{"origin":1413,"position":2},"title":"Sorata, das kleine Tibet in Bolivien","date":"7. August 2014","format":"gallery","excerpt":"Von La Paz aus wollten wir auf den Cerro Chacaltaya, und damit unseren ersten 5.000 er besteigen. Leider war der Wetter-Inka heute nicht soooo gut gelaunt, denn es hatte viel Neuschnee und heftigen Sturm gehabt. (Obwohl in La Paz die Kirschbl\u00fcte ausgebrochen ist!) Also mussten wir auf halber Strecke wieder\u2026","rel":"","context":"In &quot;News&quot;","img":{"alt_text":"","src":"https:\/\/i0.wp.com\/my-alps.de\/wp-content\/uploads\/2014\/08\/Valle-Sorata-I-ce4-define.jpg?resize=350%2C200","width":350,"height":200},"classes":[]},{"id":1390,"url":"http:\/\/my-alps.de\/?p=1390","url_meta":{"origin":1413,"position":3},"title":"von Uyuni nach Cochabamba (Teil 1)","date":"24. Juli 2014","format":"gallery","excerpt":"Unsere Route durch Bolivien f\u00fchrt uns von Uyuni \u00fcber Potosi und Sucre weiter nach Cochabamba. Die Strecke f\u00fchrt durch\u2019s bolivianische Altiplano. Das Altiplano liegt eingebettet zwischen den westlichen und den \u00f6stlichen Kordilleren. Hier ist die \u201eBesiedlungsdichte\u201c am gr\u00f6ssten und mit Potosi und Sucre liegen zwei grosse St\u00e4dte auf unserem Weg.\u2026","rel":"","context":"In &quot;News&quot;","img":{"alt_text":"","src":"https:\/\/i0.wp.com\/my-alps.de\/wp-content\/uploads\/2014\/07\/hilft-bestimmt-ce4.jpg?resize=350%2C200","width":350,"height":200},"classes":[]},{"id":1327,"url":"http:\/\/my-alps.de\/?p=1327","url_meta":{"origin":1413,"position":4},"title":"Tatio Geysire","date":"17. Juli 2014","format":"gallery","excerpt":"Es geht wieder hoch hinauf - \u00a0zu den Tatio Geysiren. Das Geysirfeld,\u2028liegt in 4.300 Meter H\u00f6he, und wir kommen am sp\u00e4ten Nachmittag\u2028dort an. \u00dcberall h\u00e4ngen Dampfschwaden in der Luft und es weht\u2028ein heftiger und eisiger Wind. Wir spazieren zwischen den kleinen\u2028\u201eMinivulkanen\u201c herum und baden in einem salzhaltigem Thermalbecken. Am n\u00e4chsten\u2026","rel":"","context":"In &quot;News&quot;","img":{"alt_text":"","src":"","width":0,"height":0},"classes":[]},{"id":1304,"url":"http:\/\/my-alps.de\/?p=1304","url_meta":{"origin":1413,"position":5},"title":"Chilecito, Hualko, Amaicha und Tafi del Valles","date":"30. Juni 2014","format":"gallery","excerpt":"Chronologisch unserer Reiseroute ging es nach dem NP Talampaya in Richtung Chilecito. Da die Ruta 40 zur dieser Zeit \u00fcber die\u00a0\u201eCuesta de Miranda\u201c gesperrt war, mussten wir einen \u201ekleinen\u201c\u00a0Umweg von ca. 250 Kilometer machen. Die Fahrt ging zur\u00fcck \u00fcber die Ruta 76 bis nach Pataguia und dann die Ruta 74\u2026","rel":"","context":"In &quot;News&quot;","img":{"alt_text":"","src":"https:\/\/i0.wp.com\/my-alps.de\/wp-content\/uploads\/2014\/06\/DSC03910.jpg?resize=350%2C200","width":350,"height":200},"classes":[]}],"_links":{"self":[{"href":"http:\/\/my-alps.de\/index.php?rest_route=\/wp\/v2\/posts\/1413"}],"collection":[{"href":"http:\/\/my-alps.de\/index.php?rest_route=\/wp\/v2\/posts"}],"about":[{"href":"http:\/\/my-alps.de\/index.php?rest_route=\/wp\/v2\/types\/post"}],"author":[{"embeddable":true,"href":"http:\/\/my-alps.de\/index.php?rest_route=\/wp\/v2\/users\/1"}],"replies":[{"embeddable":true,"href":"http:\/\/my-alps.de\/index.php?rest_route=%2Fwp%2Fv2%2Fcomments&post=1413"}],"version-history":[{"count":8,"href":"http:\/\/my-alps.de\/index.php?rest_route=\/wp\/v2\/posts\/1413\/revisions"}],"predecessor-version":[{"id":1440,"href":"http:\/\/my-alps.de\/index.php?rest_route=\/wp\/v2\/posts\/1413\/revisions\/1440"}],"wp:attachment":[{"href":"http:\/\/my-alps.de\/index.php?rest_route=%2Fwp%2Fv2%2Fmedia&parent=1413"}],"wp:term":[{"taxonomy":"category","embeddable":true,"href":"http:\/\/my-alps.de\/index.php?rest_route=%2Fwp%2Fv2%2Fcategories&post=1413"},{"taxonomy":"post_tag","embeddable":true,"href":"http:\/\/my-alps.de\/index.php?rest_route=%2Fwp%2Fv2%2Ftags&post=1413"}],"curies":[{"name":"wp","href":"https:\/\/api.w.org\/{rel}","templated":true}]}}