{"id":1411,"date":"2014-07-27T22:06:27","date_gmt":"2014-07-27T20:06:27","guid":{"rendered":"http:\/\/my-alps.de\/?p=1411"},"modified":"2014-07-27T23:07:02","modified_gmt":"2014-07-27T21:07:02","slug":"nach-cochabamba-und-weiter-nach-la-paz-teil-2","status":"publish","type":"post","link":"http:\/\/my-alps.de\/?p=1411","title":{"rendered":"\u00fcber Cochabamba weiter nach La Paz (Teil 2)"},"content":{"rendered":"<p>Von Sucre fahren wir durch die wilde und bergige Altiplanolandschaft.\u00a0<span style=\"line-height: 1.5;\">Es geht durch kleine D\u00f6rfer und in den Flusst\u00e4lern werden Bananen\u00a0<\/span><span style=\"line-height: 1.5;\">und Papayas angebaut.<\/span><\/p>\n<div id=\"attachment_1426\" style=\"width: 1034px\" class=\"wp-caption aligncenter\"><a href=\"https:\/\/i0.wp.com\/my-alps.de\/wp-content\/uploads\/2014\/07\/Dorfstra\u00dfe-ce4.jpg\"><img aria-describedby=\"caption-attachment-1426\" data-attachment-id=\"1426\" data-permalink=\"http:\/\/my-alps.de\/?attachment_id=1426\" data-orig-file=\"https:\/\/i0.wp.com\/my-alps.de\/wp-content\/uploads\/2014\/07\/Dorfstra\u00dfe-ce4.jpg?fit=1024%2C683\" data-orig-size=\"1024,683\" data-comments-opened=\"1\" data-image-meta=\"{&quot;aperture&quot;:&quot;10&quot;,&quot;credit&quot;:&quot;&quot;,&quot;camera&quot;:&quot;NEX-7&quot;,&quot;caption&quot;:&quot;&quot;,&quot;created_timestamp&quot;:&quot;1405780626&quot;,&quot;copyright&quot;:&quot;&quot;,&quot;focal_length&quot;:&quot;79.4&quot;,&quot;iso&quot;:&quot;800&quot;,&quot;shutter_speed&quot;:&quot;0.0008&quot;,&quot;title&quot;:&quot;&quot;}\" data-image-title=\"Dorfstra\u00dfe-ce4\" data-image-description=\"&lt;p&gt;Dorfstra\u00dfe&lt;\/p&gt;\n\" data-image-caption=\"&lt;p&gt;Dorfstra\u00dfe&lt;\/p&gt;\n\" data-medium-file=\"https:\/\/i0.wp.com\/my-alps.de\/wp-content\/uploads\/2014\/07\/Dorfstra\u00dfe-ce4.jpg?fit=300%2C200\" data-large-file=\"https:\/\/i0.wp.com\/my-alps.de\/wp-content\/uploads\/2014\/07\/Dorfstra\u00dfe-ce4.jpg?fit=625%2C417\" loading=\"lazy\" class=\"size-full wp-image-1426\" alt=\"Dorfstra\u00dfe\" src=\"https:\/\/i0.wp.com\/my-alps.de\/wp-content\/uploads\/2014\/07\/Dorfstra\u00dfe-ce4.jpg?resize=625%2C417\" width=\"625\" height=\"417\" srcset=\"https:\/\/i0.wp.com\/my-alps.de\/wp-content\/uploads\/2014\/07\/Dorfstra\u00dfe-ce4.jpg?w=1024 1024w, https:\/\/i0.wp.com\/my-alps.de\/wp-content\/uploads\/2014\/07\/Dorfstra\u00dfe-ce4.jpg?resize=300%2C200 300w\" sizes=\"(max-width: 625px) 100vw, 625px\" data-recalc-dims=\"1\" \/><\/a><p id=\"caption-attachment-1426\" class=\"wp-caption-text\">Dorfstra\u00dfe<\/p><\/div>\n<p><span style=\"line-height: 1.5;\"><span style=\"line-height: 1.5;\">Anfangs ist die Stra\u00dfe noch asphaltiert, doch\u00a0<\/span><span style=\"line-height: 1.5;\">dann sind wir wieder auf einer staubigen Piste. Der puderfeine Staub\u00a0<\/span><span style=\"line-height: 1.5;\">legt sich wie ein Nebelschleier \u00fcber die Landschaft und alles was am\u00a0<\/span><span style=\"line-height: 1.5;\">Stra\u00dfenrand liegt wird mit einem fahlen Ockerfarbton \u00fcberzogen.<\/span><\/span><\/p>\n<p><!--more-->In Aquile, einer kleinen Stadt kaufen wir noch frisches Brot und<br \/>\nleckeren K\u00e4se ein. Das Brot hier in Bolivien ist um einiges schmackhafter\u00a0<span style=\"line-height: 1.5;\">als in der vergangenen Zeit.<\/span><\/p>\n<p>Dann biegen wir auf die Hochlandroute nach Cochabamba ab.<br \/>\nDie Stra\u00dfe ist ab hier gepflastert.<\/p>\n<div id=\"attachment_1420\" style=\"width: 1034px\" class=\"wp-caption aligncenter\"><a href=\"https:\/\/i0.wp.com\/my-alps.de\/wp-content\/uploads\/2014\/07\/120-km-Inkapflaster-ce41.jpg\"><img aria-describedby=\"caption-attachment-1420\" data-attachment-id=\"1420\" data-permalink=\"http:\/\/my-alps.de\/?attachment_id=1420\" data-orig-file=\"https:\/\/i0.wp.com\/my-alps.de\/wp-content\/uploads\/2014\/07\/120-km-Inkapflaster-ce41.jpg?fit=1024%2C683\" data-orig-size=\"1024,683\" data-comments-opened=\"1\" data-image-meta=\"{&quot;aperture&quot;:&quot;9.5&quot;,&quot;credit&quot;:&quot;&quot;,&quot;camera&quot;:&quot;SLT-A99V&quot;,&quot;caption&quot;:&quot;&quot;,&quot;created_timestamp&quot;:&quot;1405775409&quot;,&quot;copyright&quot;:&quot;&quot;,&quot;focal_length&quot;:&quot;24&quot;,&quot;iso&quot;:&quot;100&quot;,&quot;shutter_speed&quot;:&quot;0.004&quot;,&quot;title&quot;:&quot;&quot;}\" data-image-title=\"120 km Inkapflaster-ce4\" data-image-description=\"&lt;p&gt;120 km Inkapflaster&lt;\/p&gt;\n\" data-image-caption=\"&lt;p&gt;120 km Inkapflaster&lt;\/p&gt;\n\" data-medium-file=\"https:\/\/i0.wp.com\/my-alps.de\/wp-content\/uploads\/2014\/07\/120-km-Inkapflaster-ce41.jpg?fit=300%2C200\" data-large-file=\"https:\/\/i0.wp.com\/my-alps.de\/wp-content\/uploads\/2014\/07\/120-km-Inkapflaster-ce41.jpg?fit=625%2C417\" loading=\"lazy\" class=\"size-full wp-image-1420\" alt=\"120 km Inkapflaster\" src=\"https:\/\/i0.wp.com\/my-alps.de\/wp-content\/uploads\/2014\/07\/120-km-Inkapflaster-ce41.jpg?resize=625%2C417\" width=\"625\" height=\"417\" srcset=\"https:\/\/i0.wp.com\/my-alps.de\/wp-content\/uploads\/2014\/07\/120-km-Inkapflaster-ce41.jpg?w=1024 1024w, https:\/\/i0.wp.com\/my-alps.de\/wp-content\/uploads\/2014\/07\/120-km-Inkapflaster-ce41.jpg?resize=300%2C200 300w\" sizes=\"(max-width: 625px) 100vw, 625px\" data-recalc-dims=\"1\" \/><\/a><p id=\"caption-attachment-1420\" class=\"wp-caption-text\">120 km Inkapflaster<\/p><\/div>\n<p>Sch\u00f6nes, holperiges \u201eInkapflaster\u201c.<br \/>\n<span style=\"line-height: 1.5;\">Mit unserem neuen Reifen gleiten wir wie auf<br \/>\nSamtpfoten \u00fcber die\u00a0<\/span><span style=\"line-height: 1.5;\">R\u00fcttelpiste.<\/span><\/p>\n<p>An einer kleinen Br\u00fccke machen wir Halt und fahren auf einer Kiesbank\u00a0<span style=\"line-height: 1.5;\">im ausgetrockneten\u00a0<\/span>Flussbett<span style=\"line-height: 1.5;\">.\u00a0<\/span><span style=\"line-height: 1.5;\">Wir \u00fcbernachten zwischen Ziegen und einem\u00a0<\/span><span style=\"line-height: 1.5;\">herumstreunenden Wildschwein.<\/span><\/p>\n<div id=\"attachment_1403\" style=\"width: 1034px\" class=\"wp-caption aligncenter\"><a href=\"https:\/\/i0.wp.com\/my-alps.de\/wp-content\/uploads\/2014\/07\/Berge-und-nochmal-Berge-ce4.jpg\"><img aria-describedby=\"caption-attachment-1403\" data-attachment-id=\"1403\" data-permalink=\"http:\/\/my-alps.de\/?attachment_id=1403\" data-orig-file=\"https:\/\/i0.wp.com\/my-alps.de\/wp-content\/uploads\/2014\/07\/Berge-und-nochmal-Berge-ce4.jpg?fit=1024%2C683\" data-orig-size=\"1024,683\" data-comments-opened=\"1\" data-image-meta=\"{&quot;aperture&quot;:&quot;6.7&quot;,&quot;credit&quot;:&quot;&quot;,&quot;camera&quot;:&quot;SLT-A99V&quot;,&quot;caption&quot;:&quot;&quot;,&quot;created_timestamp&quot;:&quot;1405783522&quot;,&quot;copyright&quot;:&quot;&quot;,&quot;focal_length&quot;:&quot;200&quot;,&quot;iso&quot;:&quot;100&quot;,&quot;shutter_speed&quot;:&quot;0.0028571428571429&quot;,&quot;title&quot;:&quot;&quot;}\" data-image-title=\"Berge und nochmal Berge-ce4\" data-image-description=\"&lt;p&gt;Berge und nochmal Berge&lt;\/p&gt;\n\" data-image-caption=\"&lt;p&gt;Berge und nochmal Berge&lt;\/p&gt;\n\" data-medium-file=\"https:\/\/i0.wp.com\/my-alps.de\/wp-content\/uploads\/2014\/07\/Berge-und-nochmal-Berge-ce4.jpg?fit=300%2C200\" data-large-file=\"https:\/\/i0.wp.com\/my-alps.de\/wp-content\/uploads\/2014\/07\/Berge-und-nochmal-Berge-ce4.jpg?fit=625%2C417\" loading=\"lazy\" class=\"size-full wp-image-1403\" alt=\"Berge und nochmal Berge\" src=\"https:\/\/i0.wp.com\/my-alps.de\/wp-content\/uploads\/2014\/07\/Berge-und-nochmal-Berge-ce4.jpg?resize=625%2C417\" width=\"625\" height=\"417\" srcset=\"https:\/\/i0.wp.com\/my-alps.de\/wp-content\/uploads\/2014\/07\/Berge-und-nochmal-Berge-ce4.jpg?w=1024 1024w, https:\/\/i0.wp.com\/my-alps.de\/wp-content\/uploads\/2014\/07\/Berge-und-nochmal-Berge-ce4.jpg?resize=300%2C200 300w\" sizes=\"(max-width: 625px) 100vw, 625px\" data-recalc-dims=\"1\" \/><\/a><p id=\"caption-attachment-1403\" class=\"wp-caption-text\">Berge und nochmal Berge<\/p><\/div>\n<p>Am n\u00e4chsten Tag geht es weiter in stetigem Auf und Ab.<br \/>\nAuf der gepflasterten Stra\u00dfe herrscht wenig Verkehr und wir halten<br \/>\noft an um die Landschaft zu bestaunen. In den kleinen D\u00f6rfern,<br \/>\ndurch die wir kommen, winken uns die Menschen freundlich zu.<br \/>\nSie sind stolz darauf, das wir ihr Land bereisen und wir so einen<br \/>\nweiten Weg auf uns nehmen um Bolivien zu sehen.<\/p>\n<div id=\"attachment_1430\" style=\"width: 1034px\" class=\"wp-caption aligncenter\"><a href=\"https:\/\/i0.wp.com\/my-alps.de\/wp-content\/uploads\/2014\/07\/rauf-und-runter-ce4.jpg\"><img aria-describedby=\"caption-attachment-1430\" data-attachment-id=\"1430\" data-permalink=\"http:\/\/my-alps.de\/?attachment_id=1430\" data-orig-file=\"https:\/\/i0.wp.com\/my-alps.de\/wp-content\/uploads\/2014\/07\/rauf-und-runter-ce4.jpg?fit=1024%2C683\" data-orig-size=\"1024,683\" data-comments-opened=\"1\" data-image-meta=\"{&quot;aperture&quot;:&quot;11&quot;,&quot;credit&quot;:&quot;&quot;,&quot;camera&quot;:&quot;SLT-A99V&quot;,&quot;caption&quot;:&quot;&quot;,&quot;created_timestamp&quot;:&quot;1405777625&quot;,&quot;copyright&quot;:&quot;&quot;,&quot;focal_length&quot;:&quot;50&quot;,&quot;iso&quot;:&quot;100&quot;,&quot;shutter_speed&quot;:&quot;0.008&quot;,&quot;title&quot;:&quot;&quot;}\" data-image-title=\"rauf und runter-ce4\" data-image-description=\"&lt;p&gt;rauf und runter&lt;\/p&gt;\n\" data-image-caption=\"&lt;p&gt;rauf und runter&lt;\/p&gt;\n\" data-medium-file=\"https:\/\/i0.wp.com\/my-alps.de\/wp-content\/uploads\/2014\/07\/rauf-und-runter-ce4.jpg?fit=300%2C200\" data-large-file=\"https:\/\/i0.wp.com\/my-alps.de\/wp-content\/uploads\/2014\/07\/rauf-und-runter-ce4.jpg?fit=625%2C417\" loading=\"lazy\" class=\"size-full wp-image-1430\" alt=\"rauf und runter\" src=\"https:\/\/i0.wp.com\/my-alps.de\/wp-content\/uploads\/2014\/07\/rauf-und-runter-ce4.jpg?resize=625%2C417\" width=\"625\" height=\"417\" srcset=\"https:\/\/i0.wp.com\/my-alps.de\/wp-content\/uploads\/2014\/07\/rauf-und-runter-ce4.jpg?w=1024 1024w, https:\/\/i0.wp.com\/my-alps.de\/wp-content\/uploads\/2014\/07\/rauf-und-runter-ce4.jpg?resize=300%2C200 300w\" sizes=\"(max-width: 625px) 100vw, 625px\" data-recalc-dims=\"1\" \/><\/a><p id=\"caption-attachment-1430\" class=\"wp-caption-text\">rauf und runter<\/p><\/div>\n<p>In Epizana, einem kleinen Dorf, sto\u00dfen wir wieder auf die Haupt-<br \/>\nstra\u00dfe, die von Santa Cruz aus dem Tiefland nach Cochbamba f\u00fchrt.<\/p>\n<div id=\"attachment_1428\" style=\"width: 1034px\" class=\"wp-caption aligncenter\"><a href=\"https:\/\/i0.wp.com\/my-alps.de\/wp-content\/uploads\/2014\/07\/Hotel-Hilton-Epizana-ce4.jpg\"><img aria-describedby=\"caption-attachment-1428\" data-attachment-id=\"1428\" data-permalink=\"http:\/\/my-alps.de\/?attachment_id=1428\" data-orig-file=\"https:\/\/i0.wp.com\/my-alps.de\/wp-content\/uploads\/2014\/07\/Hotel-Hilton-Epizana-ce4.jpg?fit=1024%2C683\" data-orig-size=\"1024,683\" data-comments-opened=\"1\" data-image-meta=\"{&quot;aperture&quot;:&quot;9&quot;,&quot;credit&quot;:&quot;&quot;,&quot;camera&quot;:&quot;NEX-7&quot;,&quot;caption&quot;:&quot;&quot;,&quot;created_timestamp&quot;:&quot;1405783234&quot;,&quot;copyright&quot;:&quot;&quot;,&quot;focal_length&quot;:&quot;56.6&quot;,&quot;iso&quot;:&quot;800&quot;,&quot;shutter_speed&quot;:&quot;0.0008&quot;,&quot;title&quot;:&quot;&quot;}\" data-image-title=\"Hotel Hilton &#8211; Epizana-ce4\" data-image-description=\"&lt;p&gt;Hotel Hilton &#8211; Epizana&lt;\/p&gt;\n\" data-image-caption=\"&lt;p&gt;Hotel Hilton &#8211; Epizana&lt;\/p&gt;\n\" data-medium-file=\"https:\/\/i0.wp.com\/my-alps.de\/wp-content\/uploads\/2014\/07\/Hotel-Hilton-Epizana-ce4.jpg?fit=300%2C200\" data-large-file=\"https:\/\/i0.wp.com\/my-alps.de\/wp-content\/uploads\/2014\/07\/Hotel-Hilton-Epizana-ce4.jpg?fit=625%2C417\" loading=\"lazy\" class=\"size-full wp-image-1428\" alt=\"Hotel Hilton - Epizana\" src=\"https:\/\/i0.wp.com\/my-alps.de\/wp-content\/uploads\/2014\/07\/Hotel-Hilton-Epizana-ce4.jpg?resize=625%2C417\" width=\"625\" height=\"417\" srcset=\"https:\/\/i0.wp.com\/my-alps.de\/wp-content\/uploads\/2014\/07\/Hotel-Hilton-Epizana-ce4.jpg?w=1024 1024w, https:\/\/i0.wp.com\/my-alps.de\/wp-content\/uploads\/2014\/07\/Hotel-Hilton-Epizana-ce4.jpg?resize=300%2C200 300w\" sizes=\"(max-width: 625px) 100vw, 625px\" data-recalc-dims=\"1\" \/><\/a><p id=\"caption-attachment-1428\" class=\"wp-caption-text\">Hotel Hilton &#8211; Epizana<\/p><\/div>\n<p>An den H\u00e4ngen werden auf winzigen Feldern leckere Kartoffeln<br \/>\nangebaut,<\/p>\n<div id=\"attachment_1429\" style=\"width: 1034px\" class=\"wp-caption aligncenter\"><a href=\"https:\/\/i0.wp.com\/my-alps.de\/wp-content\/uploads\/2014\/07\/Kartoffelfelder-ce4.jpg\"><img aria-describedby=\"caption-attachment-1429\" data-attachment-id=\"1429\" data-permalink=\"http:\/\/my-alps.de\/?attachment_id=1429\" data-orig-file=\"https:\/\/i0.wp.com\/my-alps.de\/wp-content\/uploads\/2014\/07\/Kartoffelfelder-ce4.jpg?fit=1024%2C683\" data-orig-size=\"1024,683\" data-comments-opened=\"1\" data-image-meta=\"{&quot;aperture&quot;:&quot;11&quot;,&quot;credit&quot;:&quot;&quot;,&quot;camera&quot;:&quot;SLT-A99V&quot;,&quot;caption&quot;:&quot;&quot;,&quot;created_timestamp&quot;:&quot;1405793212&quot;,&quot;copyright&quot;:&quot;&quot;,&quot;focal_length&quot;:&quot;35&quot;,&quot;iso&quot;:&quot;100&quot;,&quot;shutter_speed&quot;:&quot;0.008&quot;,&quot;title&quot;:&quot;&quot;}\" data-image-title=\"Kartoffelfelder-ce4\" data-image-description=\"&lt;p&gt;Kartoffelfelder&lt;\/p&gt;\n\" data-image-caption=\"&lt;p&gt;Kartoffelfelder&lt;\/p&gt;\n\" data-medium-file=\"https:\/\/i0.wp.com\/my-alps.de\/wp-content\/uploads\/2014\/07\/Kartoffelfelder-ce4.jpg?fit=300%2C200\" data-large-file=\"https:\/\/i0.wp.com\/my-alps.de\/wp-content\/uploads\/2014\/07\/Kartoffelfelder-ce4.jpg?fit=625%2C417\" loading=\"lazy\" class=\"size-full wp-image-1429\" alt=\"Kartoffelfelder\" src=\"https:\/\/i0.wp.com\/my-alps.de\/wp-content\/uploads\/2014\/07\/Kartoffelfelder-ce4.jpg?resize=625%2C417\" width=\"625\" height=\"417\" srcset=\"https:\/\/i0.wp.com\/my-alps.de\/wp-content\/uploads\/2014\/07\/Kartoffelfelder-ce4.jpg?w=1024 1024w, https:\/\/i0.wp.com\/my-alps.de\/wp-content\/uploads\/2014\/07\/Kartoffelfelder-ce4.jpg?resize=300%2C200 300w\" sizes=\"(max-width: 625px) 100vw, 625px\" data-recalc-dims=\"1\" \/><\/a><p id=\"caption-attachment-1429\" class=\"wp-caption-text\">Kartoffelfelder<\/p><\/div>\n<p>und die Campesinos verladen ihre Erzeugnisse auf<br \/>\nwackelige Pick Up\u2019s und fahren sie nach Cochabamba.<\/p>\n<div id=\"attachment_1425\" style=\"width: 1034px\" class=\"wp-caption aligncenter\"><a href=\"https:\/\/i0.wp.com\/my-alps.de\/wp-content\/uploads\/2014\/07\/Campesinos-ce4-schnitt.jpg\"><img aria-describedby=\"caption-attachment-1425\" data-attachment-id=\"1425\" data-permalink=\"http:\/\/my-alps.de\/?attachment_id=1425\" data-orig-file=\"https:\/\/i0.wp.com\/my-alps.de\/wp-content\/uploads\/2014\/07\/Campesinos-ce4-schnitt.jpg?fit=1024%2C576\" data-orig-size=\"1024,576\" data-comments-opened=\"1\" data-image-meta=\"{&quot;aperture&quot;:&quot;5.6&quot;,&quot;credit&quot;:&quot;&quot;,&quot;camera&quot;:&quot;SLT-A99V&quot;,&quot;caption&quot;:&quot;&quot;,&quot;created_timestamp&quot;:&quot;1405793243&quot;,&quot;copyright&quot;:&quot;&quot;,&quot;focal_length&quot;:&quot;55&quot;,&quot;iso&quot;:&quot;100&quot;,&quot;shutter_speed&quot;:&quot;0.0028571428571429&quot;,&quot;title&quot;:&quot;&quot;}\" data-image-title=\"Campesinos-ce4-schnitt\" data-image-description=\"&lt;p&gt;Campesinos&lt;\/p&gt;\n\" data-image-caption=\"&lt;p&gt;Campesinos&lt;\/p&gt;\n\" data-medium-file=\"https:\/\/i0.wp.com\/my-alps.de\/wp-content\/uploads\/2014\/07\/Campesinos-ce4-schnitt.jpg?fit=300%2C168\" data-large-file=\"https:\/\/i0.wp.com\/my-alps.de\/wp-content\/uploads\/2014\/07\/Campesinos-ce4-schnitt.jpg?fit=625%2C352\" loading=\"lazy\" class=\"size-full wp-image-1425\" alt=\"Campesinos\" src=\"https:\/\/i0.wp.com\/my-alps.de\/wp-content\/uploads\/2014\/07\/Campesinos-ce4-schnitt.jpg?resize=625%2C352\" width=\"625\" height=\"352\" srcset=\"https:\/\/i0.wp.com\/my-alps.de\/wp-content\/uploads\/2014\/07\/Campesinos-ce4-schnitt.jpg?w=1024 1024w, https:\/\/i0.wp.com\/my-alps.de\/wp-content\/uploads\/2014\/07\/Campesinos-ce4-schnitt.jpg?resize=300%2C168 300w\" sizes=\"(max-width: 625px) 100vw, 625px\" data-recalc-dims=\"1\" \/><\/a><p id=\"caption-attachment-1425\" class=\"wp-caption-text\">Campesinos<\/p><\/div>\n<p>Cochabamba ist eine riesige Stadt, ein Konglomerat aus einzelnen<br \/>\nKleinst\u00e4dten, D\u00f6rfern und Weilern ist zu einem gro\u00dfen H\u00e4usermeer<br \/>\nzusammengewachsen. Es liegt eine dichte Wolke aus Abgasen und<br \/>\nStaub \u00fcber den K\u00f6pfen der Einwohner. Wir suchen uns einen sicheren\u00a0<span style=\"line-height: 1.5;\">Stellplatz auf dem Parkplatz der Polizei und \u00fcbernachten in einer\u00a0<\/span><span style=\"line-height: 1.5;\">nervt\u00f6tenden Kakophonie der Gro\u00dfstadt.<br \/>\n(Bolivianische Autofahrer haben\u00a0<\/span><span style=\"line-height: 1.5;\">eine innige Beziehung zu ihrer Hupe, von der sie ausgiebig Gebrauch machen!)<\/span><\/p>\n<p>Wir suchen uns einen ruhigen Campingplatz am Stadtrand<br \/>\n(ca. 20 km einfache Fahrt!) und statten Cochabamba einen kurzen<br \/>\nBesuch ab. Dann geht es wieder hinauf auf den Altiplano und weiter nach La Paz.<\/p>\n<div id=\"attachment_1424\" style=\"width: 1034px\" class=\"wp-caption aligncenter\"><a href=\"https:\/\/i0.wp.com\/my-alps.de\/wp-content\/uploads\/2014\/07\/auf-den-Altiplano-nach-La-Paz-ce4-schnitt.jpg\"><img aria-describedby=\"caption-attachment-1424\" data-attachment-id=\"1424\" data-permalink=\"http:\/\/my-alps.de\/?attachment_id=1424\" data-orig-file=\"https:\/\/i0.wp.com\/my-alps.de\/wp-content\/uploads\/2014\/07\/auf-den-Altiplano-nach-La-Paz-ce4-schnitt.jpg?fit=1024%2C576\" data-orig-size=\"1024,576\" data-comments-opened=\"1\" data-image-meta=\"{&quot;aperture&quot;:&quot;11&quot;,&quot;credit&quot;:&quot;&quot;,&quot;camera&quot;:&quot;SLT-A99V&quot;,&quot;caption&quot;:&quot;&quot;,&quot;created_timestamp&quot;:&quot;1406044920&quot;,&quot;copyright&quot;:&quot;&quot;,&quot;focal_length&quot;:&quot;70&quot;,&quot;iso&quot;:&quot;100&quot;,&quot;shutter_speed&quot;:&quot;0.008&quot;,&quot;title&quot;:&quot;&quot;}\" data-image-title=\"auf den Altiplano nach La Paz-ce4-schnitt\" data-image-description=\"&lt;p&gt;auf den Altiplano nach La Paz&lt;\/p&gt;\n\" data-image-caption=\"&lt;p&gt;auf den Altiplano nach La Paz&lt;\/p&gt;\n\" data-medium-file=\"https:\/\/i0.wp.com\/my-alps.de\/wp-content\/uploads\/2014\/07\/auf-den-Altiplano-nach-La-Paz-ce4-schnitt.jpg?fit=300%2C168\" data-large-file=\"https:\/\/i0.wp.com\/my-alps.de\/wp-content\/uploads\/2014\/07\/auf-den-Altiplano-nach-La-Paz-ce4-schnitt.jpg?fit=625%2C352\" loading=\"lazy\" class=\"size-full wp-image-1424\" alt=\"auf den Altiplano nach La Paz\" src=\"https:\/\/i0.wp.com\/my-alps.de\/wp-content\/uploads\/2014\/07\/auf-den-Altiplano-nach-La-Paz-ce4-schnitt.jpg?resize=625%2C352\" width=\"625\" height=\"352\" srcset=\"https:\/\/i0.wp.com\/my-alps.de\/wp-content\/uploads\/2014\/07\/auf-den-Altiplano-nach-La-Paz-ce4-schnitt.jpg?w=1024 1024w, https:\/\/i0.wp.com\/my-alps.de\/wp-content\/uploads\/2014\/07\/auf-den-Altiplano-nach-La-Paz-ce4-schnitt.jpg?resize=300%2C168 300w\" sizes=\"(max-width: 625px) 100vw, 625px\" data-recalc-dims=\"1\" \/><\/a><p id=\"caption-attachment-1424\" class=\"wp-caption-text\">auf den Altiplano nach La Paz<\/p><\/div>\n<p>In der Ferne sind die schneebedeckten 6.000er<br \/>\nder Ostkordilleren zu sehen.<\/p>\n<p>Die Stra\u00dfe nach La Paz wird zur Zeit vierspurig ausgebaut und dementsprechend hektisch\u00a0<span style=\"line-height: 1.5;\">ist der Verkehr. Zwischen phlegmatischer und selbstm\u00f6rderischer Fahrweise werden<\/span><br \/>\nalle Arten des \u00dcberholens geboten.<\/p>\n<div id=\"attachment_1423\" style=\"width: 1034px\" class=\"wp-caption aligncenter\"><a href=\"https:\/\/i0.wp.com\/my-alps.de\/wp-content\/uploads\/2014\/07\/Anfahrt-nach-El-Alto-und-La-Paz-ce4.jpg\"><img aria-describedby=\"caption-attachment-1423\" data-attachment-id=\"1423\" data-permalink=\"http:\/\/my-alps.de\/?attachment_id=1423\" data-orig-file=\"https:\/\/i0.wp.com\/my-alps.de\/wp-content\/uploads\/2014\/07\/Anfahrt-nach-El-Alto-und-La-Paz-ce4.jpg?fit=1024%2C683\" data-orig-size=\"1024,683\" data-comments-opened=\"1\" data-image-meta=\"{&quot;aperture&quot;:&quot;11&quot;,&quot;credit&quot;:&quot;&quot;,&quot;camera&quot;:&quot;SLT-A99V&quot;,&quot;caption&quot;:&quot;&quot;,&quot;created_timestamp&quot;:&quot;1406129084&quot;,&quot;copyright&quot;:&quot;&quot;,&quot;focal_length&quot;:&quot;60&quot;,&quot;iso&quot;:&quot;100&quot;,&quot;shutter_speed&quot;:&quot;0.005&quot;,&quot;title&quot;:&quot;&quot;}\" data-image-title=\"Anfahrt nach El Alto und La Paz-ce4\" data-image-description=\"&lt;p&gt;Anfahrt nach El Alto und La Paz&lt;\/p&gt;\n\" data-image-caption=\"&lt;p&gt;Anfahrt nach El Alto und La Paz&lt;\/p&gt;\n\" data-medium-file=\"https:\/\/i0.wp.com\/my-alps.de\/wp-content\/uploads\/2014\/07\/Anfahrt-nach-El-Alto-und-La-Paz-ce4.jpg?fit=300%2C200\" data-large-file=\"https:\/\/i0.wp.com\/my-alps.de\/wp-content\/uploads\/2014\/07\/Anfahrt-nach-El-Alto-und-La-Paz-ce4.jpg?fit=625%2C417\" loading=\"lazy\" class=\"size-full wp-image-1423\" alt=\"Anfahrt nach El Alto und La Paz\" src=\"https:\/\/i0.wp.com\/my-alps.de\/wp-content\/uploads\/2014\/07\/Anfahrt-nach-El-Alto-und-La-Paz-ce4.jpg?resize=625%2C417\" width=\"625\" height=\"417\" srcset=\"https:\/\/i0.wp.com\/my-alps.de\/wp-content\/uploads\/2014\/07\/Anfahrt-nach-El-Alto-und-La-Paz-ce4.jpg?w=1024 1024w, https:\/\/i0.wp.com\/my-alps.de\/wp-content\/uploads\/2014\/07\/Anfahrt-nach-El-Alto-und-La-Paz-ce4.jpg?resize=300%2C200 300w\" sizes=\"(max-width: 625px) 100vw, 625px\" data-recalc-dims=\"1\" \/><\/a><p id=\"caption-attachment-1423\" class=\"wp-caption-text\">Anfahrt nach El Alto und La Paz<\/p><\/div>\n<p>Die Kr\u00f6nung ist ein Reisebus, der mich auf dem\u00a0<span style=\"line-height: 1.5;\">tiefen Schotter in einer Br\u00fcckenbaustelle \u00fcberholen m\u00f6chte.<br \/>\nAch ja, es kommt uns gerade\u00a0<\/span><span style=\"line-height: 1.5;\">ein LKW entgegen der wiederum von einem vollbesetzten Sammeltaxi \u00fcberholt wird.<\/span><br \/>\nPlatz ist eigentlich nur f\u00fcr den LKW,<br \/>\naber ich zeige eiserne Nerven und halte dagegen.<br \/>\nMeine Beifahrerin straft mich mit vernichtenden Blicken<br \/>\nund einem Schrei der Entr\u00fcstung.<\/p>\n<p>VW gewinnt!<\/p>\n","protected":false},"excerpt":{"rendered":"<p>Von Sucre fahren wir durch die wilde und bergige Altiplanolandschaft.\u00a0Es geht durch kleine D\u00f6rfer und in den Flusst\u00e4lern werden Bananen\u00a0und Papayas angebaut. Anfangs ist die Stra\u00dfe noch asphaltiert, doch\u00a0dann sind wir wieder auf einer staubigen Piste. Der puderfeine Staub\u00a0legt sich wie ein Nebelschleier \u00fcber die Landschaft und alles was am\u00a0Stra\u00dfenrand liegt wird mit einem fahlen [&hellip;]<\/p>\n","protected":false},"author":1,"featured_media":0,"comment_status":"open","ping_status":"open","sticky":false,"template":"","format":"gallery","meta":{"spay_email":"","jetpack_publicize_message":"","jetpack_is_tweetstorm":false,"jetpack_publicize_feature_enabled":true},"categories":[1],"tags":[15,17,19],"jetpack_featured_media_url":"","jetpack_publicize_connections":[],"jetpack_sharing_enabled":true,"jetpack_shortlink":"https:\/\/wp.me\/p6huce-mL","jetpack-related-posts":[{"id":1390,"url":"http:\/\/my-alps.de\/?p=1390","url_meta":{"origin":1411,"position":0},"title":"von Uyuni nach Cochabamba (Teil 1)","date":"24. Juli 2014","format":"gallery","excerpt":"Unsere Route durch Bolivien f\u00fchrt uns von Uyuni \u00fcber Potosi und Sucre weiter nach Cochabamba. Die Strecke f\u00fchrt durch\u2019s bolivianische Altiplano. Das Altiplano liegt eingebettet zwischen den westlichen und den \u00f6stlichen Kordilleren. Hier ist die \u201eBesiedlungsdichte\u201c am gr\u00f6ssten und mit Potosi und Sucre liegen zwei grosse St\u00e4dte auf unserem Weg.\u2026","rel":"","context":"In &quot;News&quot;","img":{"alt_text":"","src":"https:\/\/i0.wp.com\/my-alps.de\/wp-content\/uploads\/2014\/07\/hilft-bestimmt-ce4.jpg?resize=350%2C200","width":350,"height":200},"classes":[]},{"id":1679,"url":"http:\/\/my-alps.de\/?p=1679","url_meta":{"origin":1411,"position":1},"title":"Guerillas im Nebel &#8211; Trampolin of Death","date":"4. Oktober 2014","format":"gallery","excerpt":"Ecuador haben wir hinter uns gelassen und jetzt sind wir in unserem (vorerst) letzten Land in S\u00fcdamerika durch das unsere Reise Einklang der Anden f\u00fchrt. Als erster Anlaufpunkt nach der Erledigung der Grenzformalit\u00e4ten bei der Ausreise von Ecuador und der Einreise nach Kolumbien (diesmal alles ganz harmlos), bietet sich die\u2026","rel":"","context":"In &quot;News&quot;","img":{"alt_text":"","src":"https:\/\/i0.wp.com\/my-alps.de\/wp-content\/uploads\/2014\/10\/Trampolin-of-Death-4-ce4.jpg?resize=350%2C200","width":350,"height":200},"classes":[]},{"id":1308,"url":"http:\/\/my-alps.de\/?p=1308","url_meta":{"origin":1411,"position":2},"title":"Cafayate und durch das Valle Calchaquies nach Salta","date":"30. Juni 2014","format":"gallery","excerpt":"Nach Amaicha haben wir noch die \u201eRuinas de Quilmes\u201c besucht. Die Terrassenanlage wurde teilweise wieder ausgegraben und die Geschichte der Quilmesindianer hat ein trauriges Kapitel. Nach langem Wiederstand gegen die Spanier wurden sie doch unterworfen und der gesamte Stamm nach Buenos Aires deportiert. Nur 600 kamen lebend dort an mehr\u2026","rel":"","context":"In &quot;News&quot;","img":{"alt_text":"","src":"https:\/\/i0.wp.com\/my-alps.de\/wp-content\/uploads\/2014\/06\/Felsfarben-1-Sonnenuntergang-ce4.jpg?resize=350%2C200","width":350,"height":200},"classes":[]},{"id":1642,"url":"http:\/\/my-alps.de\/?p=1642","url_meta":{"origin":1411,"position":3},"title":"nach Banos","date":"24. September 2014","format":"gallery","excerpt":"Wir fahren zickzack durch Ecuador, so kommt es uns jedenfalls vor! Nach den arbeitsreichen, aber auch erholsamen Tagen am Pazifik sind wir wieder quer durch das Landesinnere gefahren. Unser Ziel war der (sehr) aktive Vulkan \"Tungurahua\" bei Banos. Zuerst ging es an der K\u00fcste hinauf bis \"Jipijapa\" und danach durch\u2026","rel":"","context":"In &quot;News&quot;","img":{"alt_text":"","src":"https:\/\/i0.wp.com\/my-alps.de\/wp-content\/uploads\/2014\/09\/Finca-Chamanapamba-II.jpg?resize=350%2C200","width":350,"height":200},"classes":[]},{"id":1614,"url":"http:\/\/my-alps.de\/?p=1614","url_meta":{"origin":1411,"position":4},"title":"Ecuador &#8211; entschleunigt leben","date":"17. September 2014","format":"gallery","excerpt":"Mittlerweile sitzen wir wieder mal an der K\u00fcste des Pazifiks und schauen auf das graue und endlose Meer hinaus. Etwa 500 Meter von uns entfernt tummeln sich ein paar Wale, machen sch\u00f6ne \"Bauchpflatscher\" oder schlagen mit ihren Schwanzflossen auf's Wasser. Pelikane und Fregattv\u00f6gel lassen sich vom Aufwind an der Steilk\u00fcste\u2026","rel":"","context":"In &quot;News&quot;","img":{"alt_text":"","src":"https:\/\/i0.wp.com\/my-alps.de\/wp-content\/uploads\/2014\/09\/wir-machen-auch-mal-Pause.jpg?resize=350%2C200","width":350,"height":200},"classes":[]},{"id":1447,"url":"http:\/\/my-alps.de\/?p=1447","url_meta":{"origin":1411,"position":5},"title":"Sorata, das kleine Tibet in Bolivien","date":"7. August 2014","format":"gallery","excerpt":"Von La Paz aus wollten wir auf den Cerro Chacaltaya, und damit unseren ersten 5.000 er besteigen. Leider war der Wetter-Inka heute nicht soooo gut gelaunt, denn es hatte viel Neuschnee und heftigen Sturm gehabt. (Obwohl in La Paz die Kirschbl\u00fcte ausgebrochen ist!) Also mussten wir auf halber Strecke wieder\u2026","rel":"","context":"In &quot;News&quot;","img":{"alt_text":"","src":"https:\/\/i0.wp.com\/my-alps.de\/wp-content\/uploads\/2014\/08\/Valle-Sorata-I-ce4-define.jpg?resize=350%2C200","width":350,"height":200},"classes":[]}],"_links":{"self":[{"href":"http:\/\/my-alps.de\/index.php?rest_route=\/wp\/v2\/posts\/1411"}],"collection":[{"href":"http:\/\/my-alps.de\/index.php?rest_route=\/wp\/v2\/posts"}],"about":[{"href":"http:\/\/my-alps.de\/index.php?rest_route=\/wp\/v2\/types\/post"}],"author":[{"embeddable":true,"href":"http:\/\/my-alps.de\/index.php?rest_route=\/wp\/v2\/users\/1"}],"replies":[{"embeddable":true,"href":"http:\/\/my-alps.de\/index.php?rest_route=%2Fwp%2Fv2%2Fcomments&post=1411"}],"version-history":[{"count":6,"href":"http:\/\/my-alps.de\/index.php?rest_route=\/wp\/v2\/posts\/1411\/revisions"}],"predecessor-version":[{"id":1432,"href":"http:\/\/my-alps.de\/index.php?rest_route=\/wp\/v2\/posts\/1411\/revisions\/1432"}],"wp:attachment":[{"href":"http:\/\/my-alps.de\/index.php?rest_route=%2Fwp%2Fv2%2Fmedia&parent=1411"}],"wp:term":[{"taxonomy":"category","embeddable":true,"href":"http:\/\/my-alps.de\/index.php?rest_route=%2Fwp%2Fv2%2Fcategories&post=1411"},{"taxonomy":"post_tag","embeddable":true,"href":"http:\/\/my-alps.de\/index.php?rest_route=%2Fwp%2Fv2%2Ftags&post=1411"}],"curies":[{"name":"wp","href":"https:\/\/api.w.org\/{rel}","templated":true}]}}