{"id":1390,"date":"2014-07-24T02:42:21","date_gmt":"2014-07-24T00:42:21","guid":{"rendered":"http:\/\/my-alps.de\/?p=1390"},"modified":"2014-07-24T20:09:57","modified_gmt":"2014-07-24T18:09:57","slug":"von-uyuni-nach-cochabamba","status":"publish","type":"post","link":"http:\/\/my-alps.de\/?p=1390","title":{"rendered":"von Uyuni nach Cochabamba (Teil 1)"},"content":{"rendered":"<p>Unsere Route durch Bolivien f\u00fchrt uns von Uyuni \u00fcber<br \/>\nPotosi und Sucre weiter nach Cochabamba.<br \/>\nDie Strecke f\u00fchrt durch\u2019s bolivianische Altiplano.<\/p>\n<div id=\"attachment_1400\" style=\"width: 1034px\" class=\"wp-caption aligncenter\"><a href=\"https:\/\/i0.wp.com\/my-alps.de\/wp-content\/uploads\/2014\/07\/Altiplano-bei-Potosi.jpg\"><img aria-describedby=\"caption-attachment-1400\" data-attachment-id=\"1400\" data-permalink=\"http:\/\/my-alps.de\/?attachment_id=1400\" data-orig-file=\"https:\/\/i0.wp.com\/my-alps.de\/wp-content\/uploads\/2014\/07\/Altiplano-bei-Potosi.jpg?fit=1024%2C683\" data-orig-size=\"1024,683\" data-comments-opened=\"1\" data-image-meta=\"{&quot;aperture&quot;:&quot;11&quot;,&quot;credit&quot;:&quot;&quot;,&quot;camera&quot;:&quot;SLT-A99V&quot;,&quot;caption&quot;:&quot;&quot;,&quot;created_timestamp&quot;:&quot;1405424384&quot;,&quot;copyright&quot;:&quot;&quot;,&quot;focal_length&quot;:&quot;24&quot;,&quot;iso&quot;:&quot;100&quot;,&quot;shutter_speed&quot;:&quot;0.0028571428571429&quot;,&quot;title&quot;:&quot;&quot;}\" data-image-title=\"Altiplano bei Potosi\" data-image-description=\"&lt;p&gt;Altiplano bei Potosi&lt;\/p&gt;\n\" data-image-caption=\"&lt;p&gt;Altiplano bei Potosi&lt;\/p&gt;\n\" data-medium-file=\"https:\/\/i0.wp.com\/my-alps.de\/wp-content\/uploads\/2014\/07\/Altiplano-bei-Potosi.jpg?fit=300%2C200\" data-large-file=\"https:\/\/i0.wp.com\/my-alps.de\/wp-content\/uploads\/2014\/07\/Altiplano-bei-Potosi.jpg?fit=625%2C417\" loading=\"lazy\" class=\"size-full wp-image-1400\" alt=\"Altiplano bei Potosi\" src=\"https:\/\/i0.wp.com\/my-alps.de\/wp-content\/uploads\/2014\/07\/Altiplano-bei-Potosi.jpg?resize=625%2C417\" width=\"625\" height=\"417\" srcset=\"https:\/\/i0.wp.com\/my-alps.de\/wp-content\/uploads\/2014\/07\/Altiplano-bei-Potosi.jpg?w=1024 1024w, https:\/\/i0.wp.com\/my-alps.de\/wp-content\/uploads\/2014\/07\/Altiplano-bei-Potosi.jpg?resize=300%2C200 300w\" sizes=\"(max-width: 625px) 100vw, 625px\" data-recalc-dims=\"1\" \/><\/a><p id=\"caption-attachment-1400\" class=\"wp-caption-text\">Altiplano bei Potosi<\/p><\/div>\n<p>Das Altiplano liegt eingebettet zwischen den westlichen<br \/>\nund den \u00f6stlichen Kordilleren. Hier ist die \u201eBesiedlungsdichte\u201c<br \/>\nam gr\u00f6ssten und mit Potosi und Sucre liegen zwei grosse St\u00e4dte<br \/>\nauf unserem Weg.<\/p>\n<p><!--more--><\/p>\n<p>Potosi\u2026..<\/p>\n<p>Die Fahrt ist ein st\u00e4ndiges auf und ab, folgt Flusst\u00e4lern und<br \/>\nsteigt dann wieder auf knapp 4.000 Meter an. Potosi liegt h\u00f6her<br \/>\nals La Paz und war fr\u00fcher eine der gr\u00f6ssten St\u00e4dte auf dem<br \/>\ns\u00fcdamerikanischen Kontinent. Grund daf\u00fcr ist das viele Silber,<br \/>\ndas Potosi zur reichsten Stadt gemacht hat. Schon die Spanier<br \/>\nbeuteten aus dem Berg ca. 16.000 Tonnen Silber aus. Insgesamt<br \/>\nsind es bis heute ungef\u00e4hr 45.000 Tonnen Silber die hier gewonnen<br \/>\nwurden. Viel ist von dem ehemaligen Glanz nicht mehr \u00fcbrig geblieben.<\/p>\n<div id=\"attachment_1404\" style=\"width: 1034px\" class=\"wp-caption aligncenter\"><a href=\"https:\/\/i0.wp.com\/my-alps.de\/wp-content\/uploads\/2014\/07\/Lubricantes-in-Potosi-ce4.jpg\"><img aria-describedby=\"caption-attachment-1404\" data-attachment-id=\"1404\" data-permalink=\"http:\/\/my-alps.de\/?attachment_id=1404\" data-orig-file=\"https:\/\/i0.wp.com\/my-alps.de\/wp-content\/uploads\/2014\/07\/Lubricantes-in-Potosi-ce4.jpg?fit=1024%2C683\" data-orig-size=\"1024,683\" data-comments-opened=\"1\" data-image-meta=\"{&quot;aperture&quot;:&quot;11&quot;,&quot;credit&quot;:&quot;&quot;,&quot;camera&quot;:&quot;SLT-A99V&quot;,&quot;caption&quot;:&quot;&quot;,&quot;created_timestamp&quot;:&quot;1405433749&quot;,&quot;copyright&quot;:&quot;&quot;,&quot;focal_length&quot;:&quot;70&quot;,&quot;iso&quot;:&quot;100&quot;,&quot;shutter_speed&quot;:&quot;0.0028571428571429&quot;,&quot;title&quot;:&quot;&quot;}\" data-image-title=\"Lubricantes in Potosi-ce4\" data-image-description=\"&lt;p&gt;Lubricantes in Potosi&lt;\/p&gt;\n\" data-image-caption=\"&lt;p&gt;Lubricantes in Potosi&lt;\/p&gt;\n\" data-medium-file=\"https:\/\/i0.wp.com\/my-alps.de\/wp-content\/uploads\/2014\/07\/Lubricantes-in-Potosi-ce4.jpg?fit=300%2C200\" data-large-file=\"https:\/\/i0.wp.com\/my-alps.de\/wp-content\/uploads\/2014\/07\/Lubricantes-in-Potosi-ce4.jpg?fit=625%2C417\" loading=\"lazy\" class=\"size-full wp-image-1404\" alt=\"Lubricantes in Potosi\" src=\"https:\/\/i0.wp.com\/my-alps.de\/wp-content\/uploads\/2014\/07\/Lubricantes-in-Potosi-ce4.jpg?resize=625%2C417\" width=\"625\" height=\"417\" srcset=\"https:\/\/i0.wp.com\/my-alps.de\/wp-content\/uploads\/2014\/07\/Lubricantes-in-Potosi-ce4.jpg?w=1024 1024w, https:\/\/i0.wp.com\/my-alps.de\/wp-content\/uploads\/2014\/07\/Lubricantes-in-Potosi-ce4.jpg?resize=300%2C200 300w\" sizes=\"(max-width: 625px) 100vw, 625px\" data-recalc-dims=\"1\" \/><\/a><p id=\"caption-attachment-1404\" class=\"wp-caption-text\">Lubricantes in Potosi<\/p><\/div>\n<p>St\u00e4ndig \u00fcber 4.000 Meter zu leben fordert seinen Tribut. Die N\u00e4chte<br \/>\nsind bitterkalt und Isolierung f\u00fcr die H\u00e4usern kennt man nicht. Die<br \/>\nLkw\u2019s blasen tiefschwarze Ru\u00dfwolken durch ihre Auspuffrohre und<br \/>\nam Stadtrand brennen wilde M\u00fcllkippen stinkend vor sich hin.<br \/>\nDie Stra\u00dfen sind staubig und dreckig. Zwar hat die UNESCO den<br \/>\nStadtkern zum Weltkulturerbe erkl\u00e4rt, doch viele der H\u00e4user und<br \/>\nder sch\u00f6nen Kirchen sind am verfallen. Mit einigen Restaurierungen<br \/>\nwurde bereits begonnen, doch ob Potosi jemals wieder in seinem<br \/>\nkolonialen Glanz wie fr\u00fcher strahlen wird?<br \/>\nZu w\u00fcnschen w\u00e4re es der h\u00f6chst gelegenen Stadt der Welt.<\/p>\n<div id=\"attachment_1402\" style=\"width: 1034px\" class=\"wp-caption aligncenter\"><a href=\"https:\/\/i0.wp.com\/my-alps.de\/wp-content\/uploads\/2014\/07\/Altiplano-mit-Lamaherde-ce4.jpg\"><img aria-describedby=\"caption-attachment-1402\" data-attachment-id=\"1402\" data-permalink=\"http:\/\/my-alps.de\/?attachment_id=1402\" data-orig-file=\"https:\/\/i0.wp.com\/my-alps.de\/wp-content\/uploads\/2014\/07\/Altiplano-mit-Lamaherde-ce4.jpg?fit=1024%2C683\" data-orig-size=\"1024,683\" data-comments-opened=\"1\" data-image-meta=\"{&quot;aperture&quot;:&quot;11&quot;,&quot;credit&quot;:&quot;&quot;,&quot;camera&quot;:&quot;SLT-A99V&quot;,&quot;caption&quot;:&quot;&quot;,&quot;created_timestamp&quot;:&quot;1405358219&quot;,&quot;copyright&quot;:&quot;&quot;,&quot;focal_length&quot;:&quot;24&quot;,&quot;iso&quot;:&quot;100&quot;,&quot;shutter_speed&quot;:&quot;0.004&quot;,&quot;title&quot;:&quot;&quot;}\" data-image-title=\"Altiplano mit Lamaherde-ce4\" data-image-description=\"&lt;p&gt;Altiplano mit Lamaherde&lt;\/p&gt;\n\" data-image-caption=\"&lt;p&gt;Altiplano mit Lamaherde&lt;\/p&gt;\n\" data-medium-file=\"https:\/\/i0.wp.com\/my-alps.de\/wp-content\/uploads\/2014\/07\/Altiplano-mit-Lamaherde-ce4.jpg?fit=300%2C200\" data-large-file=\"https:\/\/i0.wp.com\/my-alps.de\/wp-content\/uploads\/2014\/07\/Altiplano-mit-Lamaherde-ce4.jpg?fit=625%2C417\" loading=\"lazy\" class=\"size-full wp-image-1402\" alt=\"Altiplano mit Lamaherde\" src=\"https:\/\/i0.wp.com\/my-alps.de\/wp-content\/uploads\/2014\/07\/Altiplano-mit-Lamaherde-ce4.jpg?resize=625%2C417\" width=\"625\" height=\"417\" srcset=\"https:\/\/i0.wp.com\/my-alps.de\/wp-content\/uploads\/2014\/07\/Altiplano-mit-Lamaherde-ce4.jpg?w=1024 1024w, https:\/\/i0.wp.com\/my-alps.de\/wp-content\/uploads\/2014\/07\/Altiplano-mit-Lamaherde-ce4.jpg?resize=300%2C200 300w\" sizes=\"(max-width: 625px) 100vw, 625px\" data-recalc-dims=\"1\" \/><\/a><p id=\"caption-attachment-1402\" class=\"wp-caption-text\">Altiplano mit Lamaherde<\/p><\/div>\n<p>Sucre\u2026..<\/p>\n<p>Die Hauptstadt von Bolivien, liegt mit seinem angenehmeren Klima<br \/>\nals La Paz, zur Zeit im Trend. Im Stadtkern sind einige sch\u00f6ne<br \/>\nBauwerke erhalten geblieben, und der \u201eMercado\u201c ist auf alle F\u00e4lle<br \/>\neinen Besuch wert.<\/p>\n<p>Hier stapeln sich die Erzeugnisse aus dem<br \/>\nUmland bis unter die Decke. Obst und Gem\u00fcse, Milchprodukte<br \/>\nund Fleisch werden genauso angeboten wie Blumen<\/p>\n<div id=\"attachment_1408\" style=\"width: 1034px\" class=\"wp-caption aligncenter\"><a href=\"https:\/\/i0.wp.com\/my-alps.de\/wp-content\/uploads\/2014\/07\/hilft-bestimmt-ce4.jpg\"><img aria-describedby=\"caption-attachment-1408\" data-attachment-id=\"1408\" data-permalink=\"http:\/\/my-alps.de\/?attachment_id=1408\" data-orig-file=\"https:\/\/i0.wp.com\/my-alps.de\/wp-content\/uploads\/2014\/07\/hilft-bestimmt-ce4.jpg?fit=1024%2C683\" data-orig-size=\"1024,683\" data-comments-opened=\"1\" data-image-meta=\"{&quot;aperture&quot;:&quot;6.3&quot;,&quot;credit&quot;:&quot;&quot;,&quot;camera&quot;:&quot;NEX-7&quot;,&quot;caption&quot;:&quot;&quot;,&quot;created_timestamp&quot;:&quot;1405603077&quot;,&quot;copyright&quot;:&quot;&quot;,&quot;focal_length&quot;:&quot;86&quot;,&quot;iso&quot;:&quot;800&quot;,&quot;shutter_speed&quot;:&quot;0.076923076923077&quot;,&quot;title&quot;:&quot;&quot;}\" data-image-title=\"hilft bestimmt-ce4\" data-image-description=\"&lt;p&gt;hilft bestimmt&lt;\/p&gt;\n\" data-image-caption=\"&lt;p&gt;hilft bestimmt&lt;\/p&gt;\n\" data-medium-file=\"https:\/\/i0.wp.com\/my-alps.de\/wp-content\/uploads\/2014\/07\/hilft-bestimmt-ce4.jpg?fit=300%2C200\" data-large-file=\"https:\/\/i0.wp.com\/my-alps.de\/wp-content\/uploads\/2014\/07\/hilft-bestimmt-ce4.jpg?fit=625%2C417\" loading=\"lazy\" class=\"size-full wp-image-1408\" alt=\"hilft bestimmt\" src=\"https:\/\/i0.wp.com\/my-alps.de\/wp-content\/uploads\/2014\/07\/hilft-bestimmt-ce4.jpg?resize=625%2C417\" width=\"625\" height=\"417\" srcset=\"https:\/\/i0.wp.com\/my-alps.de\/wp-content\/uploads\/2014\/07\/hilft-bestimmt-ce4.jpg?w=1024 1024w, https:\/\/i0.wp.com\/my-alps.de\/wp-content\/uploads\/2014\/07\/hilft-bestimmt-ce4.jpg?resize=300%2C200 300w\" sizes=\"(max-width: 625px) 100vw, 625px\" data-recalc-dims=\"1\" \/><\/a><p id=\"caption-attachment-1408\" class=\"wp-caption-text\">hilft bestimmt<\/p><\/div>\n<p>und \u201espezielle\u00a0<span style=\"line-height: 1.5;\">Artikel\u201c f\u00fcr den t\u00e4glichen Bedarf.<\/span><\/p>\n<div id=\"attachment_1392\" style=\"width: 1034px\" class=\"wp-caption aligncenter\"><a href=\"https:\/\/i0.wp.com\/my-alps.de\/wp-content\/uploads\/2014\/07\/viele-Vitamine-ce4.jpg\"><img aria-describedby=\"caption-attachment-1392\" data-attachment-id=\"1392\" data-permalink=\"http:\/\/my-alps.de\/?attachment_id=1392\" data-orig-file=\"https:\/\/i0.wp.com\/my-alps.de\/wp-content\/uploads\/2014\/07\/viele-Vitamine-ce4.jpg?fit=1024%2C683\" data-orig-size=\"1024,683\" data-comments-opened=\"1\" data-image-meta=\"{&quot;aperture&quot;:&quot;4.5&quot;,&quot;credit&quot;:&quot;&quot;,&quot;camera&quot;:&quot;NEX-7&quot;,&quot;caption&quot;:&quot;&quot;,&quot;created_timestamp&quot;:&quot;1405599883&quot;,&quot;copyright&quot;:&quot;&quot;,&quot;focal_length&quot;:&quot;18&quot;,&quot;iso&quot;:&quot;100&quot;,&quot;shutter_speed&quot;:&quot;0.0125&quot;,&quot;title&quot;:&quot;&quot;}\" data-image-title=\"viele Vitamine-ce4\" data-image-description=\"&lt;p&gt;viele Vitamine&lt;\/p&gt;\n\" data-image-caption=\"&lt;p&gt;viele Vitamine&lt;\/p&gt;\n\" data-medium-file=\"https:\/\/i0.wp.com\/my-alps.de\/wp-content\/uploads\/2014\/07\/viele-Vitamine-ce4.jpg?fit=300%2C200\" data-large-file=\"https:\/\/i0.wp.com\/my-alps.de\/wp-content\/uploads\/2014\/07\/viele-Vitamine-ce4.jpg?fit=625%2C417\" loading=\"lazy\" class=\"size-full wp-image-1392\" alt=\"viele Vitamine\" src=\"https:\/\/i0.wp.com\/my-alps.de\/wp-content\/uploads\/2014\/07\/viele-Vitamine-ce4.jpg?resize=625%2C417\" width=\"625\" height=\"417\" srcset=\"https:\/\/i0.wp.com\/my-alps.de\/wp-content\/uploads\/2014\/07\/viele-Vitamine-ce4.jpg?w=1024 1024w, https:\/\/i0.wp.com\/my-alps.de\/wp-content\/uploads\/2014\/07\/viele-Vitamine-ce4.jpg?resize=300%2C200 300w\" sizes=\"(max-width: 625px) 100vw, 625px\" data-recalc-dims=\"1\" \/><\/a><p id=\"caption-attachment-1392\" class=\"wp-caption-text\">viele Vitamine<\/p><\/div>\n<p>Der Mercado hat zwei Stockwerke, und im oberen befinden sich<br \/>\nviele kleine Gark\u00fcchen, die mit ausgefallenen Gerichten locken.<\/p>\n<div id=\"attachment_1407\" style=\"width: 1034px\" class=\"wp-caption aligncenter\"><a href=\"https:\/\/i0.wp.com\/my-alps.de\/wp-content\/uploads\/2014\/07\/mal-was-Leckeres-f\u00fcr-zwischendurch-ce41.jpg\"><img aria-describedby=\"caption-attachment-1407\" data-attachment-id=\"1407\" data-permalink=\"http:\/\/my-alps.de\/?attachment_id=1407\" data-orig-file=\"https:\/\/i0.wp.com\/my-alps.de\/wp-content\/uploads\/2014\/07\/mal-was-Leckeres-f\u00fcr-zwischendurch-ce41.jpg?fit=1024%2C683\" data-orig-size=\"1024,683\" data-comments-opened=\"1\" data-image-meta=\"{&quot;aperture&quot;:&quot;4&quot;,&quot;credit&quot;:&quot;&quot;,&quot;camera&quot;:&quot;NEX-7&quot;,&quot;caption&quot;:&quot;&quot;,&quot;created_timestamp&quot;:&quot;1405602814&quot;,&quot;copyright&quot;:&quot;&quot;,&quot;focal_length&quot;:&quot;27.8&quot;,&quot;iso&quot;:&quot;800&quot;,&quot;shutter_speed&quot;:&quot;0.016666666666667&quot;,&quot;title&quot;:&quot;&quot;}\" data-image-title=\"mal was Leckeres f\u00fcr zwischendurch-ce4\" data-image-description=\"&lt;p&gt;mal was Leckeres f\u00fcr zwischendurch&lt;\/p&gt;\n\" data-image-caption=\"&lt;p&gt;mal was Leckeres f\u00fcr zwischendurch&lt;\/p&gt;\n\" data-medium-file=\"https:\/\/i0.wp.com\/my-alps.de\/wp-content\/uploads\/2014\/07\/mal-was-Leckeres-f\u00fcr-zwischendurch-ce41.jpg?fit=300%2C200\" data-large-file=\"https:\/\/i0.wp.com\/my-alps.de\/wp-content\/uploads\/2014\/07\/mal-was-Leckeres-f\u00fcr-zwischendurch-ce41.jpg?fit=625%2C417\" loading=\"lazy\" class=\"size-full wp-image-1407\" alt=\"mal was Leckeres f\u00fcr zwischendurch\" src=\"https:\/\/i0.wp.com\/my-alps.de\/wp-content\/uploads\/2014\/07\/mal-was-Leckeres-f\u00fcr-zwischendurch-ce41.jpg?resize=625%2C417\" width=\"625\" height=\"417\" srcset=\"https:\/\/i0.wp.com\/my-alps.de\/wp-content\/uploads\/2014\/07\/mal-was-Leckeres-f\u00fcr-zwischendurch-ce41.jpg?w=1024 1024w, https:\/\/i0.wp.com\/my-alps.de\/wp-content\/uploads\/2014\/07\/mal-was-Leckeres-f\u00fcr-zwischendurch-ce41.jpg?resize=300%2C200 300w\" sizes=\"(max-width: 625px) 100vw, 625px\" data-recalc-dims=\"1\" \/><\/a><p id=\"caption-attachment-1407\" class=\"wp-caption-text\">mal was Leckeres f\u00fcr zwischendurch<\/p><\/div>\n<p>Einmal sattessen kostet ca. 20 Bolivianos, das sind so um die 2 Euro.\u00a0Wir probieren verschiedene Gerichte und alles schmeckt hervorragend.<\/p>\n<div id=\"attachment_1401\" style=\"width: 1034px\" class=\"wp-caption aligncenter\"><a href=\"https:\/\/i0.wp.com\/my-alps.de\/wp-content\/uploads\/2014\/07\/Altiplano-bei-Sucre-ce4.jpg\"><img aria-describedby=\"caption-attachment-1401\" data-attachment-id=\"1401\" data-permalink=\"http:\/\/my-alps.de\/?attachment_id=1401\" data-orig-file=\"https:\/\/i0.wp.com\/my-alps.de\/wp-content\/uploads\/2014\/07\/Altiplano-bei-Sucre-ce4.jpg?fit=1024%2C683\" data-orig-size=\"1024,683\" data-comments-opened=\"1\" data-image-meta=\"{&quot;aperture&quot;:&quot;11&quot;,&quot;credit&quot;:&quot;&quot;,&quot;camera&quot;:&quot;SLT-A99V&quot;,&quot;caption&quot;:&quot;&quot;,&quot;created_timestamp&quot;:&quot;1405359667&quot;,&quot;copyright&quot;:&quot;&quot;,&quot;focal_length&quot;:&quot;50&quot;,&quot;iso&quot;:&quot;100&quot;,&quot;shutter_speed&quot;:&quot;0.004&quot;,&quot;title&quot;:&quot;&quot;}\" data-image-title=\"Altiplano bei Sucre-ce4\" data-image-description=\"&lt;p&gt;Altiplano bei Sucre&lt;\/p&gt;\n\" data-image-caption=\"&lt;p&gt;Altiplano bei Sucre&lt;\/p&gt;\n\" data-medium-file=\"https:\/\/i0.wp.com\/my-alps.de\/wp-content\/uploads\/2014\/07\/Altiplano-bei-Sucre-ce4.jpg?fit=300%2C200\" data-large-file=\"https:\/\/i0.wp.com\/my-alps.de\/wp-content\/uploads\/2014\/07\/Altiplano-bei-Sucre-ce4.jpg?fit=625%2C417\" loading=\"lazy\" class=\"size-full wp-image-1401\" alt=\"Altiplano bei Sucre\" src=\"https:\/\/i0.wp.com\/my-alps.de\/wp-content\/uploads\/2014\/07\/Altiplano-bei-Sucre-ce4.jpg?resize=625%2C417\" width=\"625\" height=\"417\" srcset=\"https:\/\/i0.wp.com\/my-alps.de\/wp-content\/uploads\/2014\/07\/Altiplano-bei-Sucre-ce4.jpg?w=1024 1024w, https:\/\/i0.wp.com\/my-alps.de\/wp-content\/uploads\/2014\/07\/Altiplano-bei-Sucre-ce4.jpg?resize=300%2C200 300w\" sizes=\"(max-width: 625px) 100vw, 625px\" data-recalc-dims=\"1\" \/><\/a><p id=\"caption-attachment-1401\" class=\"wp-caption-text\">Altiplano bei Sucre<\/p><\/div>\n<p>Wir bleiben 2 Tage in der Stadt, und ich besorge neue Reifen f\u00fcr unser\u00a0<span style=\"line-height: 1.5;\">WOMO, da die alten schon langsam Aufl\u00f6sungserscheinungen zeigen.\u00a0<\/span><span style=\"line-height: 1.5;\">F\u00fcr bolivianische Verh\u00e4ltnisse sind sie zwar noch top, denn es ist kein\u00a0<\/span><span style=\"line-height: 1.5;\">Gewebe zu sehen. Aber wir m\u00fcssen ja noch viele Kilometer Piste und\u00a0<\/span><span style=\"line-height: 1.5;\">schlechte Stra\u00dfen fahren bis wir in Kolumbien wieder verschiffen k\u00f6nnen.<\/span><br \/>\nSo kommen wir mit einem netten Bolivianer ins Gespr\u00e4ch,<br \/>\nder mich fragt was ich denn mit den alten Reifen mache.<br \/>\nNa ja, mitnehmen kann ich sie nicht, l\u00e4chle ich ihn an,<br \/>\nund der Werkstatt m\u00f6chte ich sie auch nicht \u00fcberlassen,<br \/>\ndie wollten die neuen einfach ohne Auswuchten montieren,<br \/>\nich w\u00fcrde sie ihm gerne schenken, wenn er uns etwas<br \/>\ntypisch bolivianisches daf\u00fcr schenkt.<br \/>\nWir kommen ins Gesch\u00e4ft, und am folgenden Tag ist<br \/>\ner Besitzer von 6 gebrauchten Reifen und wir haben<br \/>\neine typische bolivianische Decke mit der die Frauen<br \/>\nalle m\u00f6glichen Sachen tragen, einen kleinen Rucksack<br \/>\nund einer Umh\u00e4ngetasche.<br \/>\nAlles wundersch\u00f6ne Handarbeiten mit bunten Mustern.<\/p>\n","protected":false},"excerpt":{"rendered":"<p>Unsere Route durch Bolivien f\u00fchrt uns von Uyuni \u00fcber Potosi und Sucre weiter nach Cochabamba. Die Strecke f\u00fchrt durch\u2019s bolivianische Altiplano. Das Altiplano liegt eingebettet zwischen den westlichen und den \u00f6stlichen Kordilleren. Hier ist die \u201eBesiedlungsdichte\u201c am gr\u00f6ssten und mit Potosi und Sucre liegen zwei grosse St\u00e4dte auf unserem Weg.<\/p>\n","protected":false},"author":1,"featured_media":0,"comment_status":"open","ping_status":"open","sticky":false,"template":"","format":"gallery","meta":{"spay_email":"","jetpack_publicize_message":"","jetpack_is_tweetstorm":false,"jetpack_publicize_feature_enabled":true},"categories":[1],"tags":[18,15,17,16],"jetpack_featured_media_url":"","jetpack_publicize_connections":[],"jetpack_sharing_enabled":true,"jetpack_shortlink":"https:\/\/wp.me\/p6huce-mq","jetpack-related-posts":[{"id":1411,"url":"http:\/\/my-alps.de\/?p=1411","url_meta":{"origin":1390,"position":0},"title":"\u00fcber Cochabamba weiter nach La Paz (Teil 2)","date":"27. Juli 2014","format":"gallery","excerpt":"Von Sucre fahren wir durch die wilde und bergige Altiplanolandschaft.\u00a0Es geht durch kleine D\u00f6rfer und in den Flusst\u00e4lern werden Bananen\u00a0und Papayas angebaut. Anfangs ist die Stra\u00dfe noch asphaltiert, doch\u00a0dann sind wir wieder auf einer staubigen Piste. Der puderfeine Staub\u00a0legt sich wie ein Nebelschleier \u00fcber die Landschaft und alles was am\u00a0Stra\u00dfenrand\u2026","rel":"","context":"In &quot;News&quot;","img":{"alt_text":"","src":"https:\/\/i0.wp.com\/my-alps.de\/wp-content\/uploads\/2014\/07\/rauf-und-runter-ce4.jpg?resize=350%2C200","width":350,"height":200},"classes":[]},{"id":1447,"url":"http:\/\/my-alps.de\/?p=1447","url_meta":{"origin":1390,"position":1},"title":"Sorata, das kleine Tibet in Bolivien","date":"7. August 2014","format":"gallery","excerpt":"Von La Paz aus wollten wir auf den Cerro Chacaltaya, und damit unseren ersten 5.000 er besteigen. Leider war der Wetter-Inka heute nicht soooo gut gelaunt, denn es hatte viel Neuschnee und heftigen Sturm gehabt. (Obwohl in La Paz die Kirschbl\u00fcte ausgebrochen ist!) Also mussten wir auf halber Strecke wieder\u2026","rel":"","context":"In &quot;News&quot;","img":{"alt_text":"","src":"https:\/\/i0.wp.com\/my-alps.de\/wp-content\/uploads\/2014\/08\/Valle-Sorata-I-ce4-define.jpg?resize=350%2C200","width":350,"height":200},"classes":[]},{"id":1373,"url":"http:\/\/my-alps.de\/?p=1373","url_meta":{"origin":1390,"position":2},"title":"Salar de Uyuni &#8211; der gr\u00f6sste Salzsee der Welt","date":"24. Juli 2014","format":"gallery","excerpt":"Unsere Fahrt f\u00fchrt uns in die erste Stadt in Bolivien - Uyuni. Uyuni ist der ideale Ausgangsort um auf den gr\u00f6ssten Salzsee der Welt zu fahren. Als wir in der Uyuni ankommen geraten wir mitten\u00a0in den Trubel eines Stadtfestes. \u00dcberall Frauen in ihrer indianischen\u00a0Tracht, mit den ausladenden R\u00f6cken, den typischen\u2026","rel":"","context":"In &quot;News&quot;","img":{"alt_text":"","src":"https:\/\/i0.wp.com\/my-alps.de\/wp-content\/uploads\/2014\/07\/passt-doch.jpg?resize=350%2C200","width":350,"height":200},"classes":[]},{"id":1472,"url":"http:\/\/my-alps.de\/?p=1472","url_meta":{"origin":1390,"position":3},"title":"vom Sajama, dem h\u00f6chsten Berg Boliviens nach Peru","date":"8. August 2014","format":"gallery","excerpt":"Da wir vom Titikakasee etwas entt\u00e4uscht waren, haben wir uns kurzerhand entschlossen doch noch einen Abstecher zum \"Sajama\" zu fahren. Er liegt zwar auf dem Weg Richtung Chile, aber\u00a0das haben wir dann mit dem Grenz\u00fcbergang in Arica\u00a0verkn\u00fcpft. auf dem AltiplanoDer \"Sajama\" ist ein wundersch\u00f6ner Vulkankegel, der sich wie eine Zipfelm\u00fctze\u2026","rel":"","context":"In &quot;News&quot;","img":{"alt_text":"","src":"https:\/\/i0.wp.com\/my-alps.de\/wp-content\/uploads\/2014\/08\/Vulkanausbruch-1-ce4.jpg?resize=350%2C200","width":350,"height":200},"classes":[]},{"id":1337,"url":"http:\/\/my-alps.de\/?p=1337","url_meta":{"origin":1390,"position":4},"title":"Lagunenroute in Bolivien &#8211; Teil 3","date":"17. Juli 2014","format":"gallery","excerpt":"Lagunenroute - 3. Abschnitt Von Villa Mar bis nach San Christobal \u201eVilla Mar\u201c, ein kleines Nest mit vielleicht 200 Einwohnern wirbt mit \u00dcbernachtungsm\u00f6glichkeiten und Restaurants - doch zu sehen ist davon nicht viel. Was diesen Ort wirklich interessant macht, ist die Flussdurchfahrt hinauf zur - ja - \u201eMautstation\u201c! In Bolivien\u2026","rel":"","context":"In &quot;News&quot;","img":{"alt_text":"","src":"https:\/\/i0.wp.com\/my-alps.de\/wp-content\/uploads\/2014\/07\/Rocas-1.ce4_.jpg?resize=350%2C200","width":350,"height":200},"classes":[]},{"id":1467,"url":"http:\/\/my-alps.de\/?p=1467","url_meta":{"origin":1390,"position":5},"title":"Autofahren in Bolivien &#8211; es braucht nicht viel um verr\u00fcckt zu werden","date":"7. August 2014","format":"gallery","excerpt":"Wir sind jetzt einen ganzen Monat kreuz und quer durch den bolivianischen Altiplano gefahren, haben dabei grosse Salzseen \u00fcberquert, sind \u00fcber 5.000 m hoch hinauf gekommen, mussten durch Fl\u00fcsse fahren, durch Steppen und \u00fcber Wellblechpisten. Alles kein Problem. Wenn da nicht der Verkehr auf den Hauptstra\u00dfen und in La Paz\u2026","rel":"","context":"In &quot;News&quot;","img":{"alt_text":"","src":"https:\/\/i0.wp.com\/my-alps.de\/wp-content\/uploads\/2014\/08\/Innenstadt-La-Paz-ce4.jpg?resize=350%2C200","width":350,"height":200},"classes":[]}],"_links":{"self":[{"href":"http:\/\/my-alps.de\/index.php?rest_route=\/wp\/v2\/posts\/1390"}],"collection":[{"href":"http:\/\/my-alps.de\/index.php?rest_route=\/wp\/v2\/posts"}],"about":[{"href":"http:\/\/my-alps.de\/index.php?rest_route=\/wp\/v2\/types\/post"}],"author":[{"embeddable":true,"href":"http:\/\/my-alps.de\/index.php?rest_route=\/wp\/v2\/users\/1"}],"replies":[{"embeddable":true,"href":"http:\/\/my-alps.de\/index.php?rest_route=%2Fwp%2Fv2%2Fcomments&post=1390"}],"version-history":[{"count":8,"href":"http:\/\/my-alps.de\/index.php?rest_route=\/wp\/v2\/posts\/1390\/revisions"}],"predecessor-version":[{"id":1409,"href":"http:\/\/my-alps.de\/index.php?rest_route=\/wp\/v2\/posts\/1390\/revisions\/1409"}],"wp:attachment":[{"href":"http:\/\/my-alps.de\/index.php?rest_route=%2Fwp%2Fv2%2Fmedia&parent=1390"}],"wp:term":[{"taxonomy":"category","embeddable":true,"href":"http:\/\/my-alps.de\/index.php?rest_route=%2Fwp%2Fv2%2Fcategories&post=1390"},{"taxonomy":"post_tag","embeddable":true,"href":"http:\/\/my-alps.de\/index.php?rest_route=%2Fwp%2Fv2%2Ftags&post=1390"}],"curies":[{"name":"wp","href":"https:\/\/api.w.org\/{rel}","templated":true}]}}