{"id":1373,"date":"2014-07-24T02:23:51","date_gmt":"2014-07-24T00:23:51","guid":{"rendered":"http:\/\/my-alps.de\/?p=1373"},"modified":"2014-07-24T04:34:35","modified_gmt":"2014-07-24T02:34:35","slug":"salar-de-uyuni-der-groesste-salzsee-der-welt","status":"publish","type":"post","link":"http:\/\/my-alps.de\/?p=1373","title":{"rendered":"Salar de Uyuni &#8211; der gr\u00f6sste Salzsee der Welt"},"content":{"rendered":"<p>Unsere Fahrt f\u00fchrt uns in die erste Stadt in Bolivien &#8211; Uyuni.<\/p>\n<p>Uyuni ist der ideale Ausgangsort um auf den gr\u00f6ssten Salzsee<br \/>\nder Welt zu fahren. Als wir in der Uyuni ankommen geraten wir mitten\u00a0<span style=\"line-height: 1.5;\">in den Trubel eines Stadtfestes. \u00dcberall Frauen in ihrer indianischen\u00a0<\/span><span style=\"line-height: 1.5;\">Tracht, mit den ausladenden R\u00f6cken, den typischen \u201eBowler\u201c H\u00fcten\u00a0<\/span><span style=\"line-height: 1.5;\">und sch\u00f6n geflochtenen Z\u00f6pfen.<\/span><\/p>\n<p><!--more--><\/p>\n<div id=\"attachment_1379\" style=\"width: 1034px\" class=\"wp-caption aligncenter\"><a href=\"https:\/\/i0.wp.com\/my-alps.de\/wp-content\/uploads\/2014\/07\/zwei-Generationen-ce4.jpg\"><img aria-describedby=\"caption-attachment-1379\" data-attachment-id=\"1379\" data-permalink=\"http:\/\/my-alps.de\/?attachment_id=1379\" data-orig-file=\"https:\/\/i0.wp.com\/my-alps.de\/wp-content\/uploads\/2014\/07\/zwei-Generationen-ce4.jpg?fit=1024%2C682\" data-orig-size=\"1024,682\" data-comments-opened=\"1\" data-image-meta=\"{&quot;aperture&quot;:&quot;6.3&quot;,&quot;credit&quot;:&quot;&quot;,&quot;camera&quot;:&quot;NEX-7&quot;,&quot;caption&quot;:&quot;&quot;,&quot;created_timestamp&quot;:&quot;1405265112&quot;,&quot;copyright&quot;:&quot;&quot;,&quot;focal_length&quot;:&quot;200&quot;,&quot;iso&quot;:&quot;100&quot;,&quot;shutter_speed&quot;:&quot;0.003125&quot;,&quot;title&quot;:&quot;&quot;}\" data-image-title=\"zwei Generationen-ce4\" data-image-description=\"&lt;p&gt;zwei Generationen&lt;\/p&gt;\n\" data-image-caption=\"&lt;p&gt;zwei Generationen&lt;\/p&gt;\n\" data-medium-file=\"https:\/\/i0.wp.com\/my-alps.de\/wp-content\/uploads\/2014\/07\/zwei-Generationen-ce4.jpg?fit=300%2C199\" data-large-file=\"https:\/\/i0.wp.com\/my-alps.de\/wp-content\/uploads\/2014\/07\/zwei-Generationen-ce4.jpg?fit=625%2C416\" loading=\"lazy\" class=\"size-full wp-image-1379\" alt=\"zwei Generationen\" src=\"https:\/\/i0.wp.com\/my-alps.de\/wp-content\/uploads\/2014\/07\/zwei-Generationen-ce4.jpg?resize=625%2C416\" width=\"625\" height=\"416\" srcset=\"https:\/\/i0.wp.com\/my-alps.de\/wp-content\/uploads\/2014\/07\/zwei-Generationen-ce4.jpg?w=1024 1024w, https:\/\/i0.wp.com\/my-alps.de\/wp-content\/uploads\/2014\/07\/zwei-Generationen-ce4.jpg?resize=300%2C199 300w\" sizes=\"(max-width: 625px) 100vw, 625px\" data-recalc-dims=\"1\" \/><\/a><p id=\"caption-attachment-1379\" class=\"wp-caption-text\">zwei Generationen<\/p><\/div>\n<p><span style=\"line-height: 1.5;\">Nur ihre Smartphones, mit denen\u00a0<\/span><span style=\"line-height: 1.5;\">sie st\u00e4ndig herumhantieren passen nicht so recht ins Bild. Die M\u00e4nner\u00a0<\/span><span style=\"line-height: 1.5;\">k\u00fcmmern sich eher darum, das der Vorrat an Bierdosen nicht verebbt.<\/span><\/p>\n<div id=\"attachment_1378\" style=\"width: 1034px\" class=\"wp-caption aligncenter\"><a href=\"https:\/\/i0.wp.com\/my-alps.de\/wp-content\/uploads\/2014\/07\/Strassenmarkt-ce4.jpg\"><img aria-describedby=\"caption-attachment-1378\" data-attachment-id=\"1378\" data-permalink=\"http:\/\/my-alps.de\/?attachment_id=1378\" data-orig-file=\"https:\/\/i0.wp.com\/my-alps.de\/wp-content\/uploads\/2014\/07\/Strassenmarkt-ce4.jpg?fit=1024%2C682\" data-orig-size=\"1024,682\" data-comments-opened=\"1\" data-image-meta=\"{&quot;aperture&quot;:&quot;9&quot;,&quot;credit&quot;:&quot;&quot;,&quot;camera&quot;:&quot;NEX-7&quot;,&quot;caption&quot;:&quot;&quot;,&quot;created_timestamp&quot;:&quot;1405263901&quot;,&quot;copyright&quot;:&quot;&quot;,&quot;focal_length&quot;:&quot;105&quot;,&quot;iso&quot;:&quot;100&quot;,&quot;shutter_speed&quot;:&quot;0.0025&quot;,&quot;title&quot;:&quot;&quot;}\" data-image-title=\"Strassenmarkt-ce4\" data-image-description=\"&lt;p&gt;Strassenmarkt&lt;\/p&gt;\n\" data-image-caption=\"&lt;p&gt;Strassenmarkt&lt;\/p&gt;\n\" data-medium-file=\"https:\/\/i0.wp.com\/my-alps.de\/wp-content\/uploads\/2014\/07\/Strassenmarkt-ce4.jpg?fit=300%2C199\" data-large-file=\"https:\/\/i0.wp.com\/my-alps.de\/wp-content\/uploads\/2014\/07\/Strassenmarkt-ce4.jpg?fit=625%2C416\" loading=\"lazy\" class=\"size-full wp-image-1378\" alt=\"Strassenmarkt\" src=\"https:\/\/i0.wp.com\/my-alps.de\/wp-content\/uploads\/2014\/07\/Strassenmarkt-ce4.jpg?resize=625%2C416\" width=\"625\" height=\"416\" srcset=\"https:\/\/i0.wp.com\/my-alps.de\/wp-content\/uploads\/2014\/07\/Strassenmarkt-ce4.jpg?w=1024 1024w, https:\/\/i0.wp.com\/my-alps.de\/wp-content\/uploads\/2014\/07\/Strassenmarkt-ce4.jpg?resize=300%2C199 300w\" sizes=\"(max-width: 625px) 100vw, 625px\" data-recalc-dims=\"1\" \/><\/a><p id=\"caption-attachment-1378\" class=\"wp-caption-text\">Strassenmarkt<\/p><\/div>\n<p>Ein Festumzug des Milit\u00e4rs, das bis an die Z\u00e4hne mit SCHARFER Munition\u00a0<span style=\"line-height: 1.5;\">bewaffnet ist, er\u00f6ffnet das Stadtfest. Nach ein paar kurzen Reden, denen\u00a0<\/span><span style=\"line-height: 1.5;\">eh\u2019 kaum jemand mehr Beachtung schenkt, beginnt ein &#8211; sagen wir es auf\u00a0<\/span><span style=\"line-height: 1.5;\">gut bayerisch &#8211; immenses Saufgelage. Wir suchen Zuflucht im Hinterhof\u00a0<\/span><span style=\"line-height: 1.5;\">eines Hostals und parken unsere Wohnmobile dort sicher.<\/span><\/p>\n<div id=\"attachment_1380\" style=\"width: 1034px\" class=\"wp-caption aligncenter\"><a href=\"https:\/\/i0.wp.com\/my-alps.de\/wp-content\/uploads\/2014\/07\/Mercado-Uyuni-1-ce4.jpg\"><img aria-describedby=\"caption-attachment-1380\" data-attachment-id=\"1380\" data-permalink=\"http:\/\/my-alps.de\/?attachment_id=1380\" data-orig-file=\"https:\/\/i0.wp.com\/my-alps.de\/wp-content\/uploads\/2014\/07\/Mercado-Uyuni-1-ce4.jpg?fit=1024%2C683\" data-orig-size=\"1024,683\" data-comments-opened=\"1\" data-image-meta=\"{&quot;aperture&quot;:&quot;6.3&quot;,&quot;credit&quot;:&quot;&quot;,&quot;camera&quot;:&quot;NEX-7&quot;,&quot;caption&quot;:&quot;&quot;,&quot;created_timestamp&quot;:&quot;1405335725&quot;,&quot;copyright&quot;:&quot;&quot;,&quot;focal_length&quot;:&quot;56.8&quot;,&quot;iso&quot;:&quot;800&quot;,&quot;shutter_speed&quot;:&quot;0.0125&quot;,&quot;title&quot;:&quot;&quot;}\" data-image-title=\"Mercado Uyuni-1-ce4\" data-image-description=\"&lt;p&gt;Mercado Uyuni&lt;\/p&gt;\n\" data-image-caption=\"&lt;p&gt;Mercado Uyuni&lt;\/p&gt;\n\" data-medium-file=\"https:\/\/i0.wp.com\/my-alps.de\/wp-content\/uploads\/2014\/07\/Mercado-Uyuni-1-ce4.jpg?fit=300%2C200\" data-large-file=\"https:\/\/i0.wp.com\/my-alps.de\/wp-content\/uploads\/2014\/07\/Mercado-Uyuni-1-ce4.jpg?fit=625%2C417\" loading=\"lazy\" class=\"size-full wp-image-1380\" alt=\"Mercado Uyuni\" src=\"https:\/\/i0.wp.com\/my-alps.de\/wp-content\/uploads\/2014\/07\/Mercado-Uyuni-1-ce4.jpg?resize=625%2C417\" width=\"625\" height=\"417\" srcset=\"https:\/\/i0.wp.com\/my-alps.de\/wp-content\/uploads\/2014\/07\/Mercado-Uyuni-1-ce4.jpg?w=1024 1024w, https:\/\/i0.wp.com\/my-alps.de\/wp-content\/uploads\/2014\/07\/Mercado-Uyuni-1-ce4.jpg?resize=300%2C200 300w\" sizes=\"(max-width: 625px) 100vw, 625px\" data-recalc-dims=\"1\" \/><\/a><p id=\"caption-attachment-1380\" class=\"wp-caption-text\">Mercado Uyuni<\/p><\/div>\n<p>Zu fortgeschrittener Stunde wagen wir uns in die Stadt und stellen fest,\u00a0<span style=\"line-height: 1.5;\">das die Einwohner von Uyuni den Kulmbachern in Bezug auf<\/span><br \/>\nTrinkfestigkeit in nichts nachstehen. Wir beobachten verwundert, wie\u00a0<span style=\"line-height: 1.5;\">einige Indiofrauen ein Bier nach dem anderen in sich hineinsch\u00fctten als\u00a0<\/span><span style=\"line-height: 1.5;\">ob es kein morgen geben w\u00fcrde.<\/span><\/p>\n<div id=\"attachment_1381\" style=\"width: 1034px\" class=\"wp-caption aligncenter\"><a href=\"https:\/\/i0.wp.com\/my-alps.de\/wp-content\/uploads\/2014\/07\/Die-K\u00e4sefrau-ce4-beschnitten.jpg\"><img aria-describedby=\"caption-attachment-1381\" data-attachment-id=\"1381\" data-permalink=\"http:\/\/my-alps.de\/?attachment_id=1381\" data-orig-file=\"https:\/\/i0.wp.com\/my-alps.de\/wp-content\/uploads\/2014\/07\/Die-K\u00e4sefrau-ce4-beschnitten.jpg?fit=1024%2C733\" data-orig-size=\"1024,733\" data-comments-opened=\"1\" data-image-meta=\"{&quot;aperture&quot;:&quot;6.3&quot;,&quot;credit&quot;:&quot;&quot;,&quot;camera&quot;:&quot;NEX-7&quot;,&quot;caption&quot;:&quot;&quot;,&quot;created_timestamp&quot;:&quot;1405335378&quot;,&quot;copyright&quot;:&quot;&quot;,&quot;focal_length&quot;:&quot;114.4&quot;,&quot;iso&quot;:&quot;1600&quot;,&quot;shutter_speed&quot;:&quot;0.0125&quot;,&quot;title&quot;:&quot;&quot;}\" data-image-title=\"Die K\u00e4sefrau-ce4-beschnitten\" data-image-description=\"&lt;p&gt;Die K\u00e4sefrau&lt;\/p&gt;\n\" data-image-caption=\"&lt;p&gt;Die K\u00e4sefrau&lt;\/p&gt;\n\" data-medium-file=\"https:\/\/i0.wp.com\/my-alps.de\/wp-content\/uploads\/2014\/07\/Die-K\u00e4sefrau-ce4-beschnitten.jpg?fit=300%2C214\" data-large-file=\"https:\/\/i0.wp.com\/my-alps.de\/wp-content\/uploads\/2014\/07\/Die-K\u00e4sefrau-ce4-beschnitten.jpg?fit=625%2C447\" loading=\"lazy\" class=\"size-full wp-image-1381\" alt=\"Die K\u00e4sefrau\" src=\"https:\/\/i0.wp.com\/my-alps.de\/wp-content\/uploads\/2014\/07\/Die-K\u00e4sefrau-ce4-beschnitten.jpg?resize=625%2C447\" width=\"625\" height=\"447\" srcset=\"https:\/\/i0.wp.com\/my-alps.de\/wp-content\/uploads\/2014\/07\/Die-K\u00e4sefrau-ce4-beschnitten.jpg?w=1024 1024w, https:\/\/i0.wp.com\/my-alps.de\/wp-content\/uploads\/2014\/07\/Die-K\u00e4sefrau-ce4-beschnitten.jpg?resize=300%2C214 300w\" sizes=\"(max-width: 625px) 100vw, 625px\" data-recalc-dims=\"1\" \/><\/a><p id=\"caption-attachment-1381\" class=\"wp-caption-text\">Die K\u00e4sefrau<\/p><\/div>\n<p>Am n\u00e4chsten Morgen sitzen die gleichen Frauen (etwas zerknittert) hinter\u00a0<span style=\"line-height: 1.5;\">ihren Marktst\u00e4nden und verkaufen leckeres Obst und Gem\u00fcse.<\/span><\/p>\n<div id=\"attachment_1382\" style=\"width: 1034px\" class=\"wp-caption aligncenter\"><a href=\"https:\/\/i0.wp.com\/my-alps.de\/wp-content\/uploads\/2014\/07\/Die-Kr\u00e4uterfrau-ce4.jpg\"><img aria-describedby=\"caption-attachment-1382\" data-attachment-id=\"1382\" data-permalink=\"http:\/\/my-alps.de\/?attachment_id=1382\" data-orig-file=\"https:\/\/i0.wp.com\/my-alps.de\/wp-content\/uploads\/2014\/07\/Die-Kr\u00e4uterfrau-ce4.jpg?fit=1024%2C683\" data-orig-size=\"1024,683\" data-comments-opened=\"1\" data-image-meta=\"{&quot;aperture&quot;:&quot;6.3&quot;,&quot;credit&quot;:&quot;&quot;,&quot;camera&quot;:&quot;NEX-7&quot;,&quot;caption&quot;:&quot;&quot;,&quot;created_timestamp&quot;:&quot;1405264723&quot;,&quot;copyright&quot;:&quot;&quot;,&quot;focal_length&quot;:&quot;18&quot;,&quot;iso&quot;:&quot;100&quot;,&quot;shutter_speed&quot;:&quot;0.005&quot;,&quot;title&quot;:&quot;&quot;}\" data-image-title=\"Die Kr\u00e4uterfrau-ce4\" data-image-description=\"&lt;p&gt;Die Kr\u00e4uterfrau&lt;\/p&gt;\n\" data-image-caption=\"&lt;p&gt;Die Kr\u00e4uterfrau&lt;\/p&gt;\n\" data-medium-file=\"https:\/\/i0.wp.com\/my-alps.de\/wp-content\/uploads\/2014\/07\/Die-Kr\u00e4uterfrau-ce4.jpg?fit=300%2C200\" data-large-file=\"https:\/\/i0.wp.com\/my-alps.de\/wp-content\/uploads\/2014\/07\/Die-Kr\u00e4uterfrau-ce4.jpg?fit=625%2C417\" loading=\"lazy\" class=\"size-full wp-image-1382\" alt=\"Die Kr\u00e4uterfrau\" src=\"https:\/\/i0.wp.com\/my-alps.de\/wp-content\/uploads\/2014\/07\/Die-Kr\u00e4uterfrau-ce4.jpg?resize=625%2C417\" width=\"625\" height=\"417\" srcset=\"https:\/\/i0.wp.com\/my-alps.de\/wp-content\/uploads\/2014\/07\/Die-Kr\u00e4uterfrau-ce4.jpg?w=1024 1024w, https:\/\/i0.wp.com\/my-alps.de\/wp-content\/uploads\/2014\/07\/Die-Kr\u00e4uterfrau-ce4.jpg?resize=300%2C200 300w\" sizes=\"(max-width: 625px) 100vw, 625px\" data-recalc-dims=\"1\" \/><\/a><p id=\"caption-attachment-1382\" class=\"wp-caption-text\">Die Kr\u00e4uterfrau<\/p><\/div>\n<p>Auf unserem Streifzug \u00fcber den Markt kaufen wir salzigen Ziegenk\u00e4se,\u00a0<span style=\"line-height: 1.5;\">Chirimoyas und andere Fr\u00fcchte, die wir noch nie gesehen haben.<\/span><br \/>\nNur das mit dem Fleisch &#8211; das lassen wir lieber.<\/p>\n<div id=\"attachment_1383\" style=\"width: 1034px\" class=\"wp-caption aligncenter\"><a href=\"https:\/\/i0.wp.com\/my-alps.de\/wp-content\/uploads\/2014\/07\/die-Metzgerei-Bobbnsagg-ce4.jpg\"><img aria-describedby=\"caption-attachment-1383\" data-attachment-id=\"1383\" data-permalink=\"http:\/\/my-alps.de\/?attachment_id=1383\" data-orig-file=\"https:\/\/i0.wp.com\/my-alps.de\/wp-content\/uploads\/2014\/07\/die-Metzgerei-Bobbnsagg-ce4.jpg?fit=1024%2C683\" data-orig-size=\"1024,683\" data-comments-opened=\"1\" data-image-meta=\"{&quot;aperture&quot;:&quot;4&quot;,&quot;credit&quot;:&quot;&quot;,&quot;camera&quot;:&quot;NEX-7&quot;,&quot;caption&quot;:&quot;&quot;,&quot;created_timestamp&quot;:&quot;1405335351&quot;,&quot;copyright&quot;:&quot;&quot;,&quot;focal_length&quot;:&quot;18&quot;,&quot;iso&quot;:&quot;400&quot;,&quot;shutter_speed&quot;:&quot;0.016666666666667&quot;,&quot;title&quot;:&quot;&quot;}\" data-image-title=\"die Metzgerei Bobbnsagg-ce4\" data-image-description=\"&lt;p&gt;die Metzgerei Bobbnsagg&lt;\/p&gt;\n\" data-image-caption=\"&lt;p&gt;die Metzgerei Bobbnsagg&lt;\/p&gt;\n\" data-medium-file=\"https:\/\/i0.wp.com\/my-alps.de\/wp-content\/uploads\/2014\/07\/die-Metzgerei-Bobbnsagg-ce4.jpg?fit=300%2C200\" data-large-file=\"https:\/\/i0.wp.com\/my-alps.de\/wp-content\/uploads\/2014\/07\/die-Metzgerei-Bobbnsagg-ce4.jpg?fit=625%2C417\" loading=\"lazy\" class=\"size-full wp-image-1383\" alt=\"die Metzgerei Bobbnsagg\" src=\"https:\/\/i0.wp.com\/my-alps.de\/wp-content\/uploads\/2014\/07\/die-Metzgerei-Bobbnsagg-ce4.jpg?resize=625%2C417\" width=\"625\" height=\"417\" srcset=\"https:\/\/i0.wp.com\/my-alps.de\/wp-content\/uploads\/2014\/07\/die-Metzgerei-Bobbnsagg-ce4.jpg?w=1024 1024w, https:\/\/i0.wp.com\/my-alps.de\/wp-content\/uploads\/2014\/07\/die-Metzgerei-Bobbnsagg-ce4.jpg?resize=300%2C200 300w\" sizes=\"(max-width: 625px) 100vw, 625px\" data-recalc-dims=\"1\" \/><\/a><p id=\"caption-attachment-1383\" class=\"wp-caption-text\">die Metzgerei Bobbnsagg<\/p><\/div>\n<p>Am Nachmittag brechen wir dann auf zu unserer n\u00e4chsten Tour.<br \/>\nWir wollen den \u201eSalar de Uyuni&#8220; mit unseren WOMO\u2019s \u00fcberqueren.<br \/>\nDer ausgetrocknete Salzsee ist etwa 135 Km breit und 160 Km lang.<br \/>\nDie Salzschicht ist zwischen 3 und 7 Metern dick und topfeben.<\/p>\n<div id=\"attachment_1384\" style=\"width: 1034px\" class=\"wp-caption aligncenter\"><a href=\"https:\/\/i0.wp.com\/my-alps.de\/wp-content\/uploads\/2014\/07\/Bimobil-auf-dem-Salar-ce4.jpg\"><img aria-describedby=\"caption-attachment-1384\" data-attachment-id=\"1384\" data-permalink=\"http:\/\/my-alps.de\/?attachment_id=1384\" data-orig-file=\"https:\/\/i0.wp.com\/my-alps.de\/wp-content\/uploads\/2014\/07\/Bimobil-auf-dem-Salar-ce4.jpg?fit=1024%2C683\" data-orig-size=\"1024,683\" data-comments-opened=\"1\" data-image-meta=\"{&quot;aperture&quot;:&quot;16&quot;,&quot;credit&quot;:&quot;&quot;,&quot;camera&quot;:&quot;NEX-7&quot;,&quot;caption&quot;:&quot;&quot;,&quot;created_timestamp&quot;:&quot;1405248815&quot;,&quot;copyright&quot;:&quot;&quot;,&quot;focal_length&quot;:&quot;12&quot;,&quot;iso&quot;:&quot;100&quot;,&quot;shutter_speed&quot;:&quot;0.0025&quot;,&quot;title&quot;:&quot;&quot;}\" data-image-title=\"Bimobil auf dem Salar-ce4\" data-image-description=\"&lt;p&gt;Bimobil auf dem Salar&lt;\/p&gt;\n\" data-image-caption=\"&lt;p&gt;Bimobil auf dem Salar&lt;\/p&gt;\n\" data-medium-file=\"https:\/\/i0.wp.com\/my-alps.de\/wp-content\/uploads\/2014\/07\/Bimobil-auf-dem-Salar-ce4.jpg?fit=300%2C200\" data-large-file=\"https:\/\/i0.wp.com\/my-alps.de\/wp-content\/uploads\/2014\/07\/Bimobil-auf-dem-Salar-ce4.jpg?fit=625%2C417\" loading=\"lazy\" class=\"size-full wp-image-1384\" alt=\"Bimobil auf dem Salar\" src=\"https:\/\/i0.wp.com\/my-alps.de\/wp-content\/uploads\/2014\/07\/Bimobil-auf-dem-Salar-ce4.jpg?resize=625%2C417\" width=\"625\" height=\"417\" srcset=\"https:\/\/i0.wp.com\/my-alps.de\/wp-content\/uploads\/2014\/07\/Bimobil-auf-dem-Salar-ce4.jpg?w=1024 1024w, https:\/\/i0.wp.com\/my-alps.de\/wp-content\/uploads\/2014\/07\/Bimobil-auf-dem-Salar-ce4.jpg?resize=300%2C200 300w\" sizes=\"(max-width: 625px) 100vw, 625px\" data-recalc-dims=\"1\" \/><\/a><p id=\"caption-attachment-1384\" class=\"wp-caption-text\">Bimobil auf dem Salar<\/p><\/div>\n<p>In der Mitte des See\u2019s gibt es zwei Inseln, die kleinere, die \u201eIsla Incahuasi\u201c\u00a0<span style=\"line-height: 1.5;\">ist unser Ziel. Wir fahren zu dem Damm, der \u00fcber die morastige\u00a0<\/span><span style=\"line-height: 1.5;\">Uferzone f\u00fchrt, stellen das GPS auf Luftlinienrouting und fahren los.<\/span><\/p>\n<div id=\"attachment_1388\" style=\"width: 1034px\" class=\"wp-caption aligncenter\"><a href=\"https:\/\/i0.wp.com\/my-alps.de\/wp-content\/uploads\/2014\/07\/passt-doch.jpg\"><img aria-describedby=\"caption-attachment-1388\" data-attachment-id=\"1388\" data-permalink=\"http:\/\/my-alps.de\/?attachment_id=1388\" data-orig-file=\"https:\/\/i0.wp.com\/my-alps.de\/wp-content\/uploads\/2014\/07\/passt-doch.jpg?fit=1024%2C576\" data-orig-size=\"1024,576\" data-comments-opened=\"1\" data-image-meta=\"{&quot;aperture&quot;:&quot;19&quot;,&quot;credit&quot;:&quot;&quot;,&quot;camera&quot;:&quot;SLT-A99V&quot;,&quot;caption&quot;:&quot;&quot;,&quot;created_timestamp&quot;:&quot;1405190444&quot;,&quot;copyright&quot;:&quot;&quot;,&quot;focal_length&quot;:&quot;55&quot;,&quot;iso&quot;:&quot;100&quot;,&quot;shutter_speed&quot;:&quot;0.008&quot;,&quot;title&quot;:&quot;&quot;}\" data-image-title=\"passt doch!\" data-image-description=\"&lt;p&gt;passt doch!&lt;\/p&gt;\n\" data-image-caption=\"&lt;p&gt;passt doch!&lt;\/p&gt;\n\" data-medium-file=\"https:\/\/i0.wp.com\/my-alps.de\/wp-content\/uploads\/2014\/07\/passt-doch.jpg?fit=300%2C168\" data-large-file=\"https:\/\/i0.wp.com\/my-alps.de\/wp-content\/uploads\/2014\/07\/passt-doch.jpg?fit=625%2C352\" loading=\"lazy\" class=\"size-full wp-image-1388\" alt=\"passt doch!\" src=\"https:\/\/i0.wp.com\/my-alps.de\/wp-content\/uploads\/2014\/07\/passt-doch.jpg?resize=625%2C352\" width=\"625\" height=\"352\" srcset=\"https:\/\/i0.wp.com\/my-alps.de\/wp-content\/uploads\/2014\/07\/passt-doch.jpg?w=1024 1024w, https:\/\/i0.wp.com\/my-alps.de\/wp-content\/uploads\/2014\/07\/passt-doch.jpg?resize=300%2C168 300w\" sizes=\"(max-width: 625px) 100vw, 625px\" data-recalc-dims=\"1\" \/><\/a><p id=\"caption-attachment-1388\" class=\"wp-caption-text\">passt doch!<\/p><\/div>\n<p>Erst noch vorsichtig, denn es gibt \u201eOjos\u201c, so werden die \u201eundichten\u201c<br \/>\nStellen genannt, in denen Wasser steht und das Salz nicht tragf\u00e4hig<br \/>\ngenug f\u00fcr ein Auto ist. Aber es ist ja Winter, und daher ist der Salzsee\u00a0<span style=\"line-height: 1.5;\">komplett trockengelegt. Denn nach den Regenf\u00e4llen im Sommer kann der\u00a0<\/span><span style=\"line-height: 1.5;\">Salzsee ca. 10 cm komplett mit Wasser bedeckt sein. Dann wirkt die riesige\u00a0<\/span><span style=\"line-height: 1.5;\">Fl\u00e4che wie ein \u00fcberdimensionaler Spiegel.<\/span><\/p>\n<div id=\"attachment_1385\" style=\"width: 1034px\" class=\"wp-caption aligncenter\"><a href=\"https:\/\/i0.wp.com\/my-alps.de\/wp-content\/uploads\/2014\/07\/Inseln-im-Salz-ce4.jpg\"><img aria-describedby=\"caption-attachment-1385\" data-attachment-id=\"1385\" data-permalink=\"http:\/\/my-alps.de\/?attachment_id=1385\" data-orig-file=\"https:\/\/i0.wp.com\/my-alps.de\/wp-content\/uploads\/2014\/07\/Inseln-im-Salz-ce4.jpg?fit=1024%2C683\" data-orig-size=\"1024,683\" data-comments-opened=\"1\" data-image-meta=\"{&quot;aperture&quot;:&quot;11&quot;,&quot;credit&quot;:&quot;&quot;,&quot;camera&quot;:&quot;SLT-A99V&quot;,&quot;caption&quot;:&quot;&quot;,&quot;created_timestamp&quot;:&quot;1405187109&quot;,&quot;copyright&quot;:&quot;&quot;,&quot;focal_length&quot;:&quot;200&quot;,&quot;iso&quot;:&quot;100&quot;,&quot;shutter_speed&quot;:&quot;0.0028571428571429&quot;,&quot;title&quot;:&quot;&quot;}\" data-image-title=\"Inseln im Salz-ce4\" data-image-description=\"&lt;p&gt;Inseln im Salz&lt;\/p&gt;\n\" data-image-caption=\"&lt;p&gt;Inseln im Salz&lt;\/p&gt;\n\" data-medium-file=\"https:\/\/i0.wp.com\/my-alps.de\/wp-content\/uploads\/2014\/07\/Inseln-im-Salz-ce4.jpg?fit=300%2C200\" data-large-file=\"https:\/\/i0.wp.com\/my-alps.de\/wp-content\/uploads\/2014\/07\/Inseln-im-Salz-ce4.jpg?fit=625%2C417\" loading=\"lazy\" class=\"size-full wp-image-1385\" alt=\"Inseln im Salz\" src=\"https:\/\/i0.wp.com\/my-alps.de\/wp-content\/uploads\/2014\/07\/Inseln-im-Salz-ce4.jpg?resize=625%2C417\" width=\"625\" height=\"417\" srcset=\"https:\/\/i0.wp.com\/my-alps.de\/wp-content\/uploads\/2014\/07\/Inseln-im-Salz-ce4.jpg?w=1024 1024w, https:\/\/i0.wp.com\/my-alps.de\/wp-content\/uploads\/2014\/07\/Inseln-im-Salz-ce4.jpg?resize=300%2C200 300w\" sizes=\"(max-width: 625px) 100vw, 625px\" data-recalc-dims=\"1\" \/><\/a><p id=\"caption-attachment-1385\" class=\"wp-caption-text\">Inseln im Salz<\/p><\/div>\n<p>Bis zur Insel sind es knapp 70 Kilometer und wir sind am Abend dort<br \/>\nsicher angekommen. Wir werden diese Nacht &#8211; es ist Vollmond &#8211; auf dem Salar verbringen.<br \/>\nWir bestaunen den Sonnenuntergang und als sp\u00e4ter der Mond am Himmel steht\u00a0<span style=\"line-height: 1.5;\">machen wir eine \u201eNachtwanderung\u201c \u00fcber die Salzfl\u00e4che. Richtig dunkel wird es nicht,\u00a0<\/span><span style=\"line-height: 1.5;\">da das Vollmondlicht vom Salz so reflektiert wird als sei es Neuschnee.<\/span><\/p>\n<div id=\"attachment_1386\" style=\"width: 1034px\" class=\"wp-caption aligncenter\"><a href=\"https:\/\/i0.wp.com\/my-alps.de\/wp-content\/uploads\/2014\/07\/Salar-Uyuni-2-ce4-HD.jpg\"><img aria-describedby=\"caption-attachment-1386\" data-attachment-id=\"1386\" data-permalink=\"http:\/\/my-alps.de\/?attachment_id=1386\" data-orig-file=\"https:\/\/i0.wp.com\/my-alps.de\/wp-content\/uploads\/2014\/07\/Salar-Uyuni-2-ce4-HD.jpg?fit=1024%2C576\" data-orig-size=\"1024,576\" data-comments-opened=\"1\" data-image-meta=\"{&quot;aperture&quot;:&quot;4&quot;,&quot;credit&quot;:&quot;&quot;,&quot;camera&quot;:&quot;SLT-A99V&quot;,&quot;caption&quot;:&quot;&quot;,&quot;created_timestamp&quot;:&quot;1405195872&quot;,&quot;copyright&quot;:&quot;&quot;,&quot;focal_length&quot;:&quot;30&quot;,&quot;iso&quot;:&quot;320&quot;,&quot;shutter_speed&quot;:&quot;0.005&quot;,&quot;title&quot;:&quot;&quot;}\" data-image-title=\"Salar Uyuni-2-ce4-HD\" data-image-description=\"&lt;p&gt;Salar Uyuni&lt;\/p&gt;\n\" data-image-caption=\"&lt;p&gt;Salar Uyuni&lt;\/p&gt;\n\" data-medium-file=\"https:\/\/i0.wp.com\/my-alps.de\/wp-content\/uploads\/2014\/07\/Salar-Uyuni-2-ce4-HD.jpg?fit=300%2C168\" data-large-file=\"https:\/\/i0.wp.com\/my-alps.de\/wp-content\/uploads\/2014\/07\/Salar-Uyuni-2-ce4-HD.jpg?fit=625%2C352\" loading=\"lazy\" class=\"size-full wp-image-1386\" alt=\"Salar Uyuni\" src=\"https:\/\/i0.wp.com\/my-alps.de\/wp-content\/uploads\/2014\/07\/Salar-Uyuni-2-ce4-HD.jpg?resize=625%2C352\" width=\"625\" height=\"352\" srcset=\"https:\/\/i0.wp.com\/my-alps.de\/wp-content\/uploads\/2014\/07\/Salar-Uyuni-2-ce4-HD.jpg?w=1024 1024w, https:\/\/i0.wp.com\/my-alps.de\/wp-content\/uploads\/2014\/07\/Salar-Uyuni-2-ce4-HD.jpg?resize=300%2C168 300w\" sizes=\"(max-width: 625px) 100vw, 625px\" data-recalc-dims=\"1\" \/><\/a><p id=\"caption-attachment-1386\" class=\"wp-caption-text\">Salar Uyuni<\/p><\/div>\n<p>Die absolute Stille ist beeindruckend, und unter den F\u00fc\u00dfen klirren die Salzkristalle\u00a0<span style=\"line-height: 1.5;\">wenn man \u00fcber die Ebene l\u00e4uft. Der Salar ist gn\u00e4dig mit uns, denn am n\u00e4chsten Morgen\u00a0<\/span><span style=\"line-height: 1.5;\">ist es gar nicht so kalt wie erwartet &#8211; nur minus 5 Grad.<\/span><\/p>\n<div id=\"attachment_1387\" style=\"width: 1034px\" class=\"wp-caption aligncenter\"><a href=\"https:\/\/i0.wp.com\/my-alps.de\/wp-content\/uploads\/2014\/07\/nach-dem-Salar.jpg\"><img aria-describedby=\"caption-attachment-1387\" data-attachment-id=\"1387\" data-permalink=\"http:\/\/my-alps.de\/?attachment_id=1387\" data-orig-file=\"https:\/\/i0.wp.com\/my-alps.de\/wp-content\/uploads\/2014\/07\/nach-dem-Salar.jpg?fit=1024%2C683\" data-orig-size=\"1024,683\" data-comments-opened=\"1\" data-image-meta=\"{&quot;aperture&quot;:&quot;5.6&quot;,&quot;credit&quot;:&quot;&quot;,&quot;camera&quot;:&quot;DSC-RX100&quot;,&quot;caption&quot;:&quot;&quot;,&quot;created_timestamp&quot;:&quot;1405263062&quot;,&quot;copyright&quot;:&quot;&quot;,&quot;focal_length&quot;:&quot;37.1&quot;,&quot;iso&quot;:&quot;125&quot;,&quot;shutter_speed&quot;:&quot;0.00625&quot;,&quot;title&quot;:&quot;&quot;}\" data-image-title=\"nach dem Salar\" data-image-description=\"&lt;p&gt;nach dem Salar&lt;\/p&gt;\n\" data-image-caption=\"&lt;p&gt;nach dem Salar&lt;\/p&gt;\n\" data-medium-file=\"https:\/\/i0.wp.com\/my-alps.de\/wp-content\/uploads\/2014\/07\/nach-dem-Salar.jpg?fit=300%2C200\" data-large-file=\"https:\/\/i0.wp.com\/my-alps.de\/wp-content\/uploads\/2014\/07\/nach-dem-Salar.jpg?fit=625%2C417\" loading=\"lazy\" class=\"size-full wp-image-1387\" alt=\"nach dem Salar\" src=\"https:\/\/i0.wp.com\/my-alps.de\/wp-content\/uploads\/2014\/07\/nach-dem-Salar.jpg?resize=625%2C417\" width=\"625\" height=\"417\" srcset=\"https:\/\/i0.wp.com\/my-alps.de\/wp-content\/uploads\/2014\/07\/nach-dem-Salar.jpg?w=1024 1024w, https:\/\/i0.wp.com\/my-alps.de\/wp-content\/uploads\/2014\/07\/nach-dem-Salar.jpg?resize=300%2C200 300w\" sizes=\"(max-width: 625px) 100vw, 625px\" data-recalc-dims=\"1\" \/><\/a><p id=\"caption-attachment-1387\" class=\"wp-caption-text\">nach dem Salar<\/p><\/div>\n<p>Am Nachmittag kommen wir dann wieder in Uyuni an und lassen erst mal\u00a0<span style=\"line-height: 1.5;\">unsere Autos vom Salz befreien.<\/span><\/p>\n","protected":false},"excerpt":{"rendered":"<p>Unsere Fahrt f\u00fchrt uns in die erste Stadt in Bolivien &#8211; Uyuni. Uyuni ist der ideale Ausgangsort um auf den gr\u00f6ssten Salzsee der Welt zu fahren. Als wir in der Uyuni ankommen geraten wir mitten\u00a0in den Trubel eines Stadtfestes. \u00dcberall Frauen in ihrer indianischen\u00a0Tracht, mit den ausladenden R\u00f6cken, den typischen \u201eBowler\u201c H\u00fcten\u00a0und sch\u00f6n geflochtenen Z\u00f6pfen.<\/p>\n","protected":false},"author":1,"featured_media":0,"comment_status":"open","ping_status":"open","sticky":false,"template":"","format":"gallery","meta":{"spay_email":"","jetpack_publicize_message":"","jetpack_is_tweetstorm":false,"jetpack_publicize_feature_enabled":true},"categories":[1],"tags":[],"jetpack_featured_media_url":"","jetpack_publicize_connections":[],"jetpack_sharing_enabled":true,"jetpack_shortlink":"https:\/\/wp.me\/p6huce-m9","jetpack-related-posts":[{"id":1390,"url":"http:\/\/my-alps.de\/?p=1390","url_meta":{"origin":1373,"position":0},"title":"von Uyuni nach Cochabamba (Teil 1)","date":"24. Juli 2014","format":"gallery","excerpt":"Unsere Route durch Bolivien f\u00fchrt uns von Uyuni \u00fcber Potosi und Sucre weiter nach Cochabamba. Die Strecke f\u00fchrt durch\u2019s bolivianische Altiplano. Das Altiplano liegt eingebettet zwischen den westlichen und den \u00f6stlichen Kordilleren. Hier ist die \u201eBesiedlungsdichte\u201c am gr\u00f6ssten und mit Potosi und Sucre liegen zwei grosse St\u00e4dte auf unserem Weg.\u2026","rel":"","context":"In &quot;News&quot;","img":{"alt_text":"","src":"https:\/\/i0.wp.com\/my-alps.de\/wp-content\/uploads\/2014\/07\/hilft-bestimmt-ce4.jpg?resize=350%2C200","width":350,"height":200},"classes":[]},{"id":1337,"url":"http:\/\/my-alps.de\/?p=1337","url_meta":{"origin":1373,"position":1},"title":"Lagunenroute in Bolivien &#8211; Teil 3","date":"17. Juli 2014","format":"gallery","excerpt":"Lagunenroute - 3. Abschnitt Von Villa Mar bis nach San Christobal \u201eVilla Mar\u201c, ein kleines Nest mit vielleicht 200 Einwohnern wirbt mit \u00dcbernachtungsm\u00f6glichkeiten und Restaurants - doch zu sehen ist davon nicht viel. Was diesen Ort wirklich interessant macht, ist die Flussdurchfahrt hinauf zur - ja - \u201eMautstation\u201c! In Bolivien\u2026","rel":"","context":"In &quot;News&quot;","img":{"alt_text":"","src":"https:\/\/i0.wp.com\/my-alps.de\/wp-content\/uploads\/2014\/07\/Rocas-1.ce4_.jpg?resize=350%2C200","width":350,"height":200},"classes":[]},{"id":955,"url":"http:\/\/my-alps.de\/?p=955","url_meta":{"origin":1373,"position":2},"title":"Die Kehrseite &#8211; g\u00fcnstiger Fisch f\u00fcr die gesamte Welt","date":"30. M\u00e4rz 2014","format":"gallery","excerpt":"Wir sind ja nun schon eine ganze Weile an den Fjorden des Pazifiks im S\u00fcden von Chile unterwegs und uns ist bewusst geworden mit welchem Ausma\u00df die Fischindustrie hier die Landschaft in Besitz genommen hat. Waren fr\u00fcher viele Fischer mit ihren Booten drau\u00dfen im Pazifik unterwegs um den frischen Fisch\u2026","rel":"","context":"In &quot;unter uns&quot;","img":{"alt_text":"","src":"https:\/\/i0.wp.com\/my-alps.de\/wp-content\/uploads\/2014\/03\/Fischfarmen.jpg?resize=350%2C200","width":350,"height":200},"classes":[]},{"id":1320,"url":"http:\/\/my-alps.de\/?p=1320","url_meta":{"origin":1373,"position":3},"title":"Auf den Salar de Atacama -und weiter nach Calama","date":"17. Juli 2014","format":"gallery","excerpt":"Nach zwei Tagen \u201eauftanken\u201c in San Pedro de Atacama ,\u2028\u201ezieht\u201c es an einem, dieses Gef\u00fchl wieder hinaus in die Einsamkeit\u2028zu m\u00fcssen. Die ganze Zeit hat man nur grenzenlose Landschaft um\u2028sich, der Horizont existiert nur im Kopf. Selbst die kleine Stadt mit\u2028ihrer h\u00fcbschen Plaza, den Lehmh\u00e4usern und dem bunten Markt \u2028wird\u2026","rel":"","context":"In &quot;News&quot;","img":{"alt_text":"","src":"https:\/\/i0.wp.com\/my-alps.de\/wp-content\/uploads\/2014\/07\/Super-LKW.org_.jpg?resize=350%2C200","width":350,"height":200},"classes":[]},{"id":1704,"url":"http:\/\/my-alps.de\/?p=1704","url_meta":{"origin":1373,"position":4},"title":"Kreuz und Quer durch Kolumbien ist (k)eine Kaffeefahrt","date":"12. Oktober 2014","format":"gallery","excerpt":"Kolumbien wird durch drei Gebirgsformationen der Anden in der L\u00e4nge nach, nebeneinander durchzogen. Das bedeutet, man kreuzt st\u00e4ndig zwischen Gebirge und dem dazwischenliegenden gro\u00dfen Flusstal. Wir sind in die Kaffeeregion im Herzen von Kolumbien, nach Salento gefahren. Dort haben wir unsere ersten eigenen Kaffeebohnen geerntet und gelernt wie viele Arbeitsschritte\u2026","rel":"","context":"In &quot;News&quot;","img":{"alt_text":"","src":"https:\/\/i0.wp.com\/my-alps.de\/wp-content\/uploads\/2014\/10\/superricccccoooo.jpg?resize=350%2C200","width":350,"height":200},"classes":[]},{"id":545,"url":"http:\/\/my-alps.de\/?p=545","url_meta":{"origin":1373,"position":5},"title":"Ushuaia &#8211; wir sind am &#8222;Arsch der Welt&#8220;","date":"17. Januar 2014","format":"gallery","excerpt":"Heute am 17. Januar 2014 sitzen wir in der Skih\u00fctte auf DEM Campingplatz der Globetrotter. In den letzten Tagen haben wir uns in Zauberw\u00e4ldern, tiefen Vulkankratern und Nationalparks herumgetrieben - nicht gerade die Regionen der Welt in denen man mit Breitbandinternet versorg wird. Deshalb eine kleine Zusammenfassung der letzten Tage:\u2026","rel":"","context":"In &quot;News&quot;","img":{"alt_text":"","src":"https:\/\/i0.wp.com\/my-alps.de\/wp-content\/uploads\/2014\/01\/wpid-Guanakos-im-Regen-2.jpg?resize=350%2C200","width":350,"height":200},"classes":[]}],"_links":{"self":[{"href":"http:\/\/my-alps.de\/index.php?rest_route=\/wp\/v2\/posts\/1373"}],"collection":[{"href":"http:\/\/my-alps.de\/index.php?rest_route=\/wp\/v2\/posts"}],"about":[{"href":"http:\/\/my-alps.de\/index.php?rest_route=\/wp\/v2\/types\/post"}],"author":[{"embeddable":true,"href":"http:\/\/my-alps.de\/index.php?rest_route=\/wp\/v2\/users\/1"}],"replies":[{"embeddable":true,"href":"http:\/\/my-alps.de\/index.php?rest_route=%2Fwp%2Fv2%2Fcomments&post=1373"}],"version-history":[{"count":6,"href":"http:\/\/my-alps.de\/index.php?rest_route=\/wp\/v2\/posts\/1373\/revisions"}],"predecessor-version":[{"id":1398,"href":"http:\/\/my-alps.de\/index.php?rest_route=\/wp\/v2\/posts\/1373\/revisions\/1398"}],"wp:attachment":[{"href":"http:\/\/my-alps.de\/index.php?rest_route=%2Fwp%2Fv2%2Fmedia&parent=1373"}],"wp:term":[{"taxonomy":"category","embeddable":true,"href":"http:\/\/my-alps.de\/index.php?rest_route=%2Fwp%2Fv2%2Fcategories&post=1373"},{"taxonomy":"post_tag","embeddable":true,"href":"http:\/\/my-alps.de\/index.php?rest_route=%2Fwp%2Fv2%2Ftags&post=1373"}],"curies":[{"name":"wp","href":"https:\/\/api.w.org\/{rel}","templated":true}]}}