{"id":1337,"date":"2014-07-17T16:46:18","date_gmt":"2014-07-17T14:46:18","guid":{"rendered":"http:\/\/my-alps.de\/?p=1337"},"modified":"2014-07-17T17:49:11","modified_gmt":"2014-07-17T15:49:11","slug":"lagunenroute-in-bolivien-teil-3","status":"publish","type":"post","link":"http:\/\/my-alps.de\/?p=1337","title":{"rendered":"Lagunenroute in Bolivien &#8211; Teil 3"},"content":{"rendered":"<p>Lagunenroute &#8211; 3. Abschnitt<br \/>\nVon Villa Mar bis nach San Christobal<\/p>\n<div id=\"attachment_1368\" style=\"width: 1034px\" class=\"wp-caption aligncenter\"><a href=\"https:\/\/i0.wp.com\/my-alps.de\/wp-content\/uploads\/2014\/07\/Freiheit-HD-ce4.jpg\"><img aria-describedby=\"caption-attachment-1368\" data-attachment-id=\"1368\" data-permalink=\"http:\/\/my-alps.de\/?attachment_id=1368\" data-orig-file=\"https:\/\/i0.wp.com\/my-alps.de\/wp-content\/uploads\/2014\/07\/Freiheit-HD-ce4.jpg?fit=1024%2C576\" data-orig-size=\"1024,576\" data-comments-opened=\"1\" data-image-meta=\"{&quot;aperture&quot;:&quot;11&quot;,&quot;credit&quot;:&quot;&quot;,&quot;camera&quot;:&quot;SLT-A99V&quot;,&quot;caption&quot;:&quot;&quot;,&quot;created_timestamp&quot;:&quot;1404931971&quot;,&quot;copyright&quot;:&quot;&quot;,&quot;focal_length&quot;:&quot;24&quot;,&quot;iso&quot;:&quot;100&quot;,&quot;shutter_speed&quot;:&quot;0.0028571428571429&quot;,&quot;title&quot;:&quot;&quot;}\" data-image-title=\"Freiheit &#8211; HD &#8211; ce4\" data-image-description=\"&lt;p&gt;Freiheit&lt;\/p&gt;\n\" data-image-caption=\"&lt;p&gt;Freiheit&lt;\/p&gt;\n\" data-medium-file=\"https:\/\/i0.wp.com\/my-alps.de\/wp-content\/uploads\/2014\/07\/Freiheit-HD-ce4.jpg?fit=300%2C168\" data-large-file=\"https:\/\/i0.wp.com\/my-alps.de\/wp-content\/uploads\/2014\/07\/Freiheit-HD-ce4.jpg?fit=625%2C352\" loading=\"lazy\" class=\"size-full wp-image-1368\" alt=\"Freiheit\" src=\"https:\/\/i0.wp.com\/my-alps.de\/wp-content\/uploads\/2014\/07\/Freiheit-HD-ce4.jpg?resize=625%2C352\" width=\"625\" height=\"352\" srcset=\"https:\/\/i0.wp.com\/my-alps.de\/wp-content\/uploads\/2014\/07\/Freiheit-HD-ce4.jpg?w=1024 1024w, https:\/\/i0.wp.com\/my-alps.de\/wp-content\/uploads\/2014\/07\/Freiheit-HD-ce4.jpg?resize=300%2C168 300w\" sizes=\"(max-width: 625px) 100vw, 625px\" data-recalc-dims=\"1\" \/><\/a><p id=\"caption-attachment-1368\" class=\"wp-caption-text\">Freiheit<\/p><\/div>\n<p>\u201eVilla Mar\u201c, ein kleines Nest mit vielleicht 200 Einwohnern wirbt mit \u00dcbernachtungsm\u00f6glichkeiten und Restaurants &#8211; doch zu sehen ist davon nicht viel. Was diesen Ort wirklich interessant macht, ist die Flussdurchfahrt hinauf zur &#8211; ja &#8211; \u201eMautstation\u201c!<\/p>\n<div id=\"attachment_1366\" style=\"width: 1034px\" class=\"wp-caption aligncenter\"><a href=\"https:\/\/i0.wp.com\/my-alps.de\/wp-content\/uploads\/2014\/07\/Flussdurchfahrt-in-Villa-Mar-ce4.jpg\"><img aria-describedby=\"caption-attachment-1366\" data-attachment-id=\"1366\" data-permalink=\"http:\/\/my-alps.de\/?attachment_id=1366\" data-orig-file=\"https:\/\/i0.wp.com\/my-alps.de\/wp-content\/uploads\/2014\/07\/Flussdurchfahrt-in-Villa-Mar-ce4.jpg?fit=1024%2C683\" data-orig-size=\"1024,683\" data-comments-opened=\"1\" data-image-meta=\"{&quot;aperture&quot;:&quot;11&quot;,&quot;credit&quot;:&quot;&quot;,&quot;camera&quot;:&quot;SLT-A99V&quot;,&quot;caption&quot;:&quot;&quot;,&quot;created_timestamp&quot;:&quot;1404998993&quot;,&quot;copyright&quot;:&quot;&quot;,&quot;focal_length&quot;:&quot;24&quot;,&quot;iso&quot;:&quot;100&quot;,&quot;shutter_speed&quot;:&quot;0.005&quot;,&quot;title&quot;:&quot;&quot;}\" data-image-title=\"Flussdurchfahrt in Villa Mar &#8211; ce4\" data-image-description=\"&lt;p&gt;Flussdurchfahrt in Villa Mar&lt;\/p&gt;\n\" data-image-caption=\"&lt;p&gt;Flussdurchfahrt in Villa Mar&lt;\/p&gt;\n\" data-medium-file=\"https:\/\/i0.wp.com\/my-alps.de\/wp-content\/uploads\/2014\/07\/Flussdurchfahrt-in-Villa-Mar-ce4.jpg?fit=300%2C200\" data-large-file=\"https:\/\/i0.wp.com\/my-alps.de\/wp-content\/uploads\/2014\/07\/Flussdurchfahrt-in-Villa-Mar-ce4.jpg?fit=625%2C417\" loading=\"lazy\" class=\"size-full wp-image-1366\" alt=\"Flussdurchfahrt in Villa Mar\" src=\"https:\/\/i0.wp.com\/my-alps.de\/wp-content\/uploads\/2014\/07\/Flussdurchfahrt-in-Villa-Mar-ce4.jpg?resize=625%2C417\" width=\"625\" height=\"417\" srcset=\"https:\/\/i0.wp.com\/my-alps.de\/wp-content\/uploads\/2014\/07\/Flussdurchfahrt-in-Villa-Mar-ce4.jpg?w=1024 1024w, https:\/\/i0.wp.com\/my-alps.de\/wp-content\/uploads\/2014\/07\/Flussdurchfahrt-in-Villa-Mar-ce4.jpg?resize=300%2C200 300w\" sizes=\"(max-width: 625px) 100vw, 625px\" data-recalc-dims=\"1\" \/><\/a><p id=\"caption-attachment-1366\" class=\"wp-caption-text\">Flussdurchfahrt in Villa Mar<\/p><\/div>\n<p>In Bolivien sind ALLE Stra\u00dfen mautplichtig &#8211; egal ob es ein Feldweg oder eine asphaltierte Stra\u00dfe ist. Wir beratschlagen wie wir am Besten durch die Fuhrt fahren k\u00f6nnen, sch\u00e4tzen die Wassertiefe, holen tief Luft und fahren durch das steinige Bachbett. Oben warten schon der Schrankenw\u00e4rter und seine Frau. Sie f\u00fcllt das Billett aus, wir bezahlen 10 Bolivianos (1.- \u20ac) und er macht die Schranke auf. Wir winken den beiden freundlich, wie immer auf unserer Reise, doch wir m\u00fcssen feststellen, das die Indios Fremden gegen\u00fcber nicht so offen sind wie die Menschen in Chile oder Argentinien.<br \/>\nNach Villa Mar zieht sich die Sand- und Schotterpiste durch eine flache Savannenlandschaft.<\/p>\n<div id=\"attachment_1369\" style=\"width: 1034px\" class=\"wp-caption aligncenter\"><a href=\"https:\/\/i0.wp.com\/my-alps.de\/wp-content\/uploads\/2014\/07\/Rocas-1.ce4_.jpg\"><img aria-describedby=\"caption-attachment-1369\" data-attachment-id=\"1369\" data-permalink=\"http:\/\/my-alps.de\/?attachment_id=1369\" data-orig-file=\"https:\/\/i0.wp.com\/my-alps.de\/wp-content\/uploads\/2014\/07\/Rocas-1.ce4_.jpg?fit=1024%2C683\" data-orig-size=\"1024,683\" data-comments-opened=\"1\" data-image-meta=\"{&quot;aperture&quot;:&quot;9.5&quot;,&quot;credit&quot;:&quot;&quot;,&quot;camera&quot;:&quot;SLT-A99V&quot;,&quot;caption&quot;:&quot;&quot;,&quot;created_timestamp&quot;:&quot;1405002793&quot;,&quot;copyright&quot;:&quot;&quot;,&quot;focal_length&quot;:&quot;24&quot;,&quot;iso&quot;:&quot;100&quot;,&quot;shutter_speed&quot;:&quot;0.004&quot;,&quot;title&quot;:&quot;&quot;}\" data-image-title=\"Rocas-1.ce4\" data-image-description=\"&lt;p&gt;Rocas-1&lt;\/p&gt;\n\" data-image-caption=\"&lt;p&gt;Rocas-1&lt;\/p&gt;\n\" data-medium-file=\"https:\/\/i0.wp.com\/my-alps.de\/wp-content\/uploads\/2014\/07\/Rocas-1.ce4_.jpg?fit=300%2C200\" data-large-file=\"https:\/\/i0.wp.com\/my-alps.de\/wp-content\/uploads\/2014\/07\/Rocas-1.ce4_.jpg?fit=625%2C417\" loading=\"lazy\" class=\"size-full wp-image-1369\" alt=\"Rocas-1\" src=\"https:\/\/i0.wp.com\/my-alps.de\/wp-content\/uploads\/2014\/07\/Rocas-1.ce4_.jpg?resize=625%2C417\" width=\"625\" height=\"417\" srcset=\"https:\/\/i0.wp.com\/my-alps.de\/wp-content\/uploads\/2014\/07\/Rocas-1.ce4_.jpg?w=1024 1024w, https:\/\/i0.wp.com\/my-alps.de\/wp-content\/uploads\/2014\/07\/Rocas-1.ce4_.jpg?resize=300%2C200 300w\" sizes=\"(max-width: 625px) 100vw, 625px\" data-recalc-dims=\"1\" \/><\/a><p id=\"caption-attachment-1369\" class=\"wp-caption-text\">Rocas-1<\/p><\/div>\n<p>Die Stra\u00dfe, sie ist eine Hauptverbindungsstrasse, ist ein Waschbrett das sich fast nicht mehr zum fahren eignet. So gibt es links und rechts immer mehr Alternativspuren, manchmal muss man mit etwas Schwung in sie einbiegen, da viel Sand an der Seite aufgefahren ist. Unser WOMO schaukelt wie ein Kamel und w\u00fchlt sich durch.<br \/>\nEin paar Kilometer vor Villa Alota stehen nochmals 3 Flussdurchfahrten auf dem Programm.<br \/>\nDie letzte ist jetzt wirklich tief, aber mittlerweile wissen wir, das wenn die Toyota Landcruiser durchkommen, wir auch kein Problem damit haben.<br \/>\nAb Villa Alota ist die Piste mit Salz verfestigt und wir \u201efliegen\u201c die letzten Kilometer nach San Christobal.<\/p>\n<p>Fazit Lagunenroute:<br \/>\n250 Kilometer teilweise \u00fcbelste Schotterpiste. Landschaftlich kaum zu toppen.<br \/>\nDas gro\u00dfe R\u00fctteln lohnt sich auf alle F\u00e4lle!<br \/>\nTankstellen gibt es nicht.<br \/>\nNur eine in San Christobal, und dort tanken die Minenfahrzeuge.<br \/>\nWartezeit von ca. 2 Stunden ist normal!<br \/>\nUnser Spritvorrat reicht locker von San Pedro de Atacama in Chile bis nach Uyuni in Bolivien.<\/p>\n<p>Doch das tanken in Bolivien &#8211; ja das ist eine andere Geschichte\u2026\u2026..<\/p>\n","protected":false},"excerpt":{"rendered":"<p>Lagunenroute &#8211; 3. Abschnitt Von Villa Mar bis nach San Christobal \u201eVilla Mar\u201c, ein kleines Nest mit vielleicht 200 Einwohnern wirbt mit \u00dcbernachtungsm\u00f6glichkeiten und Restaurants &#8211; doch zu sehen ist davon nicht viel. Was diesen Ort wirklich interessant macht, ist die Flussdurchfahrt hinauf zur &#8211; ja &#8211; \u201eMautstation\u201c! In Bolivien sind ALLE Stra\u00dfen mautplichtig &#8211; [&hellip;]<\/p>\n","protected":false},"author":1,"featured_media":0,"comment_status":"open","ping_status":"open","sticky":false,"template":"","format":"gallery","meta":{"spay_email":"","jetpack_publicize_message":"","jetpack_is_tweetstorm":false,"jetpack_publicize_feature_enabled":true},"categories":[1],"tags":[],"jetpack_featured_media_url":"","jetpack_publicize_connections":[],"jetpack_sharing_enabled":true,"jetpack_shortlink":"https:\/\/wp.me\/p6huce-lz","jetpack-related-posts":[{"id":1334,"url":"http:\/\/my-alps.de\/?p=1334","url_meta":{"origin":1337,"position":0},"title":"Lagunenroute in Bolivien &#8211; Teil 2","date":"17. Juli 2014","format":"gallery","excerpt":"Lagunenroute - 2. Abschnitt Von der Laguna Colorada zu den \u201eRocas\u201c Am n\u00e4chsten Morgen (es hat in der Nacht minus 15 Grad gehabt) sind die R\u00e4nder der Lagune zugefroren und in der Ferne sieht man Salzformationen, die wie Gletscherabbr\u00fcche aussehen. Gegen Mittag ist dann alles Eis geschmolzen und man sieht\u2026","rel":"","context":"In &quot;News&quot;","img":{"alt_text":"","src":"https:\/\/i0.wp.com\/my-alps.de\/wp-content\/uploads\/2014\/07\/Rocas-2.HDR_.jpg?resize=350%2C200","width":350,"height":200},"classes":[]},{"id":1278,"url":"http:\/\/my-alps.de\/?p=1278","url_meta":{"origin":1337,"position":1},"title":"Lebenszeichen V3","date":"29. Juni 2014","format":"gallery","excerpt":"Halloooooo...... ist da draussen jemand??? Ja, seit dem letzten Blogbeitrag ist schon einige Zeit vergangen. Keine Sorge, wir waren in der absoluten Einsamkeit - immer der Andenkette entlang nach Norden. Kein WIFI und kaum Mobilfunknetz, jedenfalls nicht in der St\u00e4rke die wir f\u00fcr's Internet brauchen. Ja, es gibt sie also\u2026","rel":"","context":"In &quot;News&quot;","img":{"alt_text":"Passh\u00c3\u00b6he - Pedra de Molino ","src":"https:\/\/i0.wp.com\/my-alps.de\/wp-content\/uploads\/2014\/06\/Passh\u00c3\u00b6he-Pedra-de-Molino-3460-m-ce4.jpg?resize=350%2C200","width":350,"height":200},"classes":[]},{"id":1331,"url":"http:\/\/my-alps.de\/?p=1331","url_meta":{"origin":1337,"position":2},"title":"Lagunenroute in Bolivien &#8211; Teil 1","date":"17. Juli 2014","format":"gallery","excerpt":"San Pedro de Atacama in Chile ist der ideale Ausgangspunkt um von dort aus die legend\u00e4re im Boliviens zu befahren. Es geht von der W\u00fcstenoase zur\u00fcck Richtung Paso Jama, von 2.400 Meter auf 4.500 Meter hinauf. Schnurgerade, bis auf wenige Kurven, zieht sich die Stra\u00dfe auf fast 30 Kilometer bergauf.\u2026","rel":"","context":"In &quot;News&quot;","img":{"alt_text":"","src":"https:\/\/i0.wp.com\/my-alps.de\/wp-content\/uploads\/2014\/07\/alt-5015hm.jpg?resize=350%2C200","width":350,"height":200},"classes":[]},{"id":1773,"url":"http:\/\/my-alps.de\/?p=1773","url_meta":{"origin":1337,"position":3},"title":"FAQ &#8211; und die Antworten","date":"22. November 2014","format":"gallery","excerpt":"Wir tingeln in den letzten beiden Wochen von einer Einladung zur anderen. Jeder m\u00f6chte uns sehen und fragen was wir so erlebt haben. Da nat\u00fcrlich (fast) jeder die gleichen Fragen stellt schauen uns wir manchmal selber fragend an..... ja wie war das denn? Deshalb m\u00f6chte ich die FAQ mal kurz\u2026","rel":"","context":"In &quot;News&quot;","img":{"alt_text":"","src":"https:\/\/i0.wp.com\/my-alps.de\/wp-content\/uploads\/2014\/11\/mein-Lama-und-meine-Stadt.jpg?resize=350%2C200","width":350,"height":200},"classes":[]},{"id":1447,"url":"http:\/\/my-alps.de\/?p=1447","url_meta":{"origin":1337,"position":4},"title":"Sorata, das kleine Tibet in Bolivien","date":"7. August 2014","format":"gallery","excerpt":"Von La Paz aus wollten wir auf den Cerro Chacaltaya, und damit unseren ersten 5.000 er besteigen. Leider war der Wetter-Inka heute nicht soooo gut gelaunt, denn es hatte viel Neuschnee und heftigen Sturm gehabt. (Obwohl in La Paz die Kirschbl\u00fcte ausgebrochen ist!) Also mussten wir auf halber Strecke wieder\u2026","rel":"","context":"In &quot;News&quot;","img":{"alt_text":"","src":"https:\/\/i0.wp.com\/my-alps.de\/wp-content\/uploads\/2014\/08\/Valle-Sorata-I-ce4-define.jpg?resize=350%2C200","width":350,"height":200},"classes":[]},{"id":1390,"url":"http:\/\/my-alps.de\/?p=1390","url_meta":{"origin":1337,"position":5},"title":"von Uyuni nach Cochabamba (Teil 1)","date":"24. Juli 2014","format":"gallery","excerpt":"Unsere Route durch Bolivien f\u00fchrt uns von Uyuni \u00fcber Potosi und Sucre weiter nach Cochabamba. Die Strecke f\u00fchrt durch\u2019s bolivianische Altiplano. Das Altiplano liegt eingebettet zwischen den westlichen und den \u00f6stlichen Kordilleren. Hier ist die \u201eBesiedlungsdichte\u201c am gr\u00f6ssten und mit Potosi und Sucre liegen zwei grosse St\u00e4dte auf unserem Weg.\u2026","rel":"","context":"In &quot;News&quot;","img":{"alt_text":"","src":"https:\/\/i0.wp.com\/my-alps.de\/wp-content\/uploads\/2014\/07\/hilft-bestimmt-ce4.jpg?resize=350%2C200","width":350,"height":200},"classes":[]}],"_links":{"self":[{"href":"http:\/\/my-alps.de\/index.php?rest_route=\/wp\/v2\/posts\/1337"}],"collection":[{"href":"http:\/\/my-alps.de\/index.php?rest_route=\/wp\/v2\/posts"}],"about":[{"href":"http:\/\/my-alps.de\/index.php?rest_route=\/wp\/v2\/types\/post"}],"author":[{"embeddable":true,"href":"http:\/\/my-alps.de\/index.php?rest_route=\/wp\/v2\/users\/1"}],"replies":[{"embeddable":true,"href":"http:\/\/my-alps.de\/index.php?rest_route=%2Fwp%2Fv2%2Fcomments&post=1337"}],"version-history":[{"count":4,"href":"http:\/\/my-alps.de\/index.php?rest_route=\/wp\/v2\/posts\/1337\/revisions"}],"predecessor-version":[{"id":1370,"href":"http:\/\/my-alps.de\/index.php?rest_route=\/wp\/v2\/posts\/1337\/revisions\/1370"}],"wp:attachment":[{"href":"http:\/\/my-alps.de\/index.php?rest_route=%2Fwp%2Fv2%2Fmedia&parent=1337"}],"wp:term":[{"taxonomy":"category","embeddable":true,"href":"http:\/\/my-alps.de\/index.php?rest_route=%2Fwp%2Fv2%2Fcategories&post=1337"},{"taxonomy":"post_tag","embeddable":true,"href":"http:\/\/my-alps.de\/index.php?rest_route=%2Fwp%2Fv2%2Ftags&post=1337"}],"curies":[{"name":"wp","href":"https:\/\/api.w.org\/{rel}","templated":true}]}}