{"id":1334,"date":"2014-07-17T16:44:34","date_gmt":"2014-07-17T14:44:34","guid":{"rendered":"http:\/\/my-alps.de\/?p=1334"},"modified":"2014-07-17T17:54:06","modified_gmt":"2014-07-17T15:54:06","slug":"lagunenroute-in-bolivien-teil-2","status":"publish","type":"post","link":"http:\/\/my-alps.de\/?p=1334","title":{"rendered":"Lagunenroute in Bolivien &#8211; Teil 2"},"content":{"rendered":"<p>Lagunenroute &#8211; 2. Abschnitt<br \/>\nVon der Laguna Colorada zu den \u201eRocas\u201c<\/p>\n<div id=\"attachment_1360\" style=\"width: 1034px\" class=\"wp-caption aligncenter\"><a href=\"https:\/\/i0.wp.com\/my-alps.de\/wp-content\/uploads\/2014\/07\/Laguna-Colorada-1.ce4_.jpg\"><img aria-describedby=\"caption-attachment-1360\" data-attachment-id=\"1360\" data-permalink=\"http:\/\/my-alps.de\/?attachment_id=1360\" data-orig-file=\"https:\/\/i0.wp.com\/my-alps.de\/wp-content\/uploads\/2014\/07\/Laguna-Colorada-1.ce4_.jpg?fit=1024%2C683\" data-orig-size=\"1024,683\" data-comments-opened=\"1\" data-image-meta=\"{&quot;aperture&quot;:&quot;11&quot;,&quot;credit&quot;:&quot;&quot;,&quot;camera&quot;:&quot;SLT-A99V&quot;,&quot;caption&quot;:&quot;&quot;,&quot;created_timestamp&quot;:&quot;1404914359&quot;,&quot;copyright&quot;:&quot;&quot;,&quot;focal_length&quot;:&quot;24&quot;,&quot;iso&quot;:&quot;100&quot;,&quot;shutter_speed&quot;:&quot;0.0028571428571429&quot;,&quot;title&quot;:&quot;&quot;}\" data-image-title=\"Laguna Colorada-1.ce4\" data-image-description=\"&lt;p&gt;Laguna Colorada-1&lt;\/p&gt;\n\" data-image-caption=\"&lt;p&gt;Laguna Colorada-1&lt;\/p&gt;\n\" data-medium-file=\"https:\/\/i0.wp.com\/my-alps.de\/wp-content\/uploads\/2014\/07\/Laguna-Colorada-1.ce4_.jpg?fit=300%2C200\" data-large-file=\"https:\/\/i0.wp.com\/my-alps.de\/wp-content\/uploads\/2014\/07\/Laguna-Colorada-1.ce4_.jpg?fit=625%2C417\" loading=\"lazy\" class=\"size-full wp-image-1360\" alt=\"Laguna Colorada-1\" src=\"https:\/\/i0.wp.com\/my-alps.de\/wp-content\/uploads\/2014\/07\/Laguna-Colorada-1.ce4_.jpg?resize=625%2C417\" width=\"625\" height=\"417\" srcset=\"https:\/\/i0.wp.com\/my-alps.de\/wp-content\/uploads\/2014\/07\/Laguna-Colorada-1.ce4_.jpg?w=1024 1024w, https:\/\/i0.wp.com\/my-alps.de\/wp-content\/uploads\/2014\/07\/Laguna-Colorada-1.ce4_.jpg?resize=300%2C200 300w\" sizes=\"(max-width: 625px) 100vw, 625px\" data-recalc-dims=\"1\" \/><\/a><p id=\"caption-attachment-1360\" class=\"wp-caption-text\">Laguna Colorada-1<\/p><\/div>\n<p>Am n\u00e4chsten Morgen (es hat in der Nacht minus 15 Grad gehabt) sind die R\u00e4nder der Lagune zugefroren und in der Ferne sieht man Salzformationen, die wie Gletscherabbr\u00fcche aussehen.<br \/>\nGegen Mittag ist dann alles Eis geschmolzen und man sieht die ganze Farbenpracht dieser Lagune.<\/p>\n<div id=\"attachment_1362\" style=\"width: 1034px\" class=\"wp-caption aligncenter\"><a href=\"https:\/\/i0.wp.com\/my-alps.de\/wp-content\/uploads\/2014\/07\/Laguna-Colorada-2.ce4_.jpg\"><img aria-describedby=\"caption-attachment-1362\" data-attachment-id=\"1362\" data-permalink=\"http:\/\/my-alps.de\/?attachment_id=1362\" data-orig-file=\"https:\/\/i0.wp.com\/my-alps.de\/wp-content\/uploads\/2014\/07\/Laguna-Colorada-2.ce4_.jpg?fit=1024%2C683\" data-orig-size=\"1024,683\" data-comments-opened=\"1\" data-image-meta=\"{&quot;aperture&quot;:&quot;8&quot;,&quot;credit&quot;:&quot;&quot;,&quot;camera&quot;:&quot;SLT-A99V&quot;,&quot;caption&quot;:&quot;&quot;,&quot;created_timestamp&quot;:&quot;1404916583&quot;,&quot;copyright&quot;:&quot;&quot;,&quot;focal_length&quot;:&quot;200&quot;,&quot;iso&quot;:&quot;100&quot;,&quot;shutter_speed&quot;:&quot;0.002&quot;,&quot;title&quot;:&quot;&quot;}\" data-image-title=\"Laguna Colorada-2.ce4\" data-image-description=\"&lt;p&gt;Laguna Colorada-2&lt;\/p&gt;\n\" data-image-caption=\"&lt;p&gt;Laguna Colorada-2&lt;\/p&gt;\n\" data-medium-file=\"https:\/\/i0.wp.com\/my-alps.de\/wp-content\/uploads\/2014\/07\/Laguna-Colorada-2.ce4_.jpg?fit=300%2C200\" data-large-file=\"https:\/\/i0.wp.com\/my-alps.de\/wp-content\/uploads\/2014\/07\/Laguna-Colorada-2.ce4_.jpg?fit=625%2C417\" loading=\"lazy\" class=\"size-full wp-image-1362\" alt=\"Laguna Colorada-2\" src=\"https:\/\/i0.wp.com\/my-alps.de\/wp-content\/uploads\/2014\/07\/Laguna-Colorada-2.ce4_.jpg?resize=625%2C417\" width=\"625\" height=\"417\" srcset=\"https:\/\/i0.wp.com\/my-alps.de\/wp-content\/uploads\/2014\/07\/Laguna-Colorada-2.ce4_.jpg?w=1024 1024w, https:\/\/i0.wp.com\/my-alps.de\/wp-content\/uploads\/2014\/07\/Laguna-Colorada-2.ce4_.jpg?resize=300%2C200 300w\" sizes=\"(max-width: 625px) 100vw, 625px\" data-recalc-dims=\"1\" \/><\/a><p id=\"caption-attachment-1362\" class=\"wp-caption-text\">Laguna Colorada-2<\/p><\/div>\n<p>Etwa 100 Flamingos stapfen durch das seichte, rotbraune Wasser und die umliegenden Berge spiegeln sich darin.<\/p>\n<div id=\"attachment_1364\" style=\"width: 1034px\" class=\"wp-caption aligncenter\"><a href=\"https:\/\/i0.wp.com\/my-alps.de\/wp-content\/uploads\/2014\/07\/Zwei-Flamingos.ce4_.jpg\"><img aria-describedby=\"caption-attachment-1364\" data-attachment-id=\"1364\" data-permalink=\"http:\/\/my-alps.de\/?attachment_id=1364\" data-orig-file=\"https:\/\/i0.wp.com\/my-alps.de\/wp-content\/uploads\/2014\/07\/Zwei-Flamingos.ce4_.jpg?fit=1024%2C683\" data-orig-size=\"1024,683\" data-comments-opened=\"1\" data-image-meta=\"{&quot;aperture&quot;:&quot;9.5&quot;,&quot;credit&quot;:&quot;&quot;,&quot;camera&quot;:&quot;SLT-A99V&quot;,&quot;caption&quot;:&quot;&quot;,&quot;created_timestamp&quot;:&quot;1404914917&quot;,&quot;copyright&quot;:&quot;&quot;,&quot;focal_length&quot;:&quot;500&quot;,&quot;iso&quot;:&quot;100&quot;,&quot;shutter_speed&quot;:&quot;0.0028571428571429&quot;,&quot;title&quot;:&quot;&quot;}\" data-image-title=\"Zwei Flamingos.ce4\" data-image-description=\"&lt;p&gt;Zwei Flamingos&lt;\/p&gt;\n\" data-image-caption=\"&lt;p&gt;Zwei Flamingos&lt;\/p&gt;\n\" data-medium-file=\"https:\/\/i0.wp.com\/my-alps.de\/wp-content\/uploads\/2014\/07\/Zwei-Flamingos.ce4_.jpg?fit=300%2C200\" data-large-file=\"https:\/\/i0.wp.com\/my-alps.de\/wp-content\/uploads\/2014\/07\/Zwei-Flamingos.ce4_.jpg?fit=625%2C417\" loading=\"lazy\" class=\"size-full wp-image-1364\" alt=\"Zwei Flamingos\" src=\"https:\/\/i0.wp.com\/my-alps.de\/wp-content\/uploads\/2014\/07\/Zwei-Flamingos.ce4_.jpg?resize=625%2C417\" width=\"625\" height=\"417\" srcset=\"https:\/\/i0.wp.com\/my-alps.de\/wp-content\/uploads\/2014\/07\/Zwei-Flamingos.ce4_.jpg?w=1024 1024w, https:\/\/i0.wp.com\/my-alps.de\/wp-content\/uploads\/2014\/07\/Zwei-Flamingos.ce4_.jpg?resize=300%2C200 300w\" sizes=\"(max-width: 625px) 100vw, 625px\" data-recalc-dims=\"1\" \/><\/a><p id=\"caption-attachment-1364\" class=\"wp-caption-text\">Zwei Flamingos<\/p><\/div>\n<p>Man kann den Eindruck mit Bildern schwierig beschreiben den einem hier die Natur auf die Netzhaut brennt. Trotzdem ist das hier wieder ein perfekter Malkasten mit allen Pastellt\u00f6nen den die Natur hier bietet.<\/p>\n<div id=\"attachment_1363\" style=\"width: 1034px\" class=\"wp-caption aligncenter\"><a href=\"https:\/\/i0.wp.com\/my-alps.de\/wp-content\/uploads\/2014\/07\/Vulkane-1.ce4_.jpg\"><img aria-describedby=\"caption-attachment-1363\" data-attachment-id=\"1363\" data-permalink=\"http:\/\/my-alps.de\/?attachment_id=1363\" data-orig-file=\"https:\/\/i0.wp.com\/my-alps.de\/wp-content\/uploads\/2014\/07\/Vulkane-1.ce4_.jpg?fit=1024%2C683\" data-orig-size=\"1024,683\" data-comments-opened=\"1\" data-image-meta=\"{&quot;aperture&quot;:&quot;11&quot;,&quot;credit&quot;:&quot;&quot;,&quot;camera&quot;:&quot;SLT-A99V&quot;,&quot;caption&quot;:&quot;&quot;,&quot;created_timestamp&quot;:&quot;1404833466&quot;,&quot;copyright&quot;:&quot;&quot;,&quot;focal_length&quot;:&quot;70&quot;,&quot;iso&quot;:&quot;100&quot;,&quot;shutter_speed&quot;:&quot;0.004&quot;,&quot;title&quot;:&quot;&quot;}\" data-image-title=\"Vulkane-1.ce4\" data-image-description=\"&lt;p&gt;Vulkane&lt;\/p&gt;\n\" data-image-caption=\"&lt;p&gt;Vulkane&lt;\/p&gt;\n\" data-medium-file=\"https:\/\/i0.wp.com\/my-alps.de\/wp-content\/uploads\/2014\/07\/Vulkane-1.ce4_.jpg?fit=300%2C200\" data-large-file=\"https:\/\/i0.wp.com\/my-alps.de\/wp-content\/uploads\/2014\/07\/Vulkane-1.ce4_.jpg?fit=625%2C417\" loading=\"lazy\" class=\"size-full wp-image-1363\" alt=\"Vulkane\" src=\"https:\/\/i0.wp.com\/my-alps.de\/wp-content\/uploads\/2014\/07\/Vulkane-1.ce4_.jpg?resize=625%2C417\" width=\"625\" height=\"417\" srcset=\"https:\/\/i0.wp.com\/my-alps.de\/wp-content\/uploads\/2014\/07\/Vulkane-1.ce4_.jpg?w=1024 1024w, https:\/\/i0.wp.com\/my-alps.de\/wp-content\/uploads\/2014\/07\/Vulkane-1.ce4_.jpg?resize=300%2C200 300w\" sizes=\"(max-width: 625px) 100vw, 625px\" data-recalc-dims=\"1\" \/><\/a><p id=\"caption-attachment-1363\" class=\"wp-caption-text\">Vulkane<\/p><\/div>\n<p>(Fazit Laguna Colorada: Muss man selber gesehen haben!)<br \/>\nTrotz aller Schw\u00e4rmerei, wir fahren irgendwann dann doch weiter und die Piste sch\u00fcttelt und durch und durch. Nach einiger Zeit windet sich die (jetzt einspurige) Naturstra\u00dfe wieder hoch hinauf, vorbei an der Laguna Capina, auf der Salz gewonnen wird. Im ersten Gang kriechen wir \u00fcber Felsen und L\u00f6cher wieder auf 4.800 Meter hoch. Die L\u00f6cher sind oft mit puderfeinem Sandstaub zugeweht und t\u00fcckisch zu befahren. Zu wenig Schwung &#8211; man bleibt stecken &#8211; zu viel Schwung -und der n\u00e4chste Felsblock knallt gegen den Reifen.<br \/>\nNach der Passh\u00f6he bietet sich ein \u00fcberw\u00e4ltigender Ausblick auf das \u201eTiefland\u201c &#8211; liegt immer noch auf 4.000 Meter. Dann kommt die erste Flussdurchfahrt. Ein steiniges und teilweise zugefrorenes Bachbett muss in einer scharfen 90 Grad Kurve durchfahren werden. Schleichfahrt im Wasser. Aber mit etwas Gef\u00fchl f\u00fcr die Kupplung und das Gaspedal schiebt sich unser WOMO brav durch das eisige Wasser.<\/p>\n<div id=\"attachment_1371\" style=\"width: 693px\" class=\"wp-caption aligncenter\"><a href=\"https:\/\/i0.wp.com\/my-alps.de\/wp-content\/uploads\/2014\/07\/Rocas-2.HDR_.jpg\"><img aria-describedby=\"caption-attachment-1371\" data-attachment-id=\"1371\" data-permalink=\"http:\/\/my-alps.de\/?attachment_id=1371\" data-orig-file=\"https:\/\/i0.wp.com\/my-alps.de\/wp-content\/uploads\/2014\/07\/Rocas-2.HDR_.jpg?fit=683%2C1024\" data-orig-size=\"683,1024\" data-comments-opened=\"1\" data-image-meta=\"{&quot;aperture&quot;:&quot;8&quot;,&quot;credit&quot;:&quot;&quot;,&quot;camera&quot;:&quot;SLT-A99V&quot;,&quot;caption&quot;:&quot;&quot;,&quot;created_timestamp&quot;:&quot;1405003133&quot;,&quot;copyright&quot;:&quot;&quot;,&quot;focal_length&quot;:&quot;24&quot;,&quot;iso&quot;:&quot;100&quot;,&quot;shutter_speed&quot;:&quot;0&quot;,&quot;title&quot;:&quot;&quot;}\" data-image-title=\"Rocas-2.HDR\" data-image-description=\"&lt;p&gt;Sandsteinformationen&lt;\/p&gt;\n\" data-image-caption=\"&lt;p&gt;Sandsteinformationen&lt;\/p&gt;\n\" data-medium-file=\"https:\/\/i0.wp.com\/my-alps.de\/wp-content\/uploads\/2014\/07\/Rocas-2.HDR_.jpg?fit=200%2C300\" data-large-file=\"https:\/\/i0.wp.com\/my-alps.de\/wp-content\/uploads\/2014\/07\/Rocas-2.HDR_.jpg?fit=625%2C937\" loading=\"lazy\" class=\"size-full wp-image-1371\" alt=\"Sandsteinformationen\" src=\"https:\/\/i0.wp.com\/my-alps.de\/wp-content\/uploads\/2014\/07\/Rocas-2.HDR_.jpg?resize=625%2C937\" width=\"625\" height=\"937\" srcset=\"https:\/\/i0.wp.com\/my-alps.de\/wp-content\/uploads\/2014\/07\/Rocas-2.HDR_.jpg?w=683 683w, https:\/\/i0.wp.com\/my-alps.de\/wp-content\/uploads\/2014\/07\/Rocas-2.HDR_.jpg?resize=200%2C300 200w\" sizes=\"(max-width: 625px) 100vw, 625px\" data-recalc-dims=\"1\" \/><\/a><p id=\"caption-attachment-1371\" class=\"wp-caption-text\">Sandsteinformationen<\/p><\/div>\n<p>Dann tauchen aus der Steppe die rostroten Sandsteinformationen auf. Das Wasser hat sich hier einen Weg durch das Gestein gegraben und eine tolle Felsenkulisse gezaubert. Unser heutiges Ziel &#8211; die kleine Ortschaft \u201eVilla Mar\u201c erreichen wir nicht. Der \u00dcbernachtungsplatz auf dem Felsplateau ist viel zu sch\u00f6n.<\/p>\n","protected":false},"excerpt":{"rendered":"<p>Lagunenroute &#8211; 2. Abschnitt Von der Laguna Colorada zu den \u201eRocas\u201c Am n\u00e4chsten Morgen (es hat in der Nacht minus 15 Grad gehabt) sind die R\u00e4nder der Lagune zugefroren und in der Ferne sieht man Salzformationen, die wie Gletscherabbr\u00fcche aussehen. Gegen Mittag ist dann alles Eis geschmolzen und man sieht die ganze Farbenpracht dieser Lagune. [&hellip;]<\/p>\n","protected":false},"author":1,"featured_media":0,"comment_status":"open","ping_status":"open","sticky":false,"template":"","format":"gallery","meta":{"spay_email":"","jetpack_publicize_message":"","jetpack_is_tweetstorm":false,"jetpack_publicize_feature_enabled":true},"categories":[1],"tags":[],"jetpack_featured_media_url":"","jetpack_publicize_connections":[],"jetpack_sharing_enabled":true,"jetpack_shortlink":"https:\/\/wp.me\/p6huce-lw","jetpack-related-posts":[{"id":1331,"url":"http:\/\/my-alps.de\/?p=1331","url_meta":{"origin":1334,"position":0},"title":"Lagunenroute in Bolivien &#8211; Teil 1","date":"17. Juli 2014","format":"gallery","excerpt":"San Pedro de Atacama in Chile ist der ideale Ausgangspunkt um von dort aus die legend\u00e4re im Boliviens zu befahren. Es geht von der W\u00fcstenoase zur\u00fcck Richtung Paso Jama, von 2.400 Meter auf 4.500 Meter hinauf. Schnurgerade, bis auf wenige Kurven, zieht sich die Stra\u00dfe auf fast 30 Kilometer bergauf.\u2026","rel":"","context":"In &quot;News&quot;","img":{"alt_text":"","src":"https:\/\/i0.wp.com\/my-alps.de\/wp-content\/uploads\/2014\/07\/alt-5015hm.jpg?resize=350%2C200","width":350,"height":200},"classes":[]},{"id":1337,"url":"http:\/\/my-alps.de\/?p=1337","url_meta":{"origin":1334,"position":1},"title":"Lagunenroute in Bolivien &#8211; Teil 3","date":"17. Juli 2014","format":"gallery","excerpt":"Lagunenroute - 3. Abschnitt Von Villa Mar bis nach San Christobal \u201eVilla Mar\u201c, ein kleines Nest mit vielleicht 200 Einwohnern wirbt mit \u00dcbernachtungsm\u00f6glichkeiten und Restaurants - doch zu sehen ist davon nicht viel. Was diesen Ort wirklich interessant macht, ist die Flussdurchfahrt hinauf zur - ja - \u201eMautstation\u201c! In Bolivien\u2026","rel":"","context":"In &quot;News&quot;","img":{"alt_text":"","src":"https:\/\/i0.wp.com\/my-alps.de\/wp-content\/uploads\/2014\/07\/Rocas-1.ce4_.jpg?resize=350%2C200","width":350,"height":200},"classes":[]},{"id":1278,"url":"http:\/\/my-alps.de\/?p=1278","url_meta":{"origin":1334,"position":2},"title":"Lebenszeichen V3","date":"29. Juni 2014","format":"gallery","excerpt":"Halloooooo...... ist da draussen jemand??? Ja, seit dem letzten Blogbeitrag ist schon einige Zeit vergangen. Keine Sorge, wir waren in der absoluten Einsamkeit - immer der Andenkette entlang nach Norden. Kein WIFI und kaum Mobilfunknetz, jedenfalls nicht in der St\u00e4rke die wir f\u00fcr's Internet brauchen. Ja, es gibt sie also\u2026","rel":"","context":"In &quot;News&quot;","img":{"alt_text":"Passh\u00c3\u00b6he - Pedra de Molino ","src":"https:\/\/i0.wp.com\/my-alps.de\/wp-content\/uploads\/2014\/06\/Passh\u00c3\u00b6he-Pedra-de-Molino-3460-m-ce4.jpg?resize=350%2C200","width":350,"height":200},"classes":[]},{"id":1773,"url":"http:\/\/my-alps.de\/?p=1773","url_meta":{"origin":1334,"position":3},"title":"FAQ &#8211; und die Antworten","date":"22. November 2014","format":"gallery","excerpt":"Wir tingeln in den letzten beiden Wochen von einer Einladung zur anderen. Jeder m\u00f6chte uns sehen und fragen was wir so erlebt haben. Da nat\u00fcrlich (fast) jeder die gleichen Fragen stellt schauen uns wir manchmal selber fragend an..... ja wie war das denn? Deshalb m\u00f6chte ich die FAQ mal kurz\u2026","rel":"","context":"In &quot;News&quot;","img":{"alt_text":"","src":"https:\/\/i0.wp.com\/my-alps.de\/wp-content\/uploads\/2014\/11\/mein-Lama-und-meine-Stadt.jpg?resize=350%2C200","width":350,"height":200},"classes":[]},{"id":573,"url":"http:\/\/my-alps.de\/?p=573","url_meta":{"origin":1334,"position":4},"title":"weiter geht&#8217;s &#8211; die Atlantikk\u00fcste entlang nach S\u00fcden","date":"17. Januar 2014","format":"gallery","excerpt":"Von Puerto San Julian, dem Ort ohne Menschen, daf\u00fcr mit viel Wind, sind wir wieder auf die Ruta 3 zur\u00fcckgekehrt und nach Rio Gallegos gefahren. Tja was soll man zu Rio Gallegos sagen - kaum ist man dort - ist man schon wieder weg. Der Ort hat einen super neuen\u2026","rel":"","context":"In &quot;News&quot;","img":{"alt_text":"","src":"https:\/\/i0.wp.com\/my-alps.de\/wp-content\/uploads\/2014\/01\/Vulkan-Kratersee-Laguna-Azul-300x200.jpg?resize=350%2C200","width":350,"height":200},"classes":[]},{"id":633,"url":"http:\/\/my-alps.de\/?p=633","url_meta":{"origin":1334,"position":5},"title":"Nationalpark &#8222;Torres Del Paine&#8220; in Chile","date":"6. Februar 2014","format":"gallery","excerpt":"Unser erster Abstecher nach Chile hat uns von Punta Arenas \u00fcber Puerto Natales in den Nationalpark \u201eTorres Del Paine\u201c gef\u00fchrt. Die \u201eTorres Del Paine\u201c - auch bekannt als die \u201e3 Zinnen S\u00fcdamerikas\u201c sind gigantische Granitt\u00fcrme, jeder Zahn mit einer fast 1.000 Meter hohen Felswand. Glatt und abweisend. Da steht man\u2026","rel":"","context":"In &quot;News&quot;","img":{"alt_text":"","src":"https:\/\/i0.wp.com\/my-alps.de\/wp-content\/uploads\/2014\/02\/Torres-Del-Paine-im-ersten-Morgenlicht-HD.jpg?resize=350%2C200","width":350,"height":200},"classes":[]}],"_links":{"self":[{"href":"http:\/\/my-alps.de\/index.php?rest_route=\/wp\/v2\/posts\/1334"}],"collection":[{"href":"http:\/\/my-alps.de\/index.php?rest_route=\/wp\/v2\/posts"}],"about":[{"href":"http:\/\/my-alps.de\/index.php?rest_route=\/wp\/v2\/types\/post"}],"author":[{"embeddable":true,"href":"http:\/\/my-alps.de\/index.php?rest_route=\/wp\/v2\/users\/1"}],"replies":[{"embeddable":true,"href":"http:\/\/my-alps.de\/index.php?rest_route=%2Fwp%2Fv2%2Fcomments&post=1334"}],"version-history":[{"count":5,"href":"http:\/\/my-alps.de\/index.php?rest_route=\/wp\/v2\/posts\/1334\/revisions"}],"predecessor-version":[{"id":1372,"href":"http:\/\/my-alps.de\/index.php?rest_route=\/wp\/v2\/posts\/1334\/revisions\/1372"}],"wp:attachment":[{"href":"http:\/\/my-alps.de\/index.php?rest_route=%2Fwp%2Fv2%2Fmedia&parent=1334"}],"wp:term":[{"taxonomy":"category","embeddable":true,"href":"http:\/\/my-alps.de\/index.php?rest_route=%2Fwp%2Fv2%2Fcategories&post=1334"},{"taxonomy":"post_tag","embeddable":true,"href":"http:\/\/my-alps.de\/index.php?rest_route=%2Fwp%2Fv2%2Ftags&post=1334"}],"curies":[{"name":"wp","href":"https:\/\/api.w.org\/{rel}","templated":true}]}}