{"id":1331,"date":"2014-07-17T16:42:21","date_gmt":"2014-07-17T14:42:21","guid":{"rendered":"http:\/\/my-alps.de\/?p=1331"},"modified":"2014-07-17T17:38:14","modified_gmt":"2014-07-17T15:38:14","slug":"lagunenroute-in-bolivien-teil-1","status":"publish","type":"post","link":"http:\/\/my-alps.de\/?p=1331","title":{"rendered":"Lagunenroute in Bolivien &#8211; Teil 1"},"content":{"rendered":"<p>San Pedro de Atacama in Chile ist der ideale Ausgangspunkt um von dort aus die legend\u00e4re im Boliviens zu befahren.<br \/>\nEs geht von der W\u00fcstenoase zur\u00fcck Richtung Paso Jama,<br \/>\nvon 2.400 Meter auf 4.500 Meter hinauf.<\/p>\n<div id=\"attachment_1349\" style=\"width: 1034px\" class=\"wp-caption aligncenter\"><a href=\"https:\/\/i0.wp.com\/my-alps.de\/wp-content\/uploads\/2014\/07\/30-Km-bergauf-ce4-HD.jpg\"><img aria-describedby=\"caption-attachment-1349\" data-attachment-id=\"1349\" data-permalink=\"http:\/\/my-alps.de\/?attachment_id=1349\" data-orig-file=\"https:\/\/i0.wp.com\/my-alps.de\/wp-content\/uploads\/2014\/07\/30-Km-bergauf-ce4-HD.jpg?fit=1024%2C576\" data-orig-size=\"1024,576\" data-comments-opened=\"1\" data-image-meta=\"{&quot;aperture&quot;:&quot;13&quot;,&quot;credit&quot;:&quot;&quot;,&quot;camera&quot;:&quot;NEX-7&quot;,&quot;caption&quot;:&quot;&quot;,&quot;created_timestamp&quot;:&quot;1404745128&quot;,&quot;copyright&quot;:&quot;&quot;,&quot;focal_length&quot;:&quot;10&quot;,&quot;iso&quot;:&quot;100&quot;,&quot;shutter_speed&quot;:&quot;0.004&quot;,&quot;title&quot;:&quot;&quot;}\" data-image-title=\"30 Km bergauf &#8211; ce4 &#8211; HD\" data-image-description=\"&lt;p&gt;30 Km bergauf &lt;\/p&gt;\n\" data-image-caption=\"&lt;p&gt;30 Km bergauf &lt;\/p&gt;\n\" data-medium-file=\"https:\/\/i0.wp.com\/my-alps.de\/wp-content\/uploads\/2014\/07\/30-Km-bergauf-ce4-HD.jpg?fit=300%2C168\" data-large-file=\"https:\/\/i0.wp.com\/my-alps.de\/wp-content\/uploads\/2014\/07\/30-Km-bergauf-ce4-HD.jpg?fit=625%2C352\" loading=\"lazy\" class=\"size-full wp-image-1349\" alt=\"30 Km bergauf \" src=\"https:\/\/i0.wp.com\/my-alps.de\/wp-content\/uploads\/2014\/07\/30-Km-bergauf-ce4-HD.jpg?resize=625%2C352\" width=\"625\" height=\"352\" srcset=\"https:\/\/i0.wp.com\/my-alps.de\/wp-content\/uploads\/2014\/07\/30-Km-bergauf-ce4-HD.jpg?w=1024 1024w, https:\/\/i0.wp.com\/my-alps.de\/wp-content\/uploads\/2014\/07\/30-Km-bergauf-ce4-HD.jpg?resize=300%2C168 300w\" sizes=\"(max-width: 625px) 100vw, 625px\" data-recalc-dims=\"1\" \/><\/a><p id=\"caption-attachment-1349\" class=\"wp-caption-text\">30 Km bergauf<\/p><\/div>\n<p>Schnurgerade, bis auf wenige Kurven, zieht sich die Stra\u00dfe auf fast 30 Kilometer bergauf. Mehr als eine Stunde nur im dritten Gang dieseln wir gem\u00fctlich bis zur Grenze zwischen Chile und Bolivien. Die Ausreiseformalit\u00e4ten f\u00fcr Chile erledigt man gleich in San Pedro.<br \/>\nOben an der kleinen Grenzh\u00fctte begr\u00fc\u00dft uns ein freundlicher Z\u00f6llner der uns beim ausf\u00fcllen der Einreiseformulare behilflich ist.<\/p>\n<div id=\"attachment_1351\" style=\"width: 1034px\" class=\"wp-caption aligncenter\"><a href=\"https:\/\/i0.wp.com\/my-alps.de\/wp-content\/uploads\/2014\/07\/migracion-bolivia.jpg\"><img aria-describedby=\"caption-attachment-1351\" data-attachment-id=\"1351\" data-permalink=\"http:\/\/my-alps.de\/?attachment_id=1351\" data-orig-file=\"https:\/\/i0.wp.com\/my-alps.de\/wp-content\/uploads\/2014\/07\/migracion-bolivia.jpg?fit=1024%2C683\" data-orig-size=\"1024,683\" data-comments-opened=\"1\" data-image-meta=\"{&quot;aperture&quot;:&quot;11&quot;,&quot;credit&quot;:&quot;&quot;,&quot;camera&quot;:&quot;SLT-A99V&quot;,&quot;caption&quot;:&quot;&quot;,&quot;created_timestamp&quot;:&quot;1404755282&quot;,&quot;copyright&quot;:&quot;&quot;,&quot;focal_length&quot;:&quot;24&quot;,&quot;iso&quot;:&quot;100&quot;,&quot;shutter_speed&quot;:&quot;0.008&quot;,&quot;title&quot;:&quot;&quot;}\" data-image-title=\"migracion bolivia\" data-image-description=\"&lt;p&gt;migracion bolivia&lt;\/p&gt;\n\" data-image-caption=\"&lt;p&gt;migracion bolivia&lt;\/p&gt;\n\" data-medium-file=\"https:\/\/i0.wp.com\/my-alps.de\/wp-content\/uploads\/2014\/07\/migracion-bolivia.jpg?fit=300%2C200\" data-large-file=\"https:\/\/i0.wp.com\/my-alps.de\/wp-content\/uploads\/2014\/07\/migracion-bolivia.jpg?fit=625%2C417\" loading=\"lazy\" class=\"size-full wp-image-1351\" alt=\"migracion bolivia\" src=\"https:\/\/i0.wp.com\/my-alps.de\/wp-content\/uploads\/2014\/07\/migracion-bolivia.jpg?resize=625%2C417\" width=\"625\" height=\"417\" srcset=\"https:\/\/i0.wp.com\/my-alps.de\/wp-content\/uploads\/2014\/07\/migracion-bolivia.jpg?w=1024 1024w, https:\/\/i0.wp.com\/my-alps.de\/wp-content\/uploads\/2014\/07\/migracion-bolivia.jpg?resize=300%2C200 300w\" sizes=\"(max-width: 625px) 100vw, 625px\" data-recalc-dims=\"1\" \/><\/a><p id=\"caption-attachment-1351\" class=\"wp-caption-text\">migracion bolivia<\/p><\/div>\n<p>Wir haben Gl\u00fcck, denn sein Kollege vom Zoll f\u00fcr das Auto ist gerade da, und so k\u00f6nnen wir das gleich mit erledigen. Normalerweise sitzt er abseits jeglicher Zivilisation in der N\u00e4he der Laguna Colorada &#8211; auf 5.025 Meter! Kein Wunder das er die Backen voll mit Kokabl\u00e4ttern hat und wir von seinem genuschelten Spanisch nun gar nichts mehr verstehen. Mittlerweile ist es sp\u00e4ter Nachmittag geworden und wir fahren von der Kontrollstation des Nationalparks Eduardo Avaroa (150 BOL Eintritt p.P.) noch einen kurzen Abstecher zu Laguna Blanca und der Laguna Verde. Wir werden bei der Kontrollstation \u00fcbernachten, denn mittlerweile pfeift hier oben ein heftiger und kalter Wind.<\/p>\n<div id=\"attachment_1352\" style=\"width: 1034px\" class=\"wp-caption aligncenter\"><a href=\"https:\/\/i0.wp.com\/my-alps.de\/wp-content\/uploads\/2014\/07\/Laguna-Blanca-1.ce4_.jpg\"><img aria-describedby=\"caption-attachment-1352\" data-attachment-id=\"1352\" data-permalink=\"http:\/\/my-alps.de\/?attachment_id=1352\" data-orig-file=\"https:\/\/i0.wp.com\/my-alps.de\/wp-content\/uploads\/2014\/07\/Laguna-Blanca-1.ce4_.jpg?fit=1024%2C683\" data-orig-size=\"1024,683\" data-comments-opened=\"1\" data-image-meta=\"{&quot;aperture&quot;:&quot;11&quot;,&quot;credit&quot;:&quot;&quot;,&quot;camera&quot;:&quot;SLT-A99V&quot;,&quot;caption&quot;:&quot;&quot;,&quot;created_timestamp&quot;:&quot;1404757649&quot;,&quot;copyright&quot;:&quot;&quot;,&quot;focal_length&quot;:&quot;24&quot;,&quot;iso&quot;:&quot;100&quot;,&quot;shutter_speed&quot;:&quot;0.008&quot;,&quot;title&quot;:&quot;&quot;}\" data-image-title=\"Laguna Blanca-1.ce4\" data-image-description=\"&lt;p&gt;Laguna Blanca-1&lt;\/p&gt;\n\" data-image-caption=\"&lt;p&gt;Laguna Blanca-1&lt;\/p&gt;\n\" data-medium-file=\"https:\/\/i0.wp.com\/my-alps.de\/wp-content\/uploads\/2014\/07\/Laguna-Blanca-1.ce4_.jpg?fit=300%2C200\" data-large-file=\"https:\/\/i0.wp.com\/my-alps.de\/wp-content\/uploads\/2014\/07\/Laguna-Blanca-1.ce4_.jpg?fit=625%2C417\" loading=\"lazy\" class=\"size-full wp-image-1352\" alt=\"Laguna Blanca-1\" src=\"https:\/\/i0.wp.com\/my-alps.de\/wp-content\/uploads\/2014\/07\/Laguna-Blanca-1.ce4_.jpg?resize=625%2C417\" width=\"625\" height=\"417\" srcset=\"https:\/\/i0.wp.com\/my-alps.de\/wp-content\/uploads\/2014\/07\/Laguna-Blanca-1.ce4_.jpg?w=1024 1024w, https:\/\/i0.wp.com\/my-alps.de\/wp-content\/uploads\/2014\/07\/Laguna-Blanca-1.ce4_.jpg?resize=300%2C200 300w\" sizes=\"(max-width: 625px) 100vw, 625px\" data-recalc-dims=\"1\" \/><\/a><p id=\"caption-attachment-1352\" class=\"wp-caption-text\">Laguna Blanca-1<\/p><\/div>\n<p>Lagunenroute &#8211; 1. Abschnitt<br \/>\nVon der Laguna Verde bis Laguna Colorada<\/p>\n<p>Die Nacht war bitterkalt (knapp minus 20 Grad) und es dauert eine Zeit bis warm genug ist, damit unser Diesel wieder anspringt. An der Laguna Verde ist das Farbschauspiel mit dem Wechsel von kristallklar zu smaragdgr\u00fcn schon in vollem Gang.<\/p>\n<div id=\"attachment_1355\" style=\"width: 1034px\" class=\"wp-caption aligncenter\"><a href=\"https:\/\/i0.wp.com\/my-alps.de\/wp-content\/uploads\/2014\/07\/Laguna-Verde-1.ce4_.jpg\"><img aria-describedby=\"caption-attachment-1355\" data-attachment-id=\"1355\" data-permalink=\"http:\/\/my-alps.de\/?attachment_id=1355\" data-orig-file=\"https:\/\/i0.wp.com\/my-alps.de\/wp-content\/uploads\/2014\/07\/Laguna-Verde-1.ce4_.jpg?fit=1024%2C683\" data-orig-size=\"1024,683\" data-comments-opened=\"1\" data-image-meta=\"{&quot;aperture&quot;:&quot;11&quot;,&quot;credit&quot;:&quot;&quot;,&quot;camera&quot;:&quot;SLT-A99V&quot;,&quot;caption&quot;:&quot;&quot;,&quot;created_timestamp&quot;:&quot;1404828032&quot;,&quot;copyright&quot;:&quot;&quot;,&quot;focal_length&quot;:&quot;50&quot;,&quot;iso&quot;:&quot;100&quot;,&quot;shutter_speed&quot;:&quot;0.004&quot;,&quot;title&quot;:&quot;&quot;}\" data-image-title=\"Laguna Verde-1.ce4\" data-image-description=\"&lt;p&gt;Laguna Verde-1&lt;\/p&gt;\n\" data-image-caption=\"&lt;p&gt;Laguna Verde-1&lt;\/p&gt;\n\" data-medium-file=\"https:\/\/i0.wp.com\/my-alps.de\/wp-content\/uploads\/2014\/07\/Laguna-Verde-1.ce4_.jpg?fit=300%2C200\" data-large-file=\"https:\/\/i0.wp.com\/my-alps.de\/wp-content\/uploads\/2014\/07\/Laguna-Verde-1.ce4_.jpg?fit=625%2C417\" loading=\"lazy\" class=\"size-full wp-image-1355\" alt=\"Laguna Verde-1\" src=\"https:\/\/i0.wp.com\/my-alps.de\/wp-content\/uploads\/2014\/07\/Laguna-Verde-1.ce4_.jpg?resize=625%2C417\" width=\"625\" height=\"417\" srcset=\"https:\/\/i0.wp.com\/my-alps.de\/wp-content\/uploads\/2014\/07\/Laguna-Verde-1.ce4_.jpg?w=1024 1024w, https:\/\/i0.wp.com\/my-alps.de\/wp-content\/uploads\/2014\/07\/Laguna-Verde-1.ce4_.jpg?resize=300%2C200 300w\" sizes=\"(max-width: 625px) 100vw, 625px\" data-recalc-dims=\"1\" \/><\/a><p id=\"caption-attachment-1355\" class=\"wp-caption-text\">Laguna Verde-1<\/p><\/div>\n<p>Leider tr\u00fcbt der starke Wind dieses Erlebnis durch die Wellen und den Schaum auf dem Wasser. Durch die spezielle Zusammensetzung des Wassers und Microorganismen, sowie dem starken Sonnenlicht wechselt das Wasser am Mittag seine Farbe vom klaren Blau zu einem tiefen Smaragdgr\u00fcn. Wir schauen eine Zeit lang auf das Wasser und die Farbenpracht. Gegen\u00fcber erhebt sich der Vulkan Licancabur mit seinen 5.900 Metern.<\/p>\n<div id=\"attachment_1354\" style=\"width: 1034px\" class=\"wp-caption aligncenter\"><a href=\"https:\/\/i0.wp.com\/my-alps.de\/wp-content\/uploads\/2014\/07\/Volcan-Lincanc\u00e1bur-ce4.jpg\"><img aria-describedby=\"caption-attachment-1354\" data-attachment-id=\"1354\" data-permalink=\"http:\/\/my-alps.de\/?attachment_id=1354\" data-orig-file=\"https:\/\/i0.wp.com\/my-alps.de\/wp-content\/uploads\/2014\/07\/Volcan-Lincanc\u00e1bur-ce4.jpg?fit=1024%2C683\" data-orig-size=\"1024,683\" data-comments-opened=\"1\" data-image-meta=\"{&quot;aperture&quot;:&quot;9.5&quot;,&quot;credit&quot;:&quot;&quot;,&quot;camera&quot;:&quot;SLT-A99V&quot;,&quot;caption&quot;:&quot;&quot;,&quot;created_timestamp&quot;:&quot;1404750317&quot;,&quot;copyright&quot;:&quot;&quot;,&quot;focal_length&quot;:&quot;50&quot;,&quot;iso&quot;:&quot;100&quot;,&quot;shutter_speed&quot;:&quot;0.004&quot;,&quot;title&quot;:&quot;&quot;}\" data-image-title=\"Volcan Lincanc\u00e1bur &#8211; ce4\" data-image-description=\"&lt;p&gt;Volcan Lincanc\u00e1bur&lt;\/p&gt;\n\" data-image-caption=\"&lt;p&gt;Volcan Lincanc\u00e1bur&lt;\/p&gt;\n\" data-medium-file=\"https:\/\/i0.wp.com\/my-alps.de\/wp-content\/uploads\/2014\/07\/Volcan-Lincanc\u00e1bur-ce4.jpg?fit=300%2C200\" data-large-file=\"https:\/\/i0.wp.com\/my-alps.de\/wp-content\/uploads\/2014\/07\/Volcan-Lincanc\u00e1bur-ce4.jpg?fit=625%2C417\" loading=\"lazy\" class=\"size-full wp-image-1354\" alt=\"Volcan Lincanc\u00e1bur\" src=\"https:\/\/i0.wp.com\/my-alps.de\/wp-content\/uploads\/2014\/07\/Volcan-Lincanc\u00e1bur-ce4.jpg?resize=625%2C417\" width=\"625\" height=\"417\" srcset=\"https:\/\/i0.wp.com\/my-alps.de\/wp-content\/uploads\/2014\/07\/Volcan-Lincanc\u00e1bur-ce4.jpg?w=1024 1024w, https:\/\/i0.wp.com\/my-alps.de\/wp-content\/uploads\/2014\/07\/Volcan-Lincanc\u00e1bur-ce4.jpg?resize=300%2C200 300w\" sizes=\"(max-width: 625px) 100vw, 625px\" data-recalc-dims=\"1\" \/><\/a><p id=\"caption-attachment-1354\" class=\"wp-caption-text\">Volcan Lincanc\u00e1bur<\/p><\/div>\n<p><span style=\"line-height: 1.5;\">Wir suchen uns durch die vielen Jeepspuren unseren Weg durch tiefen Salzsand und Ger\u00f6llfelder zur Piste zur\u00fcck. Es geht zum Salar de Chalviri. Bei der Fahrt durch diese Landschaft kommt man auf den Gedanken, das bei der Entstehung der Erde mal ein Farbkasten vom Himmel gefallen ist. Jedenfalls war hier sehr viel Phantasie im Spiel.<\/span><\/p>\n<div id=\"attachment_1357\" style=\"width: 1034px\" class=\"wp-caption aligncenter\"><a href=\"https:\/\/i0.wp.com\/my-alps.de\/wp-content\/uploads\/2014\/07\/Staub-und-Steine.ce4_.jpg\"><img aria-describedby=\"caption-attachment-1357\" data-attachment-id=\"1357\" data-permalink=\"http:\/\/my-alps.de\/?attachment_id=1357\" data-orig-file=\"https:\/\/i0.wp.com\/my-alps.de\/wp-content\/uploads\/2014\/07\/Staub-und-Steine.ce4_.jpg?fit=1024%2C683\" data-orig-size=\"1024,683\" data-comments-opened=\"1\" data-image-meta=\"{&quot;aperture&quot;:&quot;13&quot;,&quot;credit&quot;:&quot;&quot;,&quot;camera&quot;:&quot;SLT-A77V&quot;,&quot;caption&quot;:&quot;&quot;,&quot;created_timestamp&quot;:&quot;1404828823&quot;,&quot;copyright&quot;:&quot;&quot;,&quot;focal_length&quot;:&quot;18&quot;,&quot;iso&quot;:&quot;100&quot;,&quot;shutter_speed&quot;:&quot;0.00625&quot;,&quot;title&quot;:&quot;&quot;}\" data-image-title=\"Staub und Steine.ce4\" data-image-description=\"&lt;p&gt;Staub und Steine&lt;\/p&gt;\n\" data-image-caption=\"&lt;p&gt;Staub und Steine&lt;\/p&gt;\n\" data-medium-file=\"https:\/\/i0.wp.com\/my-alps.de\/wp-content\/uploads\/2014\/07\/Staub-und-Steine.ce4_.jpg?fit=300%2C200\" data-large-file=\"https:\/\/i0.wp.com\/my-alps.de\/wp-content\/uploads\/2014\/07\/Staub-und-Steine.ce4_.jpg?fit=625%2C417\" loading=\"lazy\" class=\"size-full wp-image-1357\" alt=\"Staub und Steine\" src=\"https:\/\/i0.wp.com\/my-alps.de\/wp-content\/uploads\/2014\/07\/Staub-und-Steine.ce4_.jpg?resize=625%2C417\" width=\"625\" height=\"417\" srcset=\"https:\/\/i0.wp.com\/my-alps.de\/wp-content\/uploads\/2014\/07\/Staub-und-Steine.ce4_.jpg?w=1024 1024w, https:\/\/i0.wp.com\/my-alps.de\/wp-content\/uploads\/2014\/07\/Staub-und-Steine.ce4_.jpg?resize=300%2C200 300w\" sizes=\"(max-width: 625px) 100vw, 625px\" data-recalc-dims=\"1\" \/><\/a><p id=\"caption-attachment-1357\" class=\"wp-caption-text\">Staub und Steine<\/p><\/div>\n<p><span style=\"line-height: 1.5;\">Der heftige Wind fegt den losen Sand waagrecht gegen das Auto, und \u00fcber den Salar de Chalviri ziehen Dust Devils aus Salzstaub.<br \/>\nDie Fahrzeuge ziehen eine 500 Meter lange Staubfont\u00e4ne auf der (schlechten) Schotterpiste hinter sich her. An dem kleinen Haltepunkt am Salar kann man in ein warmes Geysirbecken zum baden und sich den Staub abwaschen.<\/span><br \/>\nDanach steigt die Piste unaufhaltsam an und der H\u00f6henmesser n\u00e4hert sich der 5.000 Meter Grenze.<\/p>\n<div id=\"attachment_1358\" style=\"width: 1034px\" class=\"wp-caption aligncenter\"><a href=\"https:\/\/i0.wp.com\/my-alps.de\/wp-content\/uploads\/2014\/07\/alt-5015hm.jpg\"><img aria-describedby=\"caption-attachment-1358\" data-attachment-id=\"1358\" data-permalink=\"http:\/\/my-alps.de\/?attachment_id=1358\" data-orig-file=\"https:\/\/i0.wp.com\/my-alps.de\/wp-content\/uploads\/2014\/07\/alt-5015hm.jpg?fit=1024%2C683\" data-orig-size=\"1024,683\" data-comments-opened=\"1\" data-image-meta=\"{&quot;aperture&quot;:&quot;5.6&quot;,&quot;credit&quot;:&quot;&quot;,&quot;camera&quot;:&quot;DSC-RX100&quot;,&quot;caption&quot;:&quot;&quot;,&quot;created_timestamp&quot;:&quot;1404924880&quot;,&quot;copyright&quot;:&quot;&quot;,&quot;focal_length&quot;:&quot;10.4&quot;,&quot;iso&quot;:&quot;125&quot;,&quot;shutter_speed&quot;:&quot;0.008&quot;,&quot;title&quot;:&quot;&quot;}\" data-image-title=\"alt-5015hm\" data-image-description=\"&lt;p&gt;alt-5015hm&lt;\/p&gt;\n\" data-image-caption=\"&lt;p&gt;alt-5015hm&lt;\/p&gt;\n\" data-medium-file=\"https:\/\/i0.wp.com\/my-alps.de\/wp-content\/uploads\/2014\/07\/alt-5015hm.jpg?fit=300%2C200\" data-large-file=\"https:\/\/i0.wp.com\/my-alps.de\/wp-content\/uploads\/2014\/07\/alt-5015hm.jpg?fit=625%2C417\" loading=\"lazy\" class=\"size-full wp-image-1358\" alt=\"alt-5015hm\" src=\"https:\/\/i0.wp.com\/my-alps.de\/wp-content\/uploads\/2014\/07\/alt-5015hm.jpg?resize=625%2C417\" width=\"625\" height=\"417\" srcset=\"https:\/\/i0.wp.com\/my-alps.de\/wp-content\/uploads\/2014\/07\/alt-5015hm.jpg?w=1024 1024w, https:\/\/i0.wp.com\/my-alps.de\/wp-content\/uploads\/2014\/07\/alt-5015hm.jpg?resize=300%2C200 300w\" sizes=\"(max-width: 625px) 100vw, 625px\" data-recalc-dims=\"1\" \/><\/a><p id=\"caption-attachment-1358\" class=\"wp-caption-text\">alt-5015hm<\/p><\/div>\n<p>Wenn man aussteigt, und sich dem heftigen Wind entgegenstellt ist man nach 10 Metern schon ausser Puste. Von unseren 130 Diesel PS sind auch nur noch ein geringer Rest \u00fcbrig, doch unser Motor schl\u00e4gt sich wacker und saugt gierig den verf\u00fcgbaren Sauerstoff ein. Dann geht es \u00fcber eine Piste, die mit Handballgro\u00dfen Steinen und tiefen Sandpassagen gespickt ist wieder hinunter zur Laguna Colorada. Es sind zwar nur knapp etwas \u00fcber 90 Kilometer an diesem Tag, doch als wir mit dem letzten Licht auf dem gro\u00dfen Lavafeld unser Lager aufschlagen bin ich total geschafft.<\/p>\n","protected":false},"excerpt":{"rendered":"<p>San Pedro de Atacama in Chile ist der ideale Ausgangspunkt um von dort aus die legend\u00e4re im Boliviens zu befahren. Es geht von der W\u00fcstenoase zur\u00fcck Richtung Paso Jama, von 2.400 Meter auf 4.500 Meter hinauf. Schnurgerade, bis auf wenige Kurven, zieht sich die Stra\u00dfe auf fast 30 Kilometer bergauf. Mehr als eine Stunde nur [&hellip;]<\/p>\n","protected":false},"author":1,"featured_media":0,"comment_status":"open","ping_status":"open","sticky":false,"template":"","format":"gallery","meta":{"spay_email":"","jetpack_publicize_message":"","jetpack_is_tweetstorm":false,"jetpack_publicize_feature_enabled":true},"categories":[1],"tags":[],"jetpack_featured_media_url":"","jetpack_publicize_connections":[],"jetpack_sharing_enabled":true,"jetpack_shortlink":"https:\/\/wp.me\/p6huce-lt","jetpack-related-posts":[{"id":1312,"url":"http:\/\/my-alps.de\/?p=1312","url_meta":{"origin":1331,"position":0},"title":"\u00dcber den Paso Jama nach San Pedro de Atacama","date":"30. Juni 2014","format":"gallery","excerpt":"Seit \u201eSan Antonio de los Cobres\u201c bl\u00e4st ein eiskalter und heftiger Wind.\u00a0Mit gemischten Gef\u00fchlen (ob der Pass \u00fcberhaupt bei dem Wetter offen ist?) fahren wir von Susques \u00fcber den \u201eSalar de Olaroz\u201c zur Grenzstation am Paso Jama. Die liegt schon auf 4.100 Metern H\u00f6he und - ist geschlossen. Der Wind\u2026","rel":"","context":"In &quot;News&quot;","img":{"alt_text":"","src":"https:\/\/i0.wp.com\/my-alps.de\/wp-content\/uploads\/2014\/06\/Panorama-Cerro-Cachi.jpg?resize=350%2C200","width":350,"height":200},"classes":[]},{"id":1337,"url":"http:\/\/my-alps.de\/?p=1337","url_meta":{"origin":1331,"position":1},"title":"Lagunenroute in Bolivien &#8211; Teil 3","date":"17. Juli 2014","format":"gallery","excerpt":"Lagunenroute - 3. Abschnitt Von Villa Mar bis nach San Christobal \u201eVilla Mar\u201c, ein kleines Nest mit vielleicht 200 Einwohnern wirbt mit \u00dcbernachtungsm\u00f6glichkeiten und Restaurants - doch zu sehen ist davon nicht viel. Was diesen Ort wirklich interessant macht, ist die Flussdurchfahrt hinauf zur - ja - \u201eMautstation\u201c! In Bolivien\u2026","rel":"","context":"In &quot;News&quot;","img":{"alt_text":"","src":"https:\/\/i0.wp.com\/my-alps.de\/wp-content\/uploads\/2014\/07\/Rocas-1.ce4_.jpg?resize=350%2C200","width":350,"height":200},"classes":[]},{"id":1327,"url":"http:\/\/my-alps.de\/?p=1327","url_meta":{"origin":1331,"position":2},"title":"Tatio Geysire","date":"17. Juli 2014","format":"gallery","excerpt":"Es geht wieder hoch hinauf - \u00a0zu den Tatio Geysiren. Das Geysirfeld,\u2028liegt in 4.300 Meter H\u00f6he, und wir kommen am sp\u00e4ten Nachmittag\u2028dort an. \u00dcberall h\u00e4ngen Dampfschwaden in der Luft und es weht\u2028ein heftiger und eisiger Wind. Wir spazieren zwischen den kleinen\u2028\u201eMinivulkanen\u201c herum und baden in einem salzhaltigem Thermalbecken. Am n\u00e4chsten\u2026","rel":"","context":"In &quot;News&quot;","img":{"alt_text":"","src":"","width":0,"height":0},"classes":[]},{"id":1278,"url":"http:\/\/my-alps.de\/?p=1278","url_meta":{"origin":1331,"position":3},"title":"Lebenszeichen V3","date":"29. Juni 2014","format":"gallery","excerpt":"Halloooooo...... ist da draussen jemand??? Ja, seit dem letzten Blogbeitrag ist schon einige Zeit vergangen. Keine Sorge, wir waren in der absoluten Einsamkeit - immer der Andenkette entlang nach Norden. Kein WIFI und kaum Mobilfunknetz, jedenfalls nicht in der St\u00e4rke die wir f\u00fcr's Internet brauchen. Ja, es gibt sie also\u2026","rel":"","context":"In &quot;News&quot;","img":{"alt_text":"Passh\u00c3\u00b6he - Pedra de Molino ","src":"https:\/\/i0.wp.com\/my-alps.de\/wp-content\/uploads\/2014\/06\/Passh\u00c3\u00b6he-Pedra-de-Molino-3460-m-ce4.jpg?resize=350%2C200","width":350,"height":200},"classes":[]},{"id":1178,"url":"http:\/\/my-alps.de\/?p=1178","url_meta":{"origin":1331,"position":4},"title":"Epilog &#8211; Osorno","date":"3. Juni 2014","format":"gallery","excerpt":"Nach erfolgreicher Implementierung des nagelneuen Steuerger\u00e4tes in unseren Allradantrieb -\u00a0(er funktioniert wieder!) - steht einer Fortsetzung der Reise nach Norden, Richtung Bolivien und Peru nichts mehr im Weg. Doch vorher ein kleiner R\u00fcckblick: Wir haben hier in der Stadt richtige Freunde gefunden, Mario, Gustavo und ihre Familien sind so gastfreundlich\u2026","rel":"","context":"In &quot;News&quot;","img":{"alt_text":"","src":"","width":0,"height":0},"classes":[]},{"id":1447,"url":"http:\/\/my-alps.de\/?p=1447","url_meta":{"origin":1331,"position":5},"title":"Sorata, das kleine Tibet in Bolivien","date":"7. August 2014","format":"gallery","excerpt":"Von La Paz aus wollten wir auf den Cerro Chacaltaya, und damit unseren ersten 5.000 er besteigen. Leider war der Wetter-Inka heute nicht soooo gut gelaunt, denn es hatte viel Neuschnee und heftigen Sturm gehabt. (Obwohl in La Paz die Kirschbl\u00fcte ausgebrochen ist!) Also mussten wir auf halber Strecke wieder\u2026","rel":"","context":"In &quot;News&quot;","img":{"alt_text":"","src":"https:\/\/i0.wp.com\/my-alps.de\/wp-content\/uploads\/2014\/08\/Valle-Sorata-I-ce4-define.jpg?resize=350%2C200","width":350,"height":200},"classes":[]}],"_links":{"self":[{"href":"http:\/\/my-alps.de\/index.php?rest_route=\/wp\/v2\/posts\/1331"}],"collection":[{"href":"http:\/\/my-alps.de\/index.php?rest_route=\/wp\/v2\/posts"}],"about":[{"href":"http:\/\/my-alps.de\/index.php?rest_route=\/wp\/v2\/types\/post"}],"author":[{"embeddable":true,"href":"http:\/\/my-alps.de\/index.php?rest_route=\/wp\/v2\/users\/1"}],"replies":[{"embeddable":true,"href":"http:\/\/my-alps.de\/index.php?rest_route=%2Fwp%2Fv2%2Fcomments&post=1331"}],"version-history":[{"count":6,"href":"http:\/\/my-alps.de\/index.php?rest_route=\/wp\/v2\/posts\/1331\/revisions"}],"predecessor-version":[{"id":1359,"href":"http:\/\/my-alps.de\/index.php?rest_route=\/wp\/v2\/posts\/1331\/revisions\/1359"}],"wp:attachment":[{"href":"http:\/\/my-alps.de\/index.php?rest_route=%2Fwp%2Fv2%2Fmedia&parent=1331"}],"wp:term":[{"taxonomy":"category","embeddable":true,"href":"http:\/\/my-alps.de\/index.php?rest_route=%2Fwp%2Fv2%2Fcategories&post=1331"},{"taxonomy":"post_tag","embeddable":true,"href":"http:\/\/my-alps.de\/index.php?rest_route=%2Fwp%2Fv2%2Ftags&post=1331"}],"curies":[{"name":"wp","href":"https:\/\/api.w.org\/{rel}","templated":true}]}}