{"id":1327,"date":"2014-07-17T16:39:11","date_gmt":"2014-07-17T14:39:11","guid":{"rendered":"http:\/\/my-alps.de\/?p=1327"},"modified":"2014-07-17T16:40:50","modified_gmt":"2014-07-17T14:40:50","slug":"tatio-geysire","status":"publish","type":"post","link":"http:\/\/my-alps.de\/?p=1327","title":{"rendered":"Tatio Geysire"},"content":{"rendered":"<p>Es geht wieder hoch hinauf &#8211; \u00a0zu den Tatio Geysiren.<br \/>\nDas Geysirfeld,\u2028liegt in 4.300 Meter H\u00f6he, und wir kommen am sp\u00e4ten Nachmittag\u2028dort an.<\/p>\n<p>\u00dcberall h\u00e4ngen Dampfschwaden in der Luft und es weht\u2028ein heftiger und eisiger Wind. Wir spazieren zwischen den kleinen\u2028\u201eMinivulkanen\u201c herum und baden in einem salzhaltigem Thermalbecken.<br \/>\nAm n\u00e4chsten Morgen hat es minus 15 Grad, und ab 5 Uhr morgens rollen \u2028die Touristenbusse an. Unser Motor gibt nur ein j\u00e4mmerliches orgeln von sich, \u2028der chilenische Superdiesel ist halt doch nicht winterfest. Im Diesevorfilter befindet\u2028sich nur eine z\u00e4he Masse die nicht willig ist durch die Einspritzd\u00fcsen gedr\u00fcckt zu werden.<br \/>\nWir fragen ein paar Fahrer von den Tourbussen, ob sie uns mitnehmen k\u00f6nnen,\u2028und wir haben Gl\u00fcck. Wir landen bei \u201ePamela\u201c, der wohl besten F\u00fchrerin die es gibt.<br \/>\n\u201eNo Problem\u201c &#8211; sie hat nur zwei Japaner im Bus, wir sollen alle einsteigen und mitkommen.\u2028Dankbar kriechen wir in den warmen Bus, der schon seit 2 Stunden bis hier unterwegs war.\u2028Pamela ist mit Leib und Seele Tourguide, sie erkl\u00e4rt uns wie die Geysire entstehen, welche\u2028unterschiedlichen Formen sie ausbilden k\u00f6nnen. Welche Algen und Bakterien hier vorkommen.\u2028Unterwegs hebt sie kopfsch\u00fcttelnd Plastikm\u00fcll von anderen Touristen auf und \u00e4rgert sich \u00fcber\u2028deren Achtlosigkeit. Nach zwei Stunden l\u00e4dt sie uns noch zum Fr\u00fchst\u00fcck an ihrem Tourbus ein.\u2028Als wir sie fragen was wir ihr bezahlen d\u00fcrfen, f\u00fcr ihre Hilfe und Selbstlosigkeit, schaut sie uns an\u2028und sagt:\u2028\u201c Das ist schon in Ordnung &#8211; hier helfen wir uns gegenseitig, ohne das wir etwas daf\u00fcr erwarten &#8211; ihr hattet ein Problem, ihr w\u00fcrdet das gleiche f\u00fcr mich auch machen wenn ich eins h\u00e4tte.\u201c\u2028Dabei lacht sie uns an, b\u00fcckt sich und hebt wieder einen Plastikschnipsel auf.<br \/>\nBesch\u00e4mt sitzen wir auf der R\u00fcckfahrt wieder im warmen Bus und erfahren, das ihr Sohn in La Paz Medizin studiert und ihre gro\u00dfe Liebe einem guten italienischen Espresso geh\u00f6rt.\u2028Ihr Traum w\u00e4re eine Reise nach Island, um dort die Geysire zu bestaunen.<br \/>\nAls wir uns von ihr verabschieden dr\u00fccke ich ihr meine letzte 500 Gramm Packung \u201ePellini\u201c Espresso in die Hand und bedanke mich nochmals f\u00fcr alles. Mit einem Blick auf die Espressopackung hopst sie aufgeregt wie eine kleines Kind herum und f\u00e4llt mir um den Hals &#8211;<br \/>\n\u201ePellini gibt es nirgends in Chile zu kaufen und es sei der beste Espresso\u201c,\u2028lacht, winkt und braust mit ihrem Bus wieder Richtung San Pedro de Atacama davon.<\/p>\n<p>Ach ja &#8211; die Geysire sind deswegen am Morgen so pr\u00e4chtig anzusehen, weil in der kalten Luft (bibber) der Dampf erst richtig gut zu sehen ist.\u2028Wir waren sehr beeindruckt.<br \/>\nP\u00fcnktlich um 11 Uhr ist es wieder warm genug, das der Diesel wieder durch die Leitungen flie\u00dfen kann und wir fahren auch zur\u00fcck nach San Pedro.<\/p>\n<p>Als n\u00e4chstes wartet ein neues Land &#8211; Bolivien &#8211; auf uns.<\/p>\n","protected":false},"excerpt":{"rendered":"<p>Es geht wieder hoch hinauf &#8211; \u00a0zu den Tatio Geysiren. Das Geysirfeld,\u2028liegt in 4.300 Meter H\u00f6he, und wir kommen am sp\u00e4ten Nachmittag\u2028dort an. \u00dcberall h\u00e4ngen Dampfschwaden in der Luft und es weht\u2028ein heftiger und eisiger Wind. Wir spazieren zwischen den kleinen\u2028\u201eMinivulkanen\u201c herum und baden in einem salzhaltigem Thermalbecken. Am n\u00e4chsten Morgen hat es minus 15 [&hellip;]<\/p>\n","protected":false},"author":1,"featured_media":0,"comment_status":"open","ping_status":"open","sticky":false,"template":"","format":"gallery","meta":{"spay_email":"","jetpack_publicize_message":"","jetpack_is_tweetstorm":false,"jetpack_publicize_feature_enabled":true},"categories":[1],"tags":[],"jetpack_featured_media_url":"","jetpack_publicize_connections":[],"jetpack_sharing_enabled":true,"jetpack_shortlink":"https:\/\/wp.me\/p6huce-lp","jetpack-related-posts":[{"id":1759,"url":"http:\/\/my-alps.de\/?p=1759","url_meta":{"origin":1327,"position":0},"title":"Vorblick minus R\u00fcckblick = aktuelle H\u00f6he","date":"29. Oktober 2014","format":"gallery","excerpt":"Na ja, was soll ich sagen ohne zu \u00fcbertreiben, das vergangene Jahr hat uns so viele Abenteuer geschenkt, bis wir die in unserer K\u00f6pfen verarbeitet haben nuckeln wir wahrscheinlich beide aus der Schnabeltasse. Das WOMO steht im Hafen, morgen kommt noch die Prozedur mit der Drogen Kontrolle (ob die auch\u2026","rel":"","context":"In &quot;News&quot;","img":{"alt_text":"","src":"https:\/\/i0.wp.com\/my-alps.de\/wp-content\/uploads\/2014\/10\/Colombia-somos-todos-ce4.jpg?resize=350%2C200","width":350,"height":200},"classes":[]},{"id":1091,"url":"http:\/\/my-alps.de\/?p=1091","url_meta":{"origin":1327,"position":1},"title":"Weckruf der Mapuche Indianer","date":"4. Mai 2014","format":"gallery","excerpt":"Unser Camp am Rio Malleo, irgendwo im nirgendwo, auf dem Weg zum Vulkan Lanin lag in der N\u00e4he einer Mapuche Siedlung. Wir hatten die Schilder bei der Hin- und R\u00fcckfahrt bemerkt. Da f\u00fcr den 01. Mai sch\u00f6nes Wetter angesagt war, wollten wir den Nationalpark \u201eVolkan Lanin\u201c besuchen. Tja. wie schon\u2026","rel":"","context":"In &quot;unter uns&quot;","img":{"alt_text":"","src":"","width":0,"height":0},"classes":[]},{"id":1373,"url":"http:\/\/my-alps.de\/?p=1373","url_meta":{"origin":1327,"position":2},"title":"Salar de Uyuni &#8211; der gr\u00f6sste Salzsee der Welt","date":"24. Juli 2014","format":"gallery","excerpt":"Unsere Fahrt f\u00fchrt uns in die erste Stadt in Bolivien - Uyuni. Uyuni ist der ideale Ausgangsort um auf den gr\u00f6ssten Salzsee der Welt zu fahren. Als wir in der Uyuni ankommen geraten wir mitten\u00a0in den Trubel eines Stadtfestes. \u00dcberall Frauen in ihrer indianischen\u00a0Tracht, mit den ausladenden R\u00f6cken, den typischen\u2026","rel":"","context":"In &quot;News&quot;","img":{"alt_text":"","src":"https:\/\/i0.wp.com\/my-alps.de\/wp-content\/uploads\/2014\/07\/passt-doch.jpg?resize=350%2C200","width":350,"height":200},"classes":[]},{"id":616,"url":"http:\/\/my-alps.de\/?p=616","url_meta":{"origin":1327,"position":3},"title":"Fuchzich und immer noch Kopfschmerzen&#8230;.","date":"27. Januar 2014","format":"gallery","excerpt":"Eine Woche feiern muss reichen OK, es ist n'Runder, und nachdem wir gerade auch Zeit haben wurde im WOMO-Powow beschlossen, dass wir eine Woche lang feiern - sie ist noch nicht rum und das Projekt l\u00e4uft prima, w\u00fcrde ich sagen. Feuerland ist beileibe pr\u00e4destiniert f\u00fcr solche Vorhaben. Wobei \"El Fin\u2026","rel":"","context":"In &quot;News&quot;","img":{"alt_text":"","src":"","width":0,"height":0},"classes":[]},{"id":995,"url":"http:\/\/my-alps.de\/?p=995","url_meta":{"origin":1327,"position":4},"title":"April, April &#8211; Halbzeit bei der Auszeit","date":"10. April 2014","format":"gallery","excerpt":"Am 11.11.2013 sind wir in Hamburg an Bord der \u201eGrande Cameroon\u201c gegangen und \u00fcber den Atlantik nach S\u00fcdamerika geschippert. Zugegeben, es war nicht immer gerade Hochstimmung mit Karneval und Fasching an Bord, aber es ist uns wirklich nicht langweilig geworden. So eine Frachterreise hat auch etwas besonderes. (Beinahe meditativ!) Nun\u2026","rel":"","context":"In &quot;News&quot;","img":{"alt_text":"","src":"","width":0,"height":0},"classes":[]},{"id":1308,"url":"http:\/\/my-alps.de\/?p=1308","url_meta":{"origin":1327,"position":5},"title":"Cafayate und durch das Valle Calchaquies nach Salta","date":"30. Juni 2014","format":"gallery","excerpt":"Nach Amaicha haben wir noch die \u201eRuinas de Quilmes\u201c besucht. Die Terrassenanlage wurde teilweise wieder ausgegraben und die Geschichte der Quilmesindianer hat ein trauriges Kapitel. Nach langem Wiederstand gegen die Spanier wurden sie doch unterworfen und der gesamte Stamm nach Buenos Aires deportiert. Nur 600 kamen lebend dort an mehr\u2026","rel":"","context":"In &quot;News&quot;","img":{"alt_text":"","src":"https:\/\/i0.wp.com\/my-alps.de\/wp-content\/uploads\/2014\/06\/Felsfarben-1-Sonnenuntergang-ce4.jpg?resize=350%2C200","width":350,"height":200},"classes":[]}],"_links":{"self":[{"href":"http:\/\/my-alps.de\/index.php?rest_route=\/wp\/v2\/posts\/1327"}],"collection":[{"href":"http:\/\/my-alps.de\/index.php?rest_route=\/wp\/v2\/posts"}],"about":[{"href":"http:\/\/my-alps.de\/index.php?rest_route=\/wp\/v2\/types\/post"}],"author":[{"embeddable":true,"href":"http:\/\/my-alps.de\/index.php?rest_route=\/wp\/v2\/users\/1"}],"replies":[{"embeddable":true,"href":"http:\/\/my-alps.de\/index.php?rest_route=%2Fwp%2Fv2%2Fcomments&post=1327"}],"version-history":[{"count":3,"href":"http:\/\/my-alps.de\/index.php?rest_route=\/wp\/v2\/posts\/1327\/revisions"}],"predecessor-version":[{"id":1330,"href":"http:\/\/my-alps.de\/index.php?rest_route=\/wp\/v2\/posts\/1327\/revisions\/1330"}],"wp:attachment":[{"href":"http:\/\/my-alps.de\/index.php?rest_route=%2Fwp%2Fv2%2Fmedia&parent=1327"}],"wp:term":[{"taxonomy":"category","embeddable":true,"href":"http:\/\/my-alps.de\/index.php?rest_route=%2Fwp%2Fv2%2Fcategories&post=1327"},{"taxonomy":"post_tag","embeddable":true,"href":"http:\/\/my-alps.de\/index.php?rest_route=%2Fwp%2Fv2%2Ftags&post=1327"}],"curies":[{"name":"wp","href":"https:\/\/api.w.org\/{rel}","templated":true}]}}