{"id":1320,"date":"2014-07-17T16:26:36","date_gmt":"2014-07-17T14:26:36","guid":{"rendered":"http:\/\/my-alps.de\/?p=1320"},"modified":"2014-07-17T17:09:31","modified_gmt":"2014-07-17T15:09:31","slug":"salar-de-atacama-tatio-geysire","status":"publish","type":"post","link":"http:\/\/my-alps.de\/?p=1320","title":{"rendered":"Auf den Salar de Atacama -und weiter nach Calama"},"content":{"rendered":"<p>Nach zwei Tagen \u201eauftanken\u201c in San Pedro de Atacama ,\u2028\u201ezieht\u201c es an einem, dieses Gef\u00fchl wieder hinaus in die Einsamkeit\u2028zu m\u00fcssen. Die ganze Zeit hat man nur grenzenlose Landschaft um\u2028sich, der Horizont existiert nur im Kopf. Selbst die kleine Stadt mit\u2028ihrer h\u00fcbschen Plaza, den Lehmh\u00e4usern und dem bunten Markt \u2028wird einem zu eng.<\/p>\n<div id=\"attachment_1343\" style=\"width: 1034px\" class=\"wp-caption aligncenter\"><a href=\"https:\/\/i0.wp.com\/my-alps.de\/wp-content\/uploads\/2014\/07\/Salz-Salar-de-Atacama-ce4.jpg\"><img aria-describedby=\"caption-attachment-1343\" data-attachment-id=\"1343\" data-permalink=\"http:\/\/my-alps.de\/?attachment_id=1343\" data-orig-file=\"https:\/\/i0.wp.com\/my-alps.de\/wp-content\/uploads\/2014\/07\/Salz-Salar-de-Atacama-ce4.jpg?fit=1024%2C683\" data-orig-size=\"1024,683\" data-comments-opened=\"1\" data-image-meta=\"{&quot;aperture&quot;:&quot;6.7&quot;,&quot;credit&quot;:&quot;&quot;,&quot;camera&quot;:&quot;SLT-A99V&quot;,&quot;caption&quot;:&quot;&quot;,&quot;created_timestamp&quot;:&quot;1404215662&quot;,&quot;copyright&quot;:&quot;&quot;,&quot;focal_length&quot;:&quot;70&quot;,&quot;iso&quot;:&quot;100&quot;,&quot;shutter_speed&quot;:&quot;0.005&quot;,&quot;title&quot;:&quot;&quot;}\" data-image-title=\"Salz &#8211; Salar de Atacama &#8211; ce4\" data-image-description=\"&lt;p&gt;Salz &#8211; Salar de Atacama&lt;\/p&gt;\n\" data-image-caption=\"&lt;p&gt;Salz &#8211; Salar de Atacama&lt;\/p&gt;\n\" data-medium-file=\"https:\/\/i0.wp.com\/my-alps.de\/wp-content\/uploads\/2014\/07\/Salz-Salar-de-Atacama-ce4.jpg?fit=300%2C200\" data-large-file=\"https:\/\/i0.wp.com\/my-alps.de\/wp-content\/uploads\/2014\/07\/Salz-Salar-de-Atacama-ce4.jpg?fit=625%2C417\" loading=\"lazy\" class=\"size-full wp-image-1343\" alt=\"Salz - Salar de Atacama\" src=\"https:\/\/i0.wp.com\/my-alps.de\/wp-content\/uploads\/2014\/07\/Salz-Salar-de-Atacama-ce4.jpg?resize=625%2C417\" width=\"625\" height=\"417\" srcset=\"https:\/\/i0.wp.com\/my-alps.de\/wp-content\/uploads\/2014\/07\/Salz-Salar-de-Atacama-ce4.jpg?w=1024 1024w, https:\/\/i0.wp.com\/my-alps.de\/wp-content\/uploads\/2014\/07\/Salz-Salar-de-Atacama-ce4.jpg?resize=300%2C200 300w\" sizes=\"(max-width: 625px) 100vw, 625px\" data-recalc-dims=\"1\" \/><\/a><p id=\"caption-attachment-1343\" class=\"wp-caption-text\">Salz &#8211; Salar de Atacama<\/p><\/div>\n<p>So fahren wir auf den Salar hinaus, diesen pr\u00e4historischen \u00dcberrest\u2028eines Binnenmeers, das nun vertrocknet und salzverkrustet in der\u2028gnadenlosen Sonne vor sich hin trocknet.<br \/>\nAuf dem Salar de Atacama gibt es einige Lagunen, an denen Flamingos\u2028 im seichten Wasser nach Nahrung suchen.<\/p>\n<div id=\"attachment_1344\" style=\"width: 1034px\" class=\"wp-caption aligncenter\"><a href=\"https:\/\/i0.wp.com\/my-alps.de\/wp-content\/uploads\/2014\/07\/Flamingo-1.ce4_.jpg\"><img aria-describedby=\"caption-attachment-1344\" data-attachment-id=\"1344\" data-permalink=\"http:\/\/my-alps.de\/?attachment_id=1344\" data-orig-file=\"https:\/\/i0.wp.com\/my-alps.de\/wp-content\/uploads\/2014\/07\/Flamingo-1.ce4_.jpg?fit=1024%2C683\" data-orig-size=\"1024,683\" data-comments-opened=\"1\" data-image-meta=\"{&quot;aperture&quot;:&quot;8&quot;,&quot;credit&quot;:&quot;&quot;,&quot;camera&quot;:&quot;SLT-A99V&quot;,&quot;caption&quot;:&quot;&quot;,&quot;created_timestamp&quot;:&quot;1404145601&quot;,&quot;copyright&quot;:&quot;&quot;,&quot;focal_length&quot;:&quot;500&quot;,&quot;iso&quot;:&quot;100&quot;,&quot;shutter_speed&quot;:&quot;0.002&quot;,&quot;title&quot;:&quot;&quot;}\" data-image-title=\"Flamingo -1.ce4\" data-image-description=\"&lt;p&gt;Flamingo&lt;\/p&gt;\n\" data-image-caption=\"&lt;p&gt;Flamingo&lt;\/p&gt;\n\" data-medium-file=\"https:\/\/i0.wp.com\/my-alps.de\/wp-content\/uploads\/2014\/07\/Flamingo-1.ce4_.jpg?fit=300%2C200\" data-large-file=\"https:\/\/i0.wp.com\/my-alps.de\/wp-content\/uploads\/2014\/07\/Flamingo-1.ce4_.jpg?fit=625%2C417\" loading=\"lazy\" class=\"size-full wp-image-1344\" alt=\"Flamingo\" src=\"https:\/\/i0.wp.com\/my-alps.de\/wp-content\/uploads\/2014\/07\/Flamingo-1.ce4_.jpg?resize=625%2C417\" width=\"625\" height=\"417\" srcset=\"https:\/\/i0.wp.com\/my-alps.de\/wp-content\/uploads\/2014\/07\/Flamingo-1.ce4_.jpg?w=1024 1024w, https:\/\/i0.wp.com\/my-alps.de\/wp-content\/uploads\/2014\/07\/Flamingo-1.ce4_.jpg?resize=300%2C200 300w\" sizes=\"(max-width: 625px) 100vw, 625px\" data-recalc-dims=\"1\" \/><\/a><p id=\"caption-attachment-1344\" class=\"wp-caption-text\">Flamingo<\/p><\/div>\n<p>Sie spazieren den ganzen Tag langsam hin und her, sieben mit ihrem\u2028Schnabel durch das Wasser und heben ab und zu mal den Kopf\u2028 um uns Touristen verwundert anzublicken.<br \/>\nDas Salz des Salars wird in einigen Minen abgebaut und teilweise\u2028bestehen die Stra\u00dfen aus purem Salz.<\/p>\n<div id=\"attachment_1345\" style=\"width: 1034px\" class=\"wp-caption aligncenter\"><a href=\"https:\/\/i0.wp.com\/my-alps.de\/wp-content\/uploads\/2014\/07\/Salzstrasse-ce4.jpg\"><img aria-describedby=\"caption-attachment-1345\" data-attachment-id=\"1345\" data-permalink=\"http:\/\/my-alps.de\/?attachment_id=1345\" data-orig-file=\"https:\/\/i0.wp.com\/my-alps.de\/wp-content\/uploads\/2014\/07\/Salzstrasse-ce4.jpg?fit=1024%2C683\" data-orig-size=\"1024,683\" data-comments-opened=\"1\" data-image-meta=\"{&quot;aperture&quot;:&quot;8&quot;,&quot;credit&quot;:&quot;&quot;,&quot;camera&quot;:&quot;DSC-RX100&quot;,&quot;caption&quot;:&quot;&quot;,&quot;created_timestamp&quot;:&quot;1404213637&quot;,&quot;copyright&quot;:&quot;&quot;,&quot;focal_length&quot;:&quot;18.45&quot;,&quot;iso&quot;:&quot;125&quot;,&quot;shutter_speed&quot;:&quot;0.00125&quot;,&quot;title&quot;:&quot;&quot;}\" data-image-title=\"Salzstrasse &#8211; ce4\" data-image-description=\"&lt;p&gt;Salzstrasse&lt;\/p&gt;\n\" data-image-caption=\"&lt;p&gt;Salzstrasse&lt;\/p&gt;\n\" data-medium-file=\"https:\/\/i0.wp.com\/my-alps.de\/wp-content\/uploads\/2014\/07\/Salzstrasse-ce4.jpg?fit=300%2C200\" data-large-file=\"https:\/\/i0.wp.com\/my-alps.de\/wp-content\/uploads\/2014\/07\/Salzstrasse-ce4.jpg?fit=625%2C417\" loading=\"lazy\" class=\"size-full wp-image-1345\" alt=\"Salzstrasse\" src=\"https:\/\/i0.wp.com\/my-alps.de\/wp-content\/uploads\/2014\/07\/Salzstrasse-ce4.jpg?resize=625%2C417\" width=\"625\" height=\"417\" srcset=\"https:\/\/i0.wp.com\/my-alps.de\/wp-content\/uploads\/2014\/07\/Salzstrasse-ce4.jpg?w=1024 1024w, https:\/\/i0.wp.com\/my-alps.de\/wp-content\/uploads\/2014\/07\/Salzstrasse-ce4.jpg?resize=300%2C200 300w\" sizes=\"(max-width: 625px) 100vw, 625px\" data-recalc-dims=\"1\" \/><\/a><p id=\"caption-attachment-1345\" class=\"wp-caption-text\">Salzstrasse<\/p><\/div>\n<p>Wir fahren weiter Richtung Calama, der staubigsten Stadt auf\u2028unserer Reise. Hier wird Kupfer in der gr\u00f6\u00dften Tagebaumine der\u2028Welt gewonnen. Das Loch ist ca. 750 Meter tief und misst im Durchmesser\u2028 \u00fcber 3,5 Kilometer.<\/p>\n<div id=\"attachment_1347\" style=\"width: 1034px\" class=\"wp-caption aligncenter\"><a href=\"https:\/\/i0.wp.com\/my-alps.de\/wp-content\/uploads\/2014\/07\/Super-LKW.org_.jpg\"><img aria-describedby=\"caption-attachment-1347\" data-attachment-id=\"1347\" data-permalink=\"http:\/\/my-alps.de\/?attachment_id=1347\" data-orig-file=\"https:\/\/i0.wp.com\/my-alps.de\/wp-content\/uploads\/2014\/07\/Super-LKW.org_.jpg?fit=1024%2C683\" data-orig-size=\"1024,683\" data-comments-opened=\"1\" data-image-meta=\"{&quot;aperture&quot;:&quot;11&quot;,&quot;credit&quot;:&quot;&quot;,&quot;camera&quot;:&quot;SLT-A99V&quot;,&quot;caption&quot;:&quot;&quot;,&quot;created_timestamp&quot;:&quot;1404223086&quot;,&quot;copyright&quot;:&quot;&quot;,&quot;focal_length&quot;:&quot;50&quot;,&quot;iso&quot;:&quot;100&quot;,&quot;shutter_speed&quot;:&quot;0.004&quot;,&quot;title&quot;:&quot;&quot;}\" data-image-title=\"Super &#8211; LKW.org\" data-image-description=\"&lt;p&gt;Super &#8211; LKW&lt;\/p&gt;\n\" data-image-caption=\"&lt;p&gt;Super &#8211; LKW&lt;\/p&gt;\n\" data-medium-file=\"https:\/\/i0.wp.com\/my-alps.de\/wp-content\/uploads\/2014\/07\/Super-LKW.org_.jpg?fit=300%2C200\" data-large-file=\"https:\/\/i0.wp.com\/my-alps.de\/wp-content\/uploads\/2014\/07\/Super-LKW.org_.jpg?fit=625%2C417\" loading=\"lazy\" class=\"size-full wp-image-1347\" alt=\"Super - LKW\" src=\"https:\/\/i0.wp.com\/my-alps.de\/wp-content\/uploads\/2014\/07\/Super-LKW.org_.jpg?resize=625%2C417\" width=\"625\" height=\"417\" srcset=\"https:\/\/i0.wp.com\/my-alps.de\/wp-content\/uploads\/2014\/07\/Super-LKW.org_.jpg?w=1024 1024w, https:\/\/i0.wp.com\/my-alps.de\/wp-content\/uploads\/2014\/07\/Super-LKW.org_.jpg?resize=300%2C200 300w\" sizes=\"(max-width: 625px) 100vw, 625px\" data-recalc-dims=\"1\" \/><\/a><p id=\"caption-attachment-1347\" class=\"wp-caption-text\">Super &#8211; LKW<\/p><\/div>\n<p>Mit gigantischen LKW\u2019s wird das Erz vom Grund\u2028 der Mine herauf transportiert und zu Kupferbarren gegossen. \u2028Wir kaufen in den bestens ausgestatteten Superm\u00e4rkten ein,\u2028 um f\u00fcr unserer Weiterreise nach Bolivien gen\u00fcgen Lebensmittel \u2028zu haben.<\/p>\n<p>Besorgen noch ein paar Verschlei\u00dfteile f\u00fcr unseren VW<br \/>\nund machen uns schnell wieder aus dem \u201eStaub\u201c.<\/p>\n","protected":false},"excerpt":{"rendered":"<p>Nach zwei Tagen \u201eauftanken\u201c in San Pedro de Atacama ,\u2028\u201ezieht\u201c es an einem, dieses Gef\u00fchl wieder hinaus in die Einsamkeit\u2028zu m\u00fcssen. Die ganze Zeit hat man nur grenzenlose Landschaft um\u2028sich, der Horizont existiert nur im Kopf. Selbst die kleine Stadt mit\u2028ihrer h\u00fcbschen Plaza, den Lehmh\u00e4usern und dem bunten Markt \u2028wird einem zu eng. So fahren [&hellip;]<\/p>\n","protected":false},"author":1,"featured_media":0,"comment_status":"open","ping_status":"open","sticky":false,"template":"","format":"gallery","meta":{"spay_email":"","jetpack_publicize_message":"","jetpack_is_tweetstorm":false,"jetpack_publicize_feature_enabled":true},"categories":[1],"tags":[],"jetpack_featured_media_url":"","jetpack_publicize_connections":[],"jetpack_sharing_enabled":true,"jetpack_shortlink":"https:\/\/wp.me\/p6huce-li","jetpack-related-posts":[{"id":1278,"url":"http:\/\/my-alps.de\/?p=1278","url_meta":{"origin":1320,"position":0},"title":"Lebenszeichen V3","date":"29. Juni 2014","format":"gallery","excerpt":"Halloooooo...... ist da draussen jemand??? Ja, seit dem letzten Blogbeitrag ist schon einige Zeit vergangen. Keine Sorge, wir waren in der absoluten Einsamkeit - immer der Andenkette entlang nach Norden. Kein WIFI und kaum Mobilfunknetz, jedenfalls nicht in der St\u00e4rke die wir f\u00fcr's Internet brauchen. Ja, es gibt sie also\u2026","rel":"","context":"In &quot;News&quot;","img":{"alt_text":"Passh\u00c3\u00b6he - Pedra de Molino ","src":"https:\/\/i0.wp.com\/my-alps.de\/wp-content\/uploads\/2014\/06\/Passh\u00c3\u00b6he-Pedra-de-Molino-3460-m-ce4.jpg?resize=350%2C200","width":350,"height":200},"classes":[]},{"id":1331,"url":"http:\/\/my-alps.de\/?p=1331","url_meta":{"origin":1320,"position":1},"title":"Lagunenroute in Bolivien &#8211; Teil 1","date":"17. Juli 2014","format":"gallery","excerpt":"San Pedro de Atacama in Chile ist der ideale Ausgangspunkt um von dort aus die legend\u00e4re im Boliviens zu befahren. Es geht von der W\u00fcstenoase zur\u00fcck Richtung Paso Jama, von 2.400 Meter auf 4.500 Meter hinauf. Schnurgerade, bis auf wenige Kurven, zieht sich die Stra\u00dfe auf fast 30 Kilometer bergauf.\u2026","rel":"","context":"In &quot;News&quot;","img":{"alt_text":"","src":"https:\/\/i0.wp.com\/my-alps.de\/wp-content\/uploads\/2014\/07\/alt-5015hm.jpg?resize=350%2C200","width":350,"height":200},"classes":[]},{"id":1312,"url":"http:\/\/my-alps.de\/?p=1312","url_meta":{"origin":1320,"position":2},"title":"\u00dcber den Paso Jama nach San Pedro de Atacama","date":"30. Juni 2014","format":"gallery","excerpt":"Seit \u201eSan Antonio de los Cobres\u201c bl\u00e4st ein eiskalter und heftiger Wind.\u00a0Mit gemischten Gef\u00fchlen (ob der Pass \u00fcberhaupt bei dem Wetter offen ist?) fahren wir von Susques \u00fcber den \u201eSalar de Olaroz\u201c zur Grenzstation am Paso Jama. Die liegt schon auf 4.100 Metern H\u00f6he und - ist geschlossen. Der Wind\u2026","rel":"","context":"In &quot;News&quot;","img":{"alt_text":"","src":"https:\/\/i0.wp.com\/my-alps.de\/wp-content\/uploads\/2014\/06\/Panorama-Cerro-Cachi.jpg?resize=350%2C200","width":350,"height":200},"classes":[]},{"id":1373,"url":"http:\/\/my-alps.de\/?p=1373","url_meta":{"origin":1320,"position":3},"title":"Salar de Uyuni &#8211; der gr\u00f6sste Salzsee der Welt","date":"24. Juli 2014","format":"gallery","excerpt":"Unsere Fahrt f\u00fchrt uns in die erste Stadt in Bolivien - Uyuni. Uyuni ist der ideale Ausgangsort um auf den gr\u00f6ssten Salzsee der Welt zu fahren. Als wir in der Uyuni ankommen geraten wir mitten\u00a0in den Trubel eines Stadtfestes. \u00dcberall Frauen in ihrer indianischen\u00a0Tracht, mit den ausladenden R\u00f6cken, den typischen\u2026","rel":"","context":"In &quot;News&quot;","img":{"alt_text":"","src":"https:\/\/i0.wp.com\/my-alps.de\/wp-content\/uploads\/2014\/07\/passt-doch.jpg?resize=350%2C200","width":350,"height":200},"classes":[]},{"id":1327,"url":"http:\/\/my-alps.de\/?p=1327","url_meta":{"origin":1320,"position":4},"title":"Tatio Geysire","date":"17. Juli 2014","format":"gallery","excerpt":"Es geht wieder hoch hinauf - \u00a0zu den Tatio Geysiren. Das Geysirfeld,\u2028liegt in 4.300 Meter H\u00f6he, und wir kommen am sp\u00e4ten Nachmittag\u2028dort an. \u00dcberall h\u00e4ngen Dampfschwaden in der Luft und es weht\u2028ein heftiger und eisiger Wind. Wir spazieren zwischen den kleinen\u2028\u201eMinivulkanen\u201c herum und baden in einem salzhaltigem Thermalbecken. Am n\u00e4chsten\u2026","rel":"","context":"In &quot;News&quot;","img":{"alt_text":"","src":"","width":0,"height":0},"classes":[]},{"id":1337,"url":"http:\/\/my-alps.de\/?p=1337","url_meta":{"origin":1320,"position":5},"title":"Lagunenroute in Bolivien &#8211; Teil 3","date":"17. Juli 2014","format":"gallery","excerpt":"Lagunenroute - 3. Abschnitt Von Villa Mar bis nach San Christobal \u201eVilla Mar\u201c, ein kleines Nest mit vielleicht 200 Einwohnern wirbt mit \u00dcbernachtungsm\u00f6glichkeiten und Restaurants - doch zu sehen ist davon nicht viel. Was diesen Ort wirklich interessant macht, ist die Flussdurchfahrt hinauf zur - ja - \u201eMautstation\u201c! In Bolivien\u2026","rel":"","context":"In &quot;News&quot;","img":{"alt_text":"","src":"https:\/\/i0.wp.com\/my-alps.de\/wp-content\/uploads\/2014\/07\/Rocas-1.ce4_.jpg?resize=350%2C200","width":350,"height":200},"classes":[]}],"_links":{"self":[{"href":"http:\/\/my-alps.de\/index.php?rest_route=\/wp\/v2\/posts\/1320"}],"collection":[{"href":"http:\/\/my-alps.de\/index.php?rest_route=\/wp\/v2\/posts"}],"about":[{"href":"http:\/\/my-alps.de\/index.php?rest_route=\/wp\/v2\/types\/post"}],"author":[{"embeddable":true,"href":"http:\/\/my-alps.de\/index.php?rest_route=\/wp\/v2\/users\/1"}],"replies":[{"embeddable":true,"href":"http:\/\/my-alps.de\/index.php?rest_route=%2Fwp%2Fv2%2Fcomments&post=1320"}],"version-history":[{"count":9,"href":"http:\/\/my-alps.de\/index.php?rest_route=\/wp\/v2\/posts\/1320\/revisions"}],"predecessor-version":[{"id":1348,"href":"http:\/\/my-alps.de\/index.php?rest_route=\/wp\/v2\/posts\/1320\/revisions\/1348"}],"wp:attachment":[{"href":"http:\/\/my-alps.de\/index.php?rest_route=%2Fwp%2Fv2%2Fmedia&parent=1320"}],"wp:term":[{"taxonomy":"category","embeddable":true,"href":"http:\/\/my-alps.de\/index.php?rest_route=%2Fwp%2Fv2%2Fcategories&post=1320"},{"taxonomy":"post_tag","embeddable":true,"href":"http:\/\/my-alps.de\/index.php?rest_route=%2Fwp%2Fv2%2Ftags&post=1320"}],"curies":[{"name":"wp","href":"https:\/\/api.w.org\/{rel}","templated":true}]}}