{"id":1317,"date":"2014-07-01T21:59:03","date_gmt":"2014-07-01T19:59:03","guid":{"rendered":"http:\/\/my-alps.de\/?p=1317"},"modified":"2014-07-01T21:59:03","modified_gmt":"2014-07-01T19:59:03","slug":"mal-was-leckeres-zwischendurch","status":"publish","type":"post","link":"http:\/\/my-alps.de\/?p=1317","title":{"rendered":"&#8218;mal was leckeres zwischendurch"},"content":{"rendered":"<p>Nach 200 km Sch\u00fcttelpiste g\u00f6nnen wir uns mal einen guten Wein&#8230;&#8230;<\/p>\n<p><a href=\"https:\/\/i0.wp.com\/my-alps.de\/wp-content\/uploads\/2014\/06\/20140619-190438-68678424.jpg\"><img src=\"https:\/\/i0.wp.com\/my-alps.de\/wp-content\/uploads\/2014\/06\/20140619-190438-68678424.jpg?w=625\" alt=\"20140619-190438-68678424.jpg\" class=\"alignnone size-full\" data-recalc-dims=\"1\" \/><\/a><\/p>\n","protected":false},"excerpt":{"rendered":"<p>Nach 200 km Sch\u00fcttelpiste g\u00f6nnen wir uns mal einen guten Wein&#8230;&#8230;<\/p>\n","protected":false},"author":1,"featured_media":0,"comment_status":"open","ping_status":"open","sticky":false,"template":"","format":"gallery","meta":{"spay_email":"","jetpack_publicize_message":"","jetpack_is_tweetstorm":false,"jetpack_publicize_feature_enabled":true},"categories":[1],"tags":[],"jetpack_featured_media_url":"","jetpack_publicize_connections":[],"jetpack_sharing_enabled":true,"jetpack_shortlink":"https:\/\/wp.me\/p6huce-lf","jetpack-related-posts":[{"id":1308,"url":"http:\/\/my-alps.de\/?p=1308","url_meta":{"origin":1317,"position":0},"title":"Cafayate und durch das Valle Calchaquies nach Salta","date":"30. Juni 2014","format":"gallery","excerpt":"Nach Amaicha haben wir noch die \u201eRuinas de Quilmes\u201c besucht. Die Terrassenanlage wurde teilweise wieder ausgegraben und die Geschichte der Quilmesindianer hat ein trauriges Kapitel. Nach langem Wiederstand gegen die Spanier wurden sie doch unterworfen und der gesamte Stamm nach Buenos Aires deportiert. Nur 600 kamen lebend dort an mehr\u2026","rel":"","context":"In &quot;News&quot;","img":{"alt_text":"","src":"https:\/\/i0.wp.com\/my-alps.de\/wp-content\/uploads\/2014\/06\/Felsfarben-1-Sonnenuntergang-ce4.jpg?resize=350%2C200","width":350,"height":200},"classes":[]},{"id":540,"url":"http:\/\/my-alps.de\/?p=540","url_meta":{"origin":1317,"position":1},"title":"S\u00fcdlichste Stadt der Welt &#8211; Ushuaia","date":"14. Januar 2014","format":"gallery","excerpt":"Es ist jetzt 12.17 Uhr Ortszeit - wir fahren am Schild: Ushuaia - Tierra del Fuego - vorbei. Erste gro\u00dfe Etappe geschafft. Nach knapp 4.000 km ( obwohl es direkt nach Buenos Aires auf der RN 3 nur 3.064 km sind) Na ja, die Umwege die es bei uns gibt\u2026","rel":"","context":"In &quot;News&quot;","img":{"alt_text":"","src":"","width":0,"height":0},"classes":[]},{"id":793,"url":"http:\/\/my-alps.de\/?p=793","url_meta":{"origin":1317,"position":2},"title":"Mate-Teestunde und biologisches Gem\u00fcse","date":"4. M\u00e4rz 2014","format":"gallery","excerpt":"Wir sind aus der \"Gro\u00dfstadt\" Coyhaique nach unseren Erledigungen ein kleines St\u00fcck Richtung \"Puerto Aysen\" weitergefahren. Denn unser WOMO ist auf Hochglanz poliert, innen ist es fast staubfrei und alle verf\u00fcgbaren Tanks sind randvoll. Wie es der Zufall will, stolpern wir \u00fcber ein sch\u00f6nes Holzschild am Stra\u00dfenrand - CAMPING -\u2026","rel":"","context":"In &quot;News&quot;","img":{"alt_text":"","src":"https:\/\/i0.wp.com\/my-alps.de\/wp-content\/uploads\/2014\/03\/Mateteestunde-300x225.jpg?resize=350%2C200","width":350,"height":200},"classes":[]},{"id":1059,"url":"http:\/\/my-alps.de\/?p=1059","url_meta":{"origin":1317,"position":3},"title":"Indian Summer im Mapuche Land","date":"28. April 2014","format":"gallery","excerpt":"Nachdem wir unsere Ersatzteile f\u00fcr die Reparatur unseres Allradantriebes in Deutschland bestellt hatten, war es an der Zeit in Osorno aufzubrechen. Wir werden einige Tage nach Argentinien fahren, da unser 90 Tage Aufenthaltsvisum in Chile bald abl\u00e4uft, und wir durch den Grenz\u00fcbertritt das Visum ganz einfach wieder erneuern k\u00f6nnen. Es\u2026","rel":"","context":"In &quot;News&quot;","img":{"alt_text":"","src":"https:\/\/i0.wp.com\/my-alps.de\/wp-content\/uploads\/2014\/04\/Lago-Villarino-ce4-beschnitten.jpg?resize=350%2C200","width":350,"height":200},"classes":[]},{"id":1829,"url":"http:\/\/my-alps.de\/?p=1829","url_meta":{"origin":1317,"position":4},"title":"Landpartie","date":"15. September 2015","format":"gallery","excerpt":"Die Landstra\u00dfe hat uns wieder! Wir haben kurzerhand beschlossen die \"Sch\u00e4ufala - Ecke\" mit einer kleinen Weintour durch Franken und's \"L\u00e4ndl'e\" zu tauschen. Anstatt Bier und Bratwurst gibt's Wein und K\u00e4se. In der Buchhandlung sind wir \u00fcber einen F\u00fchrer gestolpert \"Landvergn\u00fcgen\". Sehr empfehlenswert! Darin sind viele Bauernh\u00f6fe, Weing\u00fcter und andere\u2026","rel":"","context":"In &quot;News&quot;","img":{"alt_text":"Alternative fr\u00c3\u00a4nkische Ern\u00c3\u00a4hrung","src":"https:\/\/i0.wp.com\/my-alps.de\/wp-content\/uploads\/2015\/09\/IMG_0851-0-768x1024.jpg?resize=350%2C200","width":350,"height":200},"classes":[]},{"id":724,"url":"http:\/\/my-alps.de\/?p=724","url_meta":{"origin":1317,"position":5},"title":"Von El Chalten auf der Ruta 40 nach Chile","date":"23. Februar 2014","format":"gallery","excerpt":"Nach einer wundersch\u00f6nen Woche ist es an der Zeit weiter zu fahren. Unserer Reise f\u00fchrt nun \u00fcber die legend\u00e4re Ruta 40 (auf der wir uns schon einige Zeit bewegen) Richtung Norden. Die Gegend hier ist gepr\u00e4gt von - na ja - nichts - es gibt hier eigentlich nichts ausser Landschaft\u2026","rel":"","context":"In &quot;News&quot;","img":{"alt_text":"Ruta 40","src":"https:\/\/i0.wp.com\/my-alps.de\/wp-content\/uploads\/2014\/02\/Ruta-40.jpg?resize=350%2C200","width":350,"height":200},"classes":[]}],"_links":{"self":[{"href":"http:\/\/my-alps.de\/index.php?rest_route=\/wp\/v2\/posts\/1317"}],"collection":[{"href":"http:\/\/my-alps.de\/index.php?rest_route=\/wp\/v2\/posts"}],"about":[{"href":"http:\/\/my-alps.de\/index.php?rest_route=\/wp\/v2\/types\/post"}],"author":[{"embeddable":true,"href":"http:\/\/my-alps.de\/index.php?rest_route=\/wp\/v2\/users\/1"}],"replies":[{"embeddable":true,"href":"http:\/\/my-alps.de\/index.php?rest_route=%2Fwp%2Fv2%2Fcomments&post=1317"}],"version-history":[{"count":1,"href":"http:\/\/my-alps.de\/index.php?rest_route=\/wp\/v2\/posts\/1317\/revisions"}],"predecessor-version":[{"id":1318,"href":"http:\/\/my-alps.de\/index.php?rest_route=\/wp\/v2\/posts\/1317\/revisions\/1318"}],"wp:attachment":[{"href":"http:\/\/my-alps.de\/index.php?rest_route=%2Fwp%2Fv2%2Fmedia&parent=1317"}],"wp:term":[{"taxonomy":"category","embeddable":true,"href":"http:\/\/my-alps.de\/index.php?rest_route=%2Fwp%2Fv2%2Fcategories&post=1317"},{"taxonomy":"post_tag","embeddable":true,"href":"http:\/\/my-alps.de\/index.php?rest_route=%2Fwp%2Fv2%2Ftags&post=1317"}],"curies":[{"name":"wp","href":"https:\/\/api.w.org\/{rel}","templated":true}]}}