{"id":1312,"date":"2014-06-30T17:59:36","date_gmt":"2014-06-30T15:59:36","guid":{"rendered":"http:\/\/my-alps.de\/?p=1312"},"modified":"2014-06-30T18:02:17","modified_gmt":"2014-06-30T16:02:17","slug":"ueber-den-paso-jama-nach-san-pedro-de-atacama","status":"publish","type":"post","link":"http:\/\/my-alps.de\/?p=1312","title":{"rendered":"\u00dcber den Paso Jama nach San Pedro de Atacama"},"content":{"rendered":"<div id=\"attachment_1297\" style=\"width: 1034px\" class=\"wp-caption aligncenter\"><a href=\"https:\/\/i0.wp.com\/my-alps.de\/wp-content\/uploads\/2014\/06\/Panorama-Cerro-Cachi.jpg\"><img aria-describedby=\"caption-attachment-1297\" data-attachment-id=\"1297\" data-permalink=\"http:\/\/my-alps.de\/?attachment_id=1297\" data-orig-file=\"https:\/\/i0.wp.com\/my-alps.de\/wp-content\/uploads\/2014\/06\/Panorama-Cerro-Cachi.jpg?fit=1024%2C576\" data-orig-size=\"1024,576\" data-comments-opened=\"1\" data-image-meta=\"{&quot;aperture&quot;:&quot;11&quot;,&quot;credit&quot;:&quot;&quot;,&quot;camera&quot;:&quot;SLT-A99V&quot;,&quot;caption&quot;:&quot;&quot;,&quot;created_timestamp&quot;:&quot;1403180117&quot;,&quot;copyright&quot;:&quot;&quot;,&quot;focal_length&quot;:&quot;70&quot;,&quot;iso&quot;:&quot;100&quot;,&quot;shutter_speed&quot;:&quot;0.004&quot;,&quot;title&quot;:&quot;&quot;}\" data-image-title=\"Panorama Cerro Cachi\" data-image-description=\"&lt;p&gt;Panorama Cerro Cachi&lt;\/p&gt;\n\" data-image-caption=\"&lt;p&gt;Panorama Cerro Cachi&lt;\/p&gt;\n\" data-medium-file=\"https:\/\/i0.wp.com\/my-alps.de\/wp-content\/uploads\/2014\/06\/Panorama-Cerro-Cachi.jpg?fit=300%2C168\" data-large-file=\"https:\/\/i0.wp.com\/my-alps.de\/wp-content\/uploads\/2014\/06\/Panorama-Cerro-Cachi.jpg?fit=625%2C352\" loading=\"lazy\" class=\"size-full wp-image-1297\" alt=\"Panorama Cerro Cachi\" src=\"https:\/\/i0.wp.com\/my-alps.de\/wp-content\/uploads\/2014\/06\/Panorama-Cerro-Cachi.jpg?resize=625%2C352\" width=\"625\" height=\"352\" srcset=\"https:\/\/i0.wp.com\/my-alps.de\/wp-content\/uploads\/2014\/06\/Panorama-Cerro-Cachi.jpg?w=1024 1024w, https:\/\/i0.wp.com\/my-alps.de\/wp-content\/uploads\/2014\/06\/Panorama-Cerro-Cachi.jpg?resize=300%2C168 300w\" sizes=\"(max-width: 625px) 100vw, 625px\" data-recalc-dims=\"1\" \/><\/a><p id=\"caption-attachment-1297\" class=\"wp-caption-text\">Panorama Cerro Cachi<\/p><\/div>\n<p>Seit \u201eSan Antonio de los Cobres\u201c bl\u00e4st ein eiskalter und heftiger Wind.\u00a0<span style=\"line-height: 1.5;\">Mit gemischten Gef\u00fchlen (ob der Pass \u00fcberhaupt bei dem Wetter offen ist?) fahren wir von Susques \u00fcber den \u201eSalar de Olaroz\u201c zur Grenzstation am Paso Jama. Die liegt schon auf 4.100 Metern H\u00f6he und &#8211; ist geschlossen.<\/span><\/p>\n<p>Der Wind peitscht \u00fcber die karge Hochfl\u00e4che und treibt den Sand wie in einem Sandstrahlgebl\u00e4se gegen unsere Frontscheibe.<\/p>\n<p>Tja &#8211; da m\u00fcssen wir wohl hier \u00fcbernachten. Die Nacht wird lausig kalt und am n\u00e4chsten Morgen ist der Diesel, den ich in Salta getankt hatte, hoffnungslos versulzt. Es dauert fast bis 11 Uhr bevor der Motor mit \u00c4chzen und Rumpeln seinen Dienst aufnimmt.<\/p>\n<p>Die Abfertigung an der Grenze zieht sich auch hin, da einige Busse ebenfalls hier oben zum \u00fcbernachten gezwungen waren. Die Passagiere sehen leicht l\u00e4diert aus, ob es an der langen Fahrt von Brasilien, wo sie die chilenische Mannschaft angefeuert hatten, liegt, oder an der vergangenen Nacht? Na ja, wohl beides.<\/p>\n<p>Gegen Mittag d\u00fcrfen wir im Konvoi losfahren und es geht hinauf bis \u00fcber 4.800 Meter. Der Wind bl\u00e4st uns fast von der Stra\u00dfe. Das die nicht ganz ungef\u00e4hrlich ist dokumentieren die verbeulten Leitplanken und die \u00dcberreste von LKW-Wracks zum Stra\u00dfenrand.<\/p>\n<p>Von der Grenzstation sind es fast 160 Kilometer bis nach San Pedro de Atacama. Hier ist es hei\u00df, trocken und staubig.<br \/>\nAber daf\u00fcr l\u00e4sst am n\u00e4chsten Tag der Wind nach und wir k\u00f6nnen das n\u00e4chste Valle de la Luna besichtigen.<\/p>\n<p>In San Pedro haben wir uns wieder mit den Bekannten aus Salta getroffen.\u00a0<span style=\"line-height: 1.5;\">Wir werden die n\u00e4chsten Touren zu den Lagunen in Bolivien gemeinsam unternehmen. Es ist besser, wenn man in dieser Gegend nicht alleine fahren muss. Hier gibt es nicht viel. Wenn Ausserirdische aus Versehen hier landen w\u00fcrden &#8211; die h\u00e4tten einen Eindruck von unserem Planeten &#8211; total unfruchtbar und trocken. Nicht mal Scher gibt es im Winter &#8211; daf\u00fcr schneit es im Sommer.<\/span><\/p>\n<p>(Bilder folgen &#8211; muss ich erst noch entwickeln)<\/p>\n","protected":false},"excerpt":{"rendered":"<p>Seit \u201eSan Antonio de los Cobres\u201c bl\u00e4st ein eiskalter und heftiger Wind.\u00a0Mit gemischten Gef\u00fchlen (ob der Pass \u00fcberhaupt bei dem Wetter offen ist?) fahren wir von Susques \u00fcber den \u201eSalar de Olaroz\u201c zur Grenzstation am Paso Jama. Die liegt schon auf 4.100 Metern H\u00f6he und &#8211; ist geschlossen. Der Wind peitscht \u00fcber die karge Hochfl\u00e4che [&hellip;]<\/p>\n","protected":false},"author":1,"featured_media":0,"comment_status":"open","ping_status":"open","sticky":false,"template":"","format":"gallery","meta":{"spay_email":"","jetpack_publicize_message":"","jetpack_is_tweetstorm":false,"jetpack_publicize_feature_enabled":true},"categories":[1],"tags":[],"jetpack_featured_media_url":"","jetpack_publicize_connections":[],"jetpack_sharing_enabled":true,"jetpack_shortlink":"https:\/\/wp.me\/p6huce-la","jetpack-related-posts":[{"id":1331,"url":"http:\/\/my-alps.de\/?p=1331","url_meta":{"origin":1312,"position":0},"title":"Lagunenroute in Bolivien &#8211; Teil 1","date":"17. Juli 2014","format":"gallery","excerpt":"San Pedro de Atacama in Chile ist der ideale Ausgangspunkt um von dort aus die legend\u00e4re im Boliviens zu befahren. Es geht von der W\u00fcstenoase zur\u00fcck Richtung Paso Jama, von 2.400 Meter auf 4.500 Meter hinauf. Schnurgerade, bis auf wenige Kurven, zieht sich die Stra\u00dfe auf fast 30 Kilometer bergauf.\u2026","rel":"","context":"In &quot;News&quot;","img":{"alt_text":"","src":"https:\/\/i0.wp.com\/my-alps.de\/wp-content\/uploads\/2014\/07\/alt-5015hm.jpg?resize=350%2C200","width":350,"height":200},"classes":[]},{"id":1310,"url":"http:\/\/my-alps.de\/?p=1310","url_meta":{"origin":1312,"position":1},"title":"Von Salta durch die Schluchten des &#8222;Wolkenzuges\u201c","date":"30. Juni 2014","format":"gallery","excerpt":"In Salta hatten wir viel Spa\u00df zusammen, und jeder f\u00e4hrt in eine andere Richtung los. Wir folgen der Stra\u00dfe Nummer 51 auf den Spuren des legend\u00e4ren \u00a0Wolkenzuges. Diese Bahnstrecke war lange die h\u00f6chste der Welt, und f\u00fchrt \u00fcber Zickzack Abschnitte und bis zur ber\u00fchmten Br\u00fccke \u201eViaducto de la Polvorilla\u201c. Wir\u2026","rel":"","context":"In &quot;News&quot;","img":{"alt_text":"","src":"https:\/\/i0.wp.com\/my-alps.de\/wp-content\/uploads\/2014\/06\/IIII-aaaaaa.jpg?resize=350%2C200","width":350,"height":200},"classes":[]},{"id":724,"url":"http:\/\/my-alps.de\/?p=724","url_meta":{"origin":1312,"position":2},"title":"Von El Chalten auf der Ruta 40 nach Chile","date":"23. Februar 2014","format":"gallery","excerpt":"Nach einer wundersch\u00f6nen Woche ist es an der Zeit weiter zu fahren. Unserer Reise f\u00fchrt nun \u00fcber die legend\u00e4re Ruta 40 (auf der wir uns schon einige Zeit bewegen) Richtung Norden. Die Gegend hier ist gepr\u00e4gt von - na ja - nichts - es gibt hier eigentlich nichts ausser Landschaft\u2026","rel":"","context":"In &quot;News&quot;","img":{"alt_text":"Ruta 40","src":"https:\/\/i0.wp.com\/my-alps.de\/wp-content\/uploads\/2014\/02\/Ruta-40.jpg?resize=350%2C200","width":350,"height":200},"classes":[]},{"id":1304,"url":"http:\/\/my-alps.de\/?p=1304","url_meta":{"origin":1312,"position":3},"title":"Chilecito, Hualko, Amaicha und Tafi del Valles","date":"30. Juni 2014","format":"gallery","excerpt":"Chronologisch unserer Reiseroute ging es nach dem NP Talampaya in Richtung Chilecito. Da die Ruta 40 zur dieser Zeit \u00fcber die\u00a0\u201eCuesta de Miranda\u201c gesperrt war, mussten wir einen \u201ekleinen\u201c\u00a0Umweg von ca. 250 Kilometer machen. Die Fahrt ging zur\u00fcck \u00fcber die Ruta 76 bis nach Pataguia und dann die Ruta 74\u2026","rel":"","context":"In &quot;News&quot;","img":{"alt_text":"","src":"https:\/\/i0.wp.com\/my-alps.de\/wp-content\/uploads\/2014\/06\/DSC03910.jpg?resize=350%2C200","width":350,"height":200},"classes":[]},{"id":1327,"url":"http:\/\/my-alps.de\/?p=1327","url_meta":{"origin":1312,"position":4},"title":"Tatio Geysire","date":"17. Juli 2014","format":"gallery","excerpt":"Es geht wieder hoch hinauf - \u00a0zu den Tatio Geysiren. Das Geysirfeld,\u2028liegt in 4.300 Meter H\u00f6he, und wir kommen am sp\u00e4ten Nachmittag\u2028dort an. \u00dcberall h\u00e4ngen Dampfschwaden in der Luft und es weht\u2028ein heftiger und eisiger Wind. Wir spazieren zwischen den kleinen\u2028\u201eMinivulkanen\u201c herum und baden in einem salzhaltigem Thermalbecken. Am n\u00e4chsten\u2026","rel":"","context":"In &quot;News&quot;","img":{"alt_text":"","src":"","width":0,"height":0},"classes":[]},{"id":1373,"url":"http:\/\/my-alps.de\/?p=1373","url_meta":{"origin":1312,"position":5},"title":"Salar de Uyuni &#8211; der gr\u00f6sste Salzsee der Welt","date":"24. Juli 2014","format":"gallery","excerpt":"Unsere Fahrt f\u00fchrt uns in die erste Stadt in Bolivien - Uyuni. Uyuni ist der ideale Ausgangsort um auf den gr\u00f6ssten Salzsee der Welt zu fahren. Als wir in der Uyuni ankommen geraten wir mitten\u00a0in den Trubel eines Stadtfestes. \u00dcberall Frauen in ihrer indianischen\u00a0Tracht, mit den ausladenden R\u00f6cken, den typischen\u2026","rel":"","context":"In &quot;News&quot;","img":{"alt_text":"","src":"https:\/\/i0.wp.com\/my-alps.de\/wp-content\/uploads\/2014\/07\/passt-doch.jpg?resize=350%2C200","width":350,"height":200},"classes":[]}],"_links":{"self":[{"href":"http:\/\/my-alps.de\/index.php?rest_route=\/wp\/v2\/posts\/1312"}],"collection":[{"href":"http:\/\/my-alps.de\/index.php?rest_route=\/wp\/v2\/posts"}],"about":[{"href":"http:\/\/my-alps.de\/index.php?rest_route=\/wp\/v2\/types\/post"}],"author":[{"embeddable":true,"href":"http:\/\/my-alps.de\/index.php?rest_route=\/wp\/v2\/users\/1"}],"replies":[{"embeddable":true,"href":"http:\/\/my-alps.de\/index.php?rest_route=%2Fwp%2Fv2%2Fcomments&post=1312"}],"version-history":[{"count":4,"href":"http:\/\/my-alps.de\/index.php?rest_route=\/wp\/v2\/posts\/1312\/revisions"}],"predecessor-version":[{"id":1316,"href":"http:\/\/my-alps.de\/index.php?rest_route=\/wp\/v2\/posts\/1312\/revisions\/1316"}],"wp:attachment":[{"href":"http:\/\/my-alps.de\/index.php?rest_route=%2Fwp%2Fv2%2Fmedia&parent=1312"}],"wp:term":[{"taxonomy":"category","embeddable":true,"href":"http:\/\/my-alps.de\/index.php?rest_route=%2Fwp%2Fv2%2Fcategories&post=1312"},{"taxonomy":"post_tag","embeddable":true,"href":"http:\/\/my-alps.de\/index.php?rest_route=%2Fwp%2Fv2%2Ftags&post=1312"}],"curies":[{"name":"wp","href":"https:\/\/api.w.org\/{rel}","templated":true}]}}