{"id":1310,"date":"2014-06-30T17:58:13","date_gmt":"2014-06-30T15:58:13","guid":{"rendered":"http:\/\/my-alps.de\/?p=1310"},"modified":"2014-06-30T17:58:13","modified_gmt":"2014-06-30T15:58:13","slug":"von-salta-durch-die-schluchten-des-wolkenzuges","status":"publish","type":"post","link":"http:\/\/my-alps.de\/?p=1310","title":{"rendered":"Von Salta durch die Schluchten des &#8222;Wolkenzuges\u201c"},"content":{"rendered":"<div id=\"attachment_1286\" style=\"width: 1034px\" class=\"wp-caption aligncenter\"><a href=\"https:\/\/i0.wp.com\/my-alps.de\/wp-content\/uploads\/2014\/06\/IIII-aaaaaa.jpg\"><img aria-describedby=\"caption-attachment-1286\" data-attachment-id=\"1286\" data-permalink=\"http:\/\/my-alps.de\/?attachment_id=1286\" data-orig-file=\"https:\/\/i0.wp.com\/my-alps.de\/wp-content\/uploads\/2014\/06\/IIII-aaaaaa.jpg?fit=1024%2C682\" data-orig-size=\"1024,682\" data-comments-opened=\"1\" data-image-meta=\"{&quot;aperture&quot;:&quot;7.1&quot;,&quot;credit&quot;:&quot;&quot;,&quot;camera&quot;:&quot;SLT-A77V&quot;,&quot;caption&quot;:&quot;&quot;,&quot;created_timestamp&quot;:&quot;1402834505&quot;,&quot;copyright&quot;:&quot;&quot;,&quot;focal_length&quot;:&quot;200&quot;,&quot;iso&quot;:&quot;100&quot;,&quot;shutter_speed&quot;:&quot;0.0025&quot;,&quot;title&quot;:&quot;&quot;}\" data-image-title=\"IIII-aaaaaa\" data-image-description=\"&lt;p&gt;IIII-aaaaaa&lt;\/p&gt;\n\" data-image-caption=\"&lt;p&gt;IIII-aaaaaa&lt;\/p&gt;\n\" data-medium-file=\"https:\/\/i0.wp.com\/my-alps.de\/wp-content\/uploads\/2014\/06\/IIII-aaaaaa.jpg?fit=300%2C199\" data-large-file=\"https:\/\/i0.wp.com\/my-alps.de\/wp-content\/uploads\/2014\/06\/IIII-aaaaaa.jpg?fit=625%2C416\" loading=\"lazy\" class=\"size-full wp-image-1286\" alt=\"IIII-aaaaaa\" src=\"https:\/\/i0.wp.com\/my-alps.de\/wp-content\/uploads\/2014\/06\/IIII-aaaaaa.jpg?resize=625%2C416\" width=\"625\" height=\"416\" srcset=\"https:\/\/i0.wp.com\/my-alps.de\/wp-content\/uploads\/2014\/06\/IIII-aaaaaa.jpg?w=1024 1024w, https:\/\/i0.wp.com\/my-alps.de\/wp-content\/uploads\/2014\/06\/IIII-aaaaaa.jpg?resize=300%2C199 300w\" sizes=\"(max-width: 625px) 100vw, 625px\" data-recalc-dims=\"1\" \/><\/a><p id=\"caption-attachment-1286\" class=\"wp-caption-text\">IIII-aaaaaa<\/p><\/div>\n<p>In Salta hatten wir viel Spa\u00df zusammen, und jeder f\u00e4hrt in eine andere Richtung los. Wir folgen der Stra\u00dfe Nummer 51 auf den Spuren des legend\u00e4ren \u00a0Wolkenzuges.<\/p>\n<p>Diese Bahnstrecke war lange die h\u00f6chste der Welt, und f\u00fchrt \u00fcber Zickzack Abschnitte und bis zur ber\u00fchmten Br\u00fccke \u201eViaducto de la Polvorilla\u201c.<\/p>\n<p>Wir fahren von knapp etwas \u00fcber 1.000 Meter H\u00f6he bis auf 3.500 Meter und \u00fcbernachten dort um uns etwas an die H\u00f6he zu gew\u00f6hnen.<\/p>\n<p>Am n\u00e4chsten Tag geht es nach San Antonio de los Cobres, einer staubigen Minenstadt und wir \u00fcberqueren das erste Mal die 4.000er Marke.<\/p>\n<p>Die Ruta 40 f\u00fchrt direkt unter der Bahnbr\u00fccke hindurch.<\/p>\n<p>Und wird zu einem besseren Feldweg. Wir m\u00fcssen ungef\u00e4hr 20 Mal den teilweise gefrorenen Flu\u00df \u00fcberqueren. Durch das Eis l\u00e4sst sich die Tiefe der Wasserdurchfahrt oft schwer absch\u00e4tzen, aber unser \u201eStupsi\u201c meistert alle H\u00fcrden ohne Probleme. (Halt gut wenn der Allrad funktioniert!)<\/p>\n<p>Die Piste f\u00fchrt \u00fcber einen kleinen Pass in 4.500 Metern H\u00f6he.<br \/>\nWir und unser Diesel bekommen nur begrenzt die Luft die wir eigentlich n\u00f6tig h\u00e4tten. Dazu kommt, das die Landschaft wieder atemberaubend ist.<\/p>\n<p>Also machen wir in Susques, einem staubigen Nest auf dem Weg zum Paso Jama, halt und \u00fcbernachten auf 3.800 Meter H\u00f6he.<\/p>\n<p>(weiter Bilder folgen&#8230;.)<\/p>\n","protected":false},"excerpt":{"rendered":"<p>In Salta hatten wir viel Spa\u00df zusammen, und jeder f\u00e4hrt in eine andere Richtung los. Wir folgen der Stra\u00dfe Nummer 51 auf den Spuren des legend\u00e4ren \u00a0Wolkenzuges. Diese Bahnstrecke war lange die h\u00f6chste der Welt, und f\u00fchrt \u00fcber Zickzack Abschnitte und bis zur ber\u00fchmten Br\u00fccke \u201eViaducto de la Polvorilla\u201c. Wir fahren von knapp etwas \u00fcber [&hellip;]<\/p>\n","protected":false},"author":1,"featured_media":0,"comment_status":"open","ping_status":"open","sticky":false,"template":"","format":"gallery","meta":{"spay_email":"","jetpack_publicize_message":"","jetpack_is_tweetstorm":false,"jetpack_publicize_feature_enabled":true},"categories":[1],"tags":[],"jetpack_featured_media_url":"","jetpack_publicize_connections":[],"jetpack_sharing_enabled":true,"jetpack_shortlink":"https:\/\/wp.me\/p6huce-l8","jetpack-related-posts":[{"id":1312,"url":"http:\/\/my-alps.de\/?p=1312","url_meta":{"origin":1310,"position":0},"title":"\u00dcber den Paso Jama nach San Pedro de Atacama","date":"30. Juni 2014","format":"gallery","excerpt":"Seit \u201eSan Antonio de los Cobres\u201c bl\u00e4st ein eiskalter und heftiger Wind.\u00a0Mit gemischten Gef\u00fchlen (ob der Pass \u00fcberhaupt bei dem Wetter offen ist?) fahren wir von Susques \u00fcber den \u201eSalar de Olaroz\u201c zur Grenzstation am Paso Jama. Die liegt schon auf 4.100 Metern H\u00f6he und - ist geschlossen. Der Wind\u2026","rel":"","context":"In &quot;News&quot;","img":{"alt_text":"","src":"https:\/\/i0.wp.com\/my-alps.de\/wp-content\/uploads\/2014\/06\/Panorama-Cerro-Cachi.jpg?resize=350%2C200","width":350,"height":200},"classes":[]},{"id":1301,"url":"http:\/\/my-alps.de\/?p=1301","url_meta":{"origin":1310,"position":1},"title":"immer weiter &#8211; immer an den Anden entlang &#8211; Folge 1+2","date":"30. Juni 2014","format":"gallery","excerpt":"\u2026..\u00fcber die Ruta 40. \u00dcberblick f\u00fcr die folgenden Blogbeitr\u00e4ge bis zur Grenze nach Chile! Folge 1: DIE Stra\u00dfe in Argentinien von Norden nach S\u00fcden, oder umgekehrt. Einsame Schotterpisten, ab und zu mal ein kleiner Ort und Staub - Staub und nochmals Staub. So gelangen wir aus den Nationalparks nach Chilecito,\u2026","rel":"","context":"In &quot;News&quot;","img":{"alt_text":"","src":"","width":0,"height":0},"classes":[]},{"id":481,"url":"http:\/\/my-alps.de\/?p=481","url_meta":{"origin":1310,"position":2},"title":"Unser erster &#8222;Flugschaden&#8220;","date":"25. Dezember 2013","format":"gallery","excerpt":"Auf der Fahrt von Azul durch die Pampa ist uns ein kleiner Flugschaden entstanden - als ein grosser LKW knapp an uns vorbeigefahren ist - richtig viel Gegenwind in unsere Richtung - hat ein gefiederter Freund versucht noch rechtzeitig die Stra\u00dfe zu \u00fcberqueren. Hat es aber leider nicht mehr geschafft!\u2026","rel":"","context":"In &quot;News&quot;","img":{"alt_text":"","src":"https:\/\/i0.wp.com\/my-alps.de\/wp-content\/uploads\/2013\/12\/Flugschaden-02.jpg?resize=350%2C200","width":350,"height":200},"classes":[]},{"id":1308,"url":"http:\/\/my-alps.de\/?p=1308","url_meta":{"origin":1310,"position":3},"title":"Cafayate und durch das Valle Calchaquies nach Salta","date":"30. Juni 2014","format":"gallery","excerpt":"Nach Amaicha haben wir noch die \u201eRuinas de Quilmes\u201c besucht. Die Terrassenanlage wurde teilweise wieder ausgegraben und die Geschichte der Quilmesindianer hat ein trauriges Kapitel. Nach langem Wiederstand gegen die Spanier wurden sie doch unterworfen und der gesamte Stamm nach Buenos Aires deportiert. Nur 600 kamen lebend dort an mehr\u2026","rel":"","context":"In &quot;News&quot;","img":{"alt_text":"","src":"https:\/\/i0.wp.com\/my-alps.de\/wp-content\/uploads\/2014\/06\/Felsfarben-1-Sonnenuntergang-ce4.jpg?resize=350%2C200","width":350,"height":200},"classes":[]},{"id":1664,"url":"http:\/\/my-alps.de\/?p=1664","url_meta":{"origin":1310,"position":4},"title":"Paramo und Papallacta","date":"28. September 2014","format":"gallery","excerpt":"Im schwefelhaltigen Wasser der Thermen \u00a0von Papallacta haben wir uns sch\u00f6n entspannt (und gereinigt!). Die Landschaft hat ihr Bild\u00a0total ver\u00e4ndert und wir sind schon wieder auf 3.300 Meter. \u00dcberall dr\u00e4ngen Wasserf\u00e4lle aus den Bergen in das schmale Tal und die Stra\u00dfe ist durch die vielen Erdbeben und aktiven Vulkane einem\u2026","rel":"","context":"In &quot;News&quot;","img":{"alt_text":"","src":"https:\/\/i0.wp.com\/my-alps.de\/wp-content\/uploads\/2014\/09\/Cerro-Antisana-5.700-m-ce4.jpg?resize=350%2C200","width":350,"height":200},"classes":[]},{"id":1642,"url":"http:\/\/my-alps.de\/?p=1642","url_meta":{"origin":1310,"position":5},"title":"nach Banos","date":"24. September 2014","format":"gallery","excerpt":"Wir fahren zickzack durch Ecuador, so kommt es uns jedenfalls vor! Nach den arbeitsreichen, aber auch erholsamen Tagen am Pazifik sind wir wieder quer durch das Landesinnere gefahren. Unser Ziel war der (sehr) aktive Vulkan \"Tungurahua\" bei Banos. Zuerst ging es an der K\u00fcste hinauf bis \"Jipijapa\" und danach durch\u2026","rel":"","context":"In &quot;News&quot;","img":{"alt_text":"","src":"https:\/\/i0.wp.com\/my-alps.de\/wp-content\/uploads\/2014\/09\/Finca-Chamanapamba-II.jpg?resize=350%2C200","width":350,"height":200},"classes":[]}],"_links":{"self":[{"href":"http:\/\/my-alps.de\/index.php?rest_route=\/wp\/v2\/posts\/1310"}],"collection":[{"href":"http:\/\/my-alps.de\/index.php?rest_route=\/wp\/v2\/posts"}],"about":[{"href":"http:\/\/my-alps.de\/index.php?rest_route=\/wp\/v2\/types\/post"}],"author":[{"embeddable":true,"href":"http:\/\/my-alps.de\/index.php?rest_route=\/wp\/v2\/users\/1"}],"replies":[{"embeddable":true,"href":"http:\/\/my-alps.de\/index.php?rest_route=%2Fwp%2Fv2%2Fcomments&post=1310"}],"version-history":[{"count":1,"href":"http:\/\/my-alps.de\/index.php?rest_route=\/wp\/v2\/posts\/1310\/revisions"}],"predecessor-version":[{"id":1311,"href":"http:\/\/my-alps.de\/index.php?rest_route=\/wp\/v2\/posts\/1310\/revisions\/1311"}],"wp:attachment":[{"href":"http:\/\/my-alps.de\/index.php?rest_route=%2Fwp%2Fv2%2Fmedia&parent=1310"}],"wp:term":[{"taxonomy":"category","embeddable":true,"href":"http:\/\/my-alps.de\/index.php?rest_route=%2Fwp%2Fv2%2Fcategories&post=1310"},{"taxonomy":"post_tag","embeddable":true,"href":"http:\/\/my-alps.de\/index.php?rest_route=%2Fwp%2Fv2%2Ftags&post=1310"}],"curies":[{"name":"wp","href":"https:\/\/api.w.org\/{rel}","templated":true}]}}