{"id":1308,"date":"2014-06-30T17:54:37","date_gmt":"2014-06-30T15:54:37","guid":{"rendered":"http:\/\/my-alps.de\/?p=1308"},"modified":"2014-06-30T17:54:37","modified_gmt":"2014-06-30T15:54:37","slug":"cafayate-und-durch-das-valle-calchaquies-nach-salta","status":"publish","type":"post","link":"http:\/\/my-alps.de\/?p=1308","title":{"rendered":"Cafayate und durch das Valle Calchaquies nach Salta"},"content":{"rendered":"<p>Nach Amaicha haben wir noch die \u201eRuinas de Quilmes\u201c besucht.<br \/>\nDie Terrassenanlage wurde teilweise wieder ausgegraben und die Geschichte der Quilmesindianer hat ein trauriges Kapitel.<br \/>\nNach langem Wiederstand gegen die Spanier wurden sie doch unterworfen und der gesamte Stamm nach Buenos Aires deportiert.<br \/>\nNur 600 kamen lebend dort an<br \/>\nmehr als 3.000 sind auf der qu\u00e4lenden Reise gestorben.<\/p>\n<div id=\"attachment_1290\" style=\"width: 1034px\" class=\"wp-caption aligncenter\"><a href=\"https:\/\/i0.wp.com\/my-alps.de\/wp-content\/uploads\/2014\/06\/Quilmes-ce4.jpg\"><img aria-describedby=\"caption-attachment-1290\" data-attachment-id=\"1290\" data-permalink=\"http:\/\/my-alps.de\/?attachment_id=1290\" data-orig-file=\"https:\/\/i0.wp.com\/my-alps.de\/wp-content\/uploads\/2014\/06\/Quilmes-ce4.jpg?fit=1024%2C683\" data-orig-size=\"1024,683\" data-comments-opened=\"1\" data-image-meta=\"{&quot;aperture&quot;:&quot;9.5&quot;,&quot;credit&quot;:&quot;&quot;,&quot;camera&quot;:&quot;SLT-A99V&quot;,&quot;caption&quot;:&quot;&quot;,&quot;created_timestamp&quot;:&quot;1402843509&quot;,&quot;copyright&quot;:&quot;&quot;,&quot;focal_length&quot;:&quot;24&quot;,&quot;iso&quot;:&quot;100&quot;,&quot;shutter_speed&quot;:&quot;0.011111111111111&quot;,&quot;title&quot;:&quot;&quot;}\" data-image-title=\"Quilmes-ce4\" data-image-description=\"&lt;p&gt;Quilmes-&lt;\/p&gt;\n\" data-image-caption=\"&lt;p&gt;Quilmes-&lt;\/p&gt;\n\" data-medium-file=\"https:\/\/i0.wp.com\/my-alps.de\/wp-content\/uploads\/2014\/06\/Quilmes-ce4.jpg?fit=300%2C200\" data-large-file=\"https:\/\/i0.wp.com\/my-alps.de\/wp-content\/uploads\/2014\/06\/Quilmes-ce4.jpg?fit=625%2C417\" loading=\"lazy\" class=\"size-full wp-image-1290\" alt=\"Quilmes-\" src=\"https:\/\/i0.wp.com\/my-alps.de\/wp-content\/uploads\/2014\/06\/Quilmes-ce4.jpg?resize=625%2C417\" width=\"625\" height=\"417\" srcset=\"https:\/\/i0.wp.com\/my-alps.de\/wp-content\/uploads\/2014\/06\/Quilmes-ce4.jpg?w=1024 1024w, https:\/\/i0.wp.com\/my-alps.de\/wp-content\/uploads\/2014\/06\/Quilmes-ce4.jpg?resize=300%2C200 300w\" sizes=\"(max-width: 625px) 100vw, 625px\" data-recalc-dims=\"1\" \/><\/a><p id=\"caption-attachment-1290\" class=\"wp-caption-text\">Quilmes-<\/p><\/div>\n<p>Langsam wird das Tal immer fruchtbarer und man f\u00e4hrt an endlosen Plantagen mit Olivenb\u00e4umen und Weinfeldern vorbei.<br \/>\nCafayate ist ein ber\u00fchmter Weinbauort in Argentinien und so gibt es Bodegas und gute Restaurants an jeder Ecke. Praktisch liegt der Campingplatz nur 15 Minuten zu Fu\u00df von der Plaza entfernt.<br \/>\nSo g\u00f6nnen wir uns wieder mal ein saftiges Steak mit einem St\u00fcck Fleisch als Beilage.<\/p>\n<p>Von Cafayate geht es nun wieder auf einer Schotterpiste weiter durch das \u201eValle Calchaquies\u201c, einer imposanten Landschaft die aus vielf\u00e4ltigen Sandsteinformationen besteht.<\/p>\n<div id=\"attachment_1296\" style=\"width: 1034px\" class=\"wp-caption aligncenter\"><a href=\"https:\/\/i0.wp.com\/my-alps.de\/wp-content\/uploads\/2014\/06\/Felsfarben-1-Sonnenuntergang-ce4.jpg\"><img aria-describedby=\"caption-attachment-1296\" data-attachment-id=\"1296\" data-permalink=\"http:\/\/my-alps.de\/?attachment_id=1296\" data-orig-file=\"https:\/\/i0.wp.com\/my-alps.de\/wp-content\/uploads\/2014\/06\/Felsfarben-1-Sonnenuntergang-ce4.jpg?fit=1024%2C683\" data-orig-size=\"1024,683\" data-comments-opened=\"1\" data-image-meta=\"{&quot;aperture&quot;:&quot;9.5&quot;,&quot;credit&quot;:&quot;&quot;,&quot;camera&quot;:&quot;SLT-A99V&quot;,&quot;caption&quot;:&quot;&quot;,&quot;created_timestamp&quot;:&quot;1403102399&quot;,&quot;copyright&quot;:&quot;&quot;,&quot;focal_length&quot;:&quot;50&quot;,&quot;iso&quot;:&quot;100&quot;,&quot;shutter_speed&quot;:&quot;0.005&quot;,&quot;title&quot;:&quot;&quot;}\" data-image-title=\"Felsfarben-1-Sonnenuntergang-ce4\" data-image-description=\"&lt;p&gt;Felsfarben-1-Sonnenuntergang&lt;\/p&gt;\n\" data-image-caption=\"&lt;p&gt;Felsfarben-1-Sonnenuntergang&lt;\/p&gt;\n\" data-medium-file=\"https:\/\/i0.wp.com\/my-alps.de\/wp-content\/uploads\/2014\/06\/Felsfarben-1-Sonnenuntergang-ce4.jpg?fit=300%2C200\" data-large-file=\"https:\/\/i0.wp.com\/my-alps.de\/wp-content\/uploads\/2014\/06\/Felsfarben-1-Sonnenuntergang-ce4.jpg?fit=625%2C417\" loading=\"lazy\" class=\"size-full wp-image-1296\" alt=\"Felsfarben-1-Sonnenuntergang\" src=\"https:\/\/i0.wp.com\/my-alps.de\/wp-content\/uploads\/2014\/06\/Felsfarben-1-Sonnenuntergang-ce4.jpg?resize=625%2C417\" width=\"625\" height=\"417\" srcset=\"https:\/\/i0.wp.com\/my-alps.de\/wp-content\/uploads\/2014\/06\/Felsfarben-1-Sonnenuntergang-ce4.jpg?w=1024 1024w, https:\/\/i0.wp.com\/my-alps.de\/wp-content\/uploads\/2014\/06\/Felsfarben-1-Sonnenuntergang-ce4.jpg?resize=300%2C200 300w\" sizes=\"(max-width: 625px) 100vw, 625px\" data-recalc-dims=\"1\" \/><\/a><p id=\"caption-attachment-1296\" class=\"wp-caption-text\">Felsfarben-1-Sonnenuntergang<\/p><\/div>\n<p>Wir halten oft an um zu fotografieren, so kommen wir nur recht langsam voran und m\u00fcssen auf der Estancia Carmen \u00fcbernachten. Leider ist sie geschlossen, aber die Besitzerin hat uns erlaubt vor dem Hof zu \u00fcbernachten.<\/p>\n<div id=\"attachment_1293\" style=\"width: 1034px\" class=\"wp-caption aligncenter\"><a href=\"https:\/\/i0.wp.com\/my-alps.de\/wp-content\/uploads\/2014\/06\/Die-Schlucht.jpg\"><img aria-describedby=\"caption-attachment-1293\" data-attachment-id=\"1293\" data-permalink=\"http:\/\/my-alps.de\/?attachment_id=1293\" data-orig-file=\"https:\/\/i0.wp.com\/my-alps.de\/wp-content\/uploads\/2014\/06\/Die-Schlucht.jpg?fit=1024%2C683\" data-orig-size=\"1024,683\" data-comments-opened=\"1\" data-image-meta=\"{&quot;aperture&quot;:&quot;6.7&quot;,&quot;credit&quot;:&quot;&quot;,&quot;camera&quot;:&quot;SLT-A99V&quot;,&quot;caption&quot;:&quot;&quot;,&quot;created_timestamp&quot;:&quot;1403109567&quot;,&quot;copyright&quot;:&quot;&quot;,&quot;focal_length&quot;:&quot;24&quot;,&quot;iso&quot;:&quot;100&quot;,&quot;shutter_speed&quot;:&quot;0.005&quot;,&quot;title&quot;:&quot;&quot;}\" data-image-title=\"Die Schlucht\" data-image-description=\"&lt;p&gt;Die Schlucht&lt;\/p&gt;\n\" data-image-caption=\"&lt;p&gt;Die Schlucht&lt;\/p&gt;\n\" data-medium-file=\"https:\/\/i0.wp.com\/my-alps.de\/wp-content\/uploads\/2014\/06\/Die-Schlucht.jpg?fit=300%2C200\" data-large-file=\"https:\/\/i0.wp.com\/my-alps.de\/wp-content\/uploads\/2014\/06\/Die-Schlucht.jpg?fit=625%2C417\" loading=\"lazy\" class=\"size-full wp-image-1293\" alt=\"Die Schlucht\" src=\"https:\/\/i0.wp.com\/my-alps.de\/wp-content\/uploads\/2014\/06\/Die-Schlucht.jpg?resize=625%2C417\" width=\"625\" height=\"417\" srcset=\"https:\/\/i0.wp.com\/my-alps.de\/wp-content\/uploads\/2014\/06\/Die-Schlucht.jpg?w=1024 1024w, https:\/\/i0.wp.com\/my-alps.de\/wp-content\/uploads\/2014\/06\/Die-Schlucht.jpg?resize=300%2C200 300w\" sizes=\"(max-width: 625px) 100vw, 625px\" data-recalc-dims=\"1\" \/><\/a><p id=\"caption-attachment-1293\" class=\"wp-caption-text\">Die Schlucht<\/p><\/div>\n<p>Mit vielen Fotostopps geht es am n\u00e4chsten Tag weiter bis nach Cachi.<\/p>\n<div id=\"attachment_1294\" style=\"width: 1034px\" class=\"wp-caption aligncenter\"><a href=\"https:\/\/i0.wp.com\/my-alps.de\/wp-content\/uploads\/2014\/06\/Felsen-im-Valles-Calchaquies-ce4.jpg\"><img aria-describedby=\"caption-attachment-1294\" data-attachment-id=\"1294\" data-permalink=\"http:\/\/my-alps.de\/?attachment_id=1294\" data-orig-file=\"https:\/\/i0.wp.com\/my-alps.de\/wp-content\/uploads\/2014\/06\/Felsen-im-Valles-Calchaquies-ce4.jpg?fit=1024%2C683\" data-orig-size=\"1024,683\" data-comments-opened=\"1\" data-image-meta=\"{&quot;aperture&quot;:&quot;11&quot;,&quot;credit&quot;:&quot;&quot;,&quot;camera&quot;:&quot;SLT-A99V&quot;,&quot;caption&quot;:&quot;&quot;,&quot;created_timestamp&quot;:&quot;1403105252&quot;,&quot;copyright&quot;:&quot;&quot;,&quot;focal_length&quot;:&quot;70&quot;,&quot;iso&quot;:&quot;100&quot;,&quot;shutter_speed&quot;:&quot;0.004&quot;,&quot;title&quot;:&quot;&quot;}\" data-image-title=\"Felsen im Valles Calchaquies-ce4\" data-image-description=\"&lt;p&gt;Felsen im Valles Calchaquies&lt;\/p&gt;\n\" data-image-caption=\"&lt;p&gt;Felsen im Valles Calchaquies&lt;\/p&gt;\n\" data-medium-file=\"https:\/\/i0.wp.com\/my-alps.de\/wp-content\/uploads\/2014\/06\/Felsen-im-Valles-Calchaquies-ce4.jpg?fit=300%2C200\" data-large-file=\"https:\/\/i0.wp.com\/my-alps.de\/wp-content\/uploads\/2014\/06\/Felsen-im-Valles-Calchaquies-ce4.jpg?fit=625%2C417\" loading=\"lazy\" class=\"size-full wp-image-1294\" alt=\"Felsen im Valles Calchaquies\" src=\"https:\/\/i0.wp.com\/my-alps.de\/wp-content\/uploads\/2014\/06\/Felsen-im-Valles-Calchaquies-ce4.jpg?resize=625%2C417\" width=\"625\" height=\"417\" srcset=\"https:\/\/i0.wp.com\/my-alps.de\/wp-content\/uploads\/2014\/06\/Felsen-im-Valles-Calchaquies-ce4.jpg?w=1024 1024w, https:\/\/i0.wp.com\/my-alps.de\/wp-content\/uploads\/2014\/06\/Felsen-im-Valles-Calchaquies-ce4.jpg?resize=300%2C200 300w\" sizes=\"(max-width: 625px) 100vw, 625px\" data-recalc-dims=\"1\" \/><\/a><p id=\"caption-attachment-1294\" class=\"wp-caption-text\">Felsen im Valles Calchaquies<\/p><\/div>\n<p>Dort treffen wir uns mit einem Ehepaar aus Hamburg die mit dem Rad unterwegs sind. Wir verbringen einen sch\u00f6nen Abend am Lagerfeuer und verabreden uns in Salta wieder zu treffen.<\/p>\n<p>Von Cachi geht es durch den Nationalpark \u201eLos Cardones\u201c \u00fcber den \u201ePiedra des Molino\u201c nach Salta hin\u00fcber.<\/p>\n<div id=\"attachment_1280\" style=\"width: 1034px\" class=\"wp-caption aligncenter\"><a href=\"https:\/\/i0.wp.com\/my-alps.de\/wp-content\/uploads\/2014\/06\/Passh\u00f6he-Pedra-de-Molino-3460-m-ce4.jpg\"><img aria-describedby=\"caption-attachment-1280\" data-attachment-id=\"1280\" data-permalink=\"http:\/\/my-alps.de\/?attachment_id=1280\" data-orig-file=\"https:\/\/i0.wp.com\/my-alps.de\/wp-content\/uploads\/2014\/06\/Passh\u00f6he-Pedra-de-Molino-3460-m-ce4.jpg?fit=1024%2C683\" data-orig-size=\"1024,683\" data-comments-opened=\"1\" data-image-meta=\"{&quot;aperture&quot;:&quot;11&quot;,&quot;credit&quot;:&quot;&quot;,&quot;camera&quot;:&quot;SLT-A99V&quot;,&quot;caption&quot;:&quot;&quot;,&quot;created_timestamp&quot;:&quot;1403268602&quot;,&quot;copyright&quot;:&quot;&quot;,&quot;focal_length&quot;:&quot;50&quot;,&quot;iso&quot;:&quot;100&quot;,&quot;shutter_speed&quot;:&quot;0.004&quot;,&quot;title&quot;:&quot;&quot;}\" data-image-title=\"Passh\u00f6he &#8211; Pedra de Molino &#8211; 3460 m-ce4\" data-image-description=\"&lt;p&gt;Passh\u00f6he &#8211; Pedra de Molino &lt;\/p&gt;\n\" data-image-caption=\"&lt;p&gt;Passh\u00f6he &#8211; Pedra de Molino &lt;\/p&gt;\n\" data-medium-file=\"https:\/\/i0.wp.com\/my-alps.de\/wp-content\/uploads\/2014\/06\/Passh\u00f6he-Pedra-de-Molino-3460-m-ce4.jpg?fit=300%2C200\" data-large-file=\"https:\/\/i0.wp.com\/my-alps.de\/wp-content\/uploads\/2014\/06\/Passh\u00f6he-Pedra-de-Molino-3460-m-ce4.jpg?fit=625%2C417\" loading=\"lazy\" class=\"size-full wp-image-1280\" alt=\"Passh\u00f6he - Pedra de Molino \" src=\"https:\/\/i0.wp.com\/my-alps.de\/wp-content\/uploads\/2014\/06\/Passh\u00f6he-Pedra-de-Molino-3460-m-ce4.jpg?resize=625%2C417\" width=\"625\" height=\"417\" srcset=\"https:\/\/i0.wp.com\/my-alps.de\/wp-content\/uploads\/2014\/06\/Passh\u00f6he-Pedra-de-Molino-3460-m-ce4.jpg?w=1024 1024w, https:\/\/i0.wp.com\/my-alps.de\/wp-content\/uploads\/2014\/06\/Passh\u00f6he-Pedra-de-Molino-3460-m-ce4.jpg?resize=300%2C200 300w\" sizes=\"(max-width: 625px) 100vw, 625px\" data-recalc-dims=\"1\" \/><\/a><p id=\"caption-attachment-1280\" class=\"wp-caption-text\">Passh\u00f6he &#8211; Pedra de Molino<\/p><\/div>\n<p>Die Landschaft ist wieder mal zum \u201eSpuckewegbleiben\u201c und von der Passh\u00f6he hat man einen tollen Blick \u00fcber die Wolken.<\/p>\n<div id=\"attachment_1292\" style=\"width: 1034px\" class=\"wp-caption aligncenter\"><a href=\"https:\/\/i0.wp.com\/my-alps.de\/wp-content\/uploads\/2014\/06\/Cerro-Libertad-ce4.jpg\"><img aria-describedby=\"caption-attachment-1292\" data-attachment-id=\"1292\" data-permalink=\"http:\/\/my-alps.de\/?attachment_id=1292\" data-orig-file=\"https:\/\/i0.wp.com\/my-alps.de\/wp-content\/uploads\/2014\/06\/Cerro-Libertad-ce4.jpg?fit=1024%2C683\" data-orig-size=\"1024,683\" data-comments-opened=\"1\" data-image-meta=\"{&quot;aperture&quot;:&quot;9.5&quot;,&quot;credit&quot;:&quot;&quot;,&quot;camera&quot;:&quot;SLT-A99V&quot;,&quot;caption&quot;:&quot;&quot;,&quot;created_timestamp&quot;:&quot;1403266199&quot;,&quot;copyright&quot;:&quot;&quot;,&quot;focal_length&quot;:&quot;70&quot;,&quot;iso&quot;:&quot;100&quot;,&quot;shutter_speed&quot;:&quot;0.0028571428571429&quot;,&quot;title&quot;:&quot;&quot;}\" data-image-title=\"Cerro Libertad-ce4\" data-image-description=\"&lt;p&gt;Cerro Libertad&lt;\/p&gt;\n\" data-image-caption=\"&lt;p&gt;Cerro Libertad&lt;\/p&gt;\n\" data-medium-file=\"https:\/\/i0.wp.com\/my-alps.de\/wp-content\/uploads\/2014\/06\/Cerro-Libertad-ce4.jpg?fit=300%2C200\" data-large-file=\"https:\/\/i0.wp.com\/my-alps.de\/wp-content\/uploads\/2014\/06\/Cerro-Libertad-ce4.jpg?fit=625%2C417\" loading=\"lazy\" class=\"size-full wp-image-1292\" alt=\"Cerro Libertad\" src=\"https:\/\/i0.wp.com\/my-alps.de\/wp-content\/uploads\/2014\/06\/Cerro-Libertad-ce4.jpg?resize=625%2C417\" width=\"625\" height=\"417\" srcset=\"https:\/\/i0.wp.com\/my-alps.de\/wp-content\/uploads\/2014\/06\/Cerro-Libertad-ce4.jpg?w=1024 1024w, https:\/\/i0.wp.com\/my-alps.de\/wp-content\/uploads\/2014\/06\/Cerro-Libertad-ce4.jpg?resize=300%2C200 300w\" sizes=\"(max-width: 625px) 100vw, 625px\" data-recalc-dims=\"1\" \/><\/a><p id=\"caption-attachment-1292\" class=\"wp-caption-text\">Cerro Libertad<\/p><\/div>\n<p>In Salta werden wir mal wieder richtig einkaufen und W\u00e4sche waschen. es ist doch ganz sch\u00f6n staubig gewesen auf diesem Abschnitt der Ruta 40.<\/p>\n<p>Ausserdem wollen wir uns mit einigen Reisenden dort treffen und zusammen etwas Fu\u00dfball schauen &#8211; es ist ja schlie\u00dflich gerade WM in Brasilien.<\/p>\n<p>&nbsp;<\/p>\n","protected":false},"excerpt":{"rendered":"<p>Nach Amaicha haben wir noch die \u201eRuinas de Quilmes\u201c besucht. Die Terrassenanlage wurde teilweise wieder ausgegraben und die Geschichte der Quilmesindianer hat ein trauriges Kapitel. Nach langem Wiederstand gegen die Spanier wurden sie doch unterworfen und der gesamte Stamm nach Buenos Aires deportiert. Nur 600 kamen lebend dort an mehr als 3.000 sind auf der [&hellip;]<\/p>\n","protected":false},"author":1,"featured_media":0,"comment_status":"open","ping_status":"open","sticky":false,"template":"","format":"gallery","meta":{"spay_email":"","jetpack_publicize_message":"","jetpack_is_tweetstorm":false,"jetpack_publicize_feature_enabled":true},"categories":[1],"tags":[],"jetpack_featured_media_url":"","jetpack_publicize_connections":[],"jetpack_sharing_enabled":true,"jetpack_shortlink":"https:\/\/wp.me\/p6huce-l6","jetpack-related-posts":[{"id":1301,"url":"http:\/\/my-alps.de\/?p=1301","url_meta":{"origin":1308,"position":0},"title":"immer weiter &#8211; immer an den Anden entlang &#8211; Folge 1+2","date":"30. Juni 2014","format":"gallery","excerpt":"\u2026..\u00fcber die Ruta 40. \u00dcberblick f\u00fcr die folgenden Blogbeitr\u00e4ge bis zur Grenze nach Chile! Folge 1: DIE Stra\u00dfe in Argentinien von Norden nach S\u00fcden, oder umgekehrt. Einsame Schotterpisten, ab und zu mal ein kleiner Ort und Staub - Staub und nochmals Staub. So gelangen wir aus den Nationalparks nach Chilecito,\u2026","rel":"","context":"In &quot;News&quot;","img":{"alt_text":"","src":"","width":0,"height":0},"classes":[]},{"id":1304,"url":"http:\/\/my-alps.de\/?p=1304","url_meta":{"origin":1308,"position":1},"title":"Chilecito, Hualko, Amaicha und Tafi del Valles","date":"30. Juni 2014","format":"gallery","excerpt":"Chronologisch unserer Reiseroute ging es nach dem NP Talampaya in Richtung Chilecito. Da die Ruta 40 zur dieser Zeit \u00fcber die\u00a0\u201eCuesta de Miranda\u201c gesperrt war, mussten wir einen \u201ekleinen\u201c\u00a0Umweg von ca. 250 Kilometer machen. Die Fahrt ging zur\u00fcck \u00fcber die Ruta 76 bis nach Pataguia und dann die Ruta 74\u2026","rel":"","context":"In &quot;News&quot;","img":{"alt_text":"","src":"https:\/\/i0.wp.com\/my-alps.de\/wp-content\/uploads\/2014\/06\/DSC03910.jpg?resize=350%2C200","width":350,"height":200},"classes":[]},{"id":1178,"url":"http:\/\/my-alps.de\/?p=1178","url_meta":{"origin":1308,"position":2},"title":"Epilog &#8211; Osorno","date":"3. Juni 2014","format":"gallery","excerpt":"Nach erfolgreicher Implementierung des nagelneuen Steuerger\u00e4tes in unseren Allradantrieb -\u00a0(er funktioniert wieder!) - steht einer Fortsetzung der Reise nach Norden, Richtung Bolivien und Peru nichts mehr im Weg. Doch vorher ein kleiner R\u00fcckblick: Wir haben hier in der Stadt richtige Freunde gefunden, Mario, Gustavo und ihre Familien sind so gastfreundlich\u2026","rel":"","context":"In &quot;News&quot;","img":{"alt_text":"","src":"","width":0,"height":0},"classes":[]},{"id":1110,"url":"http:\/\/my-alps.de\/?p=1110","url_meta":{"origin":1308,"position":3},"title":"Laguna Blanca, einsam &#8211; einsam ist&#8217;s hier","date":"10. Mai 2014","format":"gallery","excerpt":"Auf unserem Weg zur Sonne haben wir die Schleife \u00fcber El Chocon (DIE Stadt der Dino-Fans!) weiter bis Zapala ausgedehnt. Die argentinische Pampa steht hier teilweise noch nach den schweren Regenf\u00e4llen in Neuquen unter Wasser. Sehr ungew\u00f6hnlich durch die sonst knochentrockene Landschaft zu fahren, die sich in eine Sumpflandschaft verwandelt\u2026","rel":"","context":"In &quot;News&quot;","img":{"alt_text":"","src":"","width":0,"height":0},"classes":[]},{"id":1234,"url":"http:\/\/my-alps.de\/?p=1234","url_meta":{"origin":1308,"position":4},"title":"NP Valle de la Luna und NP Talampaya","date":"15. Juni 2014","format":"gallery","excerpt":"Wir machen zur Zeit \u201eNationalpark Hopping\u201c in Argentinien. Der einfache Grund - an jedem der abseits gelegenen Nationalparks gibt es eine g\u00fcnstige (und sichere) M\u00f6glichkeit mit dem WOMO \u00fcber Nacht zu stehen und sehr viel zu sehen....... Ausserdem gibt es auch wieder mal eine warme Dusche ohne sich die Ellenbogen\u2026","rel":"","context":"In &quot;News&quot;","img":{"alt_text":"","src":"https:\/\/i0.wp.com\/my-alps.de\/wp-content\/uploads\/2014\/06\/Talampaya-V-ce4.jpg?resize=350%2C200","width":350,"height":200},"classes":[]},{"id":1320,"url":"http:\/\/my-alps.de\/?p=1320","url_meta":{"origin":1308,"position":5},"title":"Auf den Salar de Atacama -und weiter nach Calama","date":"17. Juli 2014","format":"gallery","excerpt":"Nach zwei Tagen \u201eauftanken\u201c in San Pedro de Atacama ,\u2028\u201ezieht\u201c es an einem, dieses Gef\u00fchl wieder hinaus in die Einsamkeit\u2028zu m\u00fcssen. Die ganze Zeit hat man nur grenzenlose Landschaft um\u2028sich, der Horizont existiert nur im Kopf. Selbst die kleine Stadt mit\u2028ihrer h\u00fcbschen Plaza, den Lehmh\u00e4usern und dem bunten Markt \u2028wird\u2026","rel":"","context":"In &quot;News&quot;","img":{"alt_text":"","src":"https:\/\/i0.wp.com\/my-alps.de\/wp-content\/uploads\/2014\/07\/Super-LKW.org_.jpg?resize=350%2C200","width":350,"height":200},"classes":[]}],"_links":{"self":[{"href":"http:\/\/my-alps.de\/index.php?rest_route=\/wp\/v2\/posts\/1308"}],"collection":[{"href":"http:\/\/my-alps.de\/index.php?rest_route=\/wp\/v2\/posts"}],"about":[{"href":"http:\/\/my-alps.de\/index.php?rest_route=\/wp\/v2\/types\/post"}],"author":[{"embeddable":true,"href":"http:\/\/my-alps.de\/index.php?rest_route=\/wp\/v2\/users\/1"}],"replies":[{"embeddable":true,"href":"http:\/\/my-alps.de\/index.php?rest_route=%2Fwp%2Fv2%2Fcomments&post=1308"}],"version-history":[{"count":1,"href":"http:\/\/my-alps.de\/index.php?rest_route=\/wp\/v2\/posts\/1308\/revisions"}],"predecessor-version":[{"id":1309,"href":"http:\/\/my-alps.de\/index.php?rest_route=\/wp\/v2\/posts\/1308\/revisions\/1309"}],"wp:attachment":[{"href":"http:\/\/my-alps.de\/index.php?rest_route=%2Fwp%2Fv2%2Fmedia&parent=1308"}],"wp:term":[{"taxonomy":"category","embeddable":true,"href":"http:\/\/my-alps.de\/index.php?rest_route=%2Fwp%2Fv2%2Fcategories&post=1308"},{"taxonomy":"post_tag","embeddable":true,"href":"http:\/\/my-alps.de\/index.php?rest_route=%2Fwp%2Fv2%2Ftags&post=1308"}],"curies":[{"name":"wp","href":"https:\/\/api.w.org\/{rel}","templated":true}]}}