{"id":1304,"date":"2014-06-30T17:47:19","date_gmt":"2014-06-30T15:47:19","guid":{"rendered":"http:\/\/my-alps.de\/?p=1304"},"modified":"2014-06-30T17:47:19","modified_gmt":"2014-06-30T15:47:19","slug":"chilecito-hualko-amaicha-und-tafi-del-valles","status":"publish","type":"post","link":"http:\/\/my-alps.de\/?p=1304","title":{"rendered":"Chilecito, Hualko, Amaicha und Tafi del Valles"},"content":{"rendered":"<p>Chronologisch unserer Reiseroute ging es nach dem NP Talampaya in Richtung Chilecito.<br \/>\nDa die Ruta 40 zur dieser Zeit \u00fcber die\u00a0<span style=\"line-height: 1.5;\">\u201eCuesta de Miranda\u201c gesperrt war, mussten wir einen \u201ekleinen\u201c\u00a0<\/span><span style=\"line-height: 1.5;\">Umweg von ca. 250 Kilometer machen.<\/span><br \/>\nDie Fahrt ging zur\u00fcck \u00fcber die Ruta 76 bis nach Pataguia und dann die Ruta 74 wieder hoch bis wir in Nonogasta wieder auf die Ruta 40 gesto\u00dfen sind.<br \/>\nKurz danach kommt Chilecito, eine f\u00fcr ihre Seilbahn, die \u00fcber 30 Kilometer lang ist, ber\u00fchmte Minenstadt. Sonst ist aber in dem Nest wirklich nicht viel los. Wir haben unsere Vorr\u00e4te erg\u00e4nzt, getankt und verzweifelt nach einem WIFI gesucht. Nicht einmal Mobilfunk mit 3G gab es, und so sind wir wieder weitergezuckelt.<\/p>\n<div id=\"attachment_1284\" style=\"width: 1034px\" class=\"wp-caption aligncenter\"><a href=\"https:\/\/i0.wp.com\/my-alps.de\/wp-content\/uploads\/2014\/06\/Blaue-Berge-ce4.jpg\"><img aria-describedby=\"caption-attachment-1284\" data-attachment-id=\"1284\" data-permalink=\"http:\/\/my-alps.de\/?attachment_id=1284\" data-orig-file=\"https:\/\/i0.wp.com\/my-alps.de\/wp-content\/uploads\/2014\/06\/Blaue-Berge-ce4.jpg?fit=1024%2C683\" data-orig-size=\"1024,683\" data-comments-opened=\"1\" data-image-meta=\"{&quot;aperture&quot;:&quot;14&quot;,&quot;credit&quot;:&quot;&quot;,&quot;camera&quot;:&quot;SLT-A77V&quot;,&quot;caption&quot;:&quot;&quot;,&quot;created_timestamp&quot;:&quot;1402833538&quot;,&quot;copyright&quot;:&quot;&quot;,&quot;focal_length&quot;:&quot;140&quot;,&quot;iso&quot;:&quot;100&quot;,&quot;shutter_speed&quot;:&quot;0.0015625&quot;,&quot;title&quot;:&quot;&quot;}\" data-image-title=\"Blaue Berge-ce4\" data-image-description=\"&lt;p&gt;Blaue Berge&lt;\/p&gt;\n\" data-image-caption=\"&lt;p&gt;Blaue Berge&lt;\/p&gt;\n\" data-medium-file=\"https:\/\/i0.wp.com\/my-alps.de\/wp-content\/uploads\/2014\/06\/Blaue-Berge-ce4.jpg?fit=300%2C200\" data-large-file=\"https:\/\/i0.wp.com\/my-alps.de\/wp-content\/uploads\/2014\/06\/Blaue-Berge-ce4.jpg?fit=625%2C417\" loading=\"lazy\" class=\"size-full wp-image-1284\" alt=\"Blaue Berge\" src=\"https:\/\/i0.wp.com\/my-alps.de\/wp-content\/uploads\/2014\/06\/Blaue-Berge-ce4.jpg?resize=625%2C417\" width=\"625\" height=\"417\" srcset=\"https:\/\/i0.wp.com\/my-alps.de\/wp-content\/uploads\/2014\/06\/Blaue-Berge-ce4.jpg?w=1024 1024w, https:\/\/i0.wp.com\/my-alps.de\/wp-content\/uploads\/2014\/06\/Blaue-Berge-ce4.jpg?resize=300%2C200 300w\" sizes=\"(max-width: 625px) 100vw, 625px\" data-recalc-dims=\"1\" \/><\/a><p id=\"caption-attachment-1284\" class=\"wp-caption-text\">Blaue Berge<\/p><\/div>\n<p><span style=\"line-height: 1.5;\">Unser n\u00e4chstes Ziel war \u201eHualko\u201c, eine Inkaruine mit einem sch\u00f6nen Museum. So sind wir den ganzen Tag durch das trockene Tal gefahren.\u00a0<\/span><span style=\"line-height: 1.5;\">Viel Kurven gab es nicht. Die Gegend ist gepr\u00e4gt von kleinen D\u00f6rfern bei denen man sich fragt, wovon die Menschen leben die hier wohnen.<\/span><br \/>\nEs gibt viele rote Sandsteinfelsen, verdorrte Grasb\u00fcschel und ab und zu ein paar St\u00fcck Vieh.<\/p>\n<div id=\"attachment_1285\" style=\"width: 1034px\" class=\"wp-caption aligncenter\"><a href=\"https:\/\/i0.wp.com\/my-alps.de\/wp-content\/uploads\/2014\/06\/Der-trockene-Baum-ce4.jpg\"><img aria-describedby=\"caption-attachment-1285\" data-attachment-id=\"1285\" data-permalink=\"http:\/\/my-alps.de\/?attachment_id=1285\" data-orig-file=\"https:\/\/i0.wp.com\/my-alps.de\/wp-content\/uploads\/2014\/06\/Der-trockene-Baum-ce4.jpg?fit=1024%2C1024\" data-orig-size=\"1024,1024\" data-comments-opened=\"1\" data-image-meta=\"{&quot;aperture&quot;:&quot;5.6&quot;,&quot;credit&quot;:&quot;&quot;,&quot;camera&quot;:&quot;SLT-A99V&quot;,&quot;caption&quot;:&quot;&quot;,&quot;created_timestamp&quot;:&quot;1402844399&quot;,&quot;copyright&quot;:&quot;&quot;,&quot;focal_length&quot;:&quot;24&quot;,&quot;iso&quot;:&quot;100&quot;,&quot;shutter_speed&quot;:&quot;0.004&quot;,&quot;title&quot;:&quot;&quot;}\" data-image-title=\"Der trockene Baum-ce4\" data-image-description=\"&lt;p&gt;Der trockene Baum&lt;\/p&gt;\n\" data-image-caption=\"&lt;p&gt;Der trockene Baum&lt;\/p&gt;\n\" data-medium-file=\"https:\/\/i0.wp.com\/my-alps.de\/wp-content\/uploads\/2014\/06\/Der-trockene-Baum-ce4.jpg?fit=300%2C300\" data-large-file=\"https:\/\/i0.wp.com\/my-alps.de\/wp-content\/uploads\/2014\/06\/Der-trockene-Baum-ce4.jpg?fit=625%2C625\" loading=\"lazy\" class=\"size-full wp-image-1285\" alt=\"Der trockene Baum\" src=\"https:\/\/i0.wp.com\/my-alps.de\/wp-content\/uploads\/2014\/06\/Der-trockene-Baum-ce4.jpg?resize=625%2C625\" width=\"625\" height=\"625\" srcset=\"https:\/\/i0.wp.com\/my-alps.de\/wp-content\/uploads\/2014\/06\/Der-trockene-Baum-ce4.jpg?w=1024 1024w, https:\/\/i0.wp.com\/my-alps.de\/wp-content\/uploads\/2014\/06\/Der-trockene-Baum-ce4.jpg?resize=290%2C290 290w, https:\/\/i0.wp.com\/my-alps.de\/wp-content\/uploads\/2014\/06\/Der-trockene-Baum-ce4.jpg?resize=300%2C300 300w\" sizes=\"(max-width: 625px) 100vw, 625px\" data-recalc-dims=\"1\" \/><\/a><p id=\"caption-attachment-1285\" class=\"wp-caption-text\">Der trockene Baum<\/p><\/div>\n<p>Erst kurz vor \u201eSan Blas\u201c wird das Tal etwas fruchtbarer und gr\u00fcner.<br \/>\nOrangenb\u00e4ume stehen vor kleinen Adobeh\u00e4usern und man sieht die Bem\u00fchungen, dem trockenen Boden die Weinreben schmackhaft zu machen.<\/p>\n<div id=\"attachment_1305\" style=\"width: 1034px\" class=\"wp-caption aligncenter\"><a href=\"https:\/\/i0.wp.com\/my-alps.de\/wp-content\/uploads\/2014\/06\/DSC03909.jpg\"><img aria-describedby=\"caption-attachment-1305\" data-attachment-id=\"1305\" data-permalink=\"http:\/\/my-alps.de\/?attachment_id=1305\" data-orig-file=\"https:\/\/i0.wp.com\/my-alps.de\/wp-content\/uploads\/2014\/06\/DSC03909.jpg?fit=1024%2C683\" data-orig-size=\"1024,683\" data-comments-opened=\"1\" data-image-meta=\"{&quot;aperture&quot;:&quot;5.6&quot;,&quot;credit&quot;:&quot;&quot;,&quot;camera&quot;:&quot;DSC-RX100&quot;,&quot;caption&quot;:&quot;&quot;,&quot;created_timestamp&quot;:&quot;1402591664&quot;,&quot;copyright&quot;:&quot;&quot;,&quot;focal_length&quot;:&quot;10.4&quot;,&quot;iso&quot;:&quot;125&quot;,&quot;shutter_speed&quot;:&quot;0.00125&quot;,&quot;title&quot;:&quot;&quot;}\" data-image-title=\"Hualco &#8211; Museum\" data-image-description=\"&lt;p&gt;Hualco &#8211; Museum&lt;\/p&gt;\n\" data-image-caption=\"&lt;p&gt;Hualco &#8211; Museum&lt;\/p&gt;\n\" data-medium-file=\"https:\/\/i0.wp.com\/my-alps.de\/wp-content\/uploads\/2014\/06\/DSC03909.jpg?fit=300%2C200\" data-large-file=\"https:\/\/i0.wp.com\/my-alps.de\/wp-content\/uploads\/2014\/06\/DSC03909.jpg?fit=625%2C417\" loading=\"lazy\" class=\"size-full wp-image-1305\" alt=\"Hualco - Museum\" src=\"https:\/\/i0.wp.com\/my-alps.de\/wp-content\/uploads\/2014\/06\/DSC03909.jpg?resize=625%2C417\" width=\"625\" height=\"417\" srcset=\"https:\/\/i0.wp.com\/my-alps.de\/wp-content\/uploads\/2014\/06\/DSC03909.jpg?w=1024 1024w, https:\/\/i0.wp.com\/my-alps.de\/wp-content\/uploads\/2014\/06\/DSC03909.jpg?resize=300%2C200 300w\" sizes=\"(max-width: 625px) 100vw, 625px\" data-recalc-dims=\"1\" \/><\/a><p id=\"caption-attachment-1305\" class=\"wp-caption-text\">Hualco &#8211; Museum<\/p><\/div>\n<p>Hualco h\u00e4lt was es verspricht, zwar k\u00f6nnen wir die Ruinen nicht besichtigen weil gerade Ausgrabungen in Gang sind, aber daf\u00fcr f\u00fchrt uns der Professor, der ein Doppelg\u00e4nger von Fidel Castro sein k\u00f6nnte, durch das kleine Museum und erkl\u00e4rt uns genau die Ausgrabungsgegenst\u00e4nde.<\/p>\n<div id=\"attachment_1306\" style=\"width: 693px\" class=\"wp-caption aligncenter\"><a href=\"https:\/\/i0.wp.com\/my-alps.de\/wp-content\/uploads\/2014\/06\/DSC03910.jpg\"><img aria-describedby=\"caption-attachment-1306\" data-attachment-id=\"1306\" data-permalink=\"http:\/\/my-alps.de\/?attachment_id=1306\" data-orig-file=\"https:\/\/i0.wp.com\/my-alps.de\/wp-content\/uploads\/2014\/06\/DSC03910.jpg?fit=683%2C1024\" data-orig-size=\"683,1024\" data-comments-opened=\"1\" data-image-meta=\"{&quot;aperture&quot;:&quot;1.8&quot;,&quot;credit&quot;:&quot;&quot;,&quot;camera&quot;:&quot;DSC-RX100&quot;,&quot;caption&quot;:&quot;&quot;,&quot;created_timestamp&quot;:&quot;1402593129&quot;,&quot;copyright&quot;:&quot;&quot;,&quot;focal_length&quot;:&quot;10.4&quot;,&quot;iso&quot;:&quot;200&quot;,&quot;shutter_speed&quot;:&quot;0.033333333333333&quot;,&quot;title&quot;:&quot;&quot;}\" data-image-title=\"Bestattungsgef\u00e4\u00df\" data-image-description=\"&lt;p&gt;Bestattungsgef\u00e4\u00df&lt;\/p&gt;\n\" data-image-caption=\"&lt;p&gt;Bestattungsgef\u00e4\u00df&lt;\/p&gt;\n\" data-medium-file=\"https:\/\/i0.wp.com\/my-alps.de\/wp-content\/uploads\/2014\/06\/DSC03910.jpg?fit=200%2C300\" data-large-file=\"https:\/\/i0.wp.com\/my-alps.de\/wp-content\/uploads\/2014\/06\/DSC03910.jpg?fit=625%2C937\" loading=\"lazy\" class=\"size-full wp-image-1306\" alt=\"Bestattungsgef\u00e4\u00df\" src=\"https:\/\/i0.wp.com\/my-alps.de\/wp-content\/uploads\/2014\/06\/DSC03910.jpg?resize=625%2C937\" width=\"625\" height=\"937\" srcset=\"https:\/\/i0.wp.com\/my-alps.de\/wp-content\/uploads\/2014\/06\/DSC03910.jpg?w=683 683w, https:\/\/i0.wp.com\/my-alps.de\/wp-content\/uploads\/2014\/06\/DSC03910.jpg?resize=200%2C300 200w\" sizes=\"(max-width: 625px) 100vw, 625px\" data-recalc-dims=\"1\" \/><\/a><p id=\"caption-attachment-1306\" class=\"wp-caption-text\">Bestattungsgef\u00e4\u00df<\/p><\/div>\n<p>Wir sind erstaunt, das in den gro\u00dfen Tongef\u00e4\u00dfen die Toten bestattet wurden und wie kunstvoll und d\u00fcnn diese Gef\u00e4\u00dfe gearbeitet waren.<\/p>\n<p>&nbsp;<\/p>\n<p>Der n\u00e4chste Abschnitt ging dann von Hualco bis nach Santa Maria.<br \/>\nDie Gegend wird \u201eCatamarca\u201c genannt und gilt mit als eine der trockensten Gegenden in Argentinien. Stimmt auch &#8211; ausser Pampa und Staub, sowie Steinen gibt es wirklich nicht viel zu betrachten. Dazu pfeift wieder mal ein gnadenloser Wind aus den Bergen herab und langsam aber stetig gewinnen wir an H\u00f6he. Santa Maria liegt dann schon auf ca. 2.000 Metern.<\/p>\n<p>In Santa Maria gehen wir auf den \u201eCamping Municipal\u201c, der mitten in der Stadt liegt. An tiefen Schlaf ist nicht zu denken, denn die Hunde in der Nachbarschaft kl\u00e4ffen die gesamte Nacht durch.<\/p>\n<p>Am n\u00e4chsten Tag geht es dann \u00fcber Amaicha nach Tafi del Valle, einer kleinen Ortschaft, die von den Einwohnern von San Miguel de Tucuman als Sommerfrische genutzt wird. Der Pass liegt auf 3.400 Meter und die Gegend wird von Kandelaberkakteen beherrscht.<\/p>\n<div id=\"attachment_1283\" style=\"width: 1034px\" class=\"wp-caption aligncenter\"><a href=\"https:\/\/i0.wp.com\/my-alps.de\/wp-content\/uploads\/2014\/06\/1001-Kakteen-ce4.jpg\"><img aria-describedby=\"caption-attachment-1283\" data-attachment-id=\"1283\" data-permalink=\"http:\/\/my-alps.de\/?attachment_id=1283\" data-orig-file=\"https:\/\/i0.wp.com\/my-alps.de\/wp-content\/uploads\/2014\/06\/1001-Kakteen-ce4.jpg?fit=1024%2C683\" data-orig-size=\"1024,683\" data-comments-opened=\"1\" data-image-meta=\"{&quot;aperture&quot;:&quot;11&quot;,&quot;credit&quot;:&quot;&quot;,&quot;camera&quot;:&quot;SLT-A99V&quot;,&quot;caption&quot;:&quot;&quot;,&quot;created_timestamp&quot;:&quot;1402837656&quot;,&quot;copyright&quot;:&quot;&quot;,&quot;focal_length&quot;:&quot;70&quot;,&quot;iso&quot;:&quot;100&quot;,&quot;shutter_speed&quot;:&quot;0.008&quot;,&quot;title&quot;:&quot;&quot;}\" data-image-title=\"1001 Kakteen-ce4\" data-image-description=\"&lt;p&gt;1001 Kakteen&lt;\/p&gt;\n\" data-image-caption=\"&lt;p&gt;1001 Kakteen&lt;\/p&gt;\n\" data-medium-file=\"https:\/\/i0.wp.com\/my-alps.de\/wp-content\/uploads\/2014\/06\/1001-Kakteen-ce4.jpg?fit=300%2C200\" data-large-file=\"https:\/\/i0.wp.com\/my-alps.de\/wp-content\/uploads\/2014\/06\/1001-Kakteen-ce4.jpg?fit=625%2C417\" loading=\"lazy\" class=\"size-full wp-image-1283\" alt=\"1001 Kakteen\" src=\"https:\/\/i0.wp.com\/my-alps.de\/wp-content\/uploads\/2014\/06\/1001-Kakteen-ce4.jpg?resize=625%2C417\" width=\"625\" height=\"417\" srcset=\"https:\/\/i0.wp.com\/my-alps.de\/wp-content\/uploads\/2014\/06\/1001-Kakteen-ce4.jpg?w=1024 1024w, https:\/\/i0.wp.com\/my-alps.de\/wp-content\/uploads\/2014\/06\/1001-Kakteen-ce4.jpg?resize=300%2C200 300w\" sizes=\"(max-width: 625px) 100vw, 625px\" data-recalc-dims=\"1\" \/><\/a><p id=\"caption-attachment-1283\" class=\"wp-caption-text\">1001 Kakteen<\/p><\/div>\n<p>Zur\u00fcck in Amaicha del Valle besuchen wir das Museum \u201ePachamama\u201c von Hector Cruz, einem bekannten K\u00fcnstler der seine indianischen Wurzeln in gro\u00dfartigen Bildern und einem noch gr\u00f6\u00dferen Museum verarbeitet.<\/p>\n<div id=\"attachment_1289\" style=\"width: 693px\" class=\"wp-caption aligncenter\"><a href=\"https:\/\/i0.wp.com\/my-alps.de\/wp-content\/uploads\/2014\/06\/Pachamama-2.jpg\"><img aria-describedby=\"caption-attachment-1289\" data-attachment-id=\"1289\" data-permalink=\"http:\/\/my-alps.de\/?attachment_id=1289\" data-orig-file=\"https:\/\/i0.wp.com\/my-alps.de\/wp-content\/uploads\/2014\/06\/Pachamama-2.jpg?fit=683%2C1024\" data-orig-size=\"683,1024\" data-comments-opened=\"1\" data-image-meta=\"{&quot;aperture&quot;:&quot;9.5&quot;,&quot;credit&quot;:&quot;&quot;,&quot;camera&quot;:&quot;SLT-A99V&quot;,&quot;caption&quot;:&quot;&quot;,&quot;created_timestamp&quot;:&quot;1402923532&quot;,&quot;copyright&quot;:&quot;&quot;,&quot;focal_length&quot;:&quot;70&quot;,&quot;iso&quot;:&quot;100&quot;,&quot;shutter_speed&quot;:&quot;0.008&quot;,&quot;title&quot;:&quot;&quot;}\" data-image-title=\"Pachamama-2\" data-image-description=\"&lt;p&gt;Pachamama&lt;\/p&gt;\n\" data-image-caption=\"&lt;p&gt;Pachamama&lt;\/p&gt;\n\" data-medium-file=\"https:\/\/i0.wp.com\/my-alps.de\/wp-content\/uploads\/2014\/06\/Pachamama-2.jpg?fit=200%2C300\" data-large-file=\"https:\/\/i0.wp.com\/my-alps.de\/wp-content\/uploads\/2014\/06\/Pachamama-2.jpg?fit=625%2C937\" loading=\"lazy\" class=\"size-full wp-image-1289\" alt=\"Pachamama\" src=\"https:\/\/i0.wp.com\/my-alps.de\/wp-content\/uploads\/2014\/06\/Pachamama-2.jpg?resize=625%2C937\" width=\"625\" height=\"937\" srcset=\"https:\/\/i0.wp.com\/my-alps.de\/wp-content\/uploads\/2014\/06\/Pachamama-2.jpg?w=683 683w, https:\/\/i0.wp.com\/my-alps.de\/wp-content\/uploads\/2014\/06\/Pachamama-2.jpg?resize=200%2C300 200w\" sizes=\"(max-width: 625px) 100vw, 625px\" data-recalc-dims=\"1\" \/><\/a><p id=\"caption-attachment-1289\" class=\"wp-caption-text\">Pachamama<\/p><\/div>\n<p>Wir begegnen durch einen Zufall den K\u00fcnstler und er f\u00fchrt uns durch sein Museum. Alles ist ganz auf \u201ePachamama\u201c &#8211; die Mutter Erde ausgelegt.<br \/>\nDie Bilder sprechen f\u00fcr sich\u2026\u2026\u2026<\/p>\n<div id=\"attachment_1287\" style=\"width: 693px\" class=\"wp-caption aligncenter\"><a href=\"https:\/\/i0.wp.com\/my-alps.de\/wp-content\/uploads\/2014\/06\/Labyrinth.jpg\"><img aria-describedby=\"caption-attachment-1287\" data-attachment-id=\"1287\" data-permalink=\"http:\/\/my-alps.de\/?attachment_id=1287\" data-orig-file=\"https:\/\/i0.wp.com\/my-alps.de\/wp-content\/uploads\/2014\/06\/Labyrinth.jpg?fit=683%2C1024\" data-orig-size=\"683,1024\" data-comments-opened=\"1\" data-image-meta=\"{&quot;aperture&quot;:&quot;11&quot;,&quot;credit&quot;:&quot;&quot;,&quot;camera&quot;:&quot;SLT-A99V&quot;,&quot;caption&quot;:&quot;&quot;,&quot;created_timestamp&quot;:&quot;1402922175&quot;,&quot;copyright&quot;:&quot;&quot;,&quot;focal_length&quot;:&quot;30&quot;,&quot;iso&quot;:&quot;100&quot;,&quot;shutter_speed&quot;:&quot;0.005&quot;,&quot;title&quot;:&quot;&quot;}\" data-image-title=\"Labyrinth\" data-image-description=\"&lt;p&gt;Labyrinth&lt;\/p&gt;\n\" data-image-caption=\"&lt;p&gt;Labyrinth&lt;\/p&gt;\n\" data-medium-file=\"https:\/\/i0.wp.com\/my-alps.de\/wp-content\/uploads\/2014\/06\/Labyrinth.jpg?fit=200%2C300\" data-large-file=\"https:\/\/i0.wp.com\/my-alps.de\/wp-content\/uploads\/2014\/06\/Labyrinth.jpg?fit=625%2C937\" loading=\"lazy\" class=\"size-full wp-image-1287\" alt=\"Labyrinth\" src=\"https:\/\/i0.wp.com\/my-alps.de\/wp-content\/uploads\/2014\/06\/Labyrinth.jpg?resize=625%2C937\" width=\"625\" height=\"937\" srcset=\"https:\/\/i0.wp.com\/my-alps.de\/wp-content\/uploads\/2014\/06\/Labyrinth.jpg?w=683 683w, https:\/\/i0.wp.com\/my-alps.de\/wp-content\/uploads\/2014\/06\/Labyrinth.jpg?resize=200%2C300 200w\" sizes=\"(max-width: 625px) 100vw, 625px\" data-recalc-dims=\"1\" \/><\/a><p id=\"caption-attachment-1287\" class=\"wp-caption-text\">Labyrinth<\/p><\/div>\n<div id=\"attachment_1288\" style=\"width: 1034px\" class=\"wp-caption aligncenter\"><a href=\"https:\/\/i0.wp.com\/my-alps.de\/wp-content\/uploads\/2014\/06\/Pachamama-und-Sonnenrad.jpg\"><img aria-describedby=\"caption-attachment-1288\" data-attachment-id=\"1288\" data-permalink=\"http:\/\/my-alps.de\/?attachment_id=1288\" data-orig-file=\"https:\/\/i0.wp.com\/my-alps.de\/wp-content\/uploads\/2014\/06\/Pachamama-und-Sonnenrad.jpg?fit=1024%2C683\" data-orig-size=\"1024,683\" data-comments-opened=\"1\" data-image-meta=\"{&quot;aperture&quot;:&quot;6.7&quot;,&quot;credit&quot;:&quot;&quot;,&quot;camera&quot;:&quot;SLT-A99V&quot;,&quot;caption&quot;:&quot;&quot;,&quot;created_timestamp&quot;:&quot;1402923502&quot;,&quot;copyright&quot;:&quot;&quot;,&quot;focal_length&quot;:&quot;70&quot;,&quot;iso&quot;:&quot;100&quot;,&quot;shutter_speed&quot;:&quot;0.0028571428571429&quot;,&quot;title&quot;:&quot;&quot;}\" data-image-title=\"Pachamama und Sonnenrad\" data-image-description=\"&lt;p&gt;Pachamama und Sonnenrad&lt;\/p&gt;\n\" data-image-caption=\"&lt;p&gt;Pachamama und Sonnenrad&lt;\/p&gt;\n\" data-medium-file=\"https:\/\/i0.wp.com\/my-alps.de\/wp-content\/uploads\/2014\/06\/Pachamama-und-Sonnenrad.jpg?fit=300%2C200\" data-large-file=\"https:\/\/i0.wp.com\/my-alps.de\/wp-content\/uploads\/2014\/06\/Pachamama-und-Sonnenrad.jpg?fit=625%2C417\" loading=\"lazy\" class=\"size-full wp-image-1288\" alt=\"Pachamama und Sonnenrad\" src=\"https:\/\/i0.wp.com\/my-alps.de\/wp-content\/uploads\/2014\/06\/Pachamama-und-Sonnenrad.jpg?resize=625%2C417\" width=\"625\" height=\"417\" srcset=\"https:\/\/i0.wp.com\/my-alps.de\/wp-content\/uploads\/2014\/06\/Pachamama-und-Sonnenrad.jpg?w=1024 1024w, https:\/\/i0.wp.com\/my-alps.de\/wp-content\/uploads\/2014\/06\/Pachamama-und-Sonnenrad.jpg?resize=300%2C200 300w\" sizes=\"(max-width: 625px) 100vw, 625px\" data-recalc-dims=\"1\" \/><\/a><p id=\"caption-attachment-1288\" class=\"wp-caption-text\">Pachamama und Sonnenrad<\/p><\/div>\n<p>&nbsp;<\/p>\n","protected":false},"excerpt":{"rendered":"<p>Chronologisch unserer Reiseroute ging es nach dem NP Talampaya in Richtung Chilecito. Da die Ruta 40 zur dieser Zeit \u00fcber die\u00a0\u201eCuesta de Miranda\u201c gesperrt war, mussten wir einen \u201ekleinen\u201c\u00a0Umweg von ca. 250 Kilometer machen. Die Fahrt ging zur\u00fcck \u00fcber die Ruta 76 bis nach Pataguia und dann die Ruta 74 wieder hoch bis wir in [&hellip;]<\/p>\n","protected":false},"author":1,"featured_media":0,"comment_status":"open","ping_status":"open","sticky":false,"template":"","format":"gallery","meta":{"spay_email":"","jetpack_publicize_message":"","jetpack_is_tweetstorm":false,"jetpack_publicize_feature_enabled":true},"categories":[1],"tags":[],"jetpack_featured_media_url":"","jetpack_publicize_connections":[],"jetpack_sharing_enabled":true,"jetpack_shortlink":"https:\/\/wp.me\/p6huce-l2","jetpack-related-posts":[{"id":1301,"url":"http:\/\/my-alps.de\/?p=1301","url_meta":{"origin":1304,"position":0},"title":"immer weiter &#8211; immer an den Anden entlang &#8211; Folge 1+2","date":"30. Juni 2014","format":"gallery","excerpt":"\u2026..\u00fcber die Ruta 40. \u00dcberblick f\u00fcr die folgenden Blogbeitr\u00e4ge bis zur Grenze nach Chile! Folge 1: DIE Stra\u00dfe in Argentinien von Norden nach S\u00fcden, oder umgekehrt. Einsame Schotterpisten, ab und zu mal ein kleiner Ort und Staub - Staub und nochmals Staub. So gelangen wir aus den Nationalparks nach Chilecito,\u2026","rel":"","context":"In &quot;News&quot;","img":{"alt_text":"","src":"","width":0,"height":0},"classes":[]},{"id":724,"url":"http:\/\/my-alps.de\/?p=724","url_meta":{"origin":1304,"position":1},"title":"Von El Chalten auf der Ruta 40 nach Chile","date":"23. Februar 2014","format":"gallery","excerpt":"Nach einer wundersch\u00f6nen Woche ist es an der Zeit weiter zu fahren. Unserer Reise f\u00fchrt nun \u00fcber die legend\u00e4re Ruta 40 (auf der wir uns schon einige Zeit bewegen) Richtung Norden. Die Gegend hier ist gepr\u00e4gt von - na ja - nichts - es gibt hier eigentlich nichts ausser Landschaft\u2026","rel":"","context":"In &quot;News&quot;","img":{"alt_text":"Ruta 40","src":"https:\/\/i0.wp.com\/my-alps.de\/wp-content\/uploads\/2014\/02\/Ruta-40.jpg?resize=350%2C200","width":350,"height":200},"classes":[]},{"id":573,"url":"http:\/\/my-alps.de\/?p=573","url_meta":{"origin":1304,"position":2},"title":"weiter geht&#8217;s &#8211; die Atlantikk\u00fcste entlang nach S\u00fcden","date":"17. Januar 2014","format":"gallery","excerpt":"Von Puerto San Julian, dem Ort ohne Menschen, daf\u00fcr mit viel Wind, sind wir wieder auf die Ruta 3 zur\u00fcckgekehrt und nach Rio Gallegos gefahren. Tja was soll man zu Rio Gallegos sagen - kaum ist man dort - ist man schon wieder weg. Der Ort hat einen super neuen\u2026","rel":"","context":"In &quot;News&quot;","img":{"alt_text":"","src":"https:\/\/i0.wp.com\/my-alps.de\/wp-content\/uploads\/2014\/01\/Vulkan-Kratersee-Laguna-Azul-300x200.jpg?resize=350%2C200","width":350,"height":200},"classes":[]},{"id":1308,"url":"http:\/\/my-alps.de\/?p=1308","url_meta":{"origin":1304,"position":3},"title":"Cafayate und durch das Valle Calchaquies nach Salta","date":"30. Juni 2014","format":"gallery","excerpt":"Nach Amaicha haben wir noch die \u201eRuinas de Quilmes\u201c besucht. Die Terrassenanlage wurde teilweise wieder ausgegraben und die Geschichte der Quilmesindianer hat ein trauriges Kapitel. Nach langem Wiederstand gegen die Spanier wurden sie doch unterworfen und der gesamte Stamm nach Buenos Aires deportiert. Nur 600 kamen lebend dort an mehr\u2026","rel":"","context":"In &quot;News&quot;","img":{"alt_text":"","src":"https:\/\/i0.wp.com\/my-alps.de\/wp-content\/uploads\/2014\/06\/Felsfarben-1-Sonnenuntergang-ce4.jpg?resize=350%2C200","width":350,"height":200},"classes":[]},{"id":1312,"url":"http:\/\/my-alps.de\/?p=1312","url_meta":{"origin":1304,"position":4},"title":"\u00dcber den Paso Jama nach San Pedro de Atacama","date":"30. Juni 2014","format":"gallery","excerpt":"Seit \u201eSan Antonio de los Cobres\u201c bl\u00e4st ein eiskalter und heftiger Wind.\u00a0Mit gemischten Gef\u00fchlen (ob der Pass \u00fcberhaupt bei dem Wetter offen ist?) fahren wir von Susques \u00fcber den \u201eSalar de Olaroz\u201c zur Grenzstation am Paso Jama. Die liegt schon auf 4.100 Metern H\u00f6he und - ist geschlossen. Der Wind\u2026","rel":"","context":"In &quot;News&quot;","img":{"alt_text":"","src":"https:\/\/i0.wp.com\/my-alps.de\/wp-content\/uploads\/2014\/06\/Panorama-Cerro-Cachi.jpg?resize=350%2C200","width":350,"height":200},"classes":[]},{"id":1595,"url":"http:\/\/my-alps.de\/?p=1595","url_meta":{"origin":1304,"position":5},"title":"Die Traumstra\u00dfe (Teil 2) \u00fcber Leymebamba","date":"11. September 2014","format":"gallery","excerpt":"Nach der \u00dcberquerung der sich schier endlos hinziehenden Pass Stra\u00dfe, ver\u00e4ndert sich das Landschaftsbild. Waren die Berge vorher noch mit niedriger Macchia bewachsen, dominiert nun auf einmal sattes Gr\u00fcn. Wie bei uns in den Voralpen sind die Wiesen saftig gr\u00fcn und es weiden K\u00fche. Fehlt nur noch das Gebimmel der\u2026","rel":"","context":"In &quot;News&quot;","img":{"alt_text":"","src":"https:\/\/i0.wp.com\/my-alps.de\/wp-content\/uploads\/2014\/09\/Die-Regenzeit-beginnt-ce4.jpg?resize=350%2C200","width":350,"height":200},"classes":[]}],"_links":{"self":[{"href":"http:\/\/my-alps.de\/index.php?rest_route=\/wp\/v2\/posts\/1304"}],"collection":[{"href":"http:\/\/my-alps.de\/index.php?rest_route=\/wp\/v2\/posts"}],"about":[{"href":"http:\/\/my-alps.de\/index.php?rest_route=\/wp\/v2\/types\/post"}],"author":[{"embeddable":true,"href":"http:\/\/my-alps.de\/index.php?rest_route=\/wp\/v2\/users\/1"}],"replies":[{"embeddable":true,"href":"http:\/\/my-alps.de\/index.php?rest_route=%2Fwp%2Fv2%2Fcomments&post=1304"}],"version-history":[{"count":1,"href":"http:\/\/my-alps.de\/index.php?rest_route=\/wp\/v2\/posts\/1304\/revisions"}],"predecessor-version":[{"id":1307,"href":"http:\/\/my-alps.de\/index.php?rest_route=\/wp\/v2\/posts\/1304\/revisions\/1307"}],"wp:attachment":[{"href":"http:\/\/my-alps.de\/index.php?rest_route=%2Fwp%2Fv2%2Fmedia&parent=1304"}],"wp:term":[{"taxonomy":"category","embeddable":true,"href":"http:\/\/my-alps.de\/index.php?rest_route=%2Fwp%2Fv2%2Fcategories&post=1304"},{"taxonomy":"post_tag","embeddable":true,"href":"http:\/\/my-alps.de\/index.php?rest_route=%2Fwp%2Fv2%2Ftags&post=1304"}],"curies":[{"name":"wp","href":"https:\/\/api.w.org\/{rel}","templated":true}]}}