{"id":1301,"date":"2014-06-30T17:31:05","date_gmt":"2014-06-30T15:31:05","guid":{"rendered":"http:\/\/my-alps.de\/?p=1301"},"modified":"2014-06-30T17:32:45","modified_gmt":"2014-06-30T15:32:45","slug":"immer-weiter-immer-an-den-anden-entlang-folge-12","status":"publish","type":"post","link":"http:\/\/my-alps.de\/?p=1301","title":{"rendered":"immer weiter &#8211; immer an den Anden entlang &#8211; Folge 1+2"},"content":{"rendered":"<p>\u2026..\u00fcber die Ruta 40.<\/p>\n<p>\u00dcberblick f\u00fcr die folgenden Blogbeitr\u00e4ge bis zur Grenze nach Chile!<\/p>\n<p>Folge 1:<\/p>\n<p>DIE Stra\u00dfe in Argentinien von Norden nach S\u00fcden,<br \/>\noder umgekehrt. Einsame Schotterpisten, ab und zu<br \/>\nmal ein kleiner Ort und Staub &#8211; Staub und nochmals Staub.<br \/>\nSo gelangen wir aus den Nationalparks nach Chilecito, einer<br \/>\nalten Minenstadt. Kurz einkaufen, tanken und wieder weiter.<br \/>\nDie Landschaft zwischen den Ortschaften ist viel zu sch\u00f6n<br \/>\num in der Zivilisation zu \u00fcbernachten.<\/p>\n<p>Langsam aber stetig steigt die Ruta 40 an. es geht ausgetrocknete<br \/>\nFlusst\u00e4ler hinauf und wir landen in winzigen Weilern, H\u00fctten aus Lehm,<br \/>\nmit Stroh gedeckt. Vieh auf der Stra\u00dfe und alles Knochentrocken.<br \/>\nLagen die Ortschaften anfangs auf 1.000 Metern H\u00f6he sind es nun<br \/>\nschon 2.000 Meter. Und es geht unaufhaltsam Bergauf.<\/p>\n<p>In Amaicha (auf der R\u00fcckkehr aus dem Tafi del Valle) besuchen wir<br \/>\ndas gro\u00dfe Pachamama Museum von Hector Cruz. Der K\u00fcnstler hat hier<br \/>\nalles um den Pachamama Kult zusammengetragen und ein wundersch\u00f6nes<br \/>\nMuseum gebaut.<\/p>\n<p>Wir treffen den K\u00fcnstler zuf\u00e4llig in seinem Atelier und k\u00f6nnen ein<br \/>\npaar Worte mit ihm wechseln.<\/p>\n<p>Danach besuchen wir die Ruinen von Quilmes, einer alten Ruinen-<br \/>\nstadt der Indianer. Die Indios wurden von den Spaniern nach Buenos<br \/>\nAires verschleppt, und von 3.000 kamen nur 600 lebend dort an.<\/p>\n<p>Folge 2:<\/p>\n<p>Nach einer weiteren, langen Tagesetappe landen wir in Cafayate,<br \/>\neiner Stadt die vom Rebensaft und Oliven\u00f6l lebt.<br \/>\nHier gibt es gute Restaurants und die Stadt ist Ausgangspunkt<br \/>\nf\u00fcr unsere Reise durch das Valle Calchaquies.<\/p>\n<p>Die Erosion hat die Sandsteinfelsen wie ein Bildhauer geformt.<br \/>\nNach jeder Kurve ein neues Naturschauspiel.<\/p>\n<p>Einsame Estancias, Adobeh\u00e4user und eine Stra\u00dfe die nur aus<br \/>\nStaub und Steinen zu bestehen scheint.<\/p>\n<p>Kandelaberkakteen sind unsere st\u00e4ndigen Begleiter.<\/p>\n<p>Sie stehen wie stachelige W\u00e4chter am Stra\u00dfenrand und<br \/>\nab und zu hat ein Vogel sein Nest darin versteckt.<\/p>\n<p>So landen wir in Cachi, unserer Letzten Station vor Salta.<br \/>\nVon Cachi fahren wir durch den Nationalpark \u201eLos Cardones\u201c,<br \/>\ner ist unmittelbar den Kakteen gewidmet.<br \/>\nDer Pass windet sich auf etwas \u00fcber 3.400 Meter hinauf, und<br \/>\ndann in endlosen Schleifen hinunter in das fruchtbare Tal vor Salta.<\/p>\n<p>In Salta werden wir einige Tage auf dem Campingplatz verbringen,<br \/>\nW\u00e4sche waschen, einkaufen und das Auto fit machen f\u00fcr die hohen<br \/>\nAndenp\u00e4sse die jetzt kommen. Es geht hinauf bis auf fast 5.000 Meter.<\/p>\n","protected":false},"excerpt":{"rendered":"<p>\u2026..\u00fcber die Ruta 40. \u00dcberblick f\u00fcr die folgenden Blogbeitr\u00e4ge bis zur Grenze nach Chile! Folge 1: DIE Stra\u00dfe in Argentinien von Norden nach S\u00fcden, oder umgekehrt. Einsame Schotterpisten, ab und zu mal ein kleiner Ort und Staub &#8211; Staub und nochmals Staub. So gelangen wir aus den Nationalparks nach Chilecito, einer alten Minenstadt. Kurz einkaufen, [&hellip;]<\/p>\n","protected":false},"author":1,"featured_media":0,"comment_status":"open","ping_status":"open","sticky":false,"template":"","format":"gallery","meta":{"spay_email":"","jetpack_publicize_message":"","jetpack_is_tweetstorm":false,"jetpack_publicize_feature_enabled":true},"categories":[1],"tags":[],"jetpack_featured_media_url":"","jetpack_publicize_connections":[],"jetpack_sharing_enabled":true,"jetpack_shortlink":"https:\/\/wp.me\/p6huce-kZ","jetpack-related-posts":[{"id":724,"url":"http:\/\/my-alps.de\/?p=724","url_meta":{"origin":1301,"position":0},"title":"Von El Chalten auf der Ruta 40 nach Chile","date":"23. Februar 2014","format":"gallery","excerpt":"Nach einer wundersch\u00f6nen Woche ist es an der Zeit weiter zu fahren. Unserer Reise f\u00fchrt nun \u00fcber die legend\u00e4re Ruta 40 (auf der wir uns schon einige Zeit bewegen) Richtung Norden. Die Gegend hier ist gepr\u00e4gt von - na ja - nichts - es gibt hier eigentlich nichts ausser Landschaft\u2026","rel":"","context":"In &quot;News&quot;","img":{"alt_text":"Ruta 40","src":"https:\/\/i0.wp.com\/my-alps.de\/wp-content\/uploads\/2014\/02\/Ruta-40.jpg?resize=350%2C200","width":350,"height":200},"classes":[]},{"id":1411,"url":"http:\/\/my-alps.de\/?p=1411","url_meta":{"origin":1301,"position":1},"title":"\u00fcber Cochabamba weiter nach La Paz (Teil 2)","date":"27. Juli 2014","format":"gallery","excerpt":"Von Sucre fahren wir durch die wilde und bergige Altiplanolandschaft.\u00a0Es geht durch kleine D\u00f6rfer und in den Flusst\u00e4lern werden Bananen\u00a0und Papayas angebaut. Anfangs ist die Stra\u00dfe noch asphaltiert, doch\u00a0dann sind wir wieder auf einer staubigen Piste. Der puderfeine Staub\u00a0legt sich wie ein Nebelschleier \u00fcber die Landschaft und alles was am\u00a0Stra\u00dfenrand\u2026","rel":"","context":"In &quot;News&quot;","img":{"alt_text":"","src":"https:\/\/i0.wp.com\/my-alps.de\/wp-content\/uploads\/2014\/07\/rauf-und-runter-ce4.jpg?resize=350%2C200","width":350,"height":200},"classes":[]},{"id":1331,"url":"http:\/\/my-alps.de\/?p=1331","url_meta":{"origin":1301,"position":2},"title":"Lagunenroute in Bolivien &#8211; Teil 1","date":"17. Juli 2014","format":"gallery","excerpt":"San Pedro de Atacama in Chile ist der ideale Ausgangspunkt um von dort aus die legend\u00e4re im Boliviens zu befahren. Es geht von der W\u00fcstenoase zur\u00fcck Richtung Paso Jama, von 2.400 Meter auf 4.500 Meter hinauf. Schnurgerade, bis auf wenige Kurven, zieht sich die Stra\u00dfe auf fast 30 Kilometer bergauf.\u2026","rel":"","context":"In &quot;News&quot;","img":{"alt_text":"","src":"https:\/\/i0.wp.com\/my-alps.de\/wp-content\/uploads\/2014\/07\/alt-5015hm.jpg?resize=350%2C200","width":350,"height":200},"classes":[]},{"id":1320,"url":"http:\/\/my-alps.de\/?p=1320","url_meta":{"origin":1301,"position":3},"title":"Auf den Salar de Atacama -und weiter nach Calama","date":"17. Juli 2014","format":"gallery","excerpt":"Nach zwei Tagen \u201eauftanken\u201c in San Pedro de Atacama ,\u2028\u201ezieht\u201c es an einem, dieses Gef\u00fchl wieder hinaus in die Einsamkeit\u2028zu m\u00fcssen. Die ganze Zeit hat man nur grenzenlose Landschaft um\u2028sich, der Horizont existiert nur im Kopf. Selbst die kleine Stadt mit\u2028ihrer h\u00fcbschen Plaza, den Lehmh\u00e4usern und dem bunten Markt \u2028wird\u2026","rel":"","context":"In &quot;News&quot;","img":{"alt_text":"","src":"https:\/\/i0.wp.com\/my-alps.de\/wp-content\/uploads\/2014\/07\/Super-LKW.org_.jpg?resize=350%2C200","width":350,"height":200},"classes":[]},{"id":1304,"url":"http:\/\/my-alps.de\/?p=1304","url_meta":{"origin":1301,"position":4},"title":"Chilecito, Hualko, Amaicha und Tafi del Valles","date":"30. Juni 2014","format":"gallery","excerpt":"Chronologisch unserer Reiseroute ging es nach dem NP Talampaya in Richtung Chilecito. Da die Ruta 40 zur dieser Zeit \u00fcber die\u00a0\u201eCuesta de Miranda\u201c gesperrt war, mussten wir einen \u201ekleinen\u201c\u00a0Umweg von ca. 250 Kilometer machen. Die Fahrt ging zur\u00fcck \u00fcber die Ruta 76 bis nach Pataguia und dann die Ruta 74\u2026","rel":"","context":"In &quot;News&quot;","img":{"alt_text":"","src":"https:\/\/i0.wp.com\/my-alps.de\/wp-content\/uploads\/2014\/06\/DSC03910.jpg?resize=350%2C200","width":350,"height":200},"classes":[]},{"id":1308,"url":"http:\/\/my-alps.de\/?p=1308","url_meta":{"origin":1301,"position":5},"title":"Cafayate und durch das Valle Calchaquies nach Salta","date":"30. Juni 2014","format":"gallery","excerpt":"Nach Amaicha haben wir noch die \u201eRuinas de Quilmes\u201c besucht. Die Terrassenanlage wurde teilweise wieder ausgegraben und die Geschichte der Quilmesindianer hat ein trauriges Kapitel. Nach langem Wiederstand gegen die Spanier wurden sie doch unterworfen und der gesamte Stamm nach Buenos Aires deportiert. Nur 600 kamen lebend dort an mehr\u2026","rel":"","context":"In &quot;News&quot;","img":{"alt_text":"","src":"https:\/\/i0.wp.com\/my-alps.de\/wp-content\/uploads\/2014\/06\/Felsfarben-1-Sonnenuntergang-ce4.jpg?resize=350%2C200","width":350,"height":200},"classes":[]}],"_links":{"self":[{"href":"http:\/\/my-alps.de\/index.php?rest_route=\/wp\/v2\/posts\/1301"}],"collection":[{"href":"http:\/\/my-alps.de\/index.php?rest_route=\/wp\/v2\/posts"}],"about":[{"href":"http:\/\/my-alps.de\/index.php?rest_route=\/wp\/v2\/types\/post"}],"author":[{"embeddable":true,"href":"http:\/\/my-alps.de\/index.php?rest_route=\/wp\/v2\/users\/1"}],"replies":[{"embeddable":true,"href":"http:\/\/my-alps.de\/index.php?rest_route=%2Fwp%2Fv2%2Fcomments&post=1301"}],"version-history":[{"count":2,"href":"http:\/\/my-alps.de\/index.php?rest_route=\/wp\/v2\/posts\/1301\/revisions"}],"predecessor-version":[{"id":1303,"href":"http:\/\/my-alps.de\/index.php?rest_route=\/wp\/v2\/posts\/1301\/revisions\/1303"}],"wp:attachment":[{"href":"http:\/\/my-alps.de\/index.php?rest_route=%2Fwp%2Fv2%2Fmedia&parent=1301"}],"wp:term":[{"taxonomy":"category","embeddable":true,"href":"http:\/\/my-alps.de\/index.php?rest_route=%2Fwp%2Fv2%2Fcategories&post=1301"},{"taxonomy":"post_tag","embeddable":true,"href":"http:\/\/my-alps.de\/index.php?rest_route=%2Fwp%2Fv2%2Ftags&post=1301"}],"curies":[{"name":"wp","href":"https:\/\/api.w.org\/{rel}","templated":true}]}}