{"id":1278,"date":"2014-06-29T16:07:35","date_gmt":"2014-06-29T14:07:35","guid":{"rendered":"http:\/\/my-alps.de\/?p=1278"},"modified":"2014-06-29T16:09:43","modified_gmt":"2014-06-29T14:09:43","slug":"lebenszeichen-v3","status":"publish","type":"post","link":"http:\/\/my-alps.de\/?p=1278","title":{"rendered":"Lebenszeichen V3"},"content":{"rendered":"<div id=\"attachment_1280\" style=\"width: 1034px\" class=\"wp-caption aligncenter\"><a href=\"https:\/\/i0.wp.com\/my-alps.de\/wp-content\/uploads\/2014\/06\/Passh\u00f6he-Pedra-de-Molino-3460-m-ce4.jpg\"><img aria-describedby=\"caption-attachment-1280\" data-attachment-id=\"1280\" data-permalink=\"http:\/\/my-alps.de\/?attachment_id=1280\" data-orig-file=\"https:\/\/i0.wp.com\/my-alps.de\/wp-content\/uploads\/2014\/06\/Passh\u00f6he-Pedra-de-Molino-3460-m-ce4.jpg?fit=1024%2C683\" data-orig-size=\"1024,683\" data-comments-opened=\"1\" data-image-meta=\"{&quot;aperture&quot;:&quot;11&quot;,&quot;credit&quot;:&quot;&quot;,&quot;camera&quot;:&quot;SLT-A99V&quot;,&quot;caption&quot;:&quot;&quot;,&quot;created_timestamp&quot;:&quot;1403268602&quot;,&quot;copyright&quot;:&quot;&quot;,&quot;focal_length&quot;:&quot;50&quot;,&quot;iso&quot;:&quot;100&quot;,&quot;shutter_speed&quot;:&quot;0.004&quot;,&quot;title&quot;:&quot;&quot;}\" data-image-title=\"Passh\u00f6he &#8211; Pedra de Molino &#8211; 3460 m-ce4\" data-image-description=\"&lt;p&gt;Passh\u00f6he &#8211; Pedra de Molino &lt;\/p&gt;\n\" data-image-caption=\"&lt;p&gt;Passh\u00f6he &#8211; Pedra de Molino &lt;\/p&gt;\n\" data-medium-file=\"https:\/\/i0.wp.com\/my-alps.de\/wp-content\/uploads\/2014\/06\/Passh\u00f6he-Pedra-de-Molino-3460-m-ce4.jpg?fit=300%2C200\" data-large-file=\"https:\/\/i0.wp.com\/my-alps.de\/wp-content\/uploads\/2014\/06\/Passh\u00f6he-Pedra-de-Molino-3460-m-ce4.jpg?fit=625%2C417\" loading=\"lazy\" class=\"size-full wp-image-1280\" alt=\"Passh\u00f6he - Pedra de Molino \" src=\"https:\/\/i0.wp.com\/my-alps.de\/wp-content\/uploads\/2014\/06\/Passh\u00f6he-Pedra-de-Molino-3460-m-ce4.jpg?resize=625%2C417\" width=\"625\" height=\"417\" srcset=\"https:\/\/i0.wp.com\/my-alps.de\/wp-content\/uploads\/2014\/06\/Passh\u00f6he-Pedra-de-Molino-3460-m-ce4.jpg?w=1024 1024w, https:\/\/i0.wp.com\/my-alps.de\/wp-content\/uploads\/2014\/06\/Passh\u00f6he-Pedra-de-Molino-3460-m-ce4.jpg?resize=300%2C200 300w\" sizes=\"(max-width: 625px) 100vw, 625px\" data-recalc-dims=\"1\" \/><\/a><p id=\"caption-attachment-1280\" class=\"wp-caption-text\">Passh\u00f6he &#8211; Pedra de Molino<\/p><\/div>\n<p>Halloooooo&#8230;&#8230; ist da draussen jemand???<\/p>\n<p>Ja, seit dem letzten Blogbeitrag ist schon einige Zeit vergangen.<br \/>\nKeine Sorge, wir waren in der absoluten Einsamkeit &#8211; immer der Andenkette entlang nach Norden.<br \/>\nKein WIFI und kaum Mobilfunknetz, jedenfalls nicht in der St\u00e4rke die wir f\u00fcr&#8217;s Internet brauchen. Ja, es gibt sie also doch, die weissen Flecken auf der Landkarte des Internets.<br \/>\nDie Gegend war atemberaubend. Wir mussten 2 Tage vor der Grenze von Argentinien nach Chile warten, bis der Pass (4.800 m) wieder ge\u00f6ffnet wurde. Bei 4.000 m zu campen &#8211; brrrrr kalt!<\/p>\n<p>Ich werde mal alles in einigen Blogs zusammenfassen.<br \/>\nZur Zeit sind wir in San Pedro de Atacama.<br \/>\nDann geht es weiter auf den Sal\u00e4r de Atacama und von dort nach Calama. Weiter zu den ber\u00fchmten Geysiren und dann auf die Lagunenroute nach Bolivien.<br \/>\nKeine Sorgen machen &#8211; wir sind gesund und alles ist bestens.<br \/>\nClaus und Annette<\/p>\n","protected":false},"excerpt":{"rendered":"<p>Halloooooo&#8230;&#8230; ist da draussen jemand??? Ja, seit dem letzten Blogbeitrag ist schon einige Zeit vergangen. Keine Sorge, wir waren in der absoluten Einsamkeit &#8211; immer der Andenkette entlang nach Norden. Kein WIFI und kaum Mobilfunknetz, jedenfalls nicht in der St\u00e4rke die wir f\u00fcr&#8217;s Internet brauchen. Ja, es gibt sie also doch, die weissen Flecken auf [&hellip;]<\/p>\n","protected":false},"author":1,"featured_media":0,"comment_status":"open","ping_status":"open","sticky":false,"template":"","format":"gallery","meta":{"spay_email":"","jetpack_publicize_message":"","jetpack_is_tweetstorm":false,"jetpack_publicize_feature_enabled":true},"categories":[1],"tags":[],"jetpack_featured_media_url":"","jetpack_publicize_connections":[],"jetpack_sharing_enabled":true,"jetpack_shortlink":"https:\/\/wp.me\/p6huce-kC","jetpack-related-posts":[{"id":724,"url":"http:\/\/my-alps.de\/?p=724","url_meta":{"origin":1278,"position":0},"title":"Von El Chalten auf der Ruta 40 nach Chile","date":"23. Februar 2014","format":"gallery","excerpt":"Nach einer wundersch\u00f6nen Woche ist es an der Zeit weiter zu fahren. Unserer Reise f\u00fchrt nun \u00fcber die legend\u00e4re Ruta 40 (auf der wir uns schon einige Zeit bewegen) Richtung Norden. Die Gegend hier ist gepr\u00e4gt von - na ja - nichts - es gibt hier eigentlich nichts ausser Landschaft\u2026","rel":"","context":"In &quot;News&quot;","img":{"alt_text":"Ruta 40","src":"https:\/\/i0.wp.com\/my-alps.de\/wp-content\/uploads\/2014\/02\/Ruta-40.jpg?resize=350%2C200","width":350,"height":200},"classes":[]},{"id":450,"url":"http:\/\/my-alps.de\/?p=450","url_meta":{"origin":1278,"position":1},"title":"Das sagt sie und das meint ER (1von2)","date":"15. Dezember 2013","format":"gallery","excerpt":"Hallo, ihr ZUHAUSEgebliebenen, wir sind heute in Colonia di Sacramento angekommen und sin somit in Uruguay. Dem esten Fussballweltmeister, und wenn's nach den URU'S geht, auch dem kommenden in Brasilien. Die Bilder zu diesem Blog f\u00fcge ich sp\u00e4ter mal ein, das WIFI hier in Uruguay ist nicht so von der\u2026","rel":"","context":"In &quot;News&quot;","img":{"alt_text":"","src":"","width":0,"height":0},"classes":[]},{"id":1411,"url":"http:\/\/my-alps.de\/?p=1411","url_meta":{"origin":1278,"position":2},"title":"\u00fcber Cochabamba weiter nach La Paz (Teil 2)","date":"27. Juli 2014","format":"gallery","excerpt":"Von Sucre fahren wir durch die wilde und bergige Altiplanolandschaft.\u00a0Es geht durch kleine D\u00f6rfer und in den Flusst\u00e4lern werden Bananen\u00a0und Papayas angebaut. Anfangs ist die Stra\u00dfe noch asphaltiert, doch\u00a0dann sind wir wieder auf einer staubigen Piste. Der puderfeine Staub\u00a0legt sich wie ein Nebelschleier \u00fcber die Landschaft und alles was am\u00a0Stra\u00dfenrand\u2026","rel":"","context":"In &quot;News&quot;","img":{"alt_text":"","src":"https:\/\/i0.wp.com\/my-alps.de\/wp-content\/uploads\/2014\/07\/rauf-und-runter-ce4.jpg?resize=350%2C200","width":350,"height":200},"classes":[]},{"id":1228,"url":"http:\/\/my-alps.de\/?p=1228","url_meta":{"origin":1278,"position":3},"title":"Uruguay &#8211; Costa Rica","date":"14. Juni 2014","format":"gallery","excerpt":"Zur Zeit l\u00e4uft ja die WM, der eigentliche Grund weshalb wir 2014 nach S\u00fcdamerika sind = KEINE ZEITVERSCHIEBUNG! Wir werden uns jetzt gem\u00fctlich das erste Spiel ansehen, wie die Uru's die Costa-Ricaner wegputzen und dann gibts bei den Italienern was auf die M\u00fctze. England - Home of Football !!!! Gute\u2026","rel":"","context":"In &quot;News&quot;","img":{"alt_text":"","src":"","width":0,"height":0},"classes":[]},{"id":1472,"url":"http:\/\/my-alps.de\/?p=1472","url_meta":{"origin":1278,"position":4},"title":"vom Sajama, dem h\u00f6chsten Berg Boliviens nach Peru","date":"8. August 2014","format":"gallery","excerpt":"Da wir vom Titikakasee etwas entt\u00e4uscht waren, haben wir uns kurzerhand entschlossen doch noch einen Abstecher zum \"Sajama\" zu fahren. Er liegt zwar auf dem Weg Richtung Chile, aber\u00a0das haben wir dann mit dem Grenz\u00fcbergang in Arica\u00a0verkn\u00fcpft. auf dem AltiplanoDer \"Sajama\" ist ein wundersch\u00f6ner Vulkankegel, der sich wie eine Zipfelm\u00fctze\u2026","rel":"","context":"In &quot;News&quot;","img":{"alt_text":"","src":"https:\/\/i0.wp.com\/my-alps.de\/wp-content\/uploads\/2014\/08\/Vulkanausbruch-1-ce4.jpg?resize=350%2C200","width":350,"height":200},"classes":[]},{"id":995,"url":"http:\/\/my-alps.de\/?p=995","url_meta":{"origin":1278,"position":5},"title":"April, April &#8211; Halbzeit bei der Auszeit","date":"10. April 2014","format":"gallery","excerpt":"Am 11.11.2013 sind wir in Hamburg an Bord der \u201eGrande Cameroon\u201c gegangen und \u00fcber den Atlantik nach S\u00fcdamerika geschippert. Zugegeben, es war nicht immer gerade Hochstimmung mit Karneval und Fasching an Bord, aber es ist uns wirklich nicht langweilig geworden. So eine Frachterreise hat auch etwas besonderes. (Beinahe meditativ!) Nun\u2026","rel":"","context":"In &quot;News&quot;","img":{"alt_text":"","src":"","width":0,"height":0},"classes":[]}],"_links":{"self":[{"href":"http:\/\/my-alps.de\/index.php?rest_route=\/wp\/v2\/posts\/1278"}],"collection":[{"href":"http:\/\/my-alps.de\/index.php?rest_route=\/wp\/v2\/posts"}],"about":[{"href":"http:\/\/my-alps.de\/index.php?rest_route=\/wp\/v2\/types\/post"}],"author":[{"embeddable":true,"href":"http:\/\/my-alps.de\/index.php?rest_route=\/wp\/v2\/users\/1"}],"replies":[{"embeddable":true,"href":"http:\/\/my-alps.de\/index.php?rest_route=%2Fwp%2Fv2%2Fcomments&post=1278"}],"version-history":[{"count":3,"href":"http:\/\/my-alps.de\/index.php?rest_route=\/wp\/v2\/posts\/1278\/revisions"}],"predecessor-version":[{"id":1282,"href":"http:\/\/my-alps.de\/index.php?rest_route=\/wp\/v2\/posts\/1278\/revisions\/1282"}],"wp:attachment":[{"href":"http:\/\/my-alps.de\/index.php?rest_route=%2Fwp%2Fv2%2Fmedia&parent=1278"}],"wp:term":[{"taxonomy":"category","embeddable":true,"href":"http:\/\/my-alps.de\/index.php?rest_route=%2Fwp%2Fv2%2Fcategories&post=1278"},{"taxonomy":"post_tag","embeddable":true,"href":"http:\/\/my-alps.de\/index.php?rest_route=%2Fwp%2Fv2%2Ftags&post=1278"}],"curies":[{"name":"wp","href":"https:\/\/api.w.org\/{rel}","templated":true}]}}