{"id":1240,"date":"2014-06-15T23:02:06","date_gmt":"2014-06-15T21:02:06","guid":{"rendered":"http:\/\/my-alps.de\/?p=1240"},"modified":"2014-06-16T21:36:24","modified_gmt":"2014-06-16T19:36:24","slug":"die-sauerei-mit-dem-saurierei","status":"publish","type":"post","link":"http:\/\/my-alps.de\/?p=1240","title":{"rendered":"Die Sauerei mit dem Saurierei"},"content":{"rendered":"<div id=\"attachment_1258\" style=\"width: 1034px\" class=\"wp-caption aligncenter\"><a href=\"https:\/\/i0.wp.com\/my-alps.de\/wp-content\/uploads\/2014\/06\/Sauriereier-ce4.jpg\"><img aria-describedby=\"caption-attachment-1258\" data-attachment-id=\"1258\" data-permalink=\"http:\/\/my-alps.de\/?attachment_id=1258\" data-orig-file=\"https:\/\/i0.wp.com\/my-alps.de\/wp-content\/uploads\/2014\/06\/Sauriereier-ce4.jpg?fit=1024%2C683\" data-orig-size=\"1024,683\" data-comments-opened=\"1\" data-image-meta=\"{&quot;aperture&quot;:&quot;13&quot;,&quot;credit&quot;:&quot;&quot;,&quot;camera&quot;:&quot;NEX-7&quot;,&quot;caption&quot;:&quot;&quot;,&quot;created_timestamp&quot;:&quot;1402398683&quot;,&quot;copyright&quot;:&quot;&quot;,&quot;focal_length&quot;:&quot;18&quot;,&quot;iso&quot;:&quot;100&quot;,&quot;shutter_speed&quot;:&quot;0.005&quot;,&quot;title&quot;:&quot;&quot;}\" data-image-title=\"Sauriereier-ce4\" data-image-description=\"&lt;p&gt;Sauriereier&lt;\/p&gt;\n\" data-image-caption=\"&lt;p&gt;Sauriereier&lt;\/p&gt;\n\" data-medium-file=\"https:\/\/i0.wp.com\/my-alps.de\/wp-content\/uploads\/2014\/06\/Sauriereier-ce4.jpg?fit=300%2C200\" data-large-file=\"https:\/\/i0.wp.com\/my-alps.de\/wp-content\/uploads\/2014\/06\/Sauriereier-ce4.jpg?fit=625%2C417\" loading=\"lazy\" class=\" wp-image-1258 \" alt=\"Sauriereier ?\" src=\"https:\/\/i0.wp.com\/my-alps.de\/wp-content\/uploads\/2014\/06\/Sauriereier-ce4.jpg?resize=625%2C417\" width=\"625\" height=\"417\" srcset=\"https:\/\/i0.wp.com\/my-alps.de\/wp-content\/uploads\/2014\/06\/Sauriereier-ce4.jpg?w=1024 1024w, https:\/\/i0.wp.com\/my-alps.de\/wp-content\/uploads\/2014\/06\/Sauriereier-ce4.jpg?resize=300%2C200 300w\" sizes=\"(max-width: 625px) 100vw, 625px\" data-recalc-dims=\"1\" \/><\/a><p id=\"caption-attachment-1258\" class=\"wp-caption-text\">Sauriereier ?<\/p><\/div>\n<p>&nbsp;<\/p>\n\n\t\t<style type=\"text\/css\">\n\t\t\t#gallery-1 {\n\t\t\t\tmargin: auto;\n\t\t\t}\n\t\t\t#gallery-1 .gallery-item {\n\t\t\t\tfloat: left;\n\t\t\t\tmargin-top: 10px;\n\t\t\t\ttext-align: center;\n\t\t\t\twidth: 50%;\n\t\t\t}\n\t\t\t#gallery-1 img {\n\t\t\t\tborder: 2px solid #cfcfcf;\n\t\t\t}\n\t\t\t#gallery-1 .gallery-caption {\n\t\t\t\tmargin-left: 0;\n\t\t\t}\n\t\t\t\/* see gallery_shortcode() in wp-includes\/media.php *\/\n\t\t<\/style>\n\t\t<div data-carousel-extra='{\"blog_id\":1,\"permalink\":\"http:\\\/\\\/my-alps.de\\\/?p=1240\"}' data-carousel-extra='{\"blog_id\":1,\"permalink\":\"http:\\\/\\\/my-alps.de\\\/?p=1240\"}' id='gallery-1' class='gallery galleryid-1240 gallery-columns-2 gallery-size-thumbnail'><dl class='gallery-item'>\n\t\t\t<dt class='gallery-icon landscape'>\n\t\t\t\t<a href='http:\/\/my-alps.de\/?attachment_id=1261'><img data-attachment-id=\"1261\" data-orig-file=\"https:\/\/i0.wp.com\/my-alps.de\/wp-content\/uploads\/2014\/06\/Gr\u00f6ssenvergleich.jpg?fit=1024%2C768\" data-orig-size=\"1024,768\" data-comments-opened=\"1\" data-image-meta=\"{&quot;aperture&quot;:&quot;1.8&quot;,&quot;credit&quot;:&quot;&quot;,&quot;camera&quot;:&quot;DSC-RX100&quot;,&quot;caption&quot;:&quot;&quot;,&quot;created_timestamp&quot;:&quot;1399135913&quot;,&quot;copyright&quot;:&quot;&quot;,&quot;focal_length&quot;:&quot;10.4&quot;,&quot;iso&quot;:&quot;6400&quot;,&quot;shutter_speed&quot;:&quot;0.004&quot;,&quot;title&quot;:&quot;&quot;}\" data-image-title=\"Gr\u00f6ssenvergleich\" data-image-description=\"&lt;p&gt;Gr\u00f6ssenvergleich&lt;\/p&gt;\n\" data-medium-file=\"https:\/\/i0.wp.com\/my-alps.de\/wp-content\/uploads\/2014\/06\/Gr\u00f6ssenvergleich.jpg?fit=300%2C225\" data-large-file=\"https:\/\/i0.wp.com\/my-alps.de\/wp-content\/uploads\/2014\/06\/Gr\u00f6ssenvergleich.jpg?fit=625%2C469\" title=\"Gr\u00f6ssenvergleich\" width=\"290\" height=\"290\" src=\"https:\/\/i0.wp.com\/my-alps.de\/wp-content\/uploads\/2014\/06\/Gr\u00f6ssenvergleich.jpg?resize=290%2C290\" class=\"attachment-thumbnail size-thumbnail\" alt=\"\" loading=\"lazy\" aria-describedby=\"gallery-1-1261\" srcset=\"https:\/\/i0.wp.com\/my-alps.de\/wp-content\/uploads\/2014\/06\/Gr\u00f6ssenvergleich.jpg?resize=290%2C290 290w, https:\/\/i0.wp.com\/my-alps.de\/wp-content\/uploads\/2014\/06\/Gr\u00f6ssenvergleich.jpg?zoom=2&amp;resize=290%2C290 580w, https:\/\/i0.wp.com\/my-alps.de\/wp-content\/uploads\/2014\/06\/Gr\u00f6ssenvergleich.jpg?zoom=3&amp;resize=290%2C290 870w\" sizes=\"(max-width: 290px) 100vw, 290px\" data-attachment-id=\"1261\" data-permalink=\"http:\/\/my-alps.de\/?attachment_id=1261\" data-orig-file=\"https:\/\/i0.wp.com\/my-alps.de\/wp-content\/uploads\/2014\/06\/Gr\u00f6ssenvergleich.jpg?fit=1024%2C768\" data-orig-size=\"1024,768\" data-comments-opened=\"1\" data-image-meta=\"{&quot;aperture&quot;:&quot;1.8&quot;,&quot;credit&quot;:&quot;&quot;,&quot;camera&quot;:&quot;DSC-RX100&quot;,&quot;caption&quot;:&quot;&quot;,&quot;created_timestamp&quot;:&quot;1399135913&quot;,&quot;copyright&quot;:&quot;&quot;,&quot;focal_length&quot;:&quot;10.4&quot;,&quot;iso&quot;:&quot;6400&quot;,&quot;shutter_speed&quot;:&quot;0.004&quot;,&quot;title&quot;:&quot;&quot;}\" data-image-title=\"Gr\u00f6ssenvergleich\" data-image-description=\"&lt;p&gt;Gr\u00f6ssenvergleich&lt;\/p&gt;\n\" data-image-caption=\"&lt;p&gt;Gr\u00f6ssenvergleich&lt;\/p&gt;\n\" data-medium-file=\"https:\/\/i0.wp.com\/my-alps.de\/wp-content\/uploads\/2014\/06\/Gr\u00f6ssenvergleich.jpg?fit=300%2C225\" data-large-file=\"https:\/\/i0.wp.com\/my-alps.de\/wp-content\/uploads\/2014\/06\/Gr\u00f6ssenvergleich.jpg?fit=625%2C469\" \/><\/a>\n\t\t\t<\/dt>\n\t\t\t\t<dd class='wp-caption-text gallery-caption' id='gallery-1-1261'>\n\t\t\t\tGr\u00f6ssenvergleich\n\t\t\t\t<\/dd><\/dl><dl class='gallery-item'>\n\t\t\t<dt class='gallery-icon portrait'>\n\t\t\t\t<a href='http:\/\/my-alps.de\/?attachment_id=1260'><img data-attachment-id=\"1260\" data-orig-file=\"https:\/\/i0.wp.com\/my-alps.de\/wp-content\/uploads\/2014\/06\/kleiner-Mensch-grosser-Dino.jpg?fit=768%2C1024\" data-orig-size=\"768,1024\" data-comments-opened=\"1\" data-image-meta=\"{&quot;aperture&quot;:&quot;3.2&quot;,&quot;credit&quot;:&quot;&quot;,&quot;camera&quot;:&quot;DSC-RX100&quot;,&quot;caption&quot;:&quot;&quot;,&quot;created_timestamp&quot;:&quot;1399136373&quot;,&quot;copyright&quot;:&quot;&quot;,&quot;focal_length&quot;:&quot;16.59&quot;,&quot;iso&quot;:&quot;100&quot;,&quot;shutter_speed&quot;:&quot;0.16666666666667&quot;,&quot;title&quot;:&quot;&quot;}\" data-image-title=\"kleiner Mensch &#8211; grosser Dino\" data-image-description=\"&lt;p&gt;kleiner Mensch &#8211; grosser Dino&lt;\/p&gt;\n\" data-medium-file=\"https:\/\/i0.wp.com\/my-alps.de\/wp-content\/uploads\/2014\/06\/kleiner-Mensch-grosser-Dino.jpg?fit=225%2C300\" data-large-file=\"https:\/\/i0.wp.com\/my-alps.de\/wp-content\/uploads\/2014\/06\/kleiner-Mensch-grosser-Dino.jpg?fit=625%2C833\" title=\"kleiner Mensch &#8211; grosser Dino\" width=\"290\" height=\"290\" src=\"https:\/\/i0.wp.com\/my-alps.de\/wp-content\/uploads\/2014\/06\/kleiner-Mensch-grosser-Dino.jpg?resize=290%2C290\" class=\"attachment-thumbnail size-thumbnail\" alt=\"\" loading=\"lazy\" aria-describedby=\"gallery-1-1260\" srcset=\"https:\/\/i0.wp.com\/my-alps.de\/wp-content\/uploads\/2014\/06\/kleiner-Mensch-grosser-Dino.jpg?resize=290%2C290 290w, https:\/\/i0.wp.com\/my-alps.de\/wp-content\/uploads\/2014\/06\/kleiner-Mensch-grosser-Dino.jpg?zoom=2&amp;resize=290%2C290 580w\" sizes=\"(max-width: 290px) 100vw, 290px\" data-attachment-id=\"1260\" data-permalink=\"http:\/\/my-alps.de\/?attachment_id=1260\" data-orig-file=\"https:\/\/i0.wp.com\/my-alps.de\/wp-content\/uploads\/2014\/06\/kleiner-Mensch-grosser-Dino.jpg?fit=768%2C1024\" data-orig-size=\"768,1024\" data-comments-opened=\"1\" data-image-meta=\"{&quot;aperture&quot;:&quot;3.2&quot;,&quot;credit&quot;:&quot;&quot;,&quot;camera&quot;:&quot;DSC-RX100&quot;,&quot;caption&quot;:&quot;&quot;,&quot;created_timestamp&quot;:&quot;1399136373&quot;,&quot;copyright&quot;:&quot;&quot;,&quot;focal_length&quot;:&quot;16.59&quot;,&quot;iso&quot;:&quot;100&quot;,&quot;shutter_speed&quot;:&quot;0.16666666666667&quot;,&quot;title&quot;:&quot;&quot;}\" data-image-title=\"kleiner Mensch &#8211; grosser Dino\" data-image-description=\"&lt;p&gt;kleiner Mensch &#8211; grosser Dino&lt;\/p&gt;\n\" data-image-caption=\"&lt;p&gt;kleiner Mensch &#8211; grosser Dino&lt;\/p&gt;\n\" data-medium-file=\"https:\/\/i0.wp.com\/my-alps.de\/wp-content\/uploads\/2014\/06\/kleiner-Mensch-grosser-Dino.jpg?fit=225%2C300\" data-large-file=\"https:\/\/i0.wp.com\/my-alps.de\/wp-content\/uploads\/2014\/06\/kleiner-Mensch-grosser-Dino.jpg?fit=625%2C833\" \/><\/a>\n\t\t\t<\/dt>\n\t\t\t\t<dd class='wp-caption-text gallery-caption' id='gallery-1-1260'>\n\t\t\t\tkleiner Mensch &#8211; grosser Dino\n\t\t\t\t<\/dd><\/dl><br style=\"clear: both\" \/><dl class='gallery-item'>\n\t\t\t<dt class='gallery-icon landscape'>\n\t\t\t\t<a href='http:\/\/my-alps.de\/?attachment_id=1259'><img data-attachment-id=\"1259\" data-orig-file=\"https:\/\/i0.wp.com\/my-alps.de\/wp-content\/uploads\/2014\/06\/keine-Parodontose.jpg?fit=1024%2C683\" data-orig-size=\"1024,683\" data-comments-opened=\"1\" data-image-meta=\"{&quot;aperture&quot;:&quot;1.8&quot;,&quot;credit&quot;:&quot;&quot;,&quot;camera&quot;:&quot;DSC-RX100&quot;,&quot;caption&quot;:&quot;&quot;,&quot;created_timestamp&quot;:&quot;1402334373&quot;,&quot;copyright&quot;:&quot;&quot;,&quot;focal_length&quot;:&quot;10.4&quot;,&quot;iso&quot;:&quot;125&quot;,&quot;shutter_speed&quot;:&quot;0.033333333333333&quot;,&quot;title&quot;:&quot;&quot;}\" data-image-title=\"keine Parodontose\" data-image-description=\"&lt;p&gt;keine Parodontose&lt;\/p&gt;\n\" data-medium-file=\"https:\/\/i0.wp.com\/my-alps.de\/wp-content\/uploads\/2014\/06\/keine-Parodontose.jpg?fit=300%2C200\" data-large-file=\"https:\/\/i0.wp.com\/my-alps.de\/wp-content\/uploads\/2014\/06\/keine-Parodontose.jpg?fit=625%2C417\" title=\"keine Parodontose\" width=\"290\" height=\"290\" src=\"https:\/\/i0.wp.com\/my-alps.de\/wp-content\/uploads\/2014\/06\/keine-Parodontose.jpg?resize=290%2C290\" class=\"attachment-thumbnail size-thumbnail\" alt=\"\" loading=\"lazy\" aria-describedby=\"gallery-1-1259\" srcset=\"https:\/\/i0.wp.com\/my-alps.de\/wp-content\/uploads\/2014\/06\/keine-Parodontose.jpg?resize=290%2C290 290w, https:\/\/i0.wp.com\/my-alps.de\/wp-content\/uploads\/2014\/06\/keine-Parodontose.jpg?zoom=2&amp;resize=290%2C290 580w, https:\/\/i0.wp.com\/my-alps.de\/wp-content\/uploads\/2014\/06\/keine-Parodontose.jpg?zoom=3&amp;resize=290%2C290 870w\" sizes=\"(max-width: 290px) 100vw, 290px\" data-attachment-id=\"1259\" data-permalink=\"http:\/\/my-alps.de\/?attachment_id=1259\" data-orig-file=\"https:\/\/i0.wp.com\/my-alps.de\/wp-content\/uploads\/2014\/06\/keine-Parodontose.jpg?fit=1024%2C683\" data-orig-size=\"1024,683\" data-comments-opened=\"1\" data-image-meta=\"{&quot;aperture&quot;:&quot;1.8&quot;,&quot;credit&quot;:&quot;&quot;,&quot;camera&quot;:&quot;DSC-RX100&quot;,&quot;caption&quot;:&quot;&quot;,&quot;created_timestamp&quot;:&quot;1402334373&quot;,&quot;copyright&quot;:&quot;&quot;,&quot;focal_length&quot;:&quot;10.4&quot;,&quot;iso&quot;:&quot;125&quot;,&quot;shutter_speed&quot;:&quot;0.033333333333333&quot;,&quot;title&quot;:&quot;&quot;}\" data-image-title=\"keine Parodontose\" data-image-description=\"&lt;p&gt;keine Parodontose&lt;\/p&gt;\n\" data-image-caption=\"&lt;p&gt;keine Parodontose&lt;\/p&gt;\n\" data-medium-file=\"https:\/\/i0.wp.com\/my-alps.de\/wp-content\/uploads\/2014\/06\/keine-Parodontose.jpg?fit=300%2C200\" data-large-file=\"https:\/\/i0.wp.com\/my-alps.de\/wp-content\/uploads\/2014\/06\/keine-Parodontose.jpg?fit=625%2C417\" \/><\/a>\n\t\t\t<\/dt>\n\t\t\t\t<dd class='wp-caption-text gallery-caption' id='gallery-1-1259'>\n\t\t\t\tkeine Parodontose\n\t\t\t\t<\/dd><\/dl><dl class='gallery-item'>\n\t\t\t<dt class='gallery-icon landscape'>\n\t\t\t\t<a href='http:\/\/my-alps.de\/?attachment_id=1258'><img data-attachment-id=\"1258\" data-orig-file=\"https:\/\/i0.wp.com\/my-alps.de\/wp-content\/uploads\/2014\/06\/Sauriereier-ce4.jpg?fit=1024%2C683\" data-orig-size=\"1024,683\" data-comments-opened=\"1\" data-image-meta=\"{&quot;aperture&quot;:&quot;13&quot;,&quot;credit&quot;:&quot;&quot;,&quot;camera&quot;:&quot;NEX-7&quot;,&quot;caption&quot;:&quot;&quot;,&quot;created_timestamp&quot;:&quot;1402398683&quot;,&quot;copyright&quot;:&quot;&quot;,&quot;focal_length&quot;:&quot;18&quot;,&quot;iso&quot;:&quot;100&quot;,&quot;shutter_speed&quot;:&quot;0.005&quot;,&quot;title&quot;:&quot;&quot;}\" data-image-title=\"Sauriereier-ce4\" data-image-description=\"&lt;p&gt;Sauriereier&lt;\/p&gt;\n\" data-medium-file=\"https:\/\/i0.wp.com\/my-alps.de\/wp-content\/uploads\/2014\/06\/Sauriereier-ce4.jpg?fit=300%2C200\" data-large-file=\"https:\/\/i0.wp.com\/my-alps.de\/wp-content\/uploads\/2014\/06\/Sauriereier-ce4.jpg?fit=625%2C417\" title=\"Sauriereier-ce4\" width=\"290\" height=\"290\" src=\"https:\/\/i0.wp.com\/my-alps.de\/wp-content\/uploads\/2014\/06\/Sauriereier-ce4.jpg?resize=290%2C290\" class=\"attachment-thumbnail size-thumbnail\" alt=\"\" loading=\"lazy\" aria-describedby=\"gallery-1-1258\" srcset=\"https:\/\/i0.wp.com\/my-alps.de\/wp-content\/uploads\/2014\/06\/Sauriereier-ce4.jpg?resize=290%2C290 290w, https:\/\/i0.wp.com\/my-alps.de\/wp-content\/uploads\/2014\/06\/Sauriereier-ce4.jpg?zoom=2&amp;resize=290%2C290 580w, https:\/\/i0.wp.com\/my-alps.de\/wp-content\/uploads\/2014\/06\/Sauriereier-ce4.jpg?zoom=3&amp;resize=290%2C290 870w\" sizes=\"(max-width: 290px) 100vw, 290px\" data-attachment-id=\"1258\" data-permalink=\"http:\/\/my-alps.de\/?attachment_id=1258\" data-orig-file=\"https:\/\/i0.wp.com\/my-alps.de\/wp-content\/uploads\/2014\/06\/Sauriereier-ce4.jpg?fit=1024%2C683\" data-orig-size=\"1024,683\" data-comments-opened=\"1\" data-image-meta=\"{&quot;aperture&quot;:&quot;13&quot;,&quot;credit&quot;:&quot;&quot;,&quot;camera&quot;:&quot;NEX-7&quot;,&quot;caption&quot;:&quot;&quot;,&quot;created_timestamp&quot;:&quot;1402398683&quot;,&quot;copyright&quot;:&quot;&quot;,&quot;focal_length&quot;:&quot;18&quot;,&quot;iso&quot;:&quot;100&quot;,&quot;shutter_speed&quot;:&quot;0.005&quot;,&quot;title&quot;:&quot;&quot;}\" data-image-title=\"Sauriereier-ce4\" data-image-description=\"&lt;p&gt;Sauriereier&lt;\/p&gt;\n\" data-image-caption=\"&lt;p&gt;Sauriereier&lt;\/p&gt;\n\" data-medium-file=\"https:\/\/i0.wp.com\/my-alps.de\/wp-content\/uploads\/2014\/06\/Sauriereier-ce4.jpg?fit=300%2C200\" data-large-file=\"https:\/\/i0.wp.com\/my-alps.de\/wp-content\/uploads\/2014\/06\/Sauriereier-ce4.jpg?fit=625%2C417\" \/><\/a>\n\t\t\t<\/dt>\n\t\t\t\t<dd class='wp-caption-text gallery-caption' id='gallery-1-1258'>\n\t\t\t\tSauriereier\n\t\t\t\t<\/dd><\/dl><br style=\"clear: both\" \/><dl class='gallery-item'>\n\t\t\t<dt class='gallery-icon portrait'>\n\t\t\t\t<a href='http:\/\/my-alps.de\/?attachment_id=1257'><img data-attachment-id=\"1257\" data-orig-file=\"https:\/\/i0.wp.com\/my-alps.de\/wp-content\/uploads\/2014\/06\/Mahlzeit......jpg?fit=768%2C1024\" data-orig-size=\"768,1024\" data-comments-opened=\"1\" data-image-meta=\"{&quot;aperture&quot;:&quot;1.8&quot;,&quot;credit&quot;:&quot;&quot;,&quot;camera&quot;:&quot;DSC-RX100&quot;,&quot;caption&quot;:&quot;&quot;,&quot;created_timestamp&quot;:&quot;1399136553&quot;,&quot;copyright&quot;:&quot;&quot;,&quot;focal_length&quot;:&quot;10.4&quot;,&quot;iso&quot;:&quot;100&quot;,&quot;shutter_speed&quot;:&quot;0.033333333333333&quot;,&quot;title&quot;:&quot;&quot;}\" data-image-title=\"Mahlzeit&#8230;..\" data-image-description=\"&lt;p&gt;Mahlzeit&#8230;..&lt;\/p&gt;\n\" data-medium-file=\"https:\/\/i0.wp.com\/my-alps.de\/wp-content\/uploads\/2014\/06\/Mahlzeit......jpg?fit=225%2C300\" data-large-file=\"https:\/\/i0.wp.com\/my-alps.de\/wp-content\/uploads\/2014\/06\/Mahlzeit......jpg?fit=625%2C833\" title=\"Mahlzeit&#8230;..\" width=\"290\" height=\"290\" src=\"https:\/\/i0.wp.com\/my-alps.de\/wp-content\/uploads\/2014\/06\/Mahlzeit......jpg?resize=290%2C290\" class=\"attachment-thumbnail size-thumbnail\" alt=\"\" loading=\"lazy\" aria-describedby=\"gallery-1-1257\" srcset=\"https:\/\/i0.wp.com\/my-alps.de\/wp-content\/uploads\/2014\/06\/Mahlzeit......jpg?resize=290%2C290 290w, https:\/\/i0.wp.com\/my-alps.de\/wp-content\/uploads\/2014\/06\/Mahlzeit......jpg?zoom=2&amp;resize=290%2C290 580w\" sizes=\"(max-width: 290px) 100vw, 290px\" data-attachment-id=\"1257\" data-permalink=\"http:\/\/my-alps.de\/?attachment_id=1257\" data-orig-file=\"https:\/\/i0.wp.com\/my-alps.de\/wp-content\/uploads\/2014\/06\/Mahlzeit......jpg?fit=768%2C1024\" data-orig-size=\"768,1024\" data-comments-opened=\"1\" data-image-meta=\"{&quot;aperture&quot;:&quot;1.8&quot;,&quot;credit&quot;:&quot;&quot;,&quot;camera&quot;:&quot;DSC-RX100&quot;,&quot;caption&quot;:&quot;&quot;,&quot;created_timestamp&quot;:&quot;1399136553&quot;,&quot;copyright&quot;:&quot;&quot;,&quot;focal_length&quot;:&quot;10.4&quot;,&quot;iso&quot;:&quot;100&quot;,&quot;shutter_speed&quot;:&quot;0.033333333333333&quot;,&quot;title&quot;:&quot;&quot;}\" data-image-title=\"Mahlzeit&#8230;..\" data-image-description=\"&lt;p&gt;Mahlzeit&#8230;..&lt;\/p&gt;\n\" data-image-caption=\"&lt;p&gt;Mahlzeit&#8230;..&lt;\/p&gt;\n\" data-medium-file=\"https:\/\/i0.wp.com\/my-alps.de\/wp-content\/uploads\/2014\/06\/Mahlzeit......jpg?fit=225%2C300\" data-large-file=\"https:\/\/i0.wp.com\/my-alps.de\/wp-content\/uploads\/2014\/06\/Mahlzeit......jpg?fit=625%2C833\" \/><\/a>\n\t\t\t<\/dt>\n\t\t\t\t<dd class='wp-caption-text gallery-caption' id='gallery-1-1257'>\n\t\t\t\tMahlzeit&#8230;..\n\t\t\t\t<\/dd><\/dl><dl class='gallery-item'>\n\t\t\t<dt class='gallery-icon landscape'>\n\t\t\t\t<a href='http:\/\/my-alps.de\/?attachment_id=1256'><img data-attachment-id=\"1256\" data-orig-file=\"https:\/\/i0.wp.com\/my-alps.de\/wp-content\/uploads\/2014\/06\/schwerer-Brocken.jpg?fit=1024%2C683\" data-orig-size=\"1024,683\" data-comments-opened=\"1\" data-image-meta=\"{&quot;aperture&quot;:&quot;1.8&quot;,&quot;credit&quot;:&quot;&quot;,&quot;camera&quot;:&quot;NEX-7&quot;,&quot;caption&quot;:&quot;&quot;,&quot;created_timestamp&quot;:&quot;1388256551&quot;,&quot;copyright&quot;:&quot;&quot;,&quot;focal_length&quot;:&quot;24&quot;,&quot;iso&quot;:&quot;1250&quot;,&quot;shutter_speed&quot;:&quot;0.003125&quot;,&quot;title&quot;:&quot;&quot;}\" data-image-title=\"schwerer Brocken\" data-image-description=\"&lt;p&gt;schwerer Brocken&lt;\/p&gt;\n\" data-medium-file=\"https:\/\/i0.wp.com\/my-alps.de\/wp-content\/uploads\/2014\/06\/schwerer-Brocken.jpg?fit=300%2C200\" data-large-file=\"https:\/\/i0.wp.com\/my-alps.de\/wp-content\/uploads\/2014\/06\/schwerer-Brocken.jpg?fit=625%2C417\" title=\"schwerer Brocken\" width=\"290\" height=\"290\" src=\"https:\/\/i0.wp.com\/my-alps.de\/wp-content\/uploads\/2014\/06\/schwerer-Brocken.jpg?resize=290%2C290\" class=\"attachment-thumbnail size-thumbnail\" alt=\"\" loading=\"lazy\" aria-describedby=\"gallery-1-1256\" srcset=\"https:\/\/i0.wp.com\/my-alps.de\/wp-content\/uploads\/2014\/06\/schwerer-Brocken.jpg?resize=290%2C290 290w, https:\/\/i0.wp.com\/my-alps.de\/wp-content\/uploads\/2014\/06\/schwerer-Brocken.jpg?zoom=2&amp;resize=290%2C290 580w, https:\/\/i0.wp.com\/my-alps.de\/wp-content\/uploads\/2014\/06\/schwerer-Brocken.jpg?zoom=3&amp;resize=290%2C290 870w\" sizes=\"(max-width: 290px) 100vw, 290px\" data-attachment-id=\"1256\" data-permalink=\"http:\/\/my-alps.de\/?attachment_id=1256\" data-orig-file=\"https:\/\/i0.wp.com\/my-alps.de\/wp-content\/uploads\/2014\/06\/schwerer-Brocken.jpg?fit=1024%2C683\" data-orig-size=\"1024,683\" data-comments-opened=\"1\" data-image-meta=\"{&quot;aperture&quot;:&quot;1.8&quot;,&quot;credit&quot;:&quot;&quot;,&quot;camera&quot;:&quot;NEX-7&quot;,&quot;caption&quot;:&quot;&quot;,&quot;created_timestamp&quot;:&quot;1388256551&quot;,&quot;copyright&quot;:&quot;&quot;,&quot;focal_length&quot;:&quot;24&quot;,&quot;iso&quot;:&quot;1250&quot;,&quot;shutter_speed&quot;:&quot;0.003125&quot;,&quot;title&quot;:&quot;&quot;}\" data-image-title=\"schwerer Brocken\" data-image-description=\"&lt;p&gt;schwerer Brocken&lt;\/p&gt;\n\" data-image-caption=\"&lt;p&gt;schwerer Brocken&lt;\/p&gt;\n\" data-medium-file=\"https:\/\/i0.wp.com\/my-alps.de\/wp-content\/uploads\/2014\/06\/schwerer-Brocken.jpg?fit=300%2C200\" data-large-file=\"https:\/\/i0.wp.com\/my-alps.de\/wp-content\/uploads\/2014\/06\/schwerer-Brocken.jpg?fit=625%2C417\" \/><\/a>\n\t\t\t<\/dt>\n\t\t\t\t<dd class='wp-caption-text gallery-caption' id='gallery-1-1256'>\n\t\t\t\tschwerer Brocken\n\t\t\t\t<\/dd><\/dl><br style=\"clear: both\" \/><dl class='gallery-item'>\n\t\t\t<dt class='gallery-icon portrait'>\n\t\t\t\t<a href='http:\/\/my-alps.de\/?attachment_id=1255'><img data-attachment-id=\"1255\" data-orig-file=\"https:\/\/i0.wp.com\/my-alps.de\/wp-content\/uploads\/2014\/06\/uuuuupppssss......jpg?fit=683%2C1024\" data-orig-size=\"683,1024\" data-comments-opened=\"1\" data-image-meta=\"{&quot;aperture&quot;:&quot;1.8&quot;,&quot;credit&quot;:&quot;&quot;,&quot;camera&quot;:&quot;NEX-7&quot;,&quot;caption&quot;:&quot;&quot;,&quot;created_timestamp&quot;:&quot;1388256520&quot;,&quot;copyright&quot;:&quot;&quot;,&quot;focal_length&quot;:&quot;24&quot;,&quot;iso&quot;:&quot;1600&quot;,&quot;shutter_speed&quot;:&quot;0.00625&quot;,&quot;title&quot;:&quot;&quot;}\" data-image-title=\"uuuuupppssss&#8230;..\" data-image-description=\"&lt;p&gt;uuuuupppssss&#8230;..&lt;\/p&gt;\n\" data-medium-file=\"https:\/\/i0.wp.com\/my-alps.de\/wp-content\/uploads\/2014\/06\/uuuuupppssss......jpg?fit=200%2C300\" data-large-file=\"https:\/\/i0.wp.com\/my-alps.de\/wp-content\/uploads\/2014\/06\/uuuuupppssss......jpg?fit=625%2C937\" title=\"uuuuupppssss&#8230;..\" width=\"290\" height=\"290\" src=\"https:\/\/i0.wp.com\/my-alps.de\/wp-content\/uploads\/2014\/06\/uuuuupppssss......jpg?resize=290%2C290\" class=\"attachment-thumbnail size-thumbnail\" alt=\"\" loading=\"lazy\" aria-describedby=\"gallery-1-1255\" srcset=\"https:\/\/i0.wp.com\/my-alps.de\/wp-content\/uploads\/2014\/06\/uuuuupppssss......jpg?resize=290%2C290 290w, https:\/\/i0.wp.com\/my-alps.de\/wp-content\/uploads\/2014\/06\/uuuuupppssss......jpg?zoom=2&amp;resize=290%2C290 580w\" sizes=\"(max-width: 290px) 100vw, 290px\" data-attachment-id=\"1255\" data-permalink=\"http:\/\/my-alps.de\/?attachment_id=1255\" data-orig-file=\"https:\/\/i0.wp.com\/my-alps.de\/wp-content\/uploads\/2014\/06\/uuuuupppssss......jpg?fit=683%2C1024\" data-orig-size=\"683,1024\" data-comments-opened=\"1\" data-image-meta=\"{&quot;aperture&quot;:&quot;1.8&quot;,&quot;credit&quot;:&quot;&quot;,&quot;camera&quot;:&quot;NEX-7&quot;,&quot;caption&quot;:&quot;&quot;,&quot;created_timestamp&quot;:&quot;1388256520&quot;,&quot;copyright&quot;:&quot;&quot;,&quot;focal_length&quot;:&quot;24&quot;,&quot;iso&quot;:&quot;1600&quot;,&quot;shutter_speed&quot;:&quot;0.00625&quot;,&quot;title&quot;:&quot;&quot;}\" data-image-title=\"uuuuupppssss&#8230;..\" data-image-description=\"&lt;p&gt;uuuuupppssss&#8230;..&lt;\/p&gt;\n\" data-image-caption=\"&lt;p&gt;uuuuupppssss&#8230;..&lt;\/p&gt;\n\" data-medium-file=\"https:\/\/i0.wp.com\/my-alps.de\/wp-content\/uploads\/2014\/06\/uuuuupppssss......jpg?fit=200%2C300\" data-large-file=\"https:\/\/i0.wp.com\/my-alps.de\/wp-content\/uploads\/2014\/06\/uuuuupppssss......jpg?fit=625%2C937\" \/><\/a>\n\t\t\t<\/dt>\n\t\t\t\t<dd class='wp-caption-text gallery-caption' id='gallery-1-1255'>\n\t\t\t\tuuuuupppssss&#8230;..\n\t\t\t\t<\/dd><\/dl><dl class='gallery-item'>\n\t\t\t<dt class='gallery-icon landscape'>\n\t\t\t\t<a href='http:\/\/my-alps.de\/?attachment_id=1253'><img data-attachment-id=\"1253\" data-orig-file=\"https:\/\/i0.wp.com\/my-alps.de\/wp-content\/uploads\/2014\/06\/Kampf-der-Saurier.jpg?fit=1024%2C768\" data-orig-size=\"1024,768\" data-comments-opened=\"1\" data-image-meta=\"{&quot;aperture&quot;:&quot;3.5&quot;,&quot;credit&quot;:&quot;&quot;,&quot;camera&quot;:&quot;DSC-RX100&quot;,&quot;caption&quot;:&quot;&quot;,&quot;created_timestamp&quot;:&quot;1399136518&quot;,&quot;copyright&quot;:&quot;&quot;,&quot;focal_length&quot;:&quot;23.27&quot;,&quot;iso&quot;:&quot;100&quot;,&quot;shutter_speed&quot;:&quot;0.2&quot;,&quot;title&quot;:&quot;&quot;}\" data-image-title=\"Kampf der Dinos\" data-image-description=\"&lt;p&gt;Kampf der Dinos&lt;\/p&gt;\n\" data-medium-file=\"https:\/\/i0.wp.com\/my-alps.de\/wp-content\/uploads\/2014\/06\/Kampf-der-Saurier.jpg?fit=300%2C225\" data-large-file=\"https:\/\/i0.wp.com\/my-alps.de\/wp-content\/uploads\/2014\/06\/Kampf-der-Saurier.jpg?fit=625%2C469\" title=\"Kampf der Dinos\" width=\"290\" height=\"290\" src=\"https:\/\/i0.wp.com\/my-alps.de\/wp-content\/uploads\/2014\/06\/Kampf-der-Saurier.jpg?resize=290%2C290\" class=\"attachment-thumbnail size-thumbnail\" alt=\"\" loading=\"lazy\" aria-describedby=\"gallery-1-1253\" srcset=\"https:\/\/i0.wp.com\/my-alps.de\/wp-content\/uploads\/2014\/06\/Kampf-der-Saurier.jpg?resize=290%2C290 290w, https:\/\/i0.wp.com\/my-alps.de\/wp-content\/uploads\/2014\/06\/Kampf-der-Saurier.jpg?zoom=2&amp;resize=290%2C290 580w, https:\/\/i0.wp.com\/my-alps.de\/wp-content\/uploads\/2014\/06\/Kampf-der-Saurier.jpg?zoom=3&amp;resize=290%2C290 870w\" sizes=\"(max-width: 290px) 100vw, 290px\" data-attachment-id=\"1253\" data-permalink=\"http:\/\/my-alps.de\/?attachment_id=1253\" data-orig-file=\"https:\/\/i0.wp.com\/my-alps.de\/wp-content\/uploads\/2014\/06\/Kampf-der-Saurier.jpg?fit=1024%2C768\" data-orig-size=\"1024,768\" data-comments-opened=\"1\" data-image-meta=\"{&quot;aperture&quot;:&quot;3.5&quot;,&quot;credit&quot;:&quot;&quot;,&quot;camera&quot;:&quot;DSC-RX100&quot;,&quot;caption&quot;:&quot;&quot;,&quot;created_timestamp&quot;:&quot;1399136518&quot;,&quot;copyright&quot;:&quot;&quot;,&quot;focal_length&quot;:&quot;23.27&quot;,&quot;iso&quot;:&quot;100&quot;,&quot;shutter_speed&quot;:&quot;0.2&quot;,&quot;title&quot;:&quot;&quot;}\" data-image-title=\"Kampf der Dinos\" data-image-description=\"&lt;p&gt;Kampf der Dinos&lt;\/p&gt;\n\" data-image-caption=\"&lt;p&gt;Kampf der Dinos&lt;\/p&gt;\n\" data-medium-file=\"https:\/\/i0.wp.com\/my-alps.de\/wp-content\/uploads\/2014\/06\/Kampf-der-Saurier.jpg?fit=300%2C225\" data-large-file=\"https:\/\/i0.wp.com\/my-alps.de\/wp-content\/uploads\/2014\/06\/Kampf-der-Saurier.jpg?fit=625%2C469\" \/><\/a>\n\t\t\t<\/dt>\n\t\t\t\t<dd class='wp-caption-text gallery-caption' id='gallery-1-1253'>\n\t\t\t\tKampf der Dinos\n\t\t\t\t<\/dd><\/dl><br style=\"clear: both\" \/>\n\t\t<\/div>\n\n<p>Ich habe es ja schon angedeutet, ganz Argentinien ist ein<br \/>\nJurassic Park.<\/p>\n<p>Wir waren in diversen Museen, einigen Nationalparks,<br \/>\nund in Villa el Chocon sind sogar die Stra\u00dfenschilder von<br \/>\nDinos abgebissen worden.<br \/>\nBevor sich die Andenkette aufgefaltet hat, und nun die Feuchtigkeit\u00a0<span style=\"line-height: 1.5;\">des Pazifiks in Chile bleibt, war die Landschaft in Argentinien\u00a0<\/span><span style=\"line-height: 1.5;\">ein Sammelbecken f\u00fcr alle Arten von Dinosauriern.<\/span><\/p>\n<p>Hier gab es die gr\u00f6ssten, die gefr\u00e4ssigsten und die \u00e4ltesten<br \/>\nDinosaurier, die bis jetzt auf der Welt gefunden worden sind.<\/p>\n<p>Der schwerste wiegt so knappe 80 Tonnen,<br \/>\nim gef\u00e4hrlichsten\u00a0<span style=\"line-height: 1.5;\">hat ein Mensch locker Platz im Maul.<\/span><\/p>\n<div id=\"attachment_1255\" style=\"width: 693px\" class=\"wp-caption aligncenter\"><a href=\"https:\/\/i0.wp.com\/my-alps.de\/wp-content\/uploads\/2014\/06\/uuuuupppssss......jpg\"><img aria-describedby=\"caption-attachment-1255\" data-attachment-id=\"1255\" data-permalink=\"http:\/\/my-alps.de\/?attachment_id=1255\" data-orig-file=\"https:\/\/i0.wp.com\/my-alps.de\/wp-content\/uploads\/2014\/06\/uuuuupppssss......jpg?fit=683%2C1024\" data-orig-size=\"683,1024\" data-comments-opened=\"1\" data-image-meta=\"{&quot;aperture&quot;:&quot;1.8&quot;,&quot;credit&quot;:&quot;&quot;,&quot;camera&quot;:&quot;NEX-7&quot;,&quot;caption&quot;:&quot;&quot;,&quot;created_timestamp&quot;:&quot;1388256520&quot;,&quot;copyright&quot;:&quot;&quot;,&quot;focal_length&quot;:&quot;24&quot;,&quot;iso&quot;:&quot;1600&quot;,&quot;shutter_speed&quot;:&quot;0.00625&quot;,&quot;title&quot;:&quot;&quot;}\" data-image-title=\"uuuuupppssss&#8230;..\" data-image-description=\"&lt;p&gt;uuuuupppssss&#8230;..&lt;\/p&gt;\n\" data-image-caption=\"&lt;p&gt;uuuuupppssss&#8230;..&lt;\/p&gt;\n\" data-medium-file=\"https:\/\/i0.wp.com\/my-alps.de\/wp-content\/uploads\/2014\/06\/uuuuupppssss......jpg?fit=200%2C300\" data-large-file=\"https:\/\/i0.wp.com\/my-alps.de\/wp-content\/uploads\/2014\/06\/uuuuupppssss......jpg?fit=625%2C937\" loading=\"lazy\" class=\"size-full wp-image-1255\" alt=\"uuuuupppssss.....\" src=\"https:\/\/i0.wp.com\/my-alps.de\/wp-content\/uploads\/2014\/06\/uuuuupppssss......jpg?resize=625%2C937\" width=\"625\" height=\"937\" srcset=\"https:\/\/i0.wp.com\/my-alps.de\/wp-content\/uploads\/2014\/06\/uuuuupppssss......jpg?w=683 683w, https:\/\/i0.wp.com\/my-alps.de\/wp-content\/uploads\/2014\/06\/uuuuupppssss......jpg?resize=200%2C300 200w\" sizes=\"(max-width: 625px) 100vw, 625px\" data-recalc-dims=\"1\" \/><\/a><p id=\"caption-attachment-1255\" class=\"wp-caption-text\">uuuuupppssss&#8230;..<\/p><\/div>\n<p>Es wurden sogar (versteinerte) Dinosaurier &#8211; Eier gefunden.<br \/>\nEins w\u00fcrde zum Fr\u00fchst\u00fcck f\u00fcr eine 10 k\u00f6pfige Familie reichen.<\/p>\n<p>Jedesmal stehen wir staunend vor den Skeletten und sind froh<br \/>\ndas wir erst etwas sp\u00e4ter auf die Welt gekommen sind.<\/p>\n<p>Ob sich ein Wellensittich seiner Vorfahren bewusst ist?<\/p>\n","protected":false},"excerpt":{"rendered":"<p>&nbsp; Ich habe es ja schon angedeutet, ganz Argentinien ist ein Jurassic Park. Wir waren in diversen Museen, einigen Nationalparks, und in Villa el Chocon sind sogar die Stra\u00dfenschilder von Dinos abgebissen worden. Bevor sich die Andenkette aufgefaltet hat, und nun die Feuchtigkeit\u00a0des Pazifiks in Chile bleibt, war die Landschaft in Argentinien\u00a0ein Sammelbecken f\u00fcr alle [&hellip;]<\/p>\n","protected":false},"author":1,"featured_media":0,"comment_status":"open","ping_status":"open","sticky":false,"template":"","format":"gallery","meta":{"spay_email":"","jetpack_publicize_message":"","jetpack_is_tweetstorm":false,"jetpack_publicize_feature_enabled":true},"categories":[1],"tags":[],"jetpack_featured_media_url":"","jetpack_publicize_connections":[],"jetpack_sharing_enabled":true,"jetpack_shortlink":"https:\/\/wp.me\/p6huce-k0","jetpack-related-posts":[{"id":1234,"url":"http:\/\/my-alps.de\/?p=1234","url_meta":{"origin":1240,"position":0},"title":"NP Valle de la Luna und NP Talampaya","date":"15. Juni 2014","format":"gallery","excerpt":"Wir machen zur Zeit \u201eNationalpark Hopping\u201c in Argentinien. Der einfache Grund - an jedem der abseits gelegenen Nationalparks gibt es eine g\u00fcnstige (und sichere) M\u00f6glichkeit mit dem WOMO \u00fcber Nacht zu stehen und sehr viel zu sehen....... Ausserdem gibt es auch wieder mal eine warme Dusche ohne sich die Ellenbogen\u2026","rel":"","context":"In &quot;News&quot;","img":{"alt_text":"","src":"https:\/\/i0.wp.com\/my-alps.de\/wp-content\/uploads\/2014\/06\/Talampaya-V-ce4.jpg?resize=350%2C200","width":350,"height":200},"classes":[]},{"id":1188,"url":"http:\/\/my-alps.de\/?p=1188","url_meta":{"origin":1240,"position":1},"title":"&#8230;mal wieder einige Bilder&#8230;","date":"4. Juni 2014","format":"gallery","excerpt":"Ich habe auf der Fahrt von Osorno bis Santiago kaum fotografiert. Das Wetter war einfach zu schlecht, es war dunstig und teilweise extrem nebelig. Eigentlich keine Ausrede, aber wir wollten erst mal ein St\u00fcck nach Norden kommen. So haben wir uns spontan in Santiago entschieden wieder ein St\u00fcck durch Argentinien\u2026","rel":"","context":"In &quot;News&quot;","img":{"alt_text":"","src":"https:\/\/i0.wp.com\/my-alps.de\/wp-content\/uploads\/2014\/06\/schon-gefroren-II-ce4-HD.jpg?resize=350%2C200","width":350,"height":200},"classes":[]},{"id":1182,"url":"http:\/\/my-alps.de\/?p=1182","url_meta":{"origin":1240,"position":2},"title":"\u2026.immer diese Grenzer!","date":"4. Juni 2014","format":"gallery","excerpt":"Als Angeh\u00f6riger des Schengener Abkommens ist einem der Umgang bei der Grenzabfertigung etwas abhanden gekommen. So haben wir uns bei der \u00dcberquerung der Grenze von Chile nach Argentinien am \u201ePaso Cristo Redentor\u201c von einen netten Herrn erst mal an der falschen Zollstelle anstellen lassen. Die Dame am Zoll hat flei\u00dfig\u2026","rel":"","context":"In &quot;News&quot;","img":{"alt_text":"","src":"https:\/\/i0.wp.com\/my-alps.de\/wp-content\/uploads\/2014\/06\/Via-PanAm-Argentinien.jpg?resize=350%2C200","width":350,"height":200},"classes":[]},{"id":450,"url":"http:\/\/my-alps.de\/?p=450","url_meta":{"origin":1240,"position":3},"title":"Das sagt sie und das meint ER (1von2)","date":"15. Dezember 2013","format":"gallery","excerpt":"Hallo, ihr ZUHAUSEgebliebenen, wir sind heute in Colonia di Sacramento angekommen und sin somit in Uruguay. Dem esten Fussballweltmeister, und wenn's nach den URU'S geht, auch dem kommenden in Brasilien. Die Bilder zu diesem Blog f\u00fcge ich sp\u00e4ter mal ein, das WIFI hier in Uruguay ist nicht so von der\u2026","rel":"","context":"In &quot;News&quot;","img":{"alt_text":"","src":"","width":0,"height":0},"classes":[]},{"id":1308,"url":"http:\/\/my-alps.de\/?p=1308","url_meta":{"origin":1240,"position":4},"title":"Cafayate und durch das Valle Calchaquies nach Salta","date":"30. Juni 2014","format":"gallery","excerpt":"Nach Amaicha haben wir noch die \u201eRuinas de Quilmes\u201c besucht. Die Terrassenanlage wurde teilweise wieder ausgegraben und die Geschichte der Quilmesindianer hat ein trauriges Kapitel. Nach langem Wiederstand gegen die Spanier wurden sie doch unterworfen und der gesamte Stamm nach Buenos Aires deportiert. Nur 600 kamen lebend dort an mehr\u2026","rel":"","context":"In &quot;News&quot;","img":{"alt_text":"","src":"https:\/\/i0.wp.com\/my-alps.de\/wp-content\/uploads\/2014\/06\/Felsfarben-1-Sonnenuntergang-ce4.jpg?resize=350%2C200","width":350,"height":200},"classes":[]},{"id":1301,"url":"http:\/\/my-alps.de\/?p=1301","url_meta":{"origin":1240,"position":5},"title":"immer weiter &#8211; immer an den Anden entlang &#8211; Folge 1+2","date":"30. Juni 2014","format":"gallery","excerpt":"\u2026..\u00fcber die Ruta 40. \u00dcberblick f\u00fcr die folgenden Blogbeitr\u00e4ge bis zur Grenze nach Chile! Folge 1: DIE Stra\u00dfe in Argentinien von Norden nach S\u00fcden, oder umgekehrt. Einsame Schotterpisten, ab und zu mal ein kleiner Ort und Staub - Staub und nochmals Staub. So gelangen wir aus den Nationalparks nach Chilecito,\u2026","rel":"","context":"In &quot;News&quot;","img":{"alt_text":"","src":"","width":0,"height":0},"classes":[]}],"_links":{"self":[{"href":"http:\/\/my-alps.de\/index.php?rest_route=\/wp\/v2\/posts\/1240"}],"collection":[{"href":"http:\/\/my-alps.de\/index.php?rest_route=\/wp\/v2\/posts"}],"about":[{"href":"http:\/\/my-alps.de\/index.php?rest_route=\/wp\/v2\/types\/post"}],"author":[{"embeddable":true,"href":"http:\/\/my-alps.de\/index.php?rest_route=\/wp\/v2\/users\/1"}],"replies":[{"embeddable":true,"href":"http:\/\/my-alps.de\/index.php?rest_route=%2Fwp%2Fv2%2Fcomments&post=1240"}],"version-history":[{"count":5,"href":"http:\/\/my-alps.de\/index.php?rest_route=\/wp\/v2\/posts\/1240\/revisions"}],"predecessor-version":[{"id":1264,"href":"http:\/\/my-alps.de\/index.php?rest_route=\/wp\/v2\/posts\/1240\/revisions\/1264"}],"wp:attachment":[{"href":"http:\/\/my-alps.de\/index.php?rest_route=%2Fwp%2Fv2%2Fmedia&parent=1240"}],"wp:term":[{"taxonomy":"category","embeddable":true,"href":"http:\/\/my-alps.de\/index.php?rest_route=%2Fwp%2Fv2%2Fcategories&post=1240"},{"taxonomy":"post_tag","embeddable":true,"href":"http:\/\/my-alps.de\/index.php?rest_route=%2Fwp%2Fv2%2Ftags&post=1240"}],"curies":[{"name":"wp","href":"https:\/\/api.w.org\/{rel}","templated":true}]}}