{"id":1234,"date":"2014-06-15T22:51:59","date_gmt":"2014-06-15T20:51:59","guid":{"rendered":"http:\/\/my-alps.de\/?p=1234"},"modified":"2014-06-16T01:59:09","modified_gmt":"2014-06-15T23:59:09","slug":"valle-de-la-luna-und-np-talampaya","status":"publish","type":"post","link":"http:\/\/my-alps.de\/?p=1234","title":{"rendered":"NP Valle de la Luna und NP Talampaya"},"content":{"rendered":"<p>Wir machen zur Zeit \u201eNationalpark Hopping\u201c in Argentinien.<br \/>\nDer einfache Grund &#8211; an jedem der abseits gelegenen Nationalparks<br \/>\ngibt es eine g\u00fcnstige (und sichere) M\u00f6glichkeit mit dem WOMO<br \/>\n\u00fcber Nacht zu stehen und sehr viel zu sehen&#8230;&#8230;.<!--more--><\/p>\n<p>Ausserdem gibt es auch wieder mal eine<br \/>\nwarme Dusche ohne sich die Ellenbogen anzuhauen.<\/p>\n<div id=\"attachment_1238\" style=\"width: 1034px\" class=\"wp-caption aligncenter\"><a href=\"https:\/\/i0.wp.com\/my-alps.de\/wp-content\/uploads\/2014\/06\/Ischigualasto-I-ce4.jpg\"><img aria-describedby=\"caption-attachment-1238\" data-attachment-id=\"1238\" data-permalink=\"http:\/\/my-alps.de\/?attachment_id=1238\" data-orig-file=\"https:\/\/i0.wp.com\/my-alps.de\/wp-content\/uploads\/2014\/06\/Ischigualasto-I-ce4.jpg?fit=1024%2C683\" data-orig-size=\"1024,683\" data-comments-opened=\"1\" data-image-meta=\"{&quot;aperture&quot;:&quot;11&quot;,&quot;credit&quot;:&quot;&quot;,&quot;camera&quot;:&quot;SLT-A99V&quot;,&quot;caption&quot;:&quot;&quot;,&quot;created_timestamp&quot;:&quot;1402407549&quot;,&quot;copyright&quot;:&quot;&quot;,&quot;focal_length&quot;:&quot;50&quot;,&quot;iso&quot;:&quot;100&quot;,&quot;shutter_speed&quot;:&quot;0.011111111111111&quot;,&quot;title&quot;:&quot;&quot;}\" data-image-title=\"Ischigualasto I-ce4\" data-image-description=\"&lt;p&gt;Ischigualasto I&lt;\/p&gt;\n\" data-image-caption=\"&lt;p&gt;Ischigualasto I&lt;\/p&gt;\n\" data-medium-file=\"https:\/\/i0.wp.com\/my-alps.de\/wp-content\/uploads\/2014\/06\/Ischigualasto-I-ce4.jpg?fit=300%2C200\" data-large-file=\"https:\/\/i0.wp.com\/my-alps.de\/wp-content\/uploads\/2014\/06\/Ischigualasto-I-ce4.jpg?fit=625%2C417\" loading=\"lazy\" class=\"size-full wp-image-1238\" alt=\"Ischigualasto I\" src=\"https:\/\/i0.wp.com\/my-alps.de\/wp-content\/uploads\/2014\/06\/Ischigualasto-I-ce4.jpg?resize=625%2C417\" width=\"625\" height=\"417\" srcset=\"https:\/\/i0.wp.com\/my-alps.de\/wp-content\/uploads\/2014\/06\/Ischigualasto-I-ce4.jpg?w=1024 1024w, https:\/\/i0.wp.com\/my-alps.de\/wp-content\/uploads\/2014\/06\/Ischigualasto-I-ce4.jpg?resize=300%2C200 300w\" sizes=\"(max-width: 625px) 100vw, 625px\" data-recalc-dims=\"1\" \/><\/a><p id=\"caption-attachment-1238\" class=\"wp-caption-text\">Ischigualasto I<\/p><\/div>\n<p>Valle de la Luna &#8211; Mondtal so heisst der erste<br \/>\nNationalpark in der Provinz San Juan,<br \/>\nTalampaya der n\u00e4chste in der Provinz La Rioja.<br \/>\nMan f\u00e4hrt das Valle Fertil so knapp 120 km nach Norden, und die<br \/>\nLandschaft h\u00e4lt auf einmal Kakteen bereit, sch\u00f6ne stachelige Kakteen.<\/p>\n<div id=\"attachment_1243\" style=\"width: 1034px\" class=\"wp-caption aligncenter\"><a href=\"https:\/\/i0.wp.com\/my-alps.de\/wp-content\/uploads\/2014\/06\/Ischigualasto-V-ce4.jpg\"><img aria-describedby=\"caption-attachment-1243\" data-attachment-id=\"1243\" data-permalink=\"http:\/\/my-alps.de\/?attachment_id=1243\" data-orig-file=\"https:\/\/i0.wp.com\/my-alps.de\/wp-content\/uploads\/2014\/06\/Ischigualasto-V-ce4.jpg?fit=1024%2C683\" data-orig-size=\"1024,683\" data-comments-opened=\"1\" data-image-meta=\"{&quot;aperture&quot;:&quot;6.7&quot;,&quot;credit&quot;:&quot;&quot;,&quot;camera&quot;:&quot;SLT-A99V&quot;,&quot;caption&quot;:&quot;&quot;,&quot;created_timestamp&quot;:&quot;1402335090&quot;,&quot;copyright&quot;:&quot;&quot;,&quot;focal_length&quot;:&quot;200&quot;,&quot;iso&quot;:&quot;100&quot;,&quot;shutter_speed&quot;:&quot;0.004&quot;,&quot;title&quot;:&quot;&quot;}\" data-image-title=\" Ischigualasto-V-ce4\" data-image-description=\"&lt;p&gt; Ischigualasto-V&lt;\/p&gt;\n\" data-image-caption=\"&lt;p&gt; Ischigualasto-V&lt;\/p&gt;\n\" data-medium-file=\"https:\/\/i0.wp.com\/my-alps.de\/wp-content\/uploads\/2014\/06\/Ischigualasto-V-ce4.jpg?fit=300%2C200\" data-large-file=\"https:\/\/i0.wp.com\/my-alps.de\/wp-content\/uploads\/2014\/06\/Ischigualasto-V-ce4.jpg?fit=625%2C417\" loading=\"lazy\" class=\"size-full wp-image-1243\" alt=\" Ischigualasto-V\" src=\"https:\/\/i0.wp.com\/my-alps.de\/wp-content\/uploads\/2014\/06\/Ischigualasto-V-ce4.jpg?resize=625%2C417\" width=\"625\" height=\"417\" srcset=\"https:\/\/i0.wp.com\/my-alps.de\/wp-content\/uploads\/2014\/06\/Ischigualasto-V-ce4.jpg?w=1024 1024w, https:\/\/i0.wp.com\/my-alps.de\/wp-content\/uploads\/2014\/06\/Ischigualasto-V-ce4.jpg?resize=300%2C200 300w\" sizes=\"(max-width: 625px) 100vw, 625px\" data-recalc-dims=\"1\" \/><\/a><p id=\"caption-attachment-1243\" class=\"wp-caption-text\">Ischigualasto-V<\/p><\/div>\n<p>Stehen auf einmal einfach so in der Landschaft herum.<br \/>\nDann erreicht man den Nationalpark \u201eIschigualasto\u201c, so heisst das<br \/>\nValle de la Luna eigentlich richtig.<br \/>\nHier sind die \u00e4ltesten Saurierskelette\u00a0<span style=\"line-height: 1.5;\">ausgegraben worden.<br \/>\nUnd wenn man die Tour durch diese einzigartige<\/span><br \/>\nLandschaft macht, dann glaubt man es sofort, das dieser Ort ein<br \/>\nriesiger Spielplatz f\u00fcr Pal\u00e4ontologen ist.<br \/>\nEigentlich ist ja ganz Argentinien\u00a0<span style=\"line-height: 1.5;\">ein Jurassic Park<br \/>\n&#8211; aber dar\u00fcber mehr in einem anderen Blog.<\/span><\/p>\n<div id=\"attachment_1244\" style=\"width: 1034px\" class=\"wp-caption aligncenter\"><a href=\"https:\/\/i0.wp.com\/my-alps.de\/wp-content\/uploads\/2014\/06\/Ischigualasto-IV-ce4.jpg\"><img aria-describedby=\"caption-attachment-1244\" data-attachment-id=\"1244\" data-permalink=\"http:\/\/my-alps.de\/?attachment_id=1244\" data-orig-file=\"https:\/\/i0.wp.com\/my-alps.de\/wp-content\/uploads\/2014\/06\/Ischigualasto-IV-ce4.jpg?fit=1024%2C683\" data-orig-size=\"1024,683\" data-comments-opened=\"1\" data-image-meta=\"{&quot;aperture&quot;:&quot;9.5&quot;,&quot;credit&quot;:&quot;&quot;,&quot;camera&quot;:&quot;SLT-A99V&quot;,&quot;caption&quot;:&quot;&quot;,&quot;created_timestamp&quot;:&quot;1402399867&quot;,&quot;copyright&quot;:&quot;&quot;,&quot;focal_length&quot;:&quot;70&quot;,&quot;iso&quot;:&quot;100&quot;,&quot;shutter_speed&quot;:&quot;0.004&quot;,&quot;title&quot;:&quot;&quot;}\" data-image-title=\"Ischigualasto IV-ce4\" data-image-description=\"&lt;p&gt;Ischigualasto IV&lt;\/p&gt;\n\" data-image-caption=\"&lt;p&gt;Ischigualasto IV&lt;\/p&gt;\n\" data-medium-file=\"https:\/\/i0.wp.com\/my-alps.de\/wp-content\/uploads\/2014\/06\/Ischigualasto-IV-ce4.jpg?fit=300%2C200\" data-large-file=\"https:\/\/i0.wp.com\/my-alps.de\/wp-content\/uploads\/2014\/06\/Ischigualasto-IV-ce4.jpg?fit=625%2C417\" loading=\"lazy\" class=\"size-full wp-image-1244\" alt=\"Ischigualasto IV\" src=\"https:\/\/i0.wp.com\/my-alps.de\/wp-content\/uploads\/2014\/06\/Ischigualasto-IV-ce4.jpg?resize=625%2C417\" width=\"625\" height=\"417\" srcset=\"https:\/\/i0.wp.com\/my-alps.de\/wp-content\/uploads\/2014\/06\/Ischigualasto-IV-ce4.jpg?w=1024 1024w, https:\/\/i0.wp.com\/my-alps.de\/wp-content\/uploads\/2014\/06\/Ischigualasto-IV-ce4.jpg?resize=300%2C200 300w\" sizes=\"(max-width: 625px) 100vw, 625px\" data-recalc-dims=\"1\" \/><\/a><p id=\"caption-attachment-1244\" class=\"wp-caption-text\">Ischigualasto IV<\/p><\/div>\n<p>Hier, jedenfalls gibt es ausser sonderbaren Steinformationen nichts<br \/>\nweiter als noch sonderbarerer Steinformationen.<br \/>\nWasser, Wind und vor allem Zeit haben aus dieser Natur<br \/>\nein wunderbares Kunstwerk geschaffen.<\/p>\n<div id=\"attachment_1245\" style=\"width: 1034px\" class=\"wp-caption aligncenter\"><a href=\"https:\/\/i0.wp.com\/my-alps.de\/wp-content\/uploads\/2014\/06\/Ischigualasto-II-ce4.jpg\"><img aria-describedby=\"caption-attachment-1245\" data-attachment-id=\"1245\" data-permalink=\"http:\/\/my-alps.de\/?attachment_id=1245\" data-orig-file=\"https:\/\/i0.wp.com\/my-alps.de\/wp-content\/uploads\/2014\/06\/Ischigualasto-II-ce4.jpg?fit=1024%2C683\" data-orig-size=\"1024,683\" data-comments-opened=\"1\" data-image-meta=\"{&quot;aperture&quot;:&quot;11&quot;,&quot;credit&quot;:&quot;&quot;,&quot;camera&quot;:&quot;SLT-A99V&quot;,&quot;caption&quot;:&quot;&quot;,&quot;created_timestamp&quot;:&quot;1402405047&quot;,&quot;copyright&quot;:&quot;&quot;,&quot;focal_length&quot;:&quot;50&quot;,&quot;iso&quot;:&quot;100&quot;,&quot;shutter_speed&quot;:&quot;0.008&quot;,&quot;title&quot;:&quot;&quot;}\" data-image-title=\"Ischigualasto II-ce4\" data-image-description=\"&lt;p&gt;Ischigualasto II&lt;\/p&gt;\n\" data-image-caption=\"&lt;p&gt;Ischigualasto II&lt;\/p&gt;\n\" data-medium-file=\"https:\/\/i0.wp.com\/my-alps.de\/wp-content\/uploads\/2014\/06\/Ischigualasto-II-ce4.jpg?fit=300%2C200\" data-large-file=\"https:\/\/i0.wp.com\/my-alps.de\/wp-content\/uploads\/2014\/06\/Ischigualasto-II-ce4.jpg?fit=625%2C417\" loading=\"lazy\" class=\"size-full wp-image-1245\" alt=\"Ischigualasto II\" src=\"https:\/\/i0.wp.com\/my-alps.de\/wp-content\/uploads\/2014\/06\/Ischigualasto-II-ce4.jpg?resize=625%2C417\" width=\"625\" height=\"417\" srcset=\"https:\/\/i0.wp.com\/my-alps.de\/wp-content\/uploads\/2014\/06\/Ischigualasto-II-ce4.jpg?w=1024 1024w, https:\/\/i0.wp.com\/my-alps.de\/wp-content\/uploads\/2014\/06\/Ischigualasto-II-ce4.jpg?resize=300%2C200 300w\" sizes=\"(max-width: 625px) 100vw, 625px\" data-recalc-dims=\"1\" \/><\/a><p id=\"caption-attachment-1245\" class=\"wp-caption-text\">Ischigualasto II<\/p><\/div>\n<p>Gleich um die Ecke liegt dann der NP Talampaya. V\u00f6llig anders,<br \/>\naber genauso spektakul\u00e4r.<br \/>\nHier kann man nur mit einer gef\u00fchrten Tour\u00a0<span style=\"line-height: 1.5;\">den Canyon besichtigen, da der Weg direkt durch das (im Winter!)<\/span><br \/>\ntrockene Flusstal f\u00fchrt.<\/p>\n<div id=\"attachment_1247\" style=\"width: 1034px\" class=\"wp-caption aligncenter\"><a href=\"https:\/\/i0.wp.com\/my-alps.de\/wp-content\/uploads\/2014\/06\/Talampaya-I-ce4.jpg\"><img aria-describedby=\"caption-attachment-1247\" data-attachment-id=\"1247\" data-permalink=\"http:\/\/my-alps.de\/?attachment_id=1247\" data-orig-file=\"https:\/\/i0.wp.com\/my-alps.de\/wp-content\/uploads\/2014\/06\/Talampaya-I-ce4.jpg?fit=1024%2C683\" data-orig-size=\"1024,683\" data-comments-opened=\"1\" data-image-meta=\"{&quot;aperture&quot;:&quot;11&quot;,&quot;credit&quot;:&quot;&quot;,&quot;camera&quot;:&quot;SLT-A99V&quot;,&quot;caption&quot;:&quot;&quot;,&quot;created_timestamp&quot;:&quot;1402490104&quot;,&quot;copyright&quot;:&quot;&quot;,&quot;focal_length&quot;:&quot;50&quot;,&quot;iso&quot;:&quot;100&quot;,&quot;shutter_speed&quot;:&quot;0.008&quot;,&quot;title&quot;:&quot;&quot;}\" data-image-title=\"Talampaya I-ce4\" data-image-description=\"&lt;p&gt;Talampaya I&lt;\/p&gt;\n\" data-image-caption=\"&lt;p&gt;Talampaya I&lt;\/p&gt;\n\" data-medium-file=\"https:\/\/i0.wp.com\/my-alps.de\/wp-content\/uploads\/2014\/06\/Talampaya-I-ce4.jpg?fit=300%2C200\" data-large-file=\"https:\/\/i0.wp.com\/my-alps.de\/wp-content\/uploads\/2014\/06\/Talampaya-I-ce4.jpg?fit=625%2C417\" loading=\"lazy\" class=\"size-full wp-image-1247\" alt=\"Talampaya I\" src=\"https:\/\/i0.wp.com\/my-alps.de\/wp-content\/uploads\/2014\/06\/Talampaya-I-ce4.jpg?resize=625%2C417\" width=\"625\" height=\"417\" srcset=\"https:\/\/i0.wp.com\/my-alps.de\/wp-content\/uploads\/2014\/06\/Talampaya-I-ce4.jpg?w=1024 1024w, https:\/\/i0.wp.com\/my-alps.de\/wp-content\/uploads\/2014\/06\/Talampaya-I-ce4.jpg?resize=300%2C200 300w\" sizes=\"(max-width: 625px) 100vw, 625px\" data-recalc-dims=\"1\" \/><\/a><p id=\"caption-attachment-1247\" class=\"wp-caption-text\">Talampaya I<\/p><\/div>\n<p>Die Tour ist hervorragend organisiert und dauert etwa 3 Stunden.<br \/>\nDann ist man von der extrem trockenen Luft,<br \/>\n(gerade mal 5 % Luftfeuchtigkeit!) auch ausged\u00f6rrt.<\/p>\n<div id=\"attachment_1248\" style=\"width: 1034px\" class=\"wp-caption aligncenter\"><a href=\"https:\/\/i0.wp.com\/my-alps.de\/wp-content\/uploads\/2014\/06\/Talampaya-II-ce4.jpg\"><img aria-describedby=\"caption-attachment-1248\" data-attachment-id=\"1248\" data-permalink=\"http:\/\/my-alps.de\/?attachment_id=1248\" data-orig-file=\"https:\/\/i0.wp.com\/my-alps.de\/wp-content\/uploads\/2014\/06\/Talampaya-II-ce4.jpg?fit=1024%2C683\" data-orig-size=\"1024,683\" data-comments-opened=\"1\" data-image-meta=\"{&quot;aperture&quot;:&quot;5&quot;,&quot;credit&quot;:&quot;&quot;,&quot;camera&quot;:&quot;NEX-7&quot;,&quot;caption&quot;:&quot;&quot;,&quot;created_timestamp&quot;:&quot;1402486523&quot;,&quot;copyright&quot;:&quot;&quot;,&quot;focal_length&quot;:&quot;18&quot;,&quot;iso&quot;:&quot;100&quot;,&quot;shutter_speed&quot;:&quot;0.01&quot;,&quot;title&quot;:&quot;&quot;}\" data-image-title=\"Talampaya II-ce4\" data-image-description=\"&lt;p&gt;Talampaya II&lt;\/p&gt;\n\" data-image-caption=\"&lt;p&gt;Talampaya II&lt;\/p&gt;\n\" data-medium-file=\"https:\/\/i0.wp.com\/my-alps.de\/wp-content\/uploads\/2014\/06\/Talampaya-II-ce4.jpg?fit=300%2C200\" data-large-file=\"https:\/\/i0.wp.com\/my-alps.de\/wp-content\/uploads\/2014\/06\/Talampaya-II-ce4.jpg?fit=625%2C417\" loading=\"lazy\" class=\"size-full wp-image-1248\" alt=\"Talampaya II\" src=\"https:\/\/i0.wp.com\/my-alps.de\/wp-content\/uploads\/2014\/06\/Talampaya-II-ce4.jpg?resize=625%2C417\" width=\"625\" height=\"417\" srcset=\"https:\/\/i0.wp.com\/my-alps.de\/wp-content\/uploads\/2014\/06\/Talampaya-II-ce4.jpg?w=1024 1024w, https:\/\/i0.wp.com\/my-alps.de\/wp-content\/uploads\/2014\/06\/Talampaya-II-ce4.jpg?resize=300%2C200 300w\" sizes=\"(max-width: 625px) 100vw, 625px\" data-recalc-dims=\"1\" \/><\/a><p id=\"caption-attachment-1248\" class=\"wp-caption-text\">Talampaya II<\/p><\/div>\n<p>Der Canyon \u00fcberrascht mit Petroglyphen und Felsw\u00e4nden, die durch\u00a0<span style=\"line-height: 1.5;\">die Erosion geformt wurden als h\u00e4tte Herr Gaudi pers\u00f6nlich hier gearbeitet.<\/span><\/p>\n<div id=\"attachment_1249\" style=\"width: 1034px\" class=\"wp-caption aligncenter\"><a href=\"https:\/\/i0.wp.com\/my-alps.de\/wp-content\/uploads\/2014\/06\/Talampaya-V-ce4.jpg\"><img aria-describedby=\"caption-attachment-1249\" data-attachment-id=\"1249\" data-permalink=\"http:\/\/my-alps.de\/?attachment_id=1249\" data-orig-file=\"https:\/\/i0.wp.com\/my-alps.de\/wp-content\/uploads\/2014\/06\/Talampaya-V-ce4.jpg?fit=1024%2C683\" data-orig-size=\"1024,683\" data-comments-opened=\"1\" data-image-meta=\"{&quot;aperture&quot;:&quot;11&quot;,&quot;credit&quot;:&quot;&quot;,&quot;camera&quot;:&quot;SLT-A99V&quot;,&quot;caption&quot;:&quot;&quot;,&quot;created_timestamp&quot;:&quot;1402493259&quot;,&quot;copyright&quot;:&quot;&quot;,&quot;focal_length&quot;:&quot;26&quot;,&quot;iso&quot;:&quot;100&quot;,&quot;shutter_speed&quot;:&quot;0.011111111111111&quot;,&quot;title&quot;:&quot;&quot;}\" data-image-title=\"Talampaya V-ce4\" data-image-description=\"&lt;p&gt;Talampaya V&lt;\/p&gt;\n\" data-image-caption=\"\" data-medium-file=\"https:\/\/i0.wp.com\/my-alps.de\/wp-content\/uploads\/2014\/06\/Talampaya-V-ce4.jpg?fit=300%2C200\" data-large-file=\"https:\/\/i0.wp.com\/my-alps.de\/wp-content\/uploads\/2014\/06\/Talampaya-V-ce4.jpg?fit=625%2C417\" loading=\"lazy\" class=\"size-full wp-image-1249\" alt=\"Talampaya V\" src=\"https:\/\/i0.wp.com\/my-alps.de\/wp-content\/uploads\/2014\/06\/Talampaya-V-ce4.jpg?resize=625%2C417\" width=\"625\" height=\"417\" srcset=\"https:\/\/i0.wp.com\/my-alps.de\/wp-content\/uploads\/2014\/06\/Talampaya-V-ce4.jpg?w=1024 1024w, https:\/\/i0.wp.com\/my-alps.de\/wp-content\/uploads\/2014\/06\/Talampaya-V-ce4.jpg?resize=300%2C200 300w\" sizes=\"(max-width: 625px) 100vw, 625px\" data-recalc-dims=\"1\" \/><\/a><p id=\"caption-attachment-1249\" class=\"wp-caption-text\">Talampaya V<\/p><\/div>\n<p>Wieder einmal stehen wir vor der Natur und ihrer gewaltigen Kraft<br \/>\nund kommen uns ganz winzig darin vor.<\/p>\n<p>&nbsp;<\/p>\n","protected":false},"excerpt":{"rendered":"<p>Wir machen zur Zeit \u201eNationalpark Hopping\u201c in Argentinien. Der einfache Grund &#8211; an jedem der abseits gelegenen Nationalparks gibt es eine g\u00fcnstige (und sichere) M\u00f6glichkeit mit dem WOMO \u00fcber Nacht zu stehen und sehr viel zu sehen&#8230;&#8230;.<\/p>\n","protected":false},"author":1,"featured_media":0,"comment_status":"open","ping_status":"open","sticky":false,"template":"","format":"gallery","meta":{"spay_email":"","jetpack_publicize_message":"","jetpack_is_tweetstorm":false,"jetpack_publicize_feature_enabled":true},"categories":[1],"tags":[],"jetpack_featured_media_url":"","jetpack_publicize_connections":[],"jetpack_sharing_enabled":true,"jetpack_shortlink":"https:\/\/wp.me\/p6huce-jU","jetpack-related-posts":[{"id":1304,"url":"http:\/\/my-alps.de\/?p=1304","url_meta":{"origin":1234,"position":0},"title":"Chilecito, Hualko, Amaicha und Tafi del Valles","date":"30. Juni 2014","format":"gallery","excerpt":"Chronologisch unserer Reiseroute ging es nach dem NP Talampaya in Richtung Chilecito. Da die Ruta 40 zur dieser Zeit \u00fcber die\u00a0\u201eCuesta de Miranda\u201c gesperrt war, mussten wir einen \u201ekleinen\u201c\u00a0Umweg von ca. 250 Kilometer machen. Die Fahrt ging zur\u00fcck \u00fcber die Ruta 76 bis nach Pataguia und dann die Ruta 74\u2026","rel":"","context":"In &quot;News&quot;","img":{"alt_text":"","src":"https:\/\/i0.wp.com\/my-alps.de\/wp-content\/uploads\/2014\/06\/DSC03910.jpg?resize=350%2C200","width":350,"height":200},"classes":[]},{"id":1301,"url":"http:\/\/my-alps.de\/?p=1301","url_meta":{"origin":1234,"position":1},"title":"immer weiter &#8211; immer an den Anden entlang &#8211; Folge 1+2","date":"30. Juni 2014","format":"gallery","excerpt":"\u2026..\u00fcber die Ruta 40. \u00dcberblick f\u00fcr die folgenden Blogbeitr\u00e4ge bis zur Grenze nach Chile! Folge 1: DIE Stra\u00dfe in Argentinien von Norden nach S\u00fcden, oder umgekehrt. Einsame Schotterpisten, ab und zu mal ein kleiner Ort und Staub - Staub und nochmals Staub. So gelangen wir aus den Nationalparks nach Chilecito,\u2026","rel":"","context":"In &quot;News&quot;","img":{"alt_text":"","src":"","width":0,"height":0},"classes":[]},{"id":1308,"url":"http:\/\/my-alps.de\/?p=1308","url_meta":{"origin":1234,"position":2},"title":"Cafayate und durch das Valle Calchaquies nach Salta","date":"30. Juni 2014","format":"gallery","excerpt":"Nach Amaicha haben wir noch die \u201eRuinas de Quilmes\u201c besucht. Die Terrassenanlage wurde teilweise wieder ausgegraben und die Geschichte der Quilmesindianer hat ein trauriges Kapitel. Nach langem Wiederstand gegen die Spanier wurden sie doch unterworfen und der gesamte Stamm nach Buenos Aires deportiert. Nur 600 kamen lebend dort an mehr\u2026","rel":"","context":"In &quot;News&quot;","img":{"alt_text":"","src":"https:\/\/i0.wp.com\/my-alps.de\/wp-content\/uploads\/2014\/06\/Felsfarben-1-Sonnenuntergang-ce4.jpg?resize=350%2C200","width":350,"height":200},"classes":[]},{"id":1691,"url":"http:\/\/my-alps.de\/?p=1691","url_meta":{"origin":1234,"position":3},"title":"Desertio Tatacoa","date":"6. Oktober 2014","format":"gallery","excerpt":"Auf unserem Weg durch Kolumbien reihen sich wieder die verschiedensten und sch\u00f6nsten Landschaften aneinander. Erst ist man umgeben von Bergwald, der sich meist in Wolken und Nebel versteckt, dann kommen Zuckerrohrplantagen und die Gegend wird Landwirtschaftlich genutzt. Die beiden Gebirgsz\u00fcge werden durch den Rio Magdalena getrennt. Und auf einmal liegt\u2026","rel":"","context":"In &quot;News&quot;","img":{"alt_text":"","src":"https:\/\/i0.wp.com\/my-alps.de\/wp-content\/uploads\/2014\/10\/Desertio-Tatacoa-2-ce4.jpg?resize=350%2C200","width":350,"height":200},"classes":[]},{"id":1213,"url":"http:\/\/my-alps.de\/?p=1213","url_meta":{"origin":1234,"position":4},"title":"Nationalpark Leoncito","date":"10. Juni 2014","format":"gallery","excerpt":"Von Mendoza sind wir wieder ein St\u00fcck zur\u00fcck gefahren in Richtung Uspallata, um die Ruta 149 nach Norden zu nehmen. Die Strecke f\u00fchrt direkt an den Ausl\u00e4ufern der Anden entlang, und man hat st\u00e4ndig die schneebedeckten Berge im Blick. So fahren wir ca. 100 km (mit dem Kopf leicht nach\u2026","rel":"","context":"In &quot;News&quot;","img":{"alt_text":"","src":"https:\/\/i0.wp.com\/my-alps.de\/wp-content\/uploads\/2014\/06\/Rio-San-Juan-I-ce4.jpg?resize=350%2C200","width":350,"height":200},"classes":[]},{"id":1077,"url":"http:\/\/my-alps.de\/?p=1077","url_meta":{"origin":1234,"position":5},"title":"In Naturcolor nach Araukanien","date":"3. Mai 2014","format":"gallery","excerpt":"Die ersten Nachtfr\u00f6ste haben uns einen zauberhaften Morgen geschenkt und wir sind ein St\u00fcck weiter nach Norden gezogen. Die n\u00e4chste Stadt auf unserem Weg ist San Martin des los Andes. Eine Tourismus\u201coase\u201c f\u00fcr alle m\u00f6glichen Outdoorsportarten. Man kann hier sogar richtig Skifahren, und der Ort macht sich fertig f\u00fcr die\u2026","rel":"","context":"In &quot;News&quot;","img":{"alt_text":"","src":"https:\/\/i0.wp.com\/my-alps.de\/wp-content\/uploads\/2014\/05\/Vegetationszonen-I-ce4.jpg?resize=350%2C200","width":350,"height":200},"classes":[]}],"_links":{"self":[{"href":"http:\/\/my-alps.de\/index.php?rest_route=\/wp\/v2\/posts\/1234"}],"collection":[{"href":"http:\/\/my-alps.de\/index.php?rest_route=\/wp\/v2\/posts"}],"about":[{"href":"http:\/\/my-alps.de\/index.php?rest_route=\/wp\/v2\/types\/post"}],"author":[{"embeddable":true,"href":"http:\/\/my-alps.de\/index.php?rest_route=\/wp\/v2\/users\/1"}],"replies":[{"embeddable":true,"href":"http:\/\/my-alps.de\/index.php?rest_route=%2Fwp%2Fv2%2Fcomments&post=1234"}],"version-history":[{"count":7,"href":"http:\/\/my-alps.de\/index.php?rest_route=\/wp\/v2\/posts\/1234\/revisions"}],"predecessor-version":[{"id":1250,"href":"http:\/\/my-alps.de\/index.php?rest_route=\/wp\/v2\/posts\/1234\/revisions\/1250"}],"wp:attachment":[{"href":"http:\/\/my-alps.de\/index.php?rest_route=%2Fwp%2Fv2%2Fmedia&parent=1234"}],"wp:term":[{"taxonomy":"category","embeddable":true,"href":"http:\/\/my-alps.de\/index.php?rest_route=%2Fwp%2Fv2%2Fcategories&post=1234"},{"taxonomy":"post_tag","embeddable":true,"href":"http:\/\/my-alps.de\/index.php?rest_route=%2Fwp%2Fv2%2Ftags&post=1234"}],"curies":[{"name":"wp","href":"https:\/\/api.w.org\/{rel}","templated":true}]}}