{"id":1231,"date":"2014-06-15T22:48:53","date_gmt":"2014-06-15T20:48:53","guid":{"rendered":"http:\/\/my-alps.de\/?p=1231"},"modified":"2014-06-16T21:50:16","modified_gmt":"2014-06-16T19:50:16","slug":"la-difunta-correa-oder-der-kaputte-keilriemen","status":"publish","type":"post","link":"http:\/\/my-alps.de\/?p=1231","title":{"rendered":"La Difunta Correa &#8211; oder, der kaputte Keilriemen&#8230;"},"content":{"rendered":"<div id=\"attachment_1270\" style=\"width: 1034px\" class=\"wp-caption aligncenter\"><a href=\"https:\/\/i0.wp.com\/my-alps.de\/wp-content\/uploads\/2014\/06\/La-Difunta-Correa-I.jpg\"><img aria-describedby=\"caption-attachment-1270\" data-attachment-id=\"1270\" data-permalink=\"http:\/\/my-alps.de\/?attachment_id=1270\" data-orig-file=\"https:\/\/i0.wp.com\/my-alps.de\/wp-content\/uploads\/2014\/06\/La-Difunta-Correa-I.jpg?fit=1024%2C683\" data-orig-size=\"1024,683\" data-comments-opened=\"1\" data-image-meta=\"{&quot;aperture&quot;:&quot;11&quot;,&quot;credit&quot;:&quot;&quot;,&quot;camera&quot;:&quot;SLT-A99V&quot;,&quot;caption&quot;:&quot;&quot;,&quot;created_timestamp&quot;:&quot;1402072057&quot;,&quot;copyright&quot;:&quot;&quot;,&quot;focal_length&quot;:&quot;24&quot;,&quot;iso&quot;:&quot;100&quot;,&quot;shutter_speed&quot;:&quot;0.008&quot;,&quot;title&quot;:&quot;&quot;}\" data-image-title=\"La Difunta Correa-I\" data-image-description=\"&lt;p&gt;La Difunta Correa-I&lt;\/p&gt;\n\" data-image-caption=\"&lt;p&gt;La Difunta Correa-I&lt;\/p&gt;\n\" data-medium-file=\"https:\/\/i0.wp.com\/my-alps.de\/wp-content\/uploads\/2014\/06\/La-Difunta-Correa-I.jpg?fit=300%2C200\" data-large-file=\"https:\/\/i0.wp.com\/my-alps.de\/wp-content\/uploads\/2014\/06\/La-Difunta-Correa-I.jpg?fit=625%2C417\" loading=\"lazy\" class=\"size-full wp-image-1270\" alt=\"La Difunta Correa-I\" src=\"https:\/\/i0.wp.com\/my-alps.de\/wp-content\/uploads\/2014\/06\/La-Difunta-Correa-I.jpg?resize=625%2C417\" width=\"625\" height=\"417\" srcset=\"https:\/\/i0.wp.com\/my-alps.de\/wp-content\/uploads\/2014\/06\/La-Difunta-Correa-I.jpg?w=1024 1024w, https:\/\/i0.wp.com\/my-alps.de\/wp-content\/uploads\/2014\/06\/La-Difunta-Correa-I.jpg?resize=300%2C200 300w\" sizes=\"(max-width: 625px) 100vw, 625px\" data-recalc-dims=\"1\" \/><\/a><p id=\"caption-attachment-1270\" class=\"wp-caption-text\">La Difunta Correa-I<\/p><\/div>\n<p>Vallecito, in der N\u00e4he von San Juan<br \/>\n&#8211; ein kleiner Punkt auf der Landkarte in Argentinien,<br \/>\ndoch (nahezu) jeder kennt diesen Ort.<!--more--><\/p>\n<div id=\"attachment_1269\" style=\"width: 1034px\" class=\"wp-caption aligncenter\"><a href=\"https:\/\/i0.wp.com\/my-alps.de\/wp-content\/uploads\/2014\/06\/La-Difunta-Correa-IV.jpg\"><img aria-describedby=\"caption-attachment-1269\" data-attachment-id=\"1269\" data-permalink=\"http:\/\/my-alps.de\/?attachment_id=1269\" data-orig-file=\"https:\/\/i0.wp.com\/my-alps.de\/wp-content\/uploads\/2014\/06\/La-Difunta-Correa-IV.jpg?fit=1024%2C768\" data-orig-size=\"1024,768\" data-comments-opened=\"1\" data-image-meta=\"{&quot;aperture&quot;:&quot;4.5&quot;,&quot;credit&quot;:&quot;&quot;,&quot;camera&quot;:&quot;DSC-RX100&quot;,&quot;caption&quot;:&quot;&quot;,&quot;created_timestamp&quot;:&quot;1402247669&quot;,&quot;copyright&quot;:&quot;&quot;,&quot;focal_length&quot;:&quot;10.4&quot;,&quot;iso&quot;:&quot;320&quot;,&quot;shutter_speed&quot;:&quot;0.004&quot;,&quot;title&quot;:&quot;&quot;}\" data-image-title=\"La Difunta Correa-IV\" data-image-description=\"&lt;p&gt;La Difunta Correa-IV&lt;\/p&gt;\n\" data-image-caption=\"&lt;p&gt;La Difunta Correa-IV&lt;\/p&gt;\n\" data-medium-file=\"https:\/\/i0.wp.com\/my-alps.de\/wp-content\/uploads\/2014\/06\/La-Difunta-Correa-IV.jpg?fit=300%2C225\" data-large-file=\"https:\/\/i0.wp.com\/my-alps.de\/wp-content\/uploads\/2014\/06\/La-Difunta-Correa-IV.jpg?fit=625%2C469\" loading=\"lazy\" class=\"size-full wp-image-1269\" alt=\"La Difunta Correa-IV\" src=\"https:\/\/i0.wp.com\/my-alps.de\/wp-content\/uploads\/2014\/06\/La-Difunta-Correa-IV.jpg?resize=625%2C469\" width=\"625\" height=\"469\" srcset=\"https:\/\/i0.wp.com\/my-alps.de\/wp-content\/uploads\/2014\/06\/La-Difunta-Correa-IV.jpg?w=1024 1024w, https:\/\/i0.wp.com\/my-alps.de\/wp-content\/uploads\/2014\/06\/La-Difunta-Correa-IV.jpg?resize=300%2C225 300w\" sizes=\"(max-width: 625px) 100vw, 625px\" data-recalc-dims=\"1\" \/><\/a><p id=\"caption-attachment-1269\" class=\"wp-caption-text\">La Difunta Correa-IV<\/p><\/div>\n<p><span style=\"line-height: 1.5;\">Hier spielen sich Tag f\u00fcr Tag r\u00fchrende Szenen aus dem<br \/>\n<\/span><span style=\"line-height: 1.5;\">Leben des (autofahrenden) Menschen ab.<\/span><\/p>\n<div id=\"attachment_1272\" style=\"width: 1034px\" class=\"wp-caption aligncenter\"><a href=\"https:\/\/i0.wp.com\/my-alps.de\/wp-content\/uploads\/2014\/06\/Das-ist-kein-M\u00fcll.jpg\"><img aria-describedby=\"caption-attachment-1272\" data-attachment-id=\"1272\" data-permalink=\"http:\/\/my-alps.de\/?attachment_id=1272\" data-orig-file=\"https:\/\/i0.wp.com\/my-alps.de\/wp-content\/uploads\/2014\/06\/Das-ist-kein-M\u00fcll.jpg?fit=1024%2C683\" data-orig-size=\"1024,683\" data-comments-opened=\"1\" data-image-meta=\"{&quot;aperture&quot;:&quot;6.7&quot;,&quot;credit&quot;:&quot;&quot;,&quot;camera&quot;:&quot;SLT-A99V&quot;,&quot;caption&quot;:&quot;&quot;,&quot;created_timestamp&quot;:&quot;1402072065&quot;,&quot;copyright&quot;:&quot;&quot;,&quot;focal_length&quot;:&quot;24&quot;,&quot;iso&quot;:&quot;100&quot;,&quot;shutter_speed&quot;:&quot;0.002&quot;,&quot;title&quot;:&quot;&quot;}\" data-image-title=\"Das ist kein M\u00fcll!\" data-image-description=\"&lt;p&gt;Das ist kein M\u00fcll!&lt;\/p&gt;\n\" data-image-caption=\"&lt;p&gt;Das ist kein M\u00fcll!&lt;\/p&gt;\n\" data-medium-file=\"https:\/\/i0.wp.com\/my-alps.de\/wp-content\/uploads\/2014\/06\/Das-ist-kein-M\u00fcll.jpg?fit=300%2C200\" data-large-file=\"https:\/\/i0.wp.com\/my-alps.de\/wp-content\/uploads\/2014\/06\/Das-ist-kein-M\u00fcll.jpg?fit=625%2C417\" loading=\"lazy\" class=\"size-full wp-image-1272\" alt=\"Das ist kein M\u00fcll!\" src=\"https:\/\/i0.wp.com\/my-alps.de\/wp-content\/uploads\/2014\/06\/Das-ist-kein-M\u00fcll.jpg?resize=625%2C417\" width=\"625\" height=\"417\" srcset=\"https:\/\/i0.wp.com\/my-alps.de\/wp-content\/uploads\/2014\/06\/Das-ist-kein-M\u00fcll.jpg?w=1024 1024w, https:\/\/i0.wp.com\/my-alps.de\/wp-content\/uploads\/2014\/06\/Das-ist-kein-M\u00fcll.jpg?resize=300%2C200 300w\" sizes=\"(max-width: 625px) 100vw, 625px\" data-recalc-dims=\"1\" \/><\/a><p id=\"caption-attachment-1272\" class=\"wp-caption-text\">Das ist kein M\u00fcll!<\/p><\/div>\n<p>\u201eLa difunta Correa\u201c, die verstobene Correa,<br \/>\nist ein besonderer Wallfahrtsort.<br \/>\n1841 soll Deolinda Correa, auf der Suche nach ihrem Mann,<br \/>\nsich in der Ein\u00f6de um San Juan verirrt haben.<br \/>\nSie war hochschwanger und hat auf den Irrwegen durch<br \/>\ndie Steppe ihr Kind noch heil zur Welt gebracht.<br \/>\nAls sie gefunden wurde, hat ihr Kind am Mutterbusen \u00fcberlebt,<br \/>\nw\u00e4hrend sie verdurstet war &#8211; so die Geschichte.<br \/>\nEine Geschichte, aus der die Argentinier eine Heilige gemacht<br \/>\nhaben, die leider von derKirche nicht anerkannt wird.<br \/>\nWas aber die Menschen nicht st\u00f6rt zu tausenden zu ihrer<br \/>\nKapelle zu pilgern und zu spenden.<br \/>\nNummernschilder, Wasserflaschen und alles was mit dem<br \/>\nAutofahren so zu tun hat &#8211; auch Keilriemen.<br \/>\nAuch werden kleine Modelle von H\u00e4usern, Gesch\u00e4ften und<br \/>\nTankstellen am H\u00fcgel abgelegt.<\/p>\n<div id=\"attachment_1271\" style=\"width: 1034px\" class=\"wp-caption aligncenter\"><a href=\"https:\/\/i0.wp.com\/my-alps.de\/wp-content\/uploads\/2014\/06\/La-Difunta-Correa-II.jpg\"><img aria-describedby=\"caption-attachment-1271\" data-attachment-id=\"1271\" data-permalink=\"http:\/\/my-alps.de\/?attachment_id=1271\" data-orig-file=\"https:\/\/i0.wp.com\/my-alps.de\/wp-content\/uploads\/2014\/06\/La-Difunta-Correa-II.jpg?fit=1024%2C683\" data-orig-size=\"1024,683\" data-comments-opened=\"1\" data-image-meta=\"{&quot;aperture&quot;:&quot;4.5&quot;,&quot;credit&quot;:&quot;&quot;,&quot;camera&quot;:&quot;NEX-7&quot;,&quot;caption&quot;:&quot;&quot;,&quot;created_timestamp&quot;:&quot;1402246949&quot;,&quot;copyright&quot;:&quot;&quot;,&quot;focal_length&quot;:&quot;24&quot;,&quot;iso&quot;:&quot;100&quot;,&quot;shutter_speed&quot;:&quot;0.0125&quot;,&quot;title&quot;:&quot;&quot;}\" data-image-title=\"La Difunta Correa-II\" data-image-description=\"&lt;p&gt;La Difunta Correa-II&lt;\/p&gt;\n\" data-image-caption=\"&lt;p&gt;La Difunta Correa-II&lt;\/p&gt;\n\" data-medium-file=\"https:\/\/i0.wp.com\/my-alps.de\/wp-content\/uploads\/2014\/06\/La-Difunta-Correa-II.jpg?fit=300%2C200\" data-large-file=\"https:\/\/i0.wp.com\/my-alps.de\/wp-content\/uploads\/2014\/06\/La-Difunta-Correa-II.jpg?fit=625%2C417\" loading=\"lazy\" class=\"size-full wp-image-1271\" alt=\"La Difunta Correa-II\" src=\"https:\/\/i0.wp.com\/my-alps.de\/wp-content\/uploads\/2014\/06\/La-Difunta-Correa-II.jpg?resize=625%2C417\" width=\"625\" height=\"417\" srcset=\"https:\/\/i0.wp.com\/my-alps.de\/wp-content\/uploads\/2014\/06\/La-Difunta-Correa-II.jpg?w=1024 1024w, https:\/\/i0.wp.com\/my-alps.de\/wp-content\/uploads\/2014\/06\/La-Difunta-Correa-II.jpg?resize=300%2C200 300w\" sizes=\"(max-width: 625px) 100vw, 625px\" data-recalc-dims=\"1\" \/><\/a><p id=\"caption-attachment-1271\" class=\"wp-caption-text\">La Difunta Correa-II<\/p><\/div>\n<p><span style=\"line-height: 1.5;\">Jeden Sonntag werden 200 neue Autos von einem Priester geweiht,<\/span><br \/>\nund an Ostern nehmen die LKW-Fahrer den Ort komplett in Beschlag.<\/p>\n<div id=\"attachment_1268\" style=\"width: 1034px\" class=\"wp-caption aligncenter\"><a href=\"https:\/\/i0.wp.com\/my-alps.de\/wp-content\/uploads\/2014\/06\/La-Difunta-Correa-III.jpg\"><img aria-describedby=\"caption-attachment-1268\" data-attachment-id=\"1268\" data-permalink=\"http:\/\/my-alps.de\/?attachment_id=1268\" data-orig-file=\"https:\/\/i0.wp.com\/my-alps.de\/wp-content\/uploads\/2014\/06\/La-Difunta-Correa-III.jpg?fit=1024%2C683\" data-orig-size=\"1024,683\" data-comments-opened=\"1\" data-image-meta=\"{&quot;aperture&quot;:&quot;4&quot;,&quot;credit&quot;:&quot;&quot;,&quot;camera&quot;:&quot;NEX-7&quot;,&quot;caption&quot;:&quot;&quot;,&quot;created_timestamp&quot;:&quot;1402247409&quot;,&quot;copyright&quot;:&quot;&quot;,&quot;focal_length&quot;:&quot;24&quot;,&quot;iso&quot;:&quot;100&quot;,&quot;shutter_speed&quot;:&quot;0.016666666666667&quot;,&quot;title&quot;:&quot;&quot;}\" data-image-title=\"La Difunta Correa-III\" data-image-description=\"&lt;p&gt;La Difunta Correa-III&lt;\/p&gt;\n\" data-image-caption=\"&lt;p&gt;La Difunta Correa-III&lt;\/p&gt;\n\" data-medium-file=\"https:\/\/i0.wp.com\/my-alps.de\/wp-content\/uploads\/2014\/06\/La-Difunta-Correa-III.jpg?fit=300%2C200\" data-large-file=\"https:\/\/i0.wp.com\/my-alps.de\/wp-content\/uploads\/2014\/06\/La-Difunta-Correa-III.jpg?fit=625%2C417\" loading=\"lazy\" class=\"size-full wp-image-1268\" alt=\"La Difunta Correa-III\" src=\"https:\/\/i0.wp.com\/my-alps.de\/wp-content\/uploads\/2014\/06\/La-Difunta-Correa-III.jpg?resize=625%2C417\" width=\"625\" height=\"417\" srcset=\"https:\/\/i0.wp.com\/my-alps.de\/wp-content\/uploads\/2014\/06\/La-Difunta-Correa-III.jpg?w=1024 1024w, https:\/\/i0.wp.com\/my-alps.de\/wp-content\/uploads\/2014\/06\/La-Difunta-Correa-III.jpg?resize=300%2C200 300w\" sizes=\"(max-width: 625px) 100vw, 625px\" data-recalc-dims=\"1\" \/><\/a><p id=\"caption-attachment-1268\" class=\"wp-caption-text\">La Difunta Correa-III<\/p><\/div>\n<p><span style=\"line-height: 1.5;\">Jeder bittet \u201eDifunta Correa\u201c um den Schutz vor den Gefahren<\/span><br \/>\nauf der Stra\u00dfe &#8211; wir nat\u00fcrlich auch &#8211; und kauft ein rotes Band, das<br \/>\nim Auto an den Spiegel geh\u00e4ngt wird.<\/p>\n<div id=\"attachment_1270\" style=\"width: 1034px\" class=\"wp-caption aligncenter\"><a href=\"https:\/\/i0.wp.com\/my-alps.de\/wp-content\/uploads\/2014\/06\/La-Difunta-Correa-I.jpg\"><img aria-describedby=\"caption-attachment-1270\" data-attachment-id=\"1270\" data-permalink=\"http:\/\/my-alps.de\/?attachment_id=1270\" data-orig-file=\"https:\/\/i0.wp.com\/my-alps.de\/wp-content\/uploads\/2014\/06\/La-Difunta-Correa-I.jpg?fit=1024%2C683\" data-orig-size=\"1024,683\" data-comments-opened=\"1\" data-image-meta=\"{&quot;aperture&quot;:&quot;11&quot;,&quot;credit&quot;:&quot;&quot;,&quot;camera&quot;:&quot;SLT-A99V&quot;,&quot;caption&quot;:&quot;&quot;,&quot;created_timestamp&quot;:&quot;1402072057&quot;,&quot;copyright&quot;:&quot;&quot;,&quot;focal_length&quot;:&quot;24&quot;,&quot;iso&quot;:&quot;100&quot;,&quot;shutter_speed&quot;:&quot;0.008&quot;,&quot;title&quot;:&quot;&quot;}\" data-image-title=\"La Difunta Correa-I\" data-image-description=\"&lt;p&gt;La Difunta Correa-I&lt;\/p&gt;\n\" data-image-caption=\"&lt;p&gt;La Difunta Correa-I&lt;\/p&gt;\n\" data-medium-file=\"https:\/\/i0.wp.com\/my-alps.de\/wp-content\/uploads\/2014\/06\/La-Difunta-Correa-I.jpg?fit=300%2C200\" data-large-file=\"https:\/\/i0.wp.com\/my-alps.de\/wp-content\/uploads\/2014\/06\/La-Difunta-Correa-I.jpg?fit=625%2C417\" loading=\"lazy\" class=\"size-full wp-image-1270\" alt=\"La Difunta Correa-I\" src=\"https:\/\/i0.wp.com\/my-alps.de\/wp-content\/uploads\/2014\/06\/La-Difunta-Correa-I.jpg?resize=625%2C417\" width=\"625\" height=\"417\" srcset=\"https:\/\/i0.wp.com\/my-alps.de\/wp-content\/uploads\/2014\/06\/La-Difunta-Correa-I.jpg?w=1024 1024w, https:\/\/i0.wp.com\/my-alps.de\/wp-content\/uploads\/2014\/06\/La-Difunta-Correa-I.jpg?resize=300%2C200 300w\" sizes=\"(max-width: 625px) 100vw, 625px\" data-recalc-dims=\"1\" \/><\/a><p id=\"caption-attachment-1270\" class=\"wp-caption-text\">La Difunta Correa-I<\/p><\/div>\n<p><span style=\"line-height: 1.5;\">Dieser Kult erkl\u00e4rt die unz\u00e4hligen Alt\u00e4re an den Stra\u00dfenr\u00e4ndern,<\/span><br \/>\nan denen sich hunderte, oder gar tausende Wasserflaschen stapeln.<br \/>\nWir finden es eine sch\u00f6nen Brauch, nur das mit den Plastikflaschen,<br \/>\ndas finden wir nicht gut &#8211; es liegt schon genug M\u00fcll am Stra\u00dfenrand.<br \/>\nAber wer wei\u00df, eventuell ben\u00f6tigt man ja mal genau dann Wasser wenn\u00a0<span style=\"line-height: 1.5;\">man keines dabei hat.<\/span><\/p>\n<div id=\"attachment_1267\" style=\"width: 1034px\" class=\"wp-caption aligncenter\"><a href=\"https:\/\/i0.wp.com\/my-alps.de\/wp-content\/uploads\/2014\/06\/Wasssserrrrr.jpg\"><img aria-describedby=\"caption-attachment-1267\" data-attachment-id=\"1267\" data-permalink=\"http:\/\/my-alps.de\/?attachment_id=1267\" data-orig-file=\"https:\/\/i0.wp.com\/my-alps.de\/wp-content\/uploads\/2014\/06\/Wasssserrrrr.jpg?fit=1024%2C683\" data-orig-size=\"1024,683\" data-comments-opened=\"1\" data-image-meta=\"{&quot;aperture&quot;:&quot;5.6&quot;,&quot;credit&quot;:&quot;&quot;,&quot;camera&quot;:&quot;SLT-A99V&quot;,&quot;caption&quot;:&quot;&quot;,&quot;created_timestamp&quot;:&quot;1402071912&quot;,&quot;copyright&quot;:&quot;&quot;,&quot;focal_length&quot;:&quot;24&quot;,&quot;iso&quot;:&quot;100&quot;,&quot;shutter_speed&quot;:&quot;0.0028571428571429&quot;,&quot;title&quot;:&quot;&quot;}\" data-image-title=\"Wasssserrrrr\" data-image-description=\"&lt;p&gt;Wasssserrrrr&lt;\/p&gt;\n\" data-image-caption=\"&lt;p&gt;Wasssserrrrr&lt;\/p&gt;\n\" data-medium-file=\"https:\/\/i0.wp.com\/my-alps.de\/wp-content\/uploads\/2014\/06\/Wasssserrrrr.jpg?fit=300%2C200\" data-large-file=\"https:\/\/i0.wp.com\/my-alps.de\/wp-content\/uploads\/2014\/06\/Wasssserrrrr.jpg?fit=625%2C417\" loading=\"lazy\" class=\"size-full wp-image-1267\" alt=\"Wasssserrrrr\" src=\"https:\/\/i0.wp.com\/my-alps.de\/wp-content\/uploads\/2014\/06\/Wasssserrrrr.jpg?resize=625%2C417\" width=\"625\" height=\"417\" srcset=\"https:\/\/i0.wp.com\/my-alps.de\/wp-content\/uploads\/2014\/06\/Wasssserrrrr.jpg?w=1024 1024w, https:\/\/i0.wp.com\/my-alps.de\/wp-content\/uploads\/2014\/06\/Wasssserrrrr.jpg?resize=300%2C200 300w\" sizes=\"(max-width: 625px) 100vw, 625px\" data-recalc-dims=\"1\" \/><\/a><p id=\"caption-attachment-1267\" class=\"wp-caption-text\">Wasssserrrrr<\/p><\/div>\n<p>Ach ja,<br \/>\ndas mit dem Keilriemen<br \/>\n&#8211; heisst w\u00f6rtlich \u00fcbersetzt im Spanischen:<\/p>\n<p>La difunta correa\u2026\u2026\u2026..<br \/>\nwer&#8217;s glaubt wird selig<\/p>\n","protected":false},"excerpt":{"rendered":"<p>Vallecito, in der N\u00e4he von San Juan &#8211; ein kleiner Punkt auf der Landkarte in Argentinien, doch (nahezu) jeder kennt diesen Ort.<\/p>\n","protected":false},"author":1,"featured_media":0,"comment_status":"open","ping_status":"open","sticky":false,"template":"","format":"gallery","meta":{"spay_email":"","jetpack_publicize_message":"","jetpack_is_tweetstorm":false,"jetpack_publicize_feature_enabled":true},"categories":[1],"tags":[],"jetpack_featured_media_url":"","jetpack_publicize_connections":[],"jetpack_sharing_enabled":true,"jetpack_shortlink":"https:\/\/wp.me\/p6huce-jR","jetpack-related-posts":[{"id":354,"url":"http:\/\/my-alps.de\/?p=354","url_meta":{"origin":1231,"position":0},"title":"Heute war unser privater SUPERBOWL &#8211; Tag","date":"1. Juli 2013","format":"gallery","excerpt":"Hallo zusammen, nach einem erfolgreichen Bastelwochenende mit der Stauraumoptimierung sowie einigen \"Versch\u00f6nerungsarbeiten\" f\u00fcr die Couchecke habe ich in der Kategorie \"Schnellpacken\" einen neuen Weltrekord aufgestellt. Frau Hack hatte heute ganz stolz ihre neue ZAK-Sch\u00fcssel mit nach Hause gebracht - ich habe mich nat\u00fcrlich sofort daran gemacht unser Campinggeschirr optimiert zu\u2026","rel":"","context":"In &quot;Wohnmobil&quot;","img":{"alt_text":"","src":"","width":0,"height":0},"classes":[]},{"id":1653,"url":"http:\/\/my-alps.de\/?p=1653","url_meta":{"origin":1231,"position":1},"title":"zum aktiven Vulkan Tungurahua","date":"24. September 2014","format":"gallery","excerpt":"Den ersten Tag, den wir in Banos verbracht haben konnten wir den Vulkan nur hinter dichten Wolken erahnen. Wir haben deshalb einige Ausfl\u00fcge zu den Wasserf\u00e4llen in der Gegend gemacht und uns Banos angeschaut. Doch am zweiten Tag hat das Wetter f\u00fcr einige Minuten etwas Nachsicht ge\u00fcbt und wir haben\u2026","rel":"","context":"In &quot;News&quot;","img":{"alt_text":"","src":"https:\/\/i0.wp.com\/my-alps.de\/wp-content\/uploads\/2014\/09\/Vulkan-Tungurahua-II-ce4-dfine.jpg?resize=350%2C200","width":350,"height":200},"classes":[]},{"id":745,"url":"http:\/\/my-alps.de\/?p=745","url_meta":{"origin":1231,"position":2},"title":"Carretera Austral &#8211; Richtung Coyhaique","date":"3. M\u00e4rz 2014","format":"gallery","excerpt":"Weiter geht\u2019s Richtung Norden. Weiter auf der Carretera Austral, der Hauptverbindungsstra\u00dfe in den S\u00fcden, die in den 70iger Jahren erst gebaut wurde. Schotterkilometer reiht sich an Schotterkilometer - mal besser - mal f\u00fcrchterlicher zu fahren. An einem Tag schaffen wir gerade mal knapp 170 Kilometer - und ich bin total\u2026","rel":"","context":"In &quot;News&quot;","img":{"alt_text":"","src":"https:\/\/i0.wp.com\/my-alps.de\/wp-content\/uploads\/2014\/03\/das-Ende-des-Schotters.jpg?resize=350%2C200","width":350,"height":200},"classes":[]},{"id":682,"url":"http:\/\/my-alps.de\/?p=682","url_meta":{"origin":1231,"position":3},"title":"Chillen am &#8222;Lago Roca&#8220;","date":"9. Februar 2014","format":"gallery","excerpt":"Nachdem wir den Gletscher ausgiebig beobachtet und in Ehrfurcht erstarrt waren - da mussten wir uns erst mal ein wenig erholen. Im Nationalpark, auf der anderen Seite des See's liegt ein wundersch\u00f6ner Campingplatz am Lago Roca. Hier gibt es warme Duschen - den ganzen Tag! Einen super Stellplatz f\u00fcr jeden\u2026","rel":"","context":"In &quot;News&quot;","img":{"alt_text":"","src":"https:\/\/i0.wp.com\/my-alps.de\/wp-content\/uploads\/2014\/02\/Lago-Roca-traumhafter-Stellplatz-HD.jpg?resize=350%2C200","width":350,"height":200},"classes":[]},{"id":995,"url":"http:\/\/my-alps.de\/?p=995","url_meta":{"origin":1231,"position":4},"title":"April, April &#8211; Halbzeit bei der Auszeit","date":"10. April 2014","format":"gallery","excerpt":"Am 11.11.2013 sind wir in Hamburg an Bord der \u201eGrande Cameroon\u201c gegangen und \u00fcber den Atlantik nach S\u00fcdamerika geschippert. Zugegeben, es war nicht immer gerade Hochstimmung mit Karneval und Fasching an Bord, aber es ist uns wirklich nicht langweilig geworden. So eine Frachterreise hat auch etwas besonderes. (Beinahe meditativ!) Nun\u2026","rel":"","context":"In &quot;News&quot;","img":{"alt_text":"","src":"","width":0,"height":0},"classes":[]},{"id":627,"url":"http:\/\/my-alps.de\/?p=627","url_meta":{"origin":1231,"position":5},"title":"Zur\u00fcck in Argentinien","date":"4. Februar 2014","format":"gallery","excerpt":"Hallo alle die uns online folgen - wir sind nach unserem Besuch des NP \"Torres Del Paine\" in Chile wieder zur\u00fcck in Argentinien. Der Weg durch die Pampa hat uns nach El Calafate gef\u00fchrt. Der erste Plattfu\u00df musste dringend repariert werden. Im Reifen steckte ein sch\u00f6ner, umgebogener Nagel mit dem\u2026","rel":"","context":"In &quot;News&quot;","img":{"alt_text":"","src":"","width":0,"height":0},"classes":[]}],"_links":{"self":[{"href":"http:\/\/my-alps.de\/index.php?rest_route=\/wp\/v2\/posts\/1231"}],"collection":[{"href":"http:\/\/my-alps.de\/index.php?rest_route=\/wp\/v2\/posts"}],"about":[{"href":"http:\/\/my-alps.de\/index.php?rest_route=\/wp\/v2\/types\/post"}],"author":[{"embeddable":true,"href":"http:\/\/my-alps.de\/index.php?rest_route=\/wp\/v2\/users\/1"}],"replies":[{"embeddable":true,"href":"http:\/\/my-alps.de\/index.php?rest_route=%2Fwp%2Fv2%2Fcomments&post=1231"}],"version-history":[{"count":5,"href":"http:\/\/my-alps.de\/index.php?rest_route=\/wp\/v2\/posts\/1231\/revisions"}],"predecessor-version":[{"id":1273,"href":"http:\/\/my-alps.de\/index.php?rest_route=\/wp\/v2\/posts\/1231\/revisions\/1273"}],"wp:attachment":[{"href":"http:\/\/my-alps.de\/index.php?rest_route=%2Fwp%2Fv2%2Fmedia&parent=1231"}],"wp:term":[{"taxonomy":"category","embeddable":true,"href":"http:\/\/my-alps.de\/index.php?rest_route=%2Fwp%2Fv2%2Fcategories&post=1231"},{"taxonomy":"post_tag","embeddable":true,"href":"http:\/\/my-alps.de\/index.php?rest_route=%2Fwp%2Fv2%2Ftags&post=1231"}],"curies":[{"name":"wp","href":"https:\/\/api.w.org\/{rel}","templated":true}]}}