{"id":1213,"date":"2014-06-10T00:22:09","date_gmt":"2014-06-09T22:22:09","guid":{"rendered":"http:\/\/my-alps.de\/?p=1213"},"modified":"2014-06-10T01:01:06","modified_gmt":"2014-06-09T23:01:06","slug":"nationalpark-leoncito","status":"publish","type":"post","link":"http:\/\/my-alps.de\/?p=1213","title":{"rendered":"Nationalpark Leoncito"},"content":{"rendered":"<p>Von Mendoza sind wir wieder ein St\u00fcck zur\u00fcck gefahren in Richtung Uspallata, um die Ruta 149 nach Norden zu nehmen.<br \/>\nDie Strecke f\u00fchrt direkt an den Ausl\u00e4ufern der Anden entlang,<br \/>\nund man hat st\u00e4ndig die schneebedeckten Berge im Blick.<\/p>\n<div id=\"attachment_1214\" style=\"width: 1034px\" class=\"wp-caption aligncenter\"><a href=\"https:\/\/i0.wp.com\/my-alps.de\/wp-content\/uploads\/2014\/06\/6.000er-sin-Nombre-ce4.jpg\"><img aria-describedby=\"caption-attachment-1214\" data-attachment-id=\"1214\" data-permalink=\"http:\/\/my-alps.de\/?attachment_id=1214\" data-orig-file=\"https:\/\/i0.wp.com\/my-alps.de\/wp-content\/uploads\/2014\/06\/6.000er-sin-Nombre-ce4.jpg?fit=1024%2C683\" data-orig-size=\"1024,683\" data-comments-opened=\"1\" data-image-meta=\"{&quot;aperture&quot;:&quot;8&quot;,&quot;credit&quot;:&quot;&quot;,&quot;camera&quot;:&quot;SLT-A99V&quot;,&quot;caption&quot;:&quot;&quot;,&quot;created_timestamp&quot;:&quot;1402074663&quot;,&quot;copyright&quot;:&quot;&quot;,&quot;focal_length&quot;:&quot;500&quot;,&quot;iso&quot;:&quot;100&quot;,&quot;shutter_speed&quot;:&quot;0.002&quot;,&quot;title&quot;:&quot;&quot;}\" data-image-title=\"6.000er sin Nombre-ce4\" data-image-description=\"\" data-image-caption=\"\" data-medium-file=\"https:\/\/i0.wp.com\/my-alps.de\/wp-content\/uploads\/2014\/06\/6.000er-sin-Nombre-ce4.jpg?fit=300%2C200\" data-large-file=\"https:\/\/i0.wp.com\/my-alps.de\/wp-content\/uploads\/2014\/06\/6.000er-sin-Nombre-ce4.jpg?fit=625%2C417\" loading=\"lazy\" class=\"size-full wp-image-1214\" alt=\"6.000er - sin Nombre\" src=\"https:\/\/i0.wp.com\/my-alps.de\/wp-content\/uploads\/2014\/06\/6.000er-sin-Nombre-ce4.jpg?resize=625%2C417\" width=\"625\" height=\"417\" srcset=\"https:\/\/i0.wp.com\/my-alps.de\/wp-content\/uploads\/2014\/06\/6.000er-sin-Nombre-ce4.jpg?w=1024 1024w, https:\/\/i0.wp.com\/my-alps.de\/wp-content\/uploads\/2014\/06\/6.000er-sin-Nombre-ce4.jpg?resize=300%2C200 300w\" sizes=\"(max-width: 625px) 100vw, 625px\" data-recalc-dims=\"1\" \/><\/a><p id=\"caption-attachment-1214\" class=\"wp-caption-text\">6.000er &#8211; sin Nombre<\/p><\/div>\n<p>So fahren wir ca. 100 km (mit dem Kopf leicht nach links), zum Nationalpark &#8222;Leoncito&#8220;, unserem n\u00e4chsten Ziel.<br \/>\nDie Landschaft ist gepr\u00e4gt von einem riesigen Abflussbecken zum<br \/>\n&#8222;Barreal Blanco&#8220;, einer trockenen &#8222;Tonpf\u00fctze&#8220; auf 1.850 m H\u00f6he.<br \/>\nDas Erdreich, soweit welches unter der d\u00fcnnen Steinschicht vorhanden ist, besteht aus feinster Tonerde. Diese wird bei jedem Regen abgeschwemmt und sammelt sich in diesem Becken. Dann verdunstet der Regen und zur\u00fcck bleibt, na ja, eine getrocknete Pf\u00fctze eben. Doch diese Pf\u00fctze ist ca. 15 km lang und etwa 2 km breit. Topfeben und bretthart.<\/p>\n<div id=\"attachment_1217\" style=\"width: 1034px\" class=\"wp-caption aligncenter\"><a href=\"https:\/\/i0.wp.com\/my-alps.de\/wp-content\/uploads\/2014\/06\/Panorama-v.-Cerro-Leoncito.jpg\"><img aria-describedby=\"caption-attachment-1217\" data-attachment-id=\"1217\" data-permalink=\"http:\/\/my-alps.de\/?attachment_id=1217\" data-orig-file=\"https:\/\/i0.wp.com\/my-alps.de\/wp-content\/uploads\/2014\/06\/Panorama-v.-Cerro-Leoncito.jpg?fit=1024%2C245\" data-orig-size=\"1024,245\" data-comments-opened=\"1\" data-image-meta=\"{&quot;aperture&quot;:&quot;11&quot;,&quot;credit&quot;:&quot;&quot;,&quot;camera&quot;:&quot;SLT-A99V&quot;,&quot;caption&quot;:&quot;&quot;,&quot;created_timestamp&quot;:&quot;1402150496&quot;,&quot;copyright&quot;:&quot;&quot;,&quot;focal_length&quot;:&quot;50&quot;,&quot;iso&quot;:&quot;100&quot;,&quot;shutter_speed&quot;:&quot;0.004&quot;,&quot;title&quot;:&quot;&quot;}\" data-image-title=\"Panorama v. Cerro Leoncito\" data-image-description=\"&lt;p&gt;Panorama v. Cerro Leoncito&lt;\/p&gt;\n\" data-image-caption=\"&lt;p&gt;Panorama v. Cerro Leoncito&lt;\/p&gt;\n\" data-medium-file=\"https:\/\/i0.wp.com\/my-alps.de\/wp-content\/uploads\/2014\/06\/Panorama-v.-Cerro-Leoncito.jpg?fit=300%2C71\" data-large-file=\"https:\/\/i0.wp.com\/my-alps.de\/wp-content\/uploads\/2014\/06\/Panorama-v.-Cerro-Leoncito.jpg?fit=625%2C150\" loading=\"lazy\" class=\"size-full wp-image-1217\" alt=\"Panorama v. Cerro Leoncito\" src=\"https:\/\/i0.wp.com\/my-alps.de\/wp-content\/uploads\/2014\/06\/Panorama-v.-Cerro-Leoncito.jpg?resize=625%2C150\" width=\"625\" height=\"150\" srcset=\"https:\/\/i0.wp.com\/my-alps.de\/wp-content\/uploads\/2014\/06\/Panorama-v.-Cerro-Leoncito.jpg?w=1024 1024w, https:\/\/i0.wp.com\/my-alps.de\/wp-content\/uploads\/2014\/06\/Panorama-v.-Cerro-Leoncito.jpg?resize=300%2C71 300w\" sizes=\"(max-width: 625px) 100vw, 625px\" data-recalc-dims=\"1\" \/><\/a><p id=\"caption-attachment-1217\" class=\"wp-caption-text\">Panorama v. Cerro Leoncito<\/p><\/div>\n<p>Die tonfarbige Fl\u00e4che in dem Panoramafoto ist dieser<br \/>\n&#8222;Barreal Blanco&#8220;, so l\u00e4sst sich seine Gr\u00f6\u00dfe etwas erahnen.<br \/>\nIm Nationalpark gibt es ein kleines Camp und wir machen eine Wanderung zum &#8222;Cerro Leoncito&#8220;. Mit 2.520 m nicht gerade ein Gigant unter den Andengipfeln, aber man hat hier eine tolle Aussicht auf die Gegend. Ausserdem ist es gerade fr\u00fcher Winter und die Temperaturen pendeln so um den Gefrierpunkt. Der h\u00f6llische Wind beim Anstieg tut sein \u00fcbriges, und es f\u00fchlt sich an wie in den Hochalpen.<\/p>\n<div id=\"attachment_1218\" style=\"width: 1034px\" class=\"wp-caption aligncenter\"><a href=\"https:\/\/i0.wp.com\/my-alps.de\/wp-content\/uploads\/2014\/06\/Frau-H.-am-C.-Leoncito-ce4.jpg\"><img aria-describedby=\"caption-attachment-1218\" data-attachment-id=\"1218\" data-permalink=\"http:\/\/my-alps.de\/?attachment_id=1218\" data-orig-file=\"https:\/\/i0.wp.com\/my-alps.de\/wp-content\/uploads\/2014\/06\/Frau-H.-am-C.-Leoncito-ce4.jpg?fit=1024%2C683\" data-orig-size=\"1024,683\" data-comments-opened=\"1\" data-image-meta=\"{&quot;aperture&quot;:&quot;11&quot;,&quot;credit&quot;:&quot;&quot;,&quot;camera&quot;:&quot;SLT-A99V&quot;,&quot;caption&quot;:&quot;&quot;,&quot;created_timestamp&quot;:&quot;1402149643&quot;,&quot;copyright&quot;:&quot;&quot;,&quot;focal_length&quot;:&quot;60&quot;,&quot;iso&quot;:&quot;100&quot;,&quot;shutter_speed&quot;:&quot;0.005&quot;,&quot;title&quot;:&quot;&quot;}\" data-image-title=\"Frau H. am C. Leoncito-ce4\" data-image-description=\"&lt;p&gt;Frau H. am C. Leoncito&lt;\/p&gt;\n\" data-image-caption=\"&lt;p&gt;Frau H. am C. Leoncito&lt;\/p&gt;\n\" data-medium-file=\"https:\/\/i0.wp.com\/my-alps.de\/wp-content\/uploads\/2014\/06\/Frau-H.-am-C.-Leoncito-ce4.jpg?fit=300%2C200\" data-large-file=\"https:\/\/i0.wp.com\/my-alps.de\/wp-content\/uploads\/2014\/06\/Frau-H.-am-C.-Leoncito-ce4.jpg?fit=625%2C417\" loading=\"lazy\" class=\"size-full wp-image-1218\" alt=\"Frau H. am C. Leoncito\" src=\"https:\/\/i0.wp.com\/my-alps.de\/wp-content\/uploads\/2014\/06\/Frau-H.-am-C.-Leoncito-ce4.jpg?resize=625%2C417\" width=\"625\" height=\"417\" srcset=\"https:\/\/i0.wp.com\/my-alps.de\/wp-content\/uploads\/2014\/06\/Frau-H.-am-C.-Leoncito-ce4.jpg?w=1024 1024w, https:\/\/i0.wp.com\/my-alps.de\/wp-content\/uploads\/2014\/06\/Frau-H.-am-C.-Leoncito-ce4.jpg?resize=300%2C200 300w\" sizes=\"(max-width: 625px) 100vw, 625px\" data-recalc-dims=\"1\" \/><\/a><p id=\"caption-attachment-1218\" class=\"wp-caption-text\">Frau H. am C. Leoncito<\/p><\/div>\n<p>Ausserdem ist es knochentrocken und die Temperaturunterschiede zwischen Tag (+ 15 Grad in der Sonne und Nacht -10 Grad) machen den besonderen Reiz der Landschaft aus.<\/p>\n<div id=\"attachment_1219\" style=\"width: 1034px\" class=\"wp-caption aligncenter\"><a href=\"https:\/\/i0.wp.com\/my-alps.de\/wp-content\/uploads\/2014\/06\/Salto-de-Leoncito-ce4.jpg\"><img aria-describedby=\"caption-attachment-1219\" data-attachment-id=\"1219\" data-permalink=\"http:\/\/my-alps.de\/?attachment_id=1219\" data-orig-file=\"https:\/\/i0.wp.com\/my-alps.de\/wp-content\/uploads\/2014\/06\/Salto-de-Leoncito-ce4.jpg?fit=1024%2C683\" data-orig-size=\"1024,683\" data-comments-opened=\"1\" data-image-meta=\"{&quot;aperture&quot;:&quot;4.5&quot;,&quot;credit&quot;:&quot;&quot;,&quot;camera&quot;:&quot;SLT-A99V&quot;,&quot;caption&quot;:&quot;&quot;,&quot;created_timestamp&quot;:&quot;1402141678&quot;,&quot;copyright&quot;:&quot;&quot;,&quot;focal_length&quot;:&quot;24&quot;,&quot;iso&quot;:&quot;100&quot;,&quot;shutter_speed&quot;:&quot;0.0028571428571429&quot;,&quot;title&quot;:&quot;&quot;}\" data-image-title=\"Salto de Leoncito-ce4\" data-image-description=\"&lt;p&gt;Salto de Leoncito&lt;\/p&gt;\n\" data-image-caption=\"&lt;p&gt;Salto de Leoncito&lt;\/p&gt;\n\" data-medium-file=\"https:\/\/i0.wp.com\/my-alps.de\/wp-content\/uploads\/2014\/06\/Salto-de-Leoncito-ce4.jpg?fit=300%2C200\" data-large-file=\"https:\/\/i0.wp.com\/my-alps.de\/wp-content\/uploads\/2014\/06\/Salto-de-Leoncito-ce4.jpg?fit=625%2C417\" loading=\"lazy\" class=\"size-full wp-image-1219\" alt=\"Salto de Leoncito\" src=\"https:\/\/i0.wp.com\/my-alps.de\/wp-content\/uploads\/2014\/06\/Salto-de-Leoncito-ce4.jpg?resize=625%2C417\" width=\"625\" height=\"417\" srcset=\"https:\/\/i0.wp.com\/my-alps.de\/wp-content\/uploads\/2014\/06\/Salto-de-Leoncito-ce4.jpg?w=1024 1024w, https:\/\/i0.wp.com\/my-alps.de\/wp-content\/uploads\/2014\/06\/Salto-de-Leoncito-ce4.jpg?resize=300%2C200 300w\" sizes=\"(max-width: 625px) 100vw, 625px\" data-recalc-dims=\"1\" \/><\/a><p id=\"caption-attachment-1219\" class=\"wp-caption-text\">Salto de Leoncito<\/p><\/div>\n<p>Eine Wasserquelle gibt es dennoch in dieser Ein\u00f6de &#8211; der kleine Bach zw\u00e4ngt sich aus den Hochlagen durch eine enge Schlucht und hat sich einen tiefen Canyon in die Tonerde gegraben. Vor einiger Zeit war hier ein gro\u00dfes Unwetter, und \u00fcberall lagen noch entwurzelte B\u00e4ume und abgebrochene Uferb\u00f6schungen im Bachbett.<\/p>\n<div id=\"attachment_1220\" style=\"width: 1034px\" class=\"wp-caption aligncenter\"><a href=\"https:\/\/i0.wp.com\/my-alps.de\/wp-content\/uploads\/2014\/06\/Cerro-Leoncito-ce4.jpg\"><img aria-describedby=\"caption-attachment-1220\" data-attachment-id=\"1220\" data-permalink=\"http:\/\/my-alps.de\/?attachment_id=1220\" data-orig-file=\"https:\/\/i0.wp.com\/my-alps.de\/wp-content\/uploads\/2014\/06\/Cerro-Leoncito-ce4.jpg?fit=1024%2C683\" data-orig-size=\"1024,683\" data-comments-opened=\"1\" data-image-meta=\"{&quot;aperture&quot;:&quot;8&quot;,&quot;credit&quot;:&quot;&quot;,&quot;camera&quot;:&quot;SLT-A99V&quot;,&quot;caption&quot;:&quot;&quot;,&quot;created_timestamp&quot;:&quot;1402147058&quot;,&quot;copyright&quot;:&quot;&quot;,&quot;focal_length&quot;:&quot;24&quot;,&quot;iso&quot;:&quot;100&quot;,&quot;shutter_speed&quot;:&quot;0.004&quot;,&quot;title&quot;:&quot;&quot;}\" data-image-title=\"Cerro Leoncito-ce4\" data-image-description=\"&lt;p&gt;Cerro Leoncito&lt;\/p&gt;\n\" data-image-caption=\"&lt;p&gt;Cerro Leoncito&lt;\/p&gt;\n\" data-medium-file=\"https:\/\/i0.wp.com\/my-alps.de\/wp-content\/uploads\/2014\/06\/Cerro-Leoncito-ce4.jpg?fit=300%2C200\" data-large-file=\"https:\/\/i0.wp.com\/my-alps.de\/wp-content\/uploads\/2014\/06\/Cerro-Leoncito-ce4.jpg?fit=625%2C417\" loading=\"lazy\" class=\"size-full wp-image-1220\" alt=\"Cerro Leoncito\" src=\"https:\/\/i0.wp.com\/my-alps.de\/wp-content\/uploads\/2014\/06\/Cerro-Leoncito-ce4.jpg?resize=625%2C417\" width=\"625\" height=\"417\" srcset=\"https:\/\/i0.wp.com\/my-alps.de\/wp-content\/uploads\/2014\/06\/Cerro-Leoncito-ce4.jpg?w=1024 1024w, https:\/\/i0.wp.com\/my-alps.de\/wp-content\/uploads\/2014\/06\/Cerro-Leoncito-ce4.jpg?resize=300%2C200 300w\" sizes=\"(max-width: 625px) 100vw, 625px\" data-recalc-dims=\"1\" \/><\/a><p id=\"caption-attachment-1220\" class=\"wp-caption-text\">Cerro Leoncito<\/p><\/div>\n<p>Man f\u00fchlt sich ziemlich klein in dieser riesigen Landschaft und wir haben diesmal leider keinen Puma oder sonstige Tiere gesehen.<\/p>\n<div id=\"attachment_1221\" style=\"width: 1034px\" class=\"wp-caption aligncenter\"><a href=\"https:\/\/i0.wp.com\/my-alps.de\/wp-content\/uploads\/2014\/06\/W\u00fcste-ce4.jpg\"><img aria-describedby=\"caption-attachment-1221\" data-attachment-id=\"1221\" data-permalink=\"http:\/\/my-alps.de\/?attachment_id=1221\" data-orig-file=\"https:\/\/i0.wp.com\/my-alps.de\/wp-content\/uploads\/2014\/06\/W\u00fcste-ce4.jpg?fit=1024%2C683\" data-orig-size=\"1024,683\" data-comments-opened=\"1\" data-image-meta=\"{&quot;aperture&quot;:&quot;9.5&quot;,&quot;credit&quot;:&quot;&quot;,&quot;camera&quot;:&quot;SLT-A99V&quot;,&quot;caption&quot;:&quot;&quot;,&quot;created_timestamp&quot;:&quot;1402152079&quot;,&quot;copyright&quot;:&quot;&quot;,&quot;focal_length&quot;:&quot;100&quot;,&quot;iso&quot;:&quot;100&quot;,&quot;shutter_speed&quot;:&quot;0.004&quot;,&quot;title&quot;:&quot;&quot;}\" data-image-title=\"W\u00fcste-ce4\" data-image-description=\"&lt;p&gt;Stein-W\u00fcste&lt;\/p&gt;\n\" data-image-caption=\"&lt;p&gt;Stein-W\u00fcste&lt;\/p&gt;\n\" data-medium-file=\"https:\/\/i0.wp.com\/my-alps.de\/wp-content\/uploads\/2014\/06\/W\u00fcste-ce4.jpg?fit=300%2C200\" data-large-file=\"https:\/\/i0.wp.com\/my-alps.de\/wp-content\/uploads\/2014\/06\/W\u00fcste-ce4.jpg?fit=625%2C417\" loading=\"lazy\" class=\"size-full wp-image-1221\" alt=\"Stein-W\u00fcste\" src=\"https:\/\/i0.wp.com\/my-alps.de\/wp-content\/uploads\/2014\/06\/W\u00fcste-ce4.jpg?resize=625%2C417\" width=\"625\" height=\"417\" srcset=\"https:\/\/i0.wp.com\/my-alps.de\/wp-content\/uploads\/2014\/06\/W\u00fcste-ce4.jpg?w=1024 1024w, https:\/\/i0.wp.com\/my-alps.de\/wp-content\/uploads\/2014\/06\/W\u00fcste-ce4.jpg?resize=300%2C200 300w\" sizes=\"(max-width: 625px) 100vw, 625px\" data-recalc-dims=\"1\" \/><\/a><p id=\"caption-attachment-1221\" class=\"wp-caption-text\">Stein-W\u00fcste<\/p><\/div>\n<p>Die Fahrt ging dann weiter Richtung San Juan und es wurde noch steiniger als bisher. In den ringsum Bergen gibt es praktisch nichts ausser Felsen. Und einigen Minen, in denen Erz abgebaut wird. Teilweise sind die Berge so farbig, das es den Anschein hat hier liegen Eisenerz und Kupfer einfach so herum.<\/p>\n<div id=\"attachment_1222\" style=\"width: 1034px\" class=\"wp-caption aligncenter\"><a href=\"https:\/\/i0.wp.com\/my-alps.de\/wp-content\/uploads\/2014\/06\/aus-dem-Auto-ce4.jpg\"><img aria-describedby=\"caption-attachment-1222\" data-attachment-id=\"1222\" data-permalink=\"http:\/\/my-alps.de\/?attachment_id=1222\" data-orig-file=\"https:\/\/i0.wp.com\/my-alps.de\/wp-content\/uploads\/2014\/06\/aus-dem-Auto-ce4.jpg?fit=1024%2C683\" data-orig-size=\"1024,683\" data-comments-opened=\"1\" data-image-meta=\"{&quot;aperture&quot;:&quot;8&quot;,&quot;credit&quot;:&quot;&quot;,&quot;camera&quot;:&quot;NEX-7&quot;,&quot;caption&quot;:&quot;&quot;,&quot;created_timestamp&quot;:&quot;1402233484&quot;,&quot;copyright&quot;:&quot;&quot;,&quot;focal_length&quot;:&quot;24&quot;,&quot;iso&quot;:&quot;100&quot;,&quot;shutter_speed&quot;:&quot;0.003125&quot;,&quot;title&quot;:&quot;&quot;}\" data-image-title=\"aus dem Auto-ce4\" data-image-description=\"&lt;p&gt;aus dem Auto&lt;\/p&gt;\n\" data-image-caption=\"&lt;p&gt;aus dem Auto&lt;\/p&gt;\n\" data-medium-file=\"https:\/\/i0.wp.com\/my-alps.de\/wp-content\/uploads\/2014\/06\/aus-dem-Auto-ce4.jpg?fit=300%2C200\" data-large-file=\"https:\/\/i0.wp.com\/my-alps.de\/wp-content\/uploads\/2014\/06\/aus-dem-Auto-ce4.jpg?fit=625%2C417\" loading=\"lazy\" class=\"size-full wp-image-1222\" alt=\"aus dem Auto\" src=\"https:\/\/i0.wp.com\/my-alps.de\/wp-content\/uploads\/2014\/06\/aus-dem-Auto-ce4.jpg?resize=625%2C417\" width=\"625\" height=\"417\" srcset=\"https:\/\/i0.wp.com\/my-alps.de\/wp-content\/uploads\/2014\/06\/aus-dem-Auto-ce4.jpg?w=1024 1024w, https:\/\/i0.wp.com\/my-alps.de\/wp-content\/uploads\/2014\/06\/aus-dem-Auto-ce4.jpg?resize=300%2C200 300w\" sizes=\"(max-width: 625px) 100vw, 625px\" data-recalc-dims=\"1\" \/><\/a><p id=\"caption-attachment-1222\" class=\"wp-caption-text\">aus dem Auto<\/p><\/div>\n<p>In der vergangenen Nacht hat es leichte Erdbeben gegeben, und so liegen auf der schmalen Strasse viele Felsbrocken und Steine herum.<br \/>\nDie Strasse wird oft durch Ger\u00f6ll-und Schlammlawinen versch\u00fcttet, und so fehlen oft ein paar Meter oder f\u00fchren durch eine Schutthalde. Manchmal wird auch einfach nur ein Kanalrohr einbetoniert und fertig ist die Br\u00fccke.<\/p>\n<div id=\"attachment_1225\" style=\"width: 1034px\" class=\"wp-caption aligncenter\"><a href=\"https:\/\/i0.wp.com\/my-alps.de\/wp-content\/uploads\/2014\/06\/ein-Kanalrohr-als-Br\u00fccke-ce4.jpg\"><img aria-describedby=\"caption-attachment-1225\" data-attachment-id=\"1225\" data-permalink=\"http:\/\/my-alps.de\/?attachment_id=1225\" data-orig-file=\"https:\/\/i0.wp.com\/my-alps.de\/wp-content\/uploads\/2014\/06\/ein-Kanalrohr-als-Br\u00fccke-ce4.jpg?fit=1024%2C683\" data-orig-size=\"1024,683\" data-comments-opened=\"1\" data-image-meta=\"{&quot;aperture&quot;:&quot;5.6&quot;,&quot;credit&quot;:&quot;&quot;,&quot;camera&quot;:&quot;NEX-7&quot;,&quot;caption&quot;:&quot;&quot;,&quot;created_timestamp&quot;:&quot;1402225476&quot;,&quot;copyright&quot;:&quot;&quot;,&quot;focal_length&quot;:&quot;24&quot;,&quot;iso&quot;:&quot;100&quot;,&quot;shutter_speed&quot;:&quot;0.008&quot;,&quot;title&quot;:&quot;&quot;}\" data-image-title=\"ein Kanalrohr als Br\u00fccke-ce4\" data-image-description=\"&lt;p&gt;ein Kanalrohr als Br\u00fccke&lt;\/p&gt;\n\" data-image-caption=\"&lt;p&gt;ein Kanalrohr als Br\u00fccke&lt;\/p&gt;\n\" data-medium-file=\"https:\/\/i0.wp.com\/my-alps.de\/wp-content\/uploads\/2014\/06\/ein-Kanalrohr-als-Br\u00fccke-ce4.jpg?fit=300%2C200\" data-large-file=\"https:\/\/i0.wp.com\/my-alps.de\/wp-content\/uploads\/2014\/06\/ein-Kanalrohr-als-Br\u00fccke-ce4.jpg?fit=625%2C417\" loading=\"lazy\" class=\"size-full wp-image-1225\" alt=\"ein Kanalrohr als Br\u00fccke\" src=\"https:\/\/i0.wp.com\/my-alps.de\/wp-content\/uploads\/2014\/06\/ein-Kanalrohr-als-Br\u00fccke-ce4.jpg?resize=625%2C417\" width=\"625\" height=\"417\" srcset=\"https:\/\/i0.wp.com\/my-alps.de\/wp-content\/uploads\/2014\/06\/ein-Kanalrohr-als-Br\u00fccke-ce4.jpg?w=1024 1024w, https:\/\/i0.wp.com\/my-alps.de\/wp-content\/uploads\/2014\/06\/ein-Kanalrohr-als-Br\u00fccke-ce4.jpg?resize=300%2C200 300w\" sizes=\"(max-width: 625px) 100vw, 625px\" data-recalc-dims=\"1\" \/><\/a><p id=\"caption-attachment-1225\" class=\"wp-caption-text\">ein Kanalrohr als Br\u00fccke<\/p><\/div>\n<p>Nach und nach weitet sich das Tal des Rio San Juan und die Landschaft \u00e4ndert sich wieder.<br \/>\nIn den Flussauen weiden Pferde und Rinder, und es gibt sogar wieder vereinzelte B\u00e4ume, meist schnellwachsende Pappeln.<\/p>\n<div id=\"attachment_1224\" style=\"width: 1034px\" class=\"wp-caption aligncenter\"><a href=\"https:\/\/i0.wp.com\/my-alps.de\/wp-content\/uploads\/2014\/06\/Rio-San-Juan-I-ce4.jpg\"><img aria-describedby=\"caption-attachment-1224\" data-attachment-id=\"1224\" data-permalink=\"http:\/\/my-alps.de\/?attachment_id=1224\" data-orig-file=\"https:\/\/i0.wp.com\/my-alps.de\/wp-content\/uploads\/2014\/06\/Rio-San-Juan-I-ce4.jpg?fit=1024%2C683\" data-orig-size=\"1024,683\" data-comments-opened=\"1\" data-image-meta=\"{&quot;aperture&quot;:&quot;10&quot;,&quot;credit&quot;:&quot;&quot;,&quot;camera&quot;:&quot;NEX-7&quot;,&quot;caption&quot;:&quot;&quot;,&quot;created_timestamp&quot;:&quot;1402231422&quot;,&quot;copyright&quot;:&quot;&quot;,&quot;focal_length&quot;:&quot;24&quot;,&quot;iso&quot;:&quot;100&quot;,&quot;shutter_speed&quot;:&quot;0.003125&quot;,&quot;title&quot;:&quot;&quot;}\" data-image-title=\"Rio San Juan-I-ce4\" data-image-description=\"&lt;p&gt;Rio San Juan&lt;\/p&gt;\n\" data-image-caption=\"&lt;p&gt;Rio San Juan&lt;\/p&gt;\n\" data-medium-file=\"https:\/\/i0.wp.com\/my-alps.de\/wp-content\/uploads\/2014\/06\/Rio-San-Juan-I-ce4.jpg?fit=300%2C200\" data-large-file=\"https:\/\/i0.wp.com\/my-alps.de\/wp-content\/uploads\/2014\/06\/Rio-San-Juan-I-ce4.jpg?fit=625%2C417\" loading=\"lazy\" class=\"size-full wp-image-1224\" alt=\"Rio San Juan\" src=\"https:\/\/i0.wp.com\/my-alps.de\/wp-content\/uploads\/2014\/06\/Rio-San-Juan-I-ce4.jpg?resize=625%2C417\" width=\"625\" height=\"417\" srcset=\"https:\/\/i0.wp.com\/my-alps.de\/wp-content\/uploads\/2014\/06\/Rio-San-Juan-I-ce4.jpg?w=1024 1024w, https:\/\/i0.wp.com\/my-alps.de\/wp-content\/uploads\/2014\/06\/Rio-San-Juan-I-ce4.jpg?resize=300%2C200 300w\" sizes=\"(max-width: 625px) 100vw, 625px\" data-recalc-dims=\"1\" \/><\/a><p id=\"caption-attachment-1224\" class=\"wp-caption-text\">Rio San Juan<\/p><\/div>\n<p>&nbsp;<\/p>\n","protected":false},"excerpt":{"rendered":"<p>Von Mendoza sind wir wieder ein St\u00fcck zur\u00fcck gefahren in Richtung Uspallata, um die Ruta 149 nach Norden zu nehmen. Die Strecke f\u00fchrt direkt an den Ausl\u00e4ufern der Anden entlang, und man hat st\u00e4ndig die schneebedeckten Berge im Blick. So fahren wir ca. 100 km (mit dem Kopf leicht nach links), zum Nationalpark &#8222;Leoncito&#8220;, unserem [&hellip;]<\/p>\n","protected":false},"author":1,"featured_media":0,"comment_status":"open","ping_status":"open","sticky":false,"template":"","format":"gallery","meta":{"spay_email":"","jetpack_publicize_message":"","jetpack_is_tweetstorm":false,"jetpack_publicize_feature_enabled":true},"categories":[1],"tags":[],"jetpack_featured_media_url":"","jetpack_publicize_connections":[],"jetpack_sharing_enabled":true,"jetpack_shortlink":"https:\/\/wp.me\/p6huce-jz","jetpack-related-posts":[{"id":1614,"url":"http:\/\/my-alps.de\/?p=1614","url_meta":{"origin":1213,"position":0},"title":"Ecuador &#8211; entschleunigt leben","date":"17. September 2014","format":"gallery","excerpt":"Mittlerweile sitzen wir wieder mal an der K\u00fcste des Pazifiks und schauen auf das graue und endlose Meer hinaus. Etwa 500 Meter von uns entfernt tummeln sich ein paar Wale, machen sch\u00f6ne \"Bauchpflatscher\" oder schlagen mit ihren Schwanzflossen auf's Wasser. Pelikane und Fregattv\u00f6gel lassen sich vom Aufwind an der Steilk\u00fcste\u2026","rel":"","context":"In &quot;News&quot;","img":{"alt_text":"","src":"https:\/\/i0.wp.com\/my-alps.de\/wp-content\/uploads\/2014\/09\/wir-machen-auch-mal-Pause.jpg?resize=350%2C200","width":350,"height":200},"classes":[]},{"id":724,"url":"http:\/\/my-alps.de\/?p=724","url_meta":{"origin":1213,"position":1},"title":"Von El Chalten auf der Ruta 40 nach Chile","date":"23. Februar 2014","format":"gallery","excerpt":"Nach einer wundersch\u00f6nen Woche ist es an der Zeit weiter zu fahren. Unserer Reise f\u00fchrt nun \u00fcber die legend\u00e4re Ruta 40 (auf der wir uns schon einige Zeit bewegen) Richtung Norden. Die Gegend hier ist gepr\u00e4gt von - na ja - nichts - es gibt hier eigentlich nichts ausser Landschaft\u2026","rel":"","context":"In &quot;News&quot;","img":{"alt_text":"Ruta 40","src":"https:\/\/i0.wp.com\/my-alps.de\/wp-content\/uploads\/2014\/02\/Ruta-40.jpg?resize=350%2C200","width":350,"height":200},"classes":[]},{"id":633,"url":"http:\/\/my-alps.de\/?p=633","url_meta":{"origin":1213,"position":2},"title":"Nationalpark &#8222;Torres Del Paine&#8220; in Chile","date":"6. Februar 2014","format":"gallery","excerpt":"Unser erster Abstecher nach Chile hat uns von Punta Arenas \u00fcber Puerto Natales in den Nationalpark \u201eTorres Del Paine\u201c gef\u00fchrt. Die \u201eTorres Del Paine\u201c - auch bekannt als die \u201e3 Zinnen S\u00fcdamerikas\u201c sind gigantische Granitt\u00fcrme, jeder Zahn mit einer fast 1.000 Meter hohen Felswand. Glatt und abweisend. Da steht man\u2026","rel":"","context":"In &quot;News&quot;","img":{"alt_text":"","src":"https:\/\/i0.wp.com\/my-alps.de\/wp-content\/uploads\/2014\/02\/Torres-Del-Paine-im-ersten-Morgenlicht-HD.jpg?resize=350%2C200","width":350,"height":200},"classes":[]},{"id":851,"url":"http:\/\/my-alps.de\/?p=851","url_meta":{"origin":1213,"position":3},"title":"von Chaiten ans Ende der Carretera Austral","date":"19. M\u00e4rz 2014","format":"gallery","excerpt":"Wir sind jetzt fast 4 Wochen lang auf der Ruta 7, der Carretera Austral, aus dem S\u00fcden Chiles Richtung Norden gefahren. Der Eine oder Andere Abstecher hat der einsamen Stra\u00dfe noch etwas mehr Reiz beschert, als sie selbst schon besitzt. Doch jetzt ist es an der Zeit die Zivilisation mal\u2026","rel":"","context":"In &quot;News&quot;","img":{"alt_text":"","src":"https:\/\/i0.wp.com\/my-alps.de\/wp-content\/uploads\/2014\/03\/El-Cap-light-sw.jpg?resize=350%2C200","width":350,"height":200},"classes":[]},{"id":934,"url":"http:\/\/my-alps.de\/?p=934","url_meta":{"origin":1213,"position":4},"title":"Fortsetzung Castro &#8211; von sch\u00f6nen Holzkirchen und frischen Fischen","date":"30. M\u00e4rz 2014","format":"gallery","excerpt":"Wir sind im zweiten Teil unserer Reise \u00fcber die Insel Chiloe\u2019 in der kleinen Stadt \u201eCastro\u201c gelandet. Castro ist, wie der Rest der Insel auch, ber\u00fchmt f\u00fcr seine einzigartige Holzkirche. Zugegeben, von aussen wirkt die \u201eKathedrale\u201c etwas kitschig, und die Fassade ist mit Blechtafeln verkleidet, aber sobald man durch einen\u2026","rel":"","context":"In &quot;News&quot;","img":{"alt_text":"","src":"https:\/\/i0.wp.com\/my-alps.de\/wp-content\/uploads\/2014\/03\/Klein-Venedig-ganz-klein.jpg?resize=350%2C200","width":350,"height":200},"classes":[]},{"id":575,"url":"http:\/\/my-alps.de\/?p=575","url_meta":{"origin":1213,"position":5},"title":"Endlich &#8211; s\u00fcdlichster (Wende) &#8211; Punkt der Reise&#8230;..","date":"17. Januar 2014","format":"gallery","excerpt":"Nach unserem ersten Grenz\u00fcbertritt nach Chile (wir haben nat\u00fcrlich alles richtig gemacht!) sind wir mit zwei Zwischenstopps in Rio Grande - (Club Nautica - sehr zu empfehlen - vielen Dank an die Kiter und Kajak(en) die uns dort haben \u00fcbernachten lassen) und am Lago Fagnano (Tolhuin) sind wir schlie\u00dflich in:\u2026","rel":"","context":"In &quot;News&quot;","img":{"alt_text":"s\u00c3\u00bcdlicher kann man nicht fahren","src":"https:\/\/i0.wp.com\/my-alps.de\/wp-content\/uploads\/2014\/01\/s\u00c3\u00bcdlicher-kann-man-nicht-fahren.jpg?resize=350%2C200","width":350,"height":200},"classes":[]}],"_links":{"self":[{"href":"http:\/\/my-alps.de\/index.php?rest_route=\/wp\/v2\/posts\/1213"}],"collection":[{"href":"http:\/\/my-alps.de\/index.php?rest_route=\/wp\/v2\/posts"}],"about":[{"href":"http:\/\/my-alps.de\/index.php?rest_route=\/wp\/v2\/types\/post"}],"author":[{"embeddable":true,"href":"http:\/\/my-alps.de\/index.php?rest_route=\/wp\/v2\/users\/1"}],"replies":[{"embeddable":true,"href":"http:\/\/my-alps.de\/index.php?rest_route=%2Fwp%2Fv2%2Fcomments&post=1213"}],"version-history":[{"count":4,"href":"http:\/\/my-alps.de\/index.php?rest_route=\/wp\/v2\/posts\/1213\/revisions"}],"predecessor-version":[{"id":1226,"href":"http:\/\/my-alps.de\/index.php?rest_route=\/wp\/v2\/posts\/1213\/revisions\/1226"}],"wp:attachment":[{"href":"http:\/\/my-alps.de\/index.php?rest_route=%2Fwp%2Fv2%2Fmedia&parent=1213"}],"wp:term":[{"taxonomy":"category","embeddable":true,"href":"http:\/\/my-alps.de\/index.php?rest_route=%2Fwp%2Fv2%2Fcategories&post=1213"},{"taxonomy":"post_tag","embeddable":true,"href":"http:\/\/my-alps.de\/index.php?rest_route=%2Fwp%2Fv2%2Ftags&post=1213"}],"curies":[{"name":"wp","href":"https:\/\/api.w.org\/{rel}","templated":true}]}}