{"id":1188,"date":"2014-06-04T15:44:21","date_gmt":"2014-06-04T13:44:21","guid":{"rendered":"http:\/\/my-alps.de\/?p=1188"},"modified":"2014-06-04T22:03:24","modified_gmt":"2014-06-04T20:03:24","slug":"mal-wieder-einige-bilder","status":"publish","type":"post","link":"http:\/\/my-alps.de\/?p=1188","title":{"rendered":"&#8230;mal wieder einige Bilder&#8230;"},"content":{"rendered":"<p>Ich habe auf der Fahrt von Osorno bis Santiago kaum fotografiert.<br \/>\nDas Wetter war einfach zu schlecht, es war dunstig und teilweise<br \/>\nextrem nebelig. Eigentlich keine Ausrede, aber wir wollten erst mal ein St\u00fcck nach Norden kommen.<br \/>\nSo haben wir uns spontan in Santiago entschieden wieder ein St\u00fcck durch Argentinien zu fahren. Wir brauchen einfach etwas Sonne und trockeneres Wetter.<br \/>\nVon Los Andes, etwa 80 km n\u00f6rdlich von Santiago<br \/>\nf\u00fchrt die Stra\u00dfe \u00fcber den &#8222;<span style=\"line-height: 1.5;\">Paso\u00a0<\/span>Cristo<span style=\"line-height: 1.5;\">\u00a0Redentor&#8220;<br \/>\nauf die argentinische Seite.<\/span><br \/>\nDer Pass ist im Grenztunnel knapp 3.200 m hoch.<br \/>\nMan f\u00e4hrt in endlosen Serpentinen hinauf, und<br \/>\nder Grenztunnel ist mickerig beleuchtet,\u00a0<span style=\"line-height: 1.5;\">nicht entl\u00fcftet<br \/>\n<\/span><span style=\"line-height: 1.5;\">und 3 km lang.\u00a0Aber er spart einem nochmal 600\u00a0<\/span><span style=\"line-height: 1.5;\">H\u00f6henmeter zum alten, urspr\u00fcnglichen Pass.<\/span><\/p>\n<div id=\"attachment_1194\" style=\"width: 1034px\" class=\"wp-caption aligncenter\"><a href=\"https:\/\/i0.wp.com\/my-alps.de\/wp-content\/uploads\/2014\/06\/Paso-Cristo-Redentor-ce4.jpg\"><img aria-describedby=\"caption-attachment-1194\" data-attachment-id=\"1194\" data-permalink=\"http:\/\/my-alps.de\/?attachment_id=1194\" data-orig-file=\"https:\/\/i0.wp.com\/my-alps.de\/wp-content\/uploads\/2014\/06\/Paso-Cristo-Redentor-ce4.jpg?fit=1024%2C683\" data-orig-size=\"1024,683\" data-comments-opened=\"1\" data-image-meta=\"{&quot;aperture&quot;:&quot;4&quot;,&quot;credit&quot;:&quot;&quot;,&quot;camera&quot;:&quot;SLT-A99V&quot;,&quot;caption&quot;:&quot;&quot;,&quot;created_timestamp&quot;:&quot;1401644274&quot;,&quot;copyright&quot;:&quot;&quot;,&quot;focal_length&quot;:&quot;50&quot;,&quot;iso&quot;:&quot;160&quot;,&quot;shutter_speed&quot;:&quot;0.005&quot;,&quot;title&quot;:&quot;&quot;}\" data-image-title=\"Paso Cristo Redentor-ce4\" data-image-description=\"&lt;p&gt;Paso Cristo Redentor&lt;\/p&gt;\n\" data-image-caption=\"&lt;p&gt;Paso Cristo Redentor&lt;\/p&gt;\n\" data-medium-file=\"https:\/\/i0.wp.com\/my-alps.de\/wp-content\/uploads\/2014\/06\/Paso-Cristo-Redentor-ce4.jpg?fit=300%2C200\" data-large-file=\"https:\/\/i0.wp.com\/my-alps.de\/wp-content\/uploads\/2014\/06\/Paso-Cristo-Redentor-ce4.jpg?fit=625%2C417\" loading=\"lazy\" class=\"size-full wp-image-1194\" alt=\"Paso Cristo Redentor\" src=\"https:\/\/i0.wp.com\/my-alps.de\/wp-content\/uploads\/2014\/06\/Paso-Cristo-Redentor-ce4.jpg?resize=625%2C417\" width=\"625\" height=\"417\" srcset=\"https:\/\/i0.wp.com\/my-alps.de\/wp-content\/uploads\/2014\/06\/Paso-Cristo-Redentor-ce4.jpg?w=1024 1024w, https:\/\/i0.wp.com\/my-alps.de\/wp-content\/uploads\/2014\/06\/Paso-Cristo-Redentor-ce4.jpg?resize=300%2C200 300w\" sizes=\"(max-width: 625px) 100vw, 625px\" data-recalc-dims=\"1\" \/><\/a><p id=\"caption-attachment-1194\" class=\"wp-caption-text\">Paso Cristo Redentor<\/p><\/div>\n<p>&nbsp;<\/p>\n<div id=\"attachment_1193\" style=\"width: 1034px\" class=\"wp-caption aligncenter\"><a href=\"https:\/\/i0.wp.com\/my-alps.de\/wp-content\/uploads\/2014\/06\/im-Tunnel.jpg\"><img aria-describedby=\"caption-attachment-1193\" data-attachment-id=\"1193\" data-permalink=\"http:\/\/my-alps.de\/?attachment_id=1193\" data-orig-file=\"https:\/\/i0.wp.com\/my-alps.de\/wp-content\/uploads\/2014\/06\/im-Tunnel.jpg?fit=1024%2C683\" data-orig-size=\"1024,683\" data-comments-opened=\"1\" data-image-meta=\"{&quot;aperture&quot;:&quot;3.5&quot;,&quot;credit&quot;:&quot;&quot;,&quot;camera&quot;:&quot;SLT-A99V&quot;,&quot;caption&quot;:&quot;&quot;,&quot;created_timestamp&quot;:&quot;1401646714&quot;,&quot;copyright&quot;:&quot;&quot;,&quot;focal_length&quot;:&quot;45&quot;,&quot;iso&quot;:&quot;6400&quot;,&quot;shutter_speed&quot;:&quot;0.005&quot;,&quot;title&quot;:&quot;&quot;}\" data-image-title=\"im Tunnel\" data-image-description=\"&lt;p&gt;im Tunnel&lt;\/p&gt;\n\" data-image-caption=\"&lt;p&gt;im Tunnel&lt;\/p&gt;\n\" data-medium-file=\"https:\/\/i0.wp.com\/my-alps.de\/wp-content\/uploads\/2014\/06\/im-Tunnel.jpg?fit=300%2C200\" data-large-file=\"https:\/\/i0.wp.com\/my-alps.de\/wp-content\/uploads\/2014\/06\/im-Tunnel.jpg?fit=625%2C417\" loading=\"lazy\" class=\"size-full wp-image-1193\" alt=\"im Tunnel\" src=\"https:\/\/i0.wp.com\/my-alps.de\/wp-content\/uploads\/2014\/06\/im-Tunnel.jpg?resize=625%2C417\" width=\"625\" height=\"417\" srcset=\"https:\/\/i0.wp.com\/my-alps.de\/wp-content\/uploads\/2014\/06\/im-Tunnel.jpg?w=1024 1024w, https:\/\/i0.wp.com\/my-alps.de\/wp-content\/uploads\/2014\/06\/im-Tunnel.jpg?resize=300%2C200 300w\" sizes=\"(max-width: 625px) 100vw, 625px\" data-recalc-dims=\"1\" \/><\/a><p id=\"caption-attachment-1193\" class=\"wp-caption-text\">im Tunnel<\/p><\/div>\n<p>Man kommt direkt am Aconcagua vorbei und die Landschaft \u00e4ndert<br \/>\ndramatisch ihr Aussehen, im Vergleich zum Gr\u00fcn in Chile wird es wieder Steppe und Steinw\u00fcste.<\/p>\n<div id=\"attachment_1192\" style=\"width: 1034px\" class=\"wp-caption aligncenter\"><a href=\"https:\/\/i0.wp.com\/my-alps.de\/wp-content\/uploads\/2014\/06\/Aconcagua-S\u00fcdwand.jpg\"><img aria-describedby=\"caption-attachment-1192\" data-attachment-id=\"1192\" data-permalink=\"http:\/\/my-alps.de\/?attachment_id=1192\" data-orig-file=\"https:\/\/i0.wp.com\/my-alps.de\/wp-content\/uploads\/2014\/06\/Aconcagua-S\u00fcdwand.jpg?fit=1024%2C683\" data-orig-size=\"1024,683\" data-comments-opened=\"1\" data-image-meta=\"{&quot;aperture&quot;:&quot;8&quot;,&quot;credit&quot;:&quot;&quot;,&quot;camera&quot;:&quot;SLT-A99V&quot;,&quot;caption&quot;:&quot;&quot;,&quot;created_timestamp&quot;:&quot;1401647701&quot;,&quot;copyright&quot;:&quot;&quot;,&quot;focal_length&quot;:&quot;70&quot;,&quot;iso&quot;:&quot;100&quot;,&quot;shutter_speed&quot;:&quot;0.008&quot;,&quot;title&quot;:&quot;&quot;}\" data-image-title=\"Aconcagua S\u00fcdwand\" data-image-description=\"&lt;p&gt;Aconcagua S\u00fcdwand&lt;\/p&gt;\n\" data-image-caption=\"&lt;p&gt;Aconcagua S\u00fcdwand&lt;\/p&gt;\n\" data-medium-file=\"https:\/\/i0.wp.com\/my-alps.de\/wp-content\/uploads\/2014\/06\/Aconcagua-S\u00fcdwand.jpg?fit=300%2C200\" data-large-file=\"https:\/\/i0.wp.com\/my-alps.de\/wp-content\/uploads\/2014\/06\/Aconcagua-S\u00fcdwand.jpg?fit=625%2C417\" loading=\"lazy\" class=\"size-full wp-image-1192\" alt=\"Aconcagua S\u00fcdwand\" src=\"https:\/\/i0.wp.com\/my-alps.de\/wp-content\/uploads\/2014\/06\/Aconcagua-S\u00fcdwand.jpg?resize=625%2C417\" width=\"625\" height=\"417\" srcset=\"https:\/\/i0.wp.com\/my-alps.de\/wp-content\/uploads\/2014\/06\/Aconcagua-S\u00fcdwand.jpg?w=1024 1024w, https:\/\/i0.wp.com\/my-alps.de\/wp-content\/uploads\/2014\/06\/Aconcagua-S\u00fcdwand.jpg?resize=300%2C200 300w\" sizes=\"(max-width: 625px) 100vw, 625px\" data-recalc-dims=\"1\" \/><\/a><p id=\"caption-attachment-1192\" class=\"wp-caption-text\">Aconcagua S\u00fcdwand<\/p><\/div>\n<p>Ein paar Kilometer hinter der eigentlichen Grenzabfertigung liegt<br \/>\ndie &#8222;Puente Del Inca&#8220;, ein Felsentor an dem eine sehr spezielle &#8222;Br\u00fche&#8220; aus der Erde tritt. Die Steine sind \u00fcberzogen von einem<br \/>\nGemisch aus schwefelhaltigen Ablagerungen und Algen.<br \/>\nSehr farbenfroh das Ganze!<br \/>\nHier war auch einmal ein &#8222;Badehaus&#8220;, das ist aber bei einem Erdrutsch versch\u00fcttet worden. Die alten Gem\u00e4uer an der Br\u00fccke sind ebenfalls als Anwendungsr\u00e4ume gedacht.<br \/>\nEs wird allerdings hier nicht mehr genutzt.<br \/>\nDas Eisenerzhaltige Gestein der Berge und die Gelbt\u00f6ne der Ablagerungen schaffen ein skurriles Bild.<\/p>\n<div id=\"attachment_1196\" style=\"width: 1034px\" class=\"wp-caption aligncenter\"><a href=\"https:\/\/i0.wp.com\/my-alps.de\/wp-content\/uploads\/2014\/06\/Puente-del-Inca-I-ce4.jpg\"><img aria-describedby=\"caption-attachment-1196\" data-attachment-id=\"1196\" data-permalink=\"http:\/\/my-alps.de\/?attachment_id=1196\" data-orig-file=\"https:\/\/i0.wp.com\/my-alps.de\/wp-content\/uploads\/2014\/06\/Puente-del-Inca-I-ce4.jpg?fit=1024%2C683\" data-orig-size=\"1024,683\" data-comments-opened=\"1\" data-image-meta=\"{&quot;aperture&quot;:&quot;6.7&quot;,&quot;credit&quot;:&quot;&quot;,&quot;camera&quot;:&quot;SLT-A99V&quot;,&quot;caption&quot;:&quot;&quot;,&quot;created_timestamp&quot;:&quot;1401713262&quot;,&quot;copyright&quot;:&quot;&quot;,&quot;focal_length&quot;:&quot;24&quot;,&quot;iso&quot;:&quot;100&quot;,&quot;shutter_speed&quot;:&quot;0.005&quot;,&quot;title&quot;:&quot;&quot;}\" data-image-title=\"Puente del Inca-I-ce4\" data-image-description=\"&lt;p&gt;Puente del Inca-I&lt;\/p&gt;\n\" data-image-caption=\"&lt;p&gt;Puente del Inca-I&lt;\/p&gt;\n\" data-medium-file=\"https:\/\/i0.wp.com\/my-alps.de\/wp-content\/uploads\/2014\/06\/Puente-del-Inca-I-ce4.jpg?fit=300%2C200\" data-large-file=\"https:\/\/i0.wp.com\/my-alps.de\/wp-content\/uploads\/2014\/06\/Puente-del-Inca-I-ce4.jpg?fit=625%2C417\" loading=\"lazy\" class=\"size-full wp-image-1196\" alt=\"Puente del Inca-I\" src=\"https:\/\/i0.wp.com\/my-alps.de\/wp-content\/uploads\/2014\/06\/Puente-del-Inca-I-ce4.jpg?resize=625%2C417\" width=\"625\" height=\"417\" srcset=\"https:\/\/i0.wp.com\/my-alps.de\/wp-content\/uploads\/2014\/06\/Puente-del-Inca-I-ce4.jpg?w=1024 1024w, https:\/\/i0.wp.com\/my-alps.de\/wp-content\/uploads\/2014\/06\/Puente-del-Inca-I-ce4.jpg?resize=300%2C200 300w\" sizes=\"(max-width: 625px) 100vw, 625px\" data-recalc-dims=\"1\" \/><\/a><p id=\"caption-attachment-1196\" class=\"wp-caption-text\">Puente del Inca-I<\/p><\/div>\n<div id=\"attachment_1197\" style=\"width: 1034px\" class=\"wp-caption aligncenter\"><a href=\"https:\/\/i0.wp.com\/my-alps.de\/wp-content\/uploads\/2014\/06\/Puente-del-Inca-II-ce4.jpg\"><img aria-describedby=\"caption-attachment-1197\" data-attachment-id=\"1197\" data-permalink=\"http:\/\/my-alps.de\/?attachment_id=1197\" data-orig-file=\"https:\/\/i0.wp.com\/my-alps.de\/wp-content\/uploads\/2014\/06\/Puente-del-Inca-II-ce4.jpg?fit=1024%2C683\" data-orig-size=\"1024,683\" data-comments-opened=\"1\" data-image-meta=\"{&quot;aperture&quot;:&quot;6.7&quot;,&quot;credit&quot;:&quot;&quot;,&quot;camera&quot;:&quot;SLT-A99V&quot;,&quot;caption&quot;:&quot;&quot;,&quot;created_timestamp&quot;:&quot;1401713075&quot;,&quot;copyright&quot;:&quot;&quot;,&quot;focal_length&quot;:&quot;70&quot;,&quot;iso&quot;:&quot;100&quot;,&quot;shutter_speed&quot;:&quot;0.005&quot;,&quot;title&quot;:&quot;&quot;}\" data-image-title=\"Puente del Inca-II-ce4\" data-image-description=\"&lt;p&gt;Puente del Inca-II&lt;\/p&gt;\n\" data-image-caption=\"&lt;p&gt;Puente del Inca-II&lt;\/p&gt;\n\" data-medium-file=\"https:\/\/i0.wp.com\/my-alps.de\/wp-content\/uploads\/2014\/06\/Puente-del-Inca-II-ce4.jpg?fit=300%2C200\" data-large-file=\"https:\/\/i0.wp.com\/my-alps.de\/wp-content\/uploads\/2014\/06\/Puente-del-Inca-II-ce4.jpg?fit=625%2C417\" loading=\"lazy\" class=\"size-full wp-image-1197\" alt=\"Puente del Inca-II\" src=\"https:\/\/i0.wp.com\/my-alps.de\/wp-content\/uploads\/2014\/06\/Puente-del-Inca-II-ce4.jpg?resize=625%2C417\" width=\"625\" height=\"417\" srcset=\"https:\/\/i0.wp.com\/my-alps.de\/wp-content\/uploads\/2014\/06\/Puente-del-Inca-II-ce4.jpg?w=1024 1024w, https:\/\/i0.wp.com\/my-alps.de\/wp-content\/uploads\/2014\/06\/Puente-del-Inca-II-ce4.jpg?resize=300%2C200 300w\" sizes=\"(max-width: 625px) 100vw, 625px\" data-recalc-dims=\"1\" \/><\/a><p id=\"caption-attachment-1197\" class=\"wp-caption-text\">Puente del Inca-II<\/p><\/div>\n<p>Ich finde es hat etwas orientalisches mit einem Hauch von K\u00fcrbis.<\/p>\n<p>Die folgende Nacht auf knapp 3.000 Meter war etwas frisch und der<br \/>\nG\u00e4rtner an der Puente del Inca hat vergessen seinen Rasensprenger<br \/>\nauszuschalten. So hat der Frost etwas &#8222;Kunst&#8220; gemacht.<\/p>\n<div id=\"attachment_1198\" style=\"width: 1034px\" class=\"wp-caption aligncenter\"><a href=\"https:\/\/i0.wp.com\/my-alps.de\/wp-content\/uploads\/2014\/06\/schon-gefroren-II-ce4-HD.jpg\"><img aria-describedby=\"caption-attachment-1198\" data-attachment-id=\"1198\" data-permalink=\"http:\/\/my-alps.de\/?attachment_id=1198\" data-orig-file=\"https:\/\/i0.wp.com\/my-alps.de\/wp-content\/uploads\/2014\/06\/schon-gefroren-II-ce4-HD.jpg?fit=1024%2C576\" data-orig-size=\"1024,576\" data-comments-opened=\"1\" data-image-meta=\"{&quot;aperture&quot;:&quot;6.7&quot;,&quot;credit&quot;:&quot;&quot;,&quot;camera&quot;:&quot;SLT-A99V&quot;,&quot;caption&quot;:&quot;&quot;,&quot;created_timestamp&quot;:&quot;1401713395&quot;,&quot;copyright&quot;:&quot;&quot;,&quot;focal_length&quot;:&quot;35&quot;,&quot;iso&quot;:&quot;100&quot;,&quot;shutter_speed&quot;:&quot;0.005&quot;,&quot;title&quot;:&quot;&quot;}\" data-image-title=\"schon gefroren-II-ce4-HD\" data-image-description=\"&lt;p&gt;schon gefroren&lt;\/p&gt;\n\" data-image-caption=\"&lt;p&gt;schon gefroren&lt;\/p&gt;\n\" data-medium-file=\"https:\/\/i0.wp.com\/my-alps.de\/wp-content\/uploads\/2014\/06\/schon-gefroren-II-ce4-HD.jpg?fit=300%2C168\" data-large-file=\"https:\/\/i0.wp.com\/my-alps.de\/wp-content\/uploads\/2014\/06\/schon-gefroren-II-ce4-HD.jpg?fit=625%2C352\" loading=\"lazy\" class=\"size-full wp-image-1198\" alt=\"schon gefroren\" src=\"https:\/\/i0.wp.com\/my-alps.de\/wp-content\/uploads\/2014\/06\/schon-gefroren-II-ce4-HD.jpg?resize=625%2C352\" width=\"625\" height=\"352\" srcset=\"https:\/\/i0.wp.com\/my-alps.de\/wp-content\/uploads\/2014\/06\/schon-gefroren-II-ce4-HD.jpg?w=1024 1024w, https:\/\/i0.wp.com\/my-alps.de\/wp-content\/uploads\/2014\/06\/schon-gefroren-II-ce4-HD.jpg?resize=300%2C168 300w\" sizes=\"(max-width: 625px) 100vw, 625px\" data-recalc-dims=\"1\" \/><\/a><p id=\"caption-attachment-1198\" class=\"wp-caption-text\">schon gefroren<\/p><\/div>\n","protected":false},"excerpt":{"rendered":"<p>Ich habe auf der Fahrt von Osorno bis Santiago kaum fotografiert. Das Wetter war einfach zu schlecht, es war dunstig und teilweise extrem nebelig. Eigentlich keine Ausrede, aber wir wollten erst mal ein St\u00fcck nach Norden kommen. So haben wir uns spontan in Santiago entschieden wieder ein St\u00fcck durch Argentinien zu fahren. Wir brauchen einfach [&hellip;]<\/p>\n","protected":false},"author":1,"featured_media":0,"comment_status":"open","ping_status":"open","sticky":false,"template":"","format":"gallery","meta":{"spay_email":"","jetpack_publicize_message":"","jetpack_is_tweetstorm":false,"jetpack_publicize_feature_enabled":true},"categories":[1],"tags":[],"jetpack_featured_media_url":"","jetpack_publicize_connections":[],"jetpack_sharing_enabled":true,"jetpack_shortlink":"https:\/\/wp.me\/p6huce-ja","jetpack-related-posts":[{"id":443,"url":"http:\/\/my-alps.de\/?p=443","url_meta":{"origin":1188,"position":0},"title":"wir warten mal wieder&#8230;.","date":"5. Dezember 2013","format":"gallery","excerpt":"Heute ist bereits der 05.12.2013 und wir liegen seit zwei Tagen regungslos vor Anker an der K\u00fcste von Brasilien. Bis nach Montevideo sind es nur noch gut 700 km! Aber vorher l\u00e4uft das Schiff noch Zarate in Argentinien an um dort ca. 1.500 Audis und sonstiges auszuladen. Tja - und\u2026","rel":"","context":"In &quot;News&quot;","img":{"alt_text":"","src":"https:\/\/i0.wp.com\/my-alps.de\/wp-content\/uploads\/2013\/12\/Santos__Hafenanlagen.jpg?resize=350%2C200","width":350,"height":200},"classes":[]},{"id":504,"url":"http:\/\/my-alps.de\/?p=504","url_meta":{"origin":1188,"position":1},"title":"WIFI &#8211; Bitte ?!?","date":"3. Januar 2014","format":"gallery","excerpt":"Wir haben die n\u00e4chsten Zeilen in der ersten Januarwoche offline geschrieben, denn da wo wir uns zeitweise herumgetrieben haben wird das Internet vom Winde verweht ;-)) Nachdem wir unser Sylvester 2013\/14 mit den wilden Hupkonzerten der Dorfjugend von Camarones geteilt hatten, sind wir am 01.01.2014 weiter Richtung S\u00fcden gefahren. Zuerst\u2026","rel":"","context":"In &quot;News&quot;","img":{"alt_text":"","src":"https:\/\/i0.wp.com\/my-alps.de\/wp-content\/uploads\/2014\/01\/Hallo-ich-bin-Freddy-und-du-200x300.jpg?resize=350%2C200","width":350,"height":200},"classes":[]},{"id":695,"url":"http:\/\/my-alps.de\/?p=695","url_meta":{"origin":1188,"position":2},"title":"Von El Calafate nach El Chalten &#8211; Fitz Roy und Cerro Torre","date":"23. Februar 2014","format":"gallery","excerpt":"Nachdem wir den Campingplatz Marke SUPERLUXUS am Lago Roca ausgiebig genossen haben, sind wir in den n\u00e4chsten Nationalpark auf unserer Route weitergezogen. Die Fahrt ging auf der Ruta 40 weiter von El Calafate Richtung Norden nach El Chalten Hier stehen die ber\u00fchmten Namen, die das Herz eines Alpinisten h\u00f6her schlagen\u2026","rel":"","context":"In &quot;News&quot;","img":{"alt_text":"","src":"https:\/\/i0.wp.com\/my-alps.de\/wp-content\/uploads\/2014\/02\/Panorama-El-Chalten-HD.jpg?resize=350%2C200","width":350,"height":200},"classes":[]},{"id":1304,"url":"http:\/\/my-alps.de\/?p=1304","url_meta":{"origin":1188,"position":3},"title":"Chilecito, Hualko, Amaicha und Tafi del Valles","date":"30. Juni 2014","format":"gallery","excerpt":"Chronologisch unserer Reiseroute ging es nach dem NP Talampaya in Richtung Chilecito. Da die Ruta 40 zur dieser Zeit \u00fcber die\u00a0\u201eCuesta de Miranda\u201c gesperrt war, mussten wir einen \u201ekleinen\u201c\u00a0Umweg von ca. 250 Kilometer machen. Die Fahrt ging zur\u00fcck \u00fcber die Ruta 76 bis nach Pataguia und dann die Ruta 74\u2026","rel":"","context":"In &quot;News&quot;","img":{"alt_text":"","src":"https:\/\/i0.wp.com\/my-alps.de\/wp-content\/uploads\/2014\/06\/DSC03910.jpg?resize=350%2C200","width":350,"height":200},"classes":[]},{"id":1712,"url":"http:\/\/my-alps.de\/?p=1712","url_meta":{"origin":1188,"position":4},"title":"Festgefahren","date":"12. Oktober 2014","format":"gallery","excerpt":"Wir hatten bis jetzt ja immer Gl\u00fcck auf unserer gesamten Fahrt durch S\u00fcdamerika - keine Pannen und wir sind immer gut durchgekommen. Doch auf der Fahrt von Salento nach Villa de Leyva hat es uns doch mal erwischt. Es hat in der Nacht ein schweres Unwetter gegeben, und wir haben\u2026","rel":"","context":"In &quot;News&quot;","img":{"alt_text":"","src":"https:\/\/i0.wp.com\/my-alps.de\/wp-content\/uploads\/2014\/10\/es-wird-Regen-geben-ce4.jpg?resize=350%2C200","width":350,"height":200},"classes":[]},{"id":1308,"url":"http:\/\/my-alps.de\/?p=1308","url_meta":{"origin":1188,"position":5},"title":"Cafayate und durch das Valle Calchaquies nach Salta","date":"30. Juni 2014","format":"gallery","excerpt":"Nach Amaicha haben wir noch die \u201eRuinas de Quilmes\u201c besucht. Die Terrassenanlage wurde teilweise wieder ausgegraben und die Geschichte der Quilmesindianer hat ein trauriges Kapitel. Nach langem Wiederstand gegen die Spanier wurden sie doch unterworfen und der gesamte Stamm nach Buenos Aires deportiert. Nur 600 kamen lebend dort an mehr\u2026","rel":"","context":"In &quot;News&quot;","img":{"alt_text":"","src":"https:\/\/i0.wp.com\/my-alps.de\/wp-content\/uploads\/2014\/06\/Felsfarben-1-Sonnenuntergang-ce4.jpg?resize=350%2C200","width":350,"height":200},"classes":[]}],"_links":{"self":[{"href":"http:\/\/my-alps.de\/index.php?rest_route=\/wp\/v2\/posts\/1188"}],"collection":[{"href":"http:\/\/my-alps.de\/index.php?rest_route=\/wp\/v2\/posts"}],"about":[{"href":"http:\/\/my-alps.de\/index.php?rest_route=\/wp\/v2\/types\/post"}],"author":[{"embeddable":true,"href":"http:\/\/my-alps.de\/index.php?rest_route=\/wp\/v2\/users\/1"}],"replies":[{"embeddable":true,"href":"http:\/\/my-alps.de\/index.php?rest_route=%2Fwp%2Fv2%2Fcomments&post=1188"}],"version-history":[{"count":9,"href":"http:\/\/my-alps.de\/index.php?rest_route=\/wp\/v2\/posts\/1188\/revisions"}],"predecessor-version":[{"id":1212,"href":"http:\/\/my-alps.de\/index.php?rest_route=\/wp\/v2\/posts\/1188\/revisions\/1212"}],"wp:attachment":[{"href":"http:\/\/my-alps.de\/index.php?rest_route=%2Fwp%2Fv2%2Fmedia&parent=1188"}],"wp:term":[{"taxonomy":"category","embeddable":true,"href":"http:\/\/my-alps.de\/index.php?rest_route=%2Fwp%2Fv2%2Fcategories&post=1188"},{"taxonomy":"post_tag","embeddable":true,"href":"http:\/\/my-alps.de\/index.php?rest_route=%2Fwp%2Fv2%2Ftags&post=1188"}],"curies":[{"name":"wp","href":"https:\/\/api.w.org\/{rel}","templated":true}]}}