{"id":1180,"date":"2014-06-04T14:50:45","date_gmt":"2014-06-04T12:50:45","guid":{"rendered":"http:\/\/my-alps.de\/?p=1180"},"modified":"2014-06-04T14:50:45","modified_gmt":"2014-06-04T12:50:45","slug":"ruta-5-die-laengste-einkaufsmeile-der-welt","status":"publish","type":"post","link":"http:\/\/my-alps.de\/?p=1180","title":{"rendered":"Ruta 5 &#8211; die l\u00e4ngste Einkaufsmeile der Welt"},"content":{"rendered":"<p>Die Ruta 5 f\u00fchrt von Santiago aus nach S\u00fcden und<br \/>\nnach Norden, sie ist ein Teil der Pan Amerikana.<br \/>\nEs ist eine 4-spurige Autobahn mit dem Charme<br \/>\neiner italienischen Autostrada und<br \/>\ns\u00fcdamerikanischer Gelassenheit.<br \/>\nSo werden am Stra\u00dfenrand kleine H\u00fctten gebaut<br \/>\nund man kann Honig, K\u00e4se oder Empanadas kaufen.<br \/>\nMan f\u00e4hrt dazu einfach auf den Standstreifen und<br \/>\nl\u00e4sst das Auto einfach stehen. Es werden auch Obst,<br \/>\nGem\u00fcse, und sogar Reifenservice angeboten.<br \/>\nKleine Restaurants sind entstanden und \u00fcberall<br \/>\nrauchen und lodern die Grillfeuer.<br \/>\nDie Autobahn wird gerne von Radfahrern genutzt<br \/>\n(schlie\u00dflich ist sie ja asphaltiert). Traktoren fahren<br \/>\nquer dar\u00fcber, von einem Feld zum anderen.<br \/>\nH\u00fchner picken an der B\u00f6schung und kleine Ferkel<br \/>\nbuddeln am Standstreifen herum.<br \/>\nEs gibt an vielen Stellen extra Fu\u00dfg\u00e4ngerbr\u00fccken,<br \/>\ndie werden jedoch nicht so gerne benutzt. Es ist viel<br \/>\neinfacher, mit den Einkaufst\u00fcten die Autobahn &#8211; husch &#8211;<br \/>\nhusch &#8211; schnell zu \u00fcberqueren.<br \/>\nAls Europ\u00e4er bleibt dir da der Mund offen stehen:<br \/>\n\u201eDa h\u00e4lt der Bus am Standstreifen, die Menschen steigen<br \/>\naus und die eine H\u00e4lfte rennt \u00fcber die Stra\u00dfe auf die andere<br \/>\nSeite\u201c &#8211; unfassbar.<br \/>\nAber es gibt auch einige wichtige europ\u00e4ische Einfl\u00fcsse:<br \/>\n! Mautstationen !<br \/>\nsch\u00f6n modern und pro Schranke sind 2.100.- CLP f\u00e4llig.<br \/>\nEs ist ein beruhigend, das die Welt sich wenigstens<br \/>\nbei so was einig ist.<\/p>\n","protected":false},"excerpt":{"rendered":"<p>Die Ruta 5 f\u00fchrt von Santiago aus nach S\u00fcden und nach Norden, sie ist ein Teil der Pan Amerikana. Es ist eine 4-spurige Autobahn mit dem Charme einer italienischen Autostrada und s\u00fcdamerikanischer Gelassenheit. So werden am Stra\u00dfenrand kleine H\u00fctten gebaut und man kann Honig, K\u00e4se oder Empanadas kaufen. Man f\u00e4hrt dazu einfach auf den Standstreifen [&hellip;]<\/p>\n","protected":false},"author":1,"featured_media":0,"comment_status":"open","ping_status":"open","sticky":false,"template":"","format":"gallery","meta":{"spay_email":"","jetpack_publicize_message":"","jetpack_is_tweetstorm":false,"jetpack_publicize_feature_enabled":true},"categories":[1],"tags":[],"jetpack_featured_media_url":"","jetpack_publicize_connections":[],"jetpack_sharing_enabled":true,"jetpack_shortlink":"https:\/\/wp.me\/p6huce-j2","jetpack-related-posts":[{"id":934,"url":"http:\/\/my-alps.de\/?p=934","url_meta":{"origin":1180,"position":0},"title":"Fortsetzung Castro &#8211; von sch\u00f6nen Holzkirchen und frischen Fischen","date":"30. M\u00e4rz 2014","format":"gallery","excerpt":"Wir sind im zweiten Teil unserer Reise \u00fcber die Insel Chiloe\u2019 in der kleinen Stadt \u201eCastro\u201c gelandet. Castro ist, wie der Rest der Insel auch, ber\u00fchmt f\u00fcr seine einzigartige Holzkirche. Zugegeben, von aussen wirkt die \u201eKathedrale\u201c etwas kitschig, und die Fassade ist mit Blechtafeln verkleidet, aber sobald man durch einen\u2026","rel":"","context":"In &quot;News&quot;","img":{"alt_text":"","src":"https:\/\/i0.wp.com\/my-alps.de\/wp-content\/uploads\/2014\/03\/Klein-Venedig-ganz-klein.jpg?resize=350%2C200","width":350,"height":200},"classes":[]},{"id":1549,"url":"http:\/\/my-alps.de\/?p=1549","url_meta":{"origin":1180,"position":1},"title":"Die Nationalparks Paracas und Lachay","date":"29. August 2014","format":"gallery","excerpt":"Auf unserem Weg von Nazca nach Lima haben wir in dem Naturpark \u201eParacas\u201c einen kleinen Zwischenstopp eingelegt. Wir kamen ziemlich sp\u00e4t an, und die untergehende Sonne hat mit den unz\u00e4hligen Sand-und Salzpartikeln in der Luft eine wundersch\u00f6ne F\u00e4rbung erhalten (es war ziemlich windig). In dem NP kann man das direkte\u2026","rel":"","context":"In &quot;News&quot;","img":{"alt_text":"Sonnenuntergang in der W\u00c3\u00bcste","src":"https:\/\/i0.wp.com\/my-alps.de\/wp-content\/uploads\/2014\/08\/Sonnenuntergang-in-der-W\u00c3\u00bcste-ce4-dfine-HD.jpg?resize=350%2C200","width":350,"height":200},"classes":[]},{"id":1390,"url":"http:\/\/my-alps.de\/?p=1390","url_meta":{"origin":1180,"position":2},"title":"von Uyuni nach Cochabamba (Teil 1)","date":"24. Juli 2014","format":"gallery","excerpt":"Unsere Route durch Bolivien f\u00fchrt uns von Uyuni \u00fcber Potosi und Sucre weiter nach Cochabamba. Die Strecke f\u00fchrt durch\u2019s bolivianische Altiplano. Das Altiplano liegt eingebettet zwischen den westlichen und den \u00f6stlichen Kordilleren. Hier ist die \u201eBesiedlungsdichte\u201c am gr\u00f6ssten und mit Potosi und Sucre liegen zwei grosse St\u00e4dte auf unserem Weg.\u2026","rel":"","context":"In &quot;News&quot;","img":{"alt_text":"","src":"https:\/\/i0.wp.com\/my-alps.de\/wp-content\/uploads\/2014\/07\/hilft-bestimmt-ce4.jpg?resize=350%2C200","width":350,"height":200},"classes":[]},{"id":1413,"url":"http:\/\/my-alps.de\/?p=1413","url_meta":{"origin":1180,"position":3},"title":"La Paz &#8211; dem Himmel ganz nah!","date":"27. Juli 2014","format":"gallery","excerpt":"Ein Bild sagt mehr als 1.000 Worte - oder? Ok - die Aussicht aus der (neuen) Seilbahn von La Paz hinauf\u00a0nach El Alto (4.000 und ein paar zerquetschte Hm) ist einfach grandios. Bis zum Horizont zieht sich die Bebauung an den Steilh\u00e4ngen hoch. Die Stra\u00dfen sind - gelinde gesagt -\u2026","rel":"","context":"In &quot;News&quot;","img":{"alt_text":"","src":"https:\/\/i0.wp.com\/my-alps.de\/wp-content\/uploads\/2014\/07\/Promorales-I-ce4.jpg?resize=350%2C200","width":350,"height":200},"classes":[]},{"id":724,"url":"http:\/\/my-alps.de\/?p=724","url_meta":{"origin":1180,"position":4},"title":"Von El Chalten auf der Ruta 40 nach Chile","date":"23. Februar 2014","format":"gallery","excerpt":"Nach einer wundersch\u00f6nen Woche ist es an der Zeit weiter zu fahren. Unserer Reise f\u00fchrt nun \u00fcber die legend\u00e4re Ruta 40 (auf der wir uns schon einige Zeit bewegen) Richtung Norden. Die Gegend hier ist gepr\u00e4gt von - na ja - nichts - es gibt hier eigentlich nichts ausser Landschaft\u2026","rel":"","context":"In &quot;News&quot;","img":{"alt_text":"Ruta 40","src":"https:\/\/i0.wp.com\/my-alps.de\/wp-content\/uploads\/2014\/02\/Ruta-40.jpg?resize=350%2C200","width":350,"height":200},"classes":[]},{"id":1411,"url":"http:\/\/my-alps.de\/?p=1411","url_meta":{"origin":1180,"position":5},"title":"\u00fcber Cochabamba weiter nach La Paz (Teil 2)","date":"27. Juli 2014","format":"gallery","excerpt":"Von Sucre fahren wir durch die wilde und bergige Altiplanolandschaft.\u00a0Es geht durch kleine D\u00f6rfer und in den Flusst\u00e4lern werden Bananen\u00a0und Papayas angebaut. Anfangs ist die Stra\u00dfe noch asphaltiert, doch\u00a0dann sind wir wieder auf einer staubigen Piste. Der puderfeine Staub\u00a0legt sich wie ein Nebelschleier \u00fcber die Landschaft und alles was am\u00a0Stra\u00dfenrand\u2026","rel":"","context":"In &quot;News&quot;","img":{"alt_text":"","src":"https:\/\/i0.wp.com\/my-alps.de\/wp-content\/uploads\/2014\/07\/rauf-und-runter-ce4.jpg?resize=350%2C200","width":350,"height":200},"classes":[]}],"_links":{"self":[{"href":"http:\/\/my-alps.de\/index.php?rest_route=\/wp\/v2\/posts\/1180"}],"collection":[{"href":"http:\/\/my-alps.de\/index.php?rest_route=\/wp\/v2\/posts"}],"about":[{"href":"http:\/\/my-alps.de\/index.php?rest_route=\/wp\/v2\/types\/post"}],"author":[{"embeddable":true,"href":"http:\/\/my-alps.de\/index.php?rest_route=\/wp\/v2\/users\/1"}],"replies":[{"embeddable":true,"href":"http:\/\/my-alps.de\/index.php?rest_route=%2Fwp%2Fv2%2Fcomments&post=1180"}],"version-history":[{"count":1,"href":"http:\/\/my-alps.de\/index.php?rest_route=\/wp\/v2\/posts\/1180\/revisions"}],"predecessor-version":[{"id":1181,"href":"http:\/\/my-alps.de\/index.php?rest_route=\/wp\/v2\/posts\/1180\/revisions\/1181"}],"wp:attachment":[{"href":"http:\/\/my-alps.de\/index.php?rest_route=%2Fwp%2Fv2%2Fmedia&parent=1180"}],"wp:term":[{"taxonomy":"category","embeddable":true,"href":"http:\/\/my-alps.de\/index.php?rest_route=%2Fwp%2Fv2%2Fcategories&post=1180"},{"taxonomy":"post_tag","embeddable":true,"href":"http:\/\/my-alps.de\/index.php?rest_route=%2Fwp%2Fv2%2Ftags&post=1180"}],"curies":[{"name":"wp","href":"https:\/\/api.w.org\/{rel}","templated":true}]}}