{"id":1178,"date":"2014-06-03T21:58:40","date_gmt":"2014-06-03T19:58:40","guid":{"rendered":"http:\/\/my-alps.de\/?p=1178"},"modified":"2014-06-03T21:58:40","modified_gmt":"2014-06-03T19:58:40","slug":"epilog-osorno","status":"publish","type":"post","link":"http:\/\/my-alps.de\/?p=1178","title":{"rendered":"Epilog &#8211; Osorno"},"content":{"rendered":"<p>Nach erfolgreicher Implementierung des nagelneuen<br \/>\nSteuerger\u00e4tes in unseren Allradantrieb<br \/>\n&#8211;\u00a0<span style=\"line-height: 1.5;\">(er funktioniert wieder!) &#8211;<\/span><br \/>\nsteht einer Fortsetzung der Reise nach Norden,<br \/>\nRichtung Bolivien und Peru nichts mehr im Weg.<\/p>\n<p>Doch vorher ein kleiner R\u00fcckblick:<\/p>\n<p>Wir haben hier in der Stadt richtige Freunde gefunden,<br \/>\nMario, Gustavo und ihre Familien sind so gastfreundlich<br \/>\nzu uns gewesen, das wir, als Europ\u00e4er, uns fast gesch\u00e4mt<br \/>\nhaben wie in Deutschland Besucher aus fremden L\u00e4ndern<br \/>\nbehandelt werden.<br \/>\nWir waren in der ganzen Zeit ein Teil der Familie.<br \/>\nWir a\u00dfen zusammen Mittag und haben gemeinsam gekocht.<br \/>\nWas uns am meisten \u00fcberrascht hat war die gro\u00dfe Anzahl<br \/>\nvon Deutschen Auswanderern, die nun hier in Chile schon<br \/>\nin der 6. Generation ans\u00e4ssig ist.<br \/>\nWir haben Valdivia besucht, die Stadt die 1960 durch das<br \/>\nst\u00e4rkste Erdbeben, das jemals gemessen wurde, komplett<br \/>\nzerst\u00f6rt wurde. Hier waren die meisten Deutschen auf ihrer<br \/>\nReise nach Chile gelandet.<br \/>\nDie komplette Stadt hat sich um ca. 3 Meter abgesenkt und ein<br \/>\nTsunami hat das gesamt Flussdelta umgestaltet.<br \/>\nAlles wurde wieder aufgebaut und jetzt gibt es hier die<br \/>\nber\u00fchmte Brauerei \u201eKunstmann &#8211; das gute Bier\u201c.<\/p>\n<p>Es waren beeindruckende Erlebnisse hier in der Region<br \/>\num Osorno die wir erlebt haben.<\/p>\n<p>Vielen Dank Mario mit deiner Familie<br \/>\nVielen Dank Gustavo mit deiner unvergleichlichen Pati.<\/p>\n","protected":false},"excerpt":{"rendered":"<p>Nach erfolgreicher Implementierung des nagelneuen Steuerger\u00e4tes in unseren Allradantrieb &#8211;\u00a0(er funktioniert wieder!) &#8211; steht einer Fortsetzung der Reise nach Norden, Richtung Bolivien und Peru nichts mehr im Weg. Doch vorher ein kleiner R\u00fcckblick: Wir haben hier in der Stadt richtige Freunde gefunden, Mario, Gustavo und ihre Familien sind so gastfreundlich zu uns gewesen, das wir, [&hellip;]<\/p>\n","protected":false},"author":1,"featured_media":0,"comment_status":"open","ping_status":"open","sticky":false,"template":"","format":"gallery","meta":{"spay_email":"","jetpack_publicize_message":"","jetpack_is_tweetstorm":false,"jetpack_publicize_feature_enabled":true},"categories":[1],"tags":[],"jetpack_featured_media_url":"","jetpack_publicize_connections":[],"jetpack_sharing_enabled":true,"jetpack_shortlink":"https:\/\/wp.me\/p6huce-j0","jetpack-related-posts":[{"id":450,"url":"http:\/\/my-alps.de\/?p=450","url_meta":{"origin":1178,"position":0},"title":"Das sagt sie und das meint ER (1von2)","date":"15. Dezember 2013","format":"gallery","excerpt":"Hallo, ihr ZUHAUSEgebliebenen, wir sind heute in Colonia di Sacramento angekommen und sin somit in Uruguay. Dem esten Fussballweltmeister, und wenn's nach den URU'S geht, auch dem kommenden in Brasilien. Die Bilder zu diesem Blog f\u00fcge ich sp\u00e4ter mal ein, das WIFI hier in Uruguay ist nicht so von der\u2026","rel":"","context":"In &quot;News&quot;","img":{"alt_text":"","src":"","width":0,"height":0},"classes":[]},{"id":995,"url":"http:\/\/my-alps.de\/?p=995","url_meta":{"origin":1178,"position":1},"title":"April, April &#8211; Halbzeit bei der Auszeit","date":"10. April 2014","format":"gallery","excerpt":"Am 11.11.2013 sind wir in Hamburg an Bord der \u201eGrande Cameroon\u201c gegangen und \u00fcber den Atlantik nach S\u00fcdamerika geschippert. Zugegeben, es war nicht immer gerade Hochstimmung mit Karneval und Fasching an Bord, aber es ist uns wirklich nicht langweilig geworden. So eine Frachterreise hat auch etwas besonderes. (Beinahe meditativ!) Nun\u2026","rel":"","context":"In &quot;News&quot;","img":{"alt_text":"","src":"","width":0,"height":0},"classes":[]},{"id":1773,"url":"http:\/\/my-alps.de\/?p=1773","url_meta":{"origin":1178,"position":2},"title":"FAQ &#8211; und die Antworten","date":"22. November 2014","format":"gallery","excerpt":"Wir tingeln in den letzten beiden Wochen von einer Einladung zur anderen. Jeder m\u00f6chte uns sehen und fragen was wir so erlebt haben. Da nat\u00fcrlich (fast) jeder die gleichen Fragen stellt schauen uns wir manchmal selber fragend an..... ja wie war das denn? Deshalb m\u00f6chte ich die FAQ mal kurz\u2026","rel":"","context":"In &quot;News&quot;","img":{"alt_text":"","src":"https:\/\/i0.wp.com\/my-alps.de\/wp-content\/uploads\/2014\/11\/mein-Lama-und-meine-Stadt.jpg?resize=350%2C200","width":350,"height":200},"classes":[]},{"id":1712,"url":"http:\/\/my-alps.de\/?p=1712","url_meta":{"origin":1178,"position":3},"title":"Festgefahren","date":"12. Oktober 2014","format":"gallery","excerpt":"Wir hatten bis jetzt ja immer Gl\u00fcck auf unserer gesamten Fahrt durch S\u00fcdamerika - keine Pannen und wir sind immer gut durchgekommen. Doch auf der Fahrt von Salento nach Villa de Leyva hat es uns doch mal erwischt. Es hat in der Nacht ein schweres Unwetter gegeben, und wir haben\u2026","rel":"","context":"In &quot;News&quot;","img":{"alt_text":"","src":"https:\/\/i0.wp.com\/my-alps.de\/wp-content\/uploads\/2014\/10\/es-wird-Regen-geben-ce4.jpg?resize=350%2C200","width":350,"height":200},"classes":[]},{"id":883,"url":"http:\/\/my-alps.de\/?p=883","url_meta":{"origin":1178,"position":4},"title":"Insel Chiloe\u2019","date":"26. M\u00e4rz 2014","format":"gallery","excerpt":"Die Insel Chiloe\u2019 ist von Puerto Montt auf einer gut ausgebauten Autobahn in ca. 1 1\/2 Stunden Fahrt zu erreichen. \u00dcber die Meerenge zwischen dem Festland und der Insel wird (wie in Chile \u00fcblich) mit einer offenen F\u00e4hre \u00fcbergesetzt. Die Fahrtzeit betr\u00e4gt etwa eine halbe Stunde und kostet f\u00fcr unser\u2026","rel":"","context":"In &quot;News&quot;","img":{"alt_text":"","src":"https:\/\/i0.wp.com\/my-alps.de\/wp-content\/uploads\/2014\/03\/wir-sind-auf.....jpg?resize=350%2C200","width":350,"height":200},"classes":[]},{"id":1491,"url":"http:\/\/my-alps.de\/?p=1491","url_meta":{"origin":1178,"position":5},"title":"Die Grabt\u00fcrme von Sillustani","date":"12. August 2014","format":"gallery","excerpt":"Auf dem Weg zur Stra\u00dfe nach Cusco kommen wir wieder recht nahe am Titikakasee vorbei, und so machen wir einen kurzen Abstecher \u00fcber Juliaca, der wohl chaotischsten Stadt in ganz Peru, zu den Grabt\u00fcrmen von Sillustani. Aber erst mal Juliaca - Verkehrschaos pur. Diese Stadt ist ein, ja was eigentlich?\u2026","rel":"","context":"In &quot;News&quot;","img":{"alt_text":"","src":"https:\/\/i0.wp.com\/my-alps.de\/wp-content\/uploads\/2014\/08\/Chaos-in-Juliaca-5.jpg?resize=350%2C200","width":350,"height":200},"classes":[]}],"_links":{"self":[{"href":"http:\/\/my-alps.de\/index.php?rest_route=\/wp\/v2\/posts\/1178"}],"collection":[{"href":"http:\/\/my-alps.de\/index.php?rest_route=\/wp\/v2\/posts"}],"about":[{"href":"http:\/\/my-alps.de\/index.php?rest_route=\/wp\/v2\/types\/post"}],"author":[{"embeddable":true,"href":"http:\/\/my-alps.de\/index.php?rest_route=\/wp\/v2\/users\/1"}],"replies":[{"embeddable":true,"href":"http:\/\/my-alps.de\/index.php?rest_route=%2Fwp%2Fv2%2Fcomments&post=1178"}],"version-history":[{"count":1,"href":"http:\/\/my-alps.de\/index.php?rest_route=\/wp\/v2\/posts\/1178\/revisions"}],"predecessor-version":[{"id":1179,"href":"http:\/\/my-alps.de\/index.php?rest_route=\/wp\/v2\/posts\/1178\/revisions\/1179"}],"wp:attachment":[{"href":"http:\/\/my-alps.de\/index.php?rest_route=%2Fwp%2Fv2%2Fmedia&parent=1178"}],"wp:term":[{"taxonomy":"category","embeddable":true,"href":"http:\/\/my-alps.de\/index.php?rest_route=%2Fwp%2Fv2%2Fcategories&post=1178"},{"taxonomy":"post_tag","embeddable":true,"href":"http:\/\/my-alps.de\/index.php?rest_route=%2Fwp%2Fv2%2Ftags&post=1178"}],"curies":[{"name":"wp","href":"https:\/\/api.w.org\/{rel}","templated":true}]}}