{"id":1174,"date":"2014-05-28T18:32:43","date_gmt":"2014-05-28T16:32:43","guid":{"rendered":"http:\/\/my-alps.de\/?p=1174"},"modified":"2014-05-28T18:47:55","modified_gmt":"2014-05-28T16:47:55","slug":"was-lange-dauert-wird-bestimmt-besser-als-gut","status":"publish","type":"post","link":"http:\/\/my-alps.de\/?p=1174","title":{"rendered":"&#8230;.was lange dauert &#8211; wird bestimmt besser als gut!"},"content":{"rendered":"<p>Nach unz\u00e4hligen Auftritten in der Poststelle &#8222;Correro&#8220;,<br \/>\nIn Osorno halten wir es nun endlich in den H\u00e4nden:<br \/>\nUnser Paket mit den Ersatzteilen f\u00fcr die Haldexkupplung<br \/>\nWir waren schon fast am verzweifeln diesmal.<br \/>\nUnterschriften waren diesmal genau 7 St\u00fcck notwendig bis das<br \/>\nlangersehnte St\u00fcck \u00fcber die Theke in unsere H\u00e4nde gewandert ist.<br \/>\nJetzt brauchen wir nur noch den Termin in der Werkstatt und dann fahren wir in die W\u00fcste!<br \/>\nWir freuen uns wie die Schneek\u00f6nige und werden heute Abend eine Flasche Blubberwasser weggluggern.<br \/>\nSo &#8211; jetzt muss ich erst mal das Paket auspacken.<br \/>\nUnd hier die unendliche Geschichte eines kleinen, armen und herumgeschubsten P\u00e4ckchens.<\/p>\n<p><a href=\"https:\/\/i0.wp.com\/my-alps.de\/wp-content\/uploads\/2014\/05\/20140528-123047-45047418.jpg\"><img src=\"https:\/\/i0.wp.com\/my-alps.de\/wp-content\/uploads\/2014\/05\/20140528-123047-45047418.jpg?w=625\" alt=\"20140528-123047-45047418.jpg\" class=\"alignnone size-full\" data-recalc-dims=\"1\" \/><\/a><\/p>\n","protected":false},"excerpt":{"rendered":"<p>Nach unz\u00e4hligen Auftritten in der Poststelle &#8222;Correro&#8220;, In Osorno halten wir es nun endlich in den H\u00e4nden: Unser Paket mit den Ersatzteilen f\u00fcr die Haldexkupplung Wir waren schon fast am verzweifeln diesmal. Unterschriften waren diesmal genau 7 St\u00fcck notwendig bis das langersehnte St\u00fcck \u00fcber die Theke in unsere H\u00e4nde gewandert ist. Jetzt brauchen wir nur [&hellip;]<\/p>\n","protected":false},"author":1,"featured_media":0,"comment_status":"open","ping_status":"open","sticky":false,"template":"","format":"gallery","meta":{"spay_email":"","jetpack_publicize_message":"","jetpack_is_tweetstorm":false,"jetpack_publicize_feature_enabled":true},"categories":[1],"tags":[],"jetpack_featured_media_url":"","jetpack_publicize_connections":[],"jetpack_sharing_enabled":true,"jetpack_shortlink":"https:\/\/wp.me\/p6huce-iW","jetpack-related-posts":[{"id":1679,"url":"http:\/\/my-alps.de\/?p=1679","url_meta":{"origin":1174,"position":0},"title":"Guerillas im Nebel &#8211; Trampolin of Death","date":"4. Oktober 2014","format":"gallery","excerpt":"Ecuador haben wir hinter uns gelassen und jetzt sind wir in unserem (vorerst) letzten Land in S\u00fcdamerika durch das unsere Reise Einklang der Anden f\u00fchrt. Als erster Anlaufpunkt nach der Erledigung der Grenzformalit\u00e4ten bei der Ausreise von Ecuador und der Einreise nach Kolumbien (diesmal alles ganz harmlos), bietet sich die\u2026","rel":"","context":"In &quot;News&quot;","img":{"alt_text":"","src":"https:\/\/i0.wp.com\/my-alps.de\/wp-content\/uploads\/2014\/10\/Trampolin-of-Death-4-ce4.jpg?resize=350%2C200","width":350,"height":200},"classes":[]},{"id":1166,"url":"http:\/\/my-alps.de\/?p=1166","url_meta":{"origin":1174,"position":1},"title":"Nichts zu verzollen!","date":"22. Mai 2014","format":"gallery","excerpt":"Wir sind wieder in Osorno gelandet, dieser netten Stadt in Chile, in der Mario und seine Frau Gabriela uns eine kleine Heimat schaffen. Denn wir warten auf die Freigabe unseres zweiten Paketes durch den Zoll in Santiago. Unser erstes Paket nach Chile war ruck - zuck durch. Doch diesmal\u2026\u2026.. Mario\u2026","rel":"","context":"In &quot;News&quot;","img":{"alt_text":"","src":"https:\/\/i0.wp.com\/my-alps.de\/wp-content\/uploads\/2014\/05\/IMG_0022.jpg?resize=350%2C200","width":350,"height":200},"classes":[]},{"id":1033,"url":"http:\/\/my-alps.de\/?p=1033","url_meta":{"origin":1174,"position":2},"title":"Werkstatt &#8211; 911 &#8211; Wurzelbehandlung am Sto\u00dfd\u00e4mpfer","date":"24. April 2014","format":"gallery","excerpt":"Nach dem wir unser lang ersehntes Paket mit den Ersatzteilen in der Hauptpost Puerto Montt in Empfang genommen haben steht einem Werkstattaufenthalt nichts mehr im Weg. Erst mu\u00df ich allerdings noch das \u201eP\u00e4ckchen\u201c durch die halbe Stadt zum Parkplatz tragen. Ich f\u00fchle mich wie ein Lastesel und bin dann doch\u2026","rel":"","context":"In &quot;News&quot;","img":{"alt_text":"","src":"https:\/\/i0.wp.com\/my-alps.de\/wp-content\/uploads\/2014\/04\/zuerst-die-Scheibe.jpg?resize=350%2C200","width":350,"height":200},"classes":[]},{"id":425,"url":"http:\/\/my-alps.de\/?p=425","url_meta":{"origin":1174,"position":3},"title":"Verschoben ist nicht aufgehoben","date":"6. November 2013","format":"gallery","excerpt":"Jetzt sind wir soweit - alles fertig! Wir haben p\u00fcnktlich unsere Wohnung zusammengepackt und f\u00fcr unsere Zwischenmieter freigemacht. Unser WOMO ist einsatzbereit. In den letzten Wochen hatten wir noch einige Bastelarbeiten zu erledigen. Die Firma SMV, die unsere Luftfeder hergestellt hat lie\u00df uns eine spezielle Erh\u00f6hungsplatte fertigen um das Seikel\u2026","rel":"","context":"In &quot;News&quot;","img":{"alt_text":"","src":"","width":0,"height":0},"classes":[]},{"id":1773,"url":"http:\/\/my-alps.de\/?p=1773","url_meta":{"origin":1174,"position":4},"title":"FAQ &#8211; und die Antworten","date":"22. November 2014","format":"gallery","excerpt":"Wir tingeln in den letzten beiden Wochen von einer Einladung zur anderen. Jeder m\u00f6chte uns sehen und fragen was wir so erlebt haben. Da nat\u00fcrlich (fast) jeder die gleichen Fragen stellt schauen uns wir manchmal selber fragend an..... ja wie war das denn? Deshalb m\u00f6chte ich die FAQ mal kurz\u2026","rel":"","context":"In &quot;News&quot;","img":{"alt_text":"","src":"https:\/\/i0.wp.com\/my-alps.de\/wp-content\/uploads\/2014\/11\/mein-Lama-und-meine-Stadt.jpg?resize=350%2C200","width":350,"height":200},"classes":[]},{"id":883,"url":"http:\/\/my-alps.de\/?p=883","url_meta":{"origin":1174,"position":5},"title":"Insel Chiloe\u2019","date":"26. M\u00e4rz 2014","format":"gallery","excerpt":"Die Insel Chiloe\u2019 ist von Puerto Montt auf einer gut ausgebauten Autobahn in ca. 1 1\/2 Stunden Fahrt zu erreichen. \u00dcber die Meerenge zwischen dem Festland und der Insel wird (wie in Chile \u00fcblich) mit einer offenen F\u00e4hre \u00fcbergesetzt. Die Fahrtzeit betr\u00e4gt etwa eine halbe Stunde und kostet f\u00fcr unser\u2026","rel":"","context":"In &quot;News&quot;","img":{"alt_text":"","src":"https:\/\/i0.wp.com\/my-alps.de\/wp-content\/uploads\/2014\/03\/wir-sind-auf.....jpg?resize=350%2C200","width":350,"height":200},"classes":[]}],"_links":{"self":[{"href":"http:\/\/my-alps.de\/index.php?rest_route=\/wp\/v2\/posts\/1174"}],"collection":[{"href":"http:\/\/my-alps.de\/index.php?rest_route=\/wp\/v2\/posts"}],"about":[{"href":"http:\/\/my-alps.de\/index.php?rest_route=\/wp\/v2\/types\/post"}],"author":[{"embeddable":true,"href":"http:\/\/my-alps.de\/index.php?rest_route=\/wp\/v2\/users\/1"}],"replies":[{"embeddable":true,"href":"http:\/\/my-alps.de\/index.php?rest_route=%2Fwp%2Fv2%2Fcomments&post=1174"}],"version-history":[{"count":2,"href":"http:\/\/my-alps.de\/index.php?rest_route=\/wp\/v2\/posts\/1174\/revisions"}],"predecessor-version":[{"id":1176,"href":"http:\/\/my-alps.de\/index.php?rest_route=\/wp\/v2\/posts\/1174\/revisions\/1176"}],"wp:attachment":[{"href":"http:\/\/my-alps.de\/index.php?rest_route=%2Fwp%2Fv2%2Fmedia&parent=1174"}],"wp:term":[{"taxonomy":"category","embeddable":true,"href":"http:\/\/my-alps.de\/index.php?rest_route=%2Fwp%2Fv2%2Fcategories&post=1174"},{"taxonomy":"post_tag","embeddable":true,"href":"http:\/\/my-alps.de\/index.php?rest_route=%2Fwp%2Fv2%2Ftags&post=1174"}],"curies":[{"name":"wp","href":"https:\/\/api.w.org\/{rel}","templated":true}]}}