{"id":1166,"date":"2014-05-22T19:31:42","date_gmt":"2014-05-22T17:31:42","guid":{"rendered":"http:\/\/my-alps.de\/?p=1166"},"modified":"2014-05-22T19:34:02","modified_gmt":"2014-05-22T17:34:02","slug":"nichts-zu-verzollen","status":"publish","type":"post","link":"http:\/\/my-alps.de\/?p=1166","title":{"rendered":"Nichts zu verzollen!"},"content":{"rendered":"<p>Wir sind wieder in Osorno gelandet,<br \/>\ndieser netten Stadt in Chile,<br \/>\nin der Mario und seine Frau Gabriela<br \/>\nuns eine kleine Heimat schaffen.<br \/>\nDenn wir warten auf die Freigabe unseres zweiten<br \/>\nPaketes durch den Zoll in Santiago.<br \/>\nUnser erstes Paket nach Chile war ruck &#8211; zuck durch.<\/p>\n<p><strong>Doch diesmal\u2026\u2026..<\/strong><\/p>\n<p>Mario muss dem Zoll haarklein erkl\u00e4ren, das die Ersatzteile<br \/>\nnicht f\u00fcr ihn sondern f\u00fcr uns &#8211; Touristen &#8211; sind.<br \/>\nEr hat nur seine Adresse zur Verf\u00fcgung gestellt, weil<br \/>\nohne Adresse &#8211; kein Paket zugestellt werden kann.<br \/>\nSo ist das hier.<br \/>\n(Genauso wie bei uns)<\/p>\n<p>Wir haben jetzt auch schon eine eigene Hausnummer:<br \/>\nPan Americana &#8211; 110<\/p>\n<p>eine eigene Telefonnummer in Chile:<br \/>\n+ 56 9 6150 8261<\/p>\n<p>und wenn das noch l\u00e4nger dauert, dann fange ich hier<br \/>\nnoch an zu arbeiten &#8211; jedenfalls gehen mir langsam<br \/>\ndie sinnvollen Besch\u00e4ftigungen aus:<\/p>\n<p>\u00d6lwechsel = erledigt!<br \/>\nReifenwechsel = erledigt!<br \/>\nLuftfilterwechsel = erledigt!<br \/>\nSto\u00dfd\u00e4mpfer = erledigt!<br \/>\nFenster eingebaut = erledigt!<br \/>\nalle Fenster abgedichtet = erledigt!<br \/>\nalte Aufkleber entfernt = erledigt!<br \/>\nWassertank gereinigt = erledigt!<br \/>\nErsatzradtr\u00e4ger umgebaut = erledigt!<br \/>\nAHK &#8211; verst\u00e4rkt = erledigt!<br \/>\nEckverbindungen abgedichtet = erledigt!<\/p>\n<p>ich k\u00f6nnte noch:<\/p>\n<p>eine zweite Steckdose in das Armaturenbrett<br \/>\neinbauen, so das unser Garmin immer sch\u00f6n<br \/>\ngeladen wird. (Die Steckdose im Getr\u00e4nkehalter<br \/>\nklappert auf Schotterpisten sehr nervt\u00f6tend!)<\/p>\n<p>eine richtige Antenne f\u00fcr das Radio einbauen,<br \/>\ndenn der Empfang mit der Scheibenantenne<br \/>\nvon VW ist mehr als mickerig.<br \/>\n(Beim Radioh\u00f6ren kann man<br \/>\nnebenbei wunderbar spanisch \u00fcben.)<\/p>\n<div id=\"attachment_1167\" style=\"width: 330px\" class=\"wp-caption aligncenter\"><a href=\"https:\/\/i0.wp.com\/my-alps.de\/wp-content\/uploads\/2014\/05\/IMG_0022.jpg\"><img aria-describedby=\"caption-attachment-1167\" data-attachment-id=\"1167\" data-permalink=\"http:\/\/my-alps.de\/?attachment_id=1167\" data-orig-file=\"https:\/\/i0.wp.com\/my-alps.de\/wp-content\/uploads\/2014\/05\/IMG_0022.jpg?fit=320%2C480\" data-orig-size=\"320,480\" data-comments-opened=\"1\" data-image-meta=\"{&quot;aperture&quot;:&quot;0&quot;,&quot;credit&quot;:&quot;&quot;,&quot;camera&quot;:&quot;&quot;,&quot;caption&quot;:&quot;&quot;,&quot;created_timestamp&quot;:&quot;1385401370&quot;,&quot;copyright&quot;:&quot;&quot;,&quot;focal_length&quot;:&quot;0&quot;,&quot;iso&quot;:&quot;0&quot;,&quot;shutter_speed&quot;:&quot;0&quot;,&quot;title&quot;:&quot;&quot;}\" data-image-title=\"Ein ganzes halbes Jahr\" data-image-description=\"&lt;p&gt;Ein ganzes halbes Jahr&lt;\/p&gt;\n\" data-image-caption=\"&lt;p&gt;Ein ganzes halbes Jahr&lt;\/p&gt;\n\" data-medium-file=\"https:\/\/i0.wp.com\/my-alps.de\/wp-content\/uploads\/2014\/05\/IMG_0022.jpg?fit=200%2C300\" data-large-file=\"https:\/\/i0.wp.com\/my-alps.de\/wp-content\/uploads\/2014\/05\/IMG_0022.jpg?fit=320%2C480\" loading=\"lazy\" class=\"size-full wp-image-1167\" alt=\"Ein ganzes halbes Jahr\" src=\"https:\/\/i0.wp.com\/my-alps.de\/wp-content\/uploads\/2014\/05\/IMG_0022.jpg?resize=320%2C480\" width=\"320\" height=\"480\" srcset=\"https:\/\/i0.wp.com\/my-alps.de\/wp-content\/uploads\/2014\/05\/IMG_0022.jpg?w=320 320w, https:\/\/i0.wp.com\/my-alps.de\/wp-content\/uploads\/2014\/05\/IMG_0022.jpg?resize=200%2C300 200w\" sizes=\"(max-width: 320px) 100vw, 320px\" data-recalc-dims=\"1\" \/><\/a><p id=\"caption-attachment-1167\" class=\"wp-caption-text\">Ein ganzes halbes Jahr<\/p><\/div>\n<p>Listo!<\/p>\n","protected":false},"excerpt":{"rendered":"<p>Wir sind wieder in Osorno gelandet, dieser netten Stadt in Chile, in der Mario und seine Frau Gabriela uns eine kleine Heimat schaffen. Denn wir warten auf die Freigabe unseres zweiten Paketes durch den Zoll in Santiago. Unser erstes Paket nach Chile war ruck &#8211; zuck durch. Doch diesmal\u2026\u2026.. Mario muss dem Zoll haarklein erkl\u00e4ren, [&hellip;]<\/p>\n","protected":false},"author":1,"featured_media":0,"comment_status":"open","ping_status":"open","sticky":false,"template":"","format":"gallery","meta":{"spay_email":"","jetpack_publicize_message":"","jetpack_is_tweetstorm":false,"jetpack_publicize_feature_enabled":true},"categories":[1],"tags":[],"jetpack_featured_media_url":"","jetpack_publicize_connections":[],"jetpack_sharing_enabled":true,"jetpack_shortlink":"https:\/\/wp.me\/p6huce-iO","jetpack-related-posts":[{"id":1331,"url":"http:\/\/my-alps.de\/?p=1331","url_meta":{"origin":1166,"position":0},"title":"Lagunenroute in Bolivien &#8211; Teil 1","date":"17. Juli 2014","format":"gallery","excerpt":"San Pedro de Atacama in Chile ist der ideale Ausgangspunkt um von dort aus die legend\u00e4re im Boliviens zu befahren. Es geht von der W\u00fcstenoase zur\u00fcck Richtung Paso Jama, von 2.400 Meter auf 4.500 Meter hinauf. Schnurgerade, bis auf wenige Kurven, zieht sich die Stra\u00dfe auf fast 30 Kilometer bergauf.\u2026","rel":"","context":"In &quot;News&quot;","img":{"alt_text":"","src":"https:\/\/i0.wp.com\/my-alps.de\/wp-content\/uploads\/2014\/07\/alt-5015hm.jpg?resize=350%2C200","width":350,"height":200},"classes":[]},{"id":1182,"url":"http:\/\/my-alps.de\/?p=1182","url_meta":{"origin":1166,"position":1},"title":"\u2026.immer diese Grenzer!","date":"4. Juni 2014","format":"gallery","excerpt":"Als Angeh\u00f6riger des Schengener Abkommens ist einem der Umgang bei der Grenzabfertigung etwas abhanden gekommen. So haben wir uns bei der \u00dcberquerung der Grenze von Chile nach Argentinien am \u201ePaso Cristo Redentor\u201c von einen netten Herrn erst mal an der falschen Zollstelle anstellen lassen. Die Dame am Zoll hat flei\u00dfig\u2026","rel":"","context":"In &quot;News&quot;","img":{"alt_text":"","src":"https:\/\/i0.wp.com\/my-alps.de\/wp-content\/uploads\/2014\/06\/Via-PanAm-Argentinien.jpg?resize=350%2C200","width":350,"height":200},"classes":[]},{"id":881,"url":"http:\/\/my-alps.de\/?p=881","url_meta":{"origin":1166,"position":2},"title":"Puerto Montt","date":"26. M\u00e4rz 2014","format":"gallery","excerpt":"Nach 8.808 km (und wahrscheinlich ein paar mehr) die wir jetzt hier in S\u00fcdamerika unterwegs sind haben wir unserem WOMO auch mal etwas Gutes geg\u00f6nnt. Hier in Puerto Montt habe ich eine Werkstatt entdeckt die jegliche Art von Service f\u00fcr \u201egesch\u00fcttelte\u201c Autos anbietet. Wir haben uns f\u00fcr: \u00d6lwechsel und Luftfilterwechsel\u2026","rel":"","context":"In &quot;News&quot;","img":{"alt_text":"","src":"https:\/\/i0.wp.com\/my-alps.de\/wp-content\/uploads\/2014\/03\/Pisco-sour-6x6.jpg?resize=350%2C200","width":350,"height":200},"classes":[]},{"id":1765,"url":"http:\/\/my-alps.de\/?p=1765","url_meta":{"origin":1166,"position":3},"title":"Auf geht&#8217;s &#8211; nach Hause","date":"10. November 2014","format":"gallery","excerpt":"Servus, alle die uns bis hierhin auf unserer Reise durch S\u00fcdamerika gefolgt sind und uns begleitet haben. Wir kommen wieder nach Hause - und freuen uns auf Bamberg. Vorher haben wir noch unser WOMO im Hafen von Cartagena f\u00fcr die Verschiffung fertiggemacht. Bei knapp 40 Grad war die Drogenkontrolle sehr\u2026","rel":"","context":"In &quot;News&quot;","img":{"alt_text":"","src":"https:\/\/i0.wp.com\/my-alps.de\/wp-content\/uploads\/2014\/11\/zu-und-ab-nach-Hause-ce4.jpg?resize=350%2C200","width":350,"height":200},"classes":[]},{"id":1598,"url":"http:\/\/my-alps.de\/?p=1598","url_meta":{"origin":1166,"position":4},"title":"Einreiseformalit\u00e4ten","date":"11. September 2014","format":"gallery","excerpt":"Nachdem unsere \u201eTraumstra\u00dfe\u201c wieder einer normalen\u00a0Stra\u00dfe durch ganz normales Peru gewichen ist, fahren\u00a0wir \u00fcber Jaen und St. Ignazio in Richtung Grenze nach Ecuador. Die Stra\u00dfe ist asphaltiert und gut ausgebaut, es herrscht kaum Verkehr, lediglich in den Orten und den beiden St\u00e4dten das \u00fcbliche Chaos an Taxis, Tuk-Tuk\u2019s und Ochsenkarren.\u2026","rel":"","context":"In &quot;News&quot;","img":{"alt_text":"","src":"https:\/\/i0.wp.com\/my-alps.de\/wp-content\/uploads\/2014\/09\/Grenze-Ecuador.jpg?resize=350%2C200","width":350,"height":200},"classes":[]},{"id":1033,"url":"http:\/\/my-alps.de\/?p=1033","url_meta":{"origin":1166,"position":5},"title":"Werkstatt &#8211; 911 &#8211; Wurzelbehandlung am Sto\u00dfd\u00e4mpfer","date":"24. April 2014","format":"gallery","excerpt":"Nach dem wir unser lang ersehntes Paket mit den Ersatzteilen in der Hauptpost Puerto Montt in Empfang genommen haben steht einem Werkstattaufenthalt nichts mehr im Weg. Erst mu\u00df ich allerdings noch das \u201eP\u00e4ckchen\u201c durch die halbe Stadt zum Parkplatz tragen. Ich f\u00fchle mich wie ein Lastesel und bin dann doch\u2026","rel":"","context":"In &quot;News&quot;","img":{"alt_text":"","src":"https:\/\/i0.wp.com\/my-alps.de\/wp-content\/uploads\/2014\/04\/zuerst-die-Scheibe.jpg?resize=350%2C200","width":350,"height":200},"classes":[]}],"_links":{"self":[{"href":"http:\/\/my-alps.de\/index.php?rest_route=\/wp\/v2\/posts\/1166"}],"collection":[{"href":"http:\/\/my-alps.de\/index.php?rest_route=\/wp\/v2\/posts"}],"about":[{"href":"http:\/\/my-alps.de\/index.php?rest_route=\/wp\/v2\/types\/post"}],"author":[{"embeddable":true,"href":"http:\/\/my-alps.de\/index.php?rest_route=\/wp\/v2\/users\/1"}],"replies":[{"embeddable":true,"href":"http:\/\/my-alps.de\/index.php?rest_route=%2Fwp%2Fv2%2Fcomments&post=1166"}],"version-history":[{"count":3,"href":"http:\/\/my-alps.de\/index.php?rest_route=\/wp\/v2\/posts\/1166\/revisions"}],"predecessor-version":[{"id":1170,"href":"http:\/\/my-alps.de\/index.php?rest_route=\/wp\/v2\/posts\/1166\/revisions\/1170"}],"wp:attachment":[{"href":"http:\/\/my-alps.de\/index.php?rest_route=%2Fwp%2Fv2%2Fmedia&parent=1166"}],"wp:term":[{"taxonomy":"category","embeddable":true,"href":"http:\/\/my-alps.de\/index.php?rest_route=%2Fwp%2Fv2%2Fcategories&post=1166"},{"taxonomy":"post_tag","embeddable":true,"href":"http:\/\/my-alps.de\/index.php?rest_route=%2Fwp%2Fv2%2Ftags&post=1166"}],"curies":[{"name":"wp","href":"https:\/\/api.w.org\/{rel}","templated":true}]}}