{"id":1156,"date":"2014-05-20T18:13:41","date_gmt":"2014-05-20T16:13:41","guid":{"rendered":"http:\/\/my-alps.de\/?p=1156"},"modified":"2014-05-20T18:19:08","modified_gmt":"2014-05-20T16:19:08","slug":"schnipp-schnapp-und-haare-ab","status":"publish","type":"post","link":"http:\/\/my-alps.de\/?p=1156","title":{"rendered":"Schnipp &#8211; Schnapp und Haare ab"},"content":{"rendered":"<p>Wir haben uns mal etwas ganz besonderes geg\u00f6nnt!<br \/>\nWir waren beim Fris\u00f6r.<br \/>\nIm Salon &#8222;Yanet&#8220; &#8211; ging ganz schnell und schmerzfrei.<br \/>\nIch war ja mittlerweile schon zwei mal bei der:<br \/>\n&#8222;Homecuttingcrew&#8220;, aber es musste mal wieder etwas Form in den Sch\u00e4del gebracht werden und bei Frau H. gab es auch ein paar Str\u00e4hnen zu korrigieren.<br \/>\nWir wurden also in der Stadt abgeladen und auf den Stuhl gesetzt.<br \/>\nIch sp\u00fcrte den gewissen Blick bei der Dame mit der Schere &#8211;<br \/>\nhier gibt es endlich mal wieder etwas abzuschneiden &#8211; hat sie wohl gedacht. Und &#8211; keine 5 Minuten sp\u00e4ter h\u00e4tte man mit den Resten was am Boden lag ein sch\u00f6nes Sofakissen stopfen k\u00f6nnen.<br \/>\nIch muss jetzt noch an dem richtigen Blick f\u00fcr die neue Frisur arbeiten &#8211; stahlhart und etwas &#8222;Bruce Willis&#8220; m\u00e4ssig!<br \/>\nAuf dem Stuhl neben mir wurde Frau H. mit etwas passender Farbe f\u00fcr den nahenden Herbst umgestaltet. Ging auch ganz schnell und sieht wirklich h\u00fcbsch aus. Trockengef\u00f6nt und fertig war die Frau.<br \/>\nHat zusammen etwa 15 Euro gekostet.<br \/>\n(Davon war mein Anteil lediglich 2, 50 Euro!)<br \/>\nFazit:<br \/>\nDie Fris\u00f6rl\u00e4den arbeiten schneller als der Zoll.<br \/>\n(Aber das ist eine andere Geschichte.)<\/p>\n<div id=\"attachment_1158\" style=\"width: 1210px\" class=\"wp-caption aligncenter\"><a href=\"https:\/\/i0.wp.com\/my-alps.de\/wp-content\/uploads\/2014\/05\/beim-Fris\u00f6r-1.jpg\"><img aria-describedby=\"caption-attachment-1158\" data-attachment-id=\"1158\" data-permalink=\"http:\/\/my-alps.de\/?attachment_id=1158\" data-orig-file=\"https:\/\/i0.wp.com\/my-alps.de\/wp-content\/uploads\/2014\/05\/beim-Fris\u00f6r-1.jpg?fit=1200%2C1600\" data-orig-size=\"1200,1600\" data-comments-opened=\"1\" data-image-meta=\"{&quot;aperture&quot;:&quot;2.8&quot;,&quot;credit&quot;:&quot;&quot;,&quot;camera&quot;:&quot;iPhone 3G&quot;,&quot;caption&quot;:&quot;&quot;,&quot;created_timestamp&quot;:&quot;1400167901&quot;,&quot;copyright&quot;:&quot;&quot;,&quot;focal_length&quot;:&quot;0&quot;,&quot;iso&quot;:&quot;0&quot;,&quot;shutter_speed&quot;:&quot;0&quot;,&quot;title&quot;:&quot;&quot;}\" data-image-title=\"beim Fris\u00f6r -1\" data-image-description=\"&lt;p&gt;beim Fris\u00f6r mit Badem\u00fctze&lt;\/p&gt;\n\" data-image-caption=\"&lt;p&gt;beim Fris\u00f6r mit Badem\u00fctze&lt;\/p&gt;\n\" data-medium-file=\"https:\/\/i0.wp.com\/my-alps.de\/wp-content\/uploads\/2014\/05\/beim-Fris\u00f6r-1.jpg?fit=225%2C300\" data-large-file=\"https:\/\/i0.wp.com\/my-alps.de\/wp-content\/uploads\/2014\/05\/beim-Fris\u00f6r-1.jpg?fit=625%2C833\" loading=\"lazy\" class=\"size-full wp-image-1158\" alt=\"beim Fris\u00f6r mit Badem\u00fctze\" src=\"https:\/\/i0.wp.com\/my-alps.de\/wp-content\/uploads\/2014\/05\/beim-Fris\u00f6r-1.jpg?resize=625%2C833\" width=\"625\" height=\"833\" srcset=\"https:\/\/i0.wp.com\/my-alps.de\/wp-content\/uploads\/2014\/05\/beim-Fris\u00f6r-1.jpg?w=1200 1200w, https:\/\/i0.wp.com\/my-alps.de\/wp-content\/uploads\/2014\/05\/beim-Fris\u00f6r-1.jpg?resize=225%2C300 225w, https:\/\/i0.wp.com\/my-alps.de\/wp-content\/uploads\/2014\/05\/beim-Fris\u00f6r-1.jpg?resize=768%2C1024 768w\" sizes=\"(max-width: 625px) 100vw, 625px\" data-recalc-dims=\"1\" \/><\/a><p id=\"caption-attachment-1158\" class=\"wp-caption-text\">beim Fris\u00f6r mit Badem\u00fctze<\/p><\/div>\n<div id=\"attachment_1160\" style=\"width: 1210px\" class=\"wp-caption aligncenter\"><a href=\"https:\/\/i0.wp.com\/my-alps.de\/wp-content\/uploads\/2014\/05\/beim-Fris\u00f6r-2.jpg\"><img aria-describedby=\"caption-attachment-1160\" data-attachment-id=\"1160\" data-permalink=\"http:\/\/my-alps.de\/?attachment_id=1160\" data-orig-file=\"https:\/\/i0.wp.com\/my-alps.de\/wp-content\/uploads\/2014\/05\/beim-Fris\u00f6r-2.jpg?fit=1200%2C1600\" data-orig-size=\"1200,1600\" data-comments-opened=\"1\" data-image-meta=\"{&quot;aperture&quot;:&quot;2.8&quot;,&quot;credit&quot;:&quot;&quot;,&quot;camera&quot;:&quot;iPhone 3G&quot;,&quot;caption&quot;:&quot;&quot;,&quot;created_timestamp&quot;:&quot;1400170954&quot;,&quot;copyright&quot;:&quot;&quot;,&quot;focal_length&quot;:&quot;0&quot;,&quot;iso&quot;:&quot;0&quot;,&quot;shutter_speed&quot;:&quot;0&quot;,&quot;title&quot;:&quot;&quot;}\" data-image-title=\"beim Fris\u00f6r -2\" data-image-description=\"&lt;p&gt;immer noch beim Fris\u00f6r&lt;\/p&gt;\n\" data-image-caption=\"&lt;p&gt;immer noch beim Fris\u00f6r&lt;\/p&gt;\n\" data-medium-file=\"https:\/\/i0.wp.com\/my-alps.de\/wp-content\/uploads\/2014\/05\/beim-Fris\u00f6r-2.jpg?fit=225%2C300\" data-large-file=\"https:\/\/i0.wp.com\/my-alps.de\/wp-content\/uploads\/2014\/05\/beim-Fris\u00f6r-2.jpg?fit=625%2C833\" loading=\"lazy\" class=\"size-full wp-image-1160\" alt=\"immer noch beim Fris\u00f6r\" src=\"https:\/\/i0.wp.com\/my-alps.de\/wp-content\/uploads\/2014\/05\/beim-Fris\u00f6r-2.jpg?resize=625%2C833\" width=\"625\" height=\"833\" srcset=\"https:\/\/i0.wp.com\/my-alps.de\/wp-content\/uploads\/2014\/05\/beim-Fris\u00f6r-2.jpg?w=1200 1200w, https:\/\/i0.wp.com\/my-alps.de\/wp-content\/uploads\/2014\/05\/beim-Fris\u00f6r-2.jpg?resize=225%2C300 225w, https:\/\/i0.wp.com\/my-alps.de\/wp-content\/uploads\/2014\/05\/beim-Fris\u00f6r-2.jpg?resize=768%2C1024 768w\" sizes=\"(max-width: 625px) 100vw, 625px\" data-recalc-dims=\"1\" \/><\/a><p id=\"caption-attachment-1160\" class=\"wp-caption-text\">immer noch beim Fris\u00f6r<\/p><\/div>\n<p>&nbsp;<\/p>\n","protected":false},"excerpt":{"rendered":"<p>Wir haben uns mal etwas ganz besonderes geg\u00f6nnt! Wir waren beim Fris\u00f6r. Im Salon &#8222;Yanet&#8220; &#8211; ging ganz schnell und schmerzfrei. Ich war ja mittlerweile schon zwei mal bei der: &#8222;Homecuttingcrew&#8220;, aber es musste mal wieder etwas Form in den Sch\u00e4del gebracht werden und bei Frau H. gab es auch ein paar Str\u00e4hnen zu korrigieren. [&hellip;]<\/p>\n","protected":false},"author":1,"featured_media":0,"comment_status":"open","ping_status":"open","sticky":false,"template":"","format":"gallery","meta":{"spay_email":"","jetpack_publicize_message":"","jetpack_is_tweetstorm":false,"jetpack_publicize_feature_enabled":true},"categories":[1],"tags":[],"jetpack_featured_media_url":"","jetpack_publicize_connections":[],"jetpack_sharing_enabled":true,"jetpack_shortlink":"https:\/\/wp.me\/p6huce-iE","jetpack-related-posts":[{"id":360,"url":"http:\/\/my-alps.de\/?p=360","url_meta":{"origin":1156,"position":0},"title":"Sippentreffen &#8211; oder &#8222;Der Wilde Osten&#8220;","date":"15. Juli 2013","format":"gallery","excerpt":"So - das letzte Wochenende waren wir wieder mal in Sachen \"Die Familie\" unterwegs. Also war nichts mit herumbasteln an unserem Schneckenhaus. Wir sind also mal zu dem Familienteil von meinem \"Stiefvater\" gefahren um uns dem j\u00e4hrlichen Sippentreffen in Scharfenstein anzuschlie\u00dfen. Dieses Treffen findet jedes Jahr bei einem anderen Familienteil\u2026","rel":"","context":"In &quot;News&quot;","img":{"alt_text":"","src":"https:\/\/i0.wp.com\/my-alps.de\/wp-content\/uploads\/2013\/07\/Der-kleine-Drache-II.jpg?resize=350%2C200","width":350,"height":200},"classes":[]},{"id":1182,"url":"http:\/\/my-alps.de\/?p=1182","url_meta":{"origin":1156,"position":1},"title":"\u2026.immer diese Grenzer!","date":"4. Juni 2014","format":"gallery","excerpt":"Als Angeh\u00f6riger des Schengener Abkommens ist einem der Umgang bei der Grenzabfertigung etwas abhanden gekommen. So haben wir uns bei der \u00dcberquerung der Grenze von Chile nach Argentinien am \u201ePaso Cristo Redentor\u201c von einen netten Herrn erst mal an der falschen Zollstelle anstellen lassen. Die Dame am Zoll hat flei\u00dfig\u2026","rel":"","context":"In &quot;News&quot;","img":{"alt_text":"","src":"https:\/\/i0.wp.com\/my-alps.de\/wp-content\/uploads\/2014\/06\/Via-PanAm-Argentinien.jpg?resize=350%2C200","width":350,"height":200},"classes":[]},{"id":1033,"url":"http:\/\/my-alps.de\/?p=1033","url_meta":{"origin":1156,"position":2},"title":"Werkstatt &#8211; 911 &#8211; Wurzelbehandlung am Sto\u00dfd\u00e4mpfer","date":"24. April 2014","format":"gallery","excerpt":"Nach dem wir unser lang ersehntes Paket mit den Ersatzteilen in der Hauptpost Puerto Montt in Empfang genommen haben steht einem Werkstattaufenthalt nichts mehr im Weg. Erst mu\u00df ich allerdings noch das \u201eP\u00e4ckchen\u201c durch die halbe Stadt zum Parkplatz tragen. Ich f\u00fchle mich wie ein Lastesel und bin dann doch\u2026","rel":"","context":"In &quot;News&quot;","img":{"alt_text":"","src":"https:\/\/i0.wp.com\/my-alps.de\/wp-content\/uploads\/2014\/04\/zuerst-die-Scheibe.jpg?resize=350%2C200","width":350,"height":200},"classes":[]},{"id":995,"url":"http:\/\/my-alps.de\/?p=995","url_meta":{"origin":1156,"position":3},"title":"April, April &#8211; Halbzeit bei der Auszeit","date":"10. April 2014","format":"gallery","excerpt":"Am 11.11.2013 sind wir in Hamburg an Bord der \u201eGrande Cameroon\u201c gegangen und \u00fcber den Atlantik nach S\u00fcdamerika geschippert. Zugegeben, es war nicht immer gerade Hochstimmung mit Karneval und Fasching an Bord, aber es ist uns wirklich nicht langweilig geworden. So eine Frachterreise hat auch etwas besonderes. (Beinahe meditativ!) Nun\u2026","rel":"","context":"In &quot;News&quot;","img":{"alt_text":"","src":"","width":0,"height":0},"classes":[]},{"id":881,"url":"http:\/\/my-alps.de\/?p=881","url_meta":{"origin":1156,"position":4},"title":"Puerto Montt","date":"26. M\u00e4rz 2014","format":"gallery","excerpt":"Nach 8.808 km (und wahrscheinlich ein paar mehr) die wir jetzt hier in S\u00fcdamerika unterwegs sind haben wir unserem WOMO auch mal etwas Gutes geg\u00f6nnt. Hier in Puerto Montt habe ich eine Werkstatt entdeckt die jegliche Art von Service f\u00fcr \u201egesch\u00fcttelte\u201c Autos anbietet. Wir haben uns f\u00fcr: \u00d6lwechsel und Luftfilterwechsel\u2026","rel":"","context":"In &quot;News&quot;","img":{"alt_text":"","src":"https:\/\/i0.wp.com\/my-alps.de\/wp-content\/uploads\/2014\/03\/Pisco-sour-6x6.jpg?resize=350%2C200","width":350,"height":200},"classes":[]},{"id":748,"url":"http:\/\/my-alps.de\/?p=748","url_meta":{"origin":1156,"position":5},"title":"Von Puerto Tranquilo in\u2019s Valle de Exploradores mit dem \u201eKlapperfritz\u201c","date":"3. M\u00e4rz 2014","format":"gallery","excerpt":"Dann geht\u2019s wieder weiter, die \u201eCarretera Austral\u201c hinauf. Immer wieder halten wir an und bestaunen die Fjordlandschaft mit den tief eingeschnittenen Buchten und den kleinen Inseln. In \u201ePuerto Tranquilo\u201c biegen wir links ab in das Tal: \u201eValle de Exploradores\u201c. Die Schotterpiste f\u00e4hrt sich wie ein besseres Flussbett und zu allem\u2026","rel":"","context":"In &quot;News&quot;","img":{"alt_text":"","src":"https:\/\/i0.wp.com\/my-alps.de\/wp-content\/uploads\/2014\/03\/kalter-Regenwald-HD.jpg?resize=350%2C200","width":350,"height":200},"classes":[]}],"_links":{"self":[{"href":"http:\/\/my-alps.de\/index.php?rest_route=\/wp\/v2\/posts\/1156"}],"collection":[{"href":"http:\/\/my-alps.de\/index.php?rest_route=\/wp\/v2\/posts"}],"about":[{"href":"http:\/\/my-alps.de\/index.php?rest_route=\/wp\/v2\/types\/post"}],"author":[{"embeddable":true,"href":"http:\/\/my-alps.de\/index.php?rest_route=\/wp\/v2\/users\/1"}],"replies":[{"embeddable":true,"href":"http:\/\/my-alps.de\/index.php?rest_route=%2Fwp%2Fv2%2Fcomments&post=1156"}],"version-history":[{"count":3,"href":"http:\/\/my-alps.de\/index.php?rest_route=\/wp\/v2\/posts\/1156\/revisions"}],"predecessor-version":[{"id":1161,"href":"http:\/\/my-alps.de\/index.php?rest_route=\/wp\/v2\/posts\/1156\/revisions\/1161"}],"wp:attachment":[{"href":"http:\/\/my-alps.de\/index.php?rest_route=%2Fwp%2Fv2%2Fmedia&parent=1156"}],"wp:term":[{"taxonomy":"category","embeddable":true,"href":"http:\/\/my-alps.de\/index.php?rest_route=%2Fwp%2Fv2%2Fcategories&post=1156"},{"taxonomy":"post_tag","embeddable":true,"href":"http:\/\/my-alps.de\/index.php?rest_route=%2Fwp%2Fv2%2Ftags&post=1156"}],"curies":[{"name":"wp","href":"https:\/\/api.w.org\/{rel}","templated":true}]}}