{"id":1149,"date":"2014-05-19T19:46:12","date_gmt":"2014-05-19T17:46:12","guid":{"rendered":"http:\/\/my-alps.de\/?p=1149"},"modified":"2014-05-20T17:59:23","modified_gmt":"2014-05-20T15:59:23","slug":"schlaf-stoerung","status":"publish","type":"post","link":"http:\/\/my-alps.de\/?p=1149","title":{"rendered":"Schlaf &#8211; St\u00f6rung"},"content":{"rendered":"<p>Wenn man so auf Reisen ist, dann stellt sich jeden Tag, \u2028an dem man unterwegs ist, das gleiche Problem:<br \/>\nEinen ruhigen und sicheren \u00dcbernachtungsplatz zu finden.<br \/>\nNun haben wir im letzten halben Jahr schon viele Pl\u00e4tze gefunden<br \/>\nan denen wir \u00fcbernachtet haben. Mal mehr oder weniger ruhig,\u2028Angst hatten wir (fast) nie und wir haben meist gut geschlafen.<br \/>\nBis gestern!<br \/>\nDie Gegend, in der wir uns gerade herumtreiben, ist,\u2028 f\u00fcr s\u00fcdamerikanische Verh\u00e4ltnisse, dicht besiedelt.\u2028 Wir fahren den ganzen Tag an Z\u00e4unen vorbei, mal mit\u2028 Stacheldraht &#8211; mal ohne.<br \/>\nUnd, die Z\u00e4une wachsen ja nicht\u2028 von selbst, irgendjemand hat die ja mal aufgestellt.\u2028 Jedenfalls ist es unm\u00f6glich einen Stellplatz zu finden,\u2028 nach jeder Einfahrt kommt mindestens nach 100 Metern \u2028ein Gatter oder ein verschlossenes Tor.\u2028 So hat es uns am Samstag an einen Strand verschlagen,\u2028 an dem schon alle Campingpl\u00e4tze geschlossen hatten. \u2028Es versprach eine ruhige Nacht zu werden.\u2028Nichts da!<br \/>\nErst haben die Hunde angefangen sich gegenseitig\u2028 etwas vorzubellen. Dann haben die Bandurias (das sind\u2028die Ibis-V\u00f6gel die es hier haufenweise gibt) Krach gemacht.<br \/>\nUnd als die ruhig waren haben die Gockel mal ihren Hahnenschrei\u2028f\u00fcr den n\u00e4chsten Morgen einstudiert, was dann die Hunde wieder\u2028kommentieren mussten \u2026\u2026\u2026u.s.w.<br \/>\nSt\u00f6\u00f6\u00f6\u00f6hnnnn<br \/>\nDas war aber noch nicht alles!<br \/>\nDie jungen Leute, die im paarungswilligen Alter sind, haben ja \u2028das gleiche Problem wie wir &#8211; sie suchen auch einen ruhigen\u2028 und, na ja, abgeschiednen Ort um sich auszutauschen.<br \/>\nJedenfalls hat DIE unser Wohnmobil nicht im geringsten\u2028 gest\u00f6rt. Nach dem dritten Akt habe ich langsam etwas Groll\u2028 gehegt und mir kleine Racheeinheiten ausgedacht:<br \/>\nUnsere 2.500 Lumen LED-Strahler kurz einschalten?\u2028Huuuhhhaahhhh das w\u00e4re lustig.<br \/>\nOder doch gleich den\u2028 Suchscheinwerfer in Betrieb nehmen.<br \/>\nDie Fernbedienung\u2028lag schon in meiner Hand. Aber Frau H. hat mich beruhigt.\u2028 So haben wir bis fr\u00fch um halb sieben dem Treiben zugeh\u00f6rt. \u2028Als dann aber eine Truppe direkt hinter unserem WOMO geparkt\u2028, und die vergangenen Erlebnisse in der Disco diskutiert hat,\u2028 ja dann sind wir aufgestanden, ich musste festgehalten werden \u2028um nicht wutentbrannt in Unterhosen aus dem WOMO zu springen.<br \/>\nIch war richtig sauer!<br \/>\nWir sind dann zum Friedhof der n\u00e4chsten Stadt gefahren.<br \/>\nDa war es wenigsten ruhig!<br \/>\nWozu die dort allerdings WIFI brauchen?<br \/>\nDas verstehe ich nicht.<\/p>\n","protected":false},"excerpt":{"rendered":"<p>Wenn man so auf Reisen ist, dann stellt sich jeden Tag, \u2028an dem man unterwegs ist, das gleiche Problem: Einen ruhigen und sicheren \u00dcbernachtungsplatz zu finden. Nun haben wir im letzten halben Jahr schon viele Pl\u00e4tze gefunden an denen wir \u00fcbernachtet haben. Mal mehr oder weniger ruhig,\u2028Angst hatten wir (fast) nie und wir haben meist [&hellip;]<\/p>\n","protected":false},"author":1,"featured_media":0,"comment_status":"open","ping_status":"open","sticky":false,"template":"","format":"gallery","meta":{"spay_email":"","jetpack_publicize_message":"","jetpack_is_tweetstorm":false,"jetpack_publicize_feature_enabled":true},"categories":[1],"tags":[],"jetpack_featured_media_url":"","jetpack_publicize_connections":[],"jetpack_sharing_enabled":true,"jetpack_shortlink":"https:\/\/wp.me\/p6huce-ix","jetpack-related-posts":[{"id":1308,"url":"http:\/\/my-alps.de\/?p=1308","url_meta":{"origin":1149,"position":0},"title":"Cafayate und durch das Valle Calchaquies nach Salta","date":"30. Juni 2014","format":"gallery","excerpt":"Nach Amaicha haben wir noch die \u201eRuinas de Quilmes\u201c besucht. Die Terrassenanlage wurde teilweise wieder ausgegraben und die Geschichte der Quilmesindianer hat ein trauriges Kapitel. Nach langem Wiederstand gegen die Spanier wurden sie doch unterworfen und der gesamte Stamm nach Buenos Aires deportiert. Nur 600 kamen lebend dort an mehr\u2026","rel":"","context":"In &quot;News&quot;","img":{"alt_text":"","src":"https:\/\/i0.wp.com\/my-alps.de\/wp-content\/uploads\/2014\/06\/Felsfarben-1-Sonnenuntergang-ce4.jpg?resize=350%2C200","width":350,"height":200},"classes":[]},{"id":1773,"url":"http:\/\/my-alps.de\/?p=1773","url_meta":{"origin":1149,"position":1},"title":"FAQ &#8211; und die Antworten","date":"22. November 2014","format":"gallery","excerpt":"Wir tingeln in den letzten beiden Wochen von einer Einladung zur anderen. Jeder m\u00f6chte uns sehen und fragen was wir so erlebt haben. Da nat\u00fcrlich (fast) jeder die gleichen Fragen stellt schauen uns wir manchmal selber fragend an..... ja wie war das denn? Deshalb m\u00f6chte ich die FAQ mal kurz\u2026","rel":"","context":"In &quot;News&quot;","img":{"alt_text":"","src":"https:\/\/i0.wp.com\/my-alps.de\/wp-content\/uploads\/2014\/11\/mein-Lama-und-meine-Stadt.jpg?resize=350%2C200","width":350,"height":200},"classes":[]},{"id":883,"url":"http:\/\/my-alps.de\/?p=883","url_meta":{"origin":1149,"position":2},"title":"Insel Chiloe\u2019","date":"26. M\u00e4rz 2014","format":"gallery","excerpt":"Die Insel Chiloe\u2019 ist von Puerto Montt auf einer gut ausgebauten Autobahn in ca. 1 1\/2 Stunden Fahrt zu erreichen. \u00dcber die Meerenge zwischen dem Festland und der Insel wird (wie in Chile \u00fcblich) mit einer offenen F\u00e4hre \u00fcbergesetzt. Die Fahrtzeit betr\u00e4gt etwa eine halbe Stunde und kostet f\u00fcr unser\u2026","rel":"","context":"In &quot;News&quot;","img":{"alt_text":"","src":"https:\/\/i0.wp.com\/my-alps.de\/wp-content\/uploads\/2014\/03\/wir-sind-auf.....jpg?resize=350%2C200","width":350,"height":200},"classes":[]},{"id":573,"url":"http:\/\/my-alps.de\/?p=573","url_meta":{"origin":1149,"position":3},"title":"weiter geht&#8217;s &#8211; die Atlantikk\u00fcste entlang nach S\u00fcden","date":"17. Januar 2014","format":"gallery","excerpt":"Von Puerto San Julian, dem Ort ohne Menschen, daf\u00fcr mit viel Wind, sind wir wieder auf die Ruta 3 zur\u00fcckgekehrt und nach Rio Gallegos gefahren. Tja was soll man zu Rio Gallegos sagen - kaum ist man dort - ist man schon wieder weg. Der Ort hat einen super neuen\u2026","rel":"","context":"In &quot;News&quot;","img":{"alt_text":"","src":"https:\/\/i0.wp.com\/my-alps.de\/wp-content\/uploads\/2014\/01\/Vulkan-Kratersee-Laguna-Azul-300x200.jpg?resize=350%2C200","width":350,"height":200},"classes":[]},{"id":995,"url":"http:\/\/my-alps.de\/?p=995","url_meta":{"origin":1149,"position":4},"title":"April, April &#8211; Halbzeit bei der Auszeit","date":"10. April 2014","format":"gallery","excerpt":"Am 11.11.2013 sind wir in Hamburg an Bord der \u201eGrande Cameroon\u201c gegangen und \u00fcber den Atlantik nach S\u00fcdamerika geschippert. Zugegeben, es war nicht immer gerade Hochstimmung mit Karneval und Fasching an Bord, aber es ist uns wirklich nicht langweilig geworden. So eine Frachterreise hat auch etwas besonderes. (Beinahe meditativ!) Nun\u2026","rel":"","context":"In &quot;News&quot;","img":{"alt_text":"","src":"","width":0,"height":0},"classes":[]},{"id":1472,"url":"http:\/\/my-alps.de\/?p=1472","url_meta":{"origin":1149,"position":5},"title":"vom Sajama, dem h\u00f6chsten Berg Boliviens nach Peru","date":"8. August 2014","format":"gallery","excerpt":"Da wir vom Titikakasee etwas entt\u00e4uscht waren, haben wir uns kurzerhand entschlossen doch noch einen Abstecher zum \"Sajama\" zu fahren. Er liegt zwar auf dem Weg Richtung Chile, aber\u00a0das haben wir dann mit dem Grenz\u00fcbergang in Arica\u00a0verkn\u00fcpft. auf dem AltiplanoDer \"Sajama\" ist ein wundersch\u00f6ner Vulkankegel, der sich wie eine Zipfelm\u00fctze\u2026","rel":"","context":"In &quot;News&quot;","img":{"alt_text":"","src":"https:\/\/i0.wp.com\/my-alps.de\/wp-content\/uploads\/2014\/08\/Vulkanausbruch-1-ce4.jpg?resize=350%2C200","width":350,"height":200},"classes":[]}],"_links":{"self":[{"href":"http:\/\/my-alps.de\/index.php?rest_route=\/wp\/v2\/posts\/1149"}],"collection":[{"href":"http:\/\/my-alps.de\/index.php?rest_route=\/wp\/v2\/posts"}],"about":[{"href":"http:\/\/my-alps.de\/index.php?rest_route=\/wp\/v2\/types\/post"}],"author":[{"embeddable":true,"href":"http:\/\/my-alps.de\/index.php?rest_route=\/wp\/v2\/users\/1"}],"replies":[{"embeddable":true,"href":"http:\/\/my-alps.de\/index.php?rest_route=%2Fwp%2Fv2%2Fcomments&post=1149"}],"version-history":[{"count":5,"href":"http:\/\/my-alps.de\/index.php?rest_route=\/wp\/v2\/posts\/1149\/revisions"}],"predecessor-version":[{"id":1155,"href":"http:\/\/my-alps.de\/index.php?rest_route=\/wp\/v2\/posts\/1149\/revisions\/1155"}],"wp:attachment":[{"href":"http:\/\/my-alps.de\/index.php?rest_route=%2Fwp%2Fv2%2Fmedia&parent=1149"}],"wp:term":[{"taxonomy":"category","embeddable":true,"href":"http:\/\/my-alps.de\/index.php?rest_route=%2Fwp%2Fv2%2Fcategories&post=1149"},{"taxonomy":"post_tag","embeddable":true,"href":"http:\/\/my-alps.de\/index.php?rest_route=%2Fwp%2Fv2%2Ftags&post=1149"}],"curies":[{"name":"wp","href":"https:\/\/api.w.org\/{rel}","templated":true}]}}