{"id":1132,"date":"2014-05-11T16:56:05","date_gmt":"2014-05-11T14:56:05","guid":{"rendered":"http:\/\/my-alps.de\/?p=1132"},"modified":"2014-05-11T16:56:05","modified_gmt":"2014-05-11T14:56:05","slug":"muttertag-den-gibt-es-auch-in-suedamerika","status":"publish","type":"post","link":"http:\/\/my-alps.de\/?p=1132","title":{"rendered":"Muttertag &#8211; den gibt es auch in S\u00fcdamerika!"},"content":{"rendered":"<p>An alle M\u00fctter (jung und nicht mehr so jung)<\/p>\n<p>Wir w\u00fcnschen euch einen sch\u00f6nen Muttertag!<\/p>\n<div id=\"attachment_1133\" style=\"width: 692px\" class=\"wp-caption aligncenter\"><a href=\"https:\/\/i0.wp.com\/my-alps.de\/wp-content\/uploads\/2014\/05\/Muttertag.jpg\"><img aria-describedby=\"caption-attachment-1133\" data-attachment-id=\"1133\" data-permalink=\"http:\/\/my-alps.de\/?attachment_id=1133\" data-orig-file=\"https:\/\/i0.wp.com\/my-alps.de\/wp-content\/uploads\/2014\/05\/Muttertag.jpg?fit=682%2C1024\" data-orig-size=\"682,1024\" data-comments-opened=\"1\" data-image-meta=\"{&quot;aperture&quot;:&quot;4&quot;,&quot;credit&quot;:&quot;&quot;,&quot;camera&quot;:&quot;NEX-7&quot;,&quot;caption&quot;:&quot;&quot;,&quot;created_timestamp&quot;:&quot;1399734115&quot;,&quot;copyright&quot;:&quot;&quot;,&quot;focal_length&quot;:&quot;24&quot;,&quot;iso&quot;:&quot;100&quot;,&quot;shutter_speed&quot;:&quot;0.016666666666667&quot;,&quot;title&quot;:&quot;&quot;}\" data-image-title=\"Muttertag\" data-image-description=\"&lt;p&gt;Muttertag&lt;\/p&gt;\n\" data-image-caption=\"&lt;p&gt;Muttertag&lt;\/p&gt;\n\" data-medium-file=\"https:\/\/i0.wp.com\/my-alps.de\/wp-content\/uploads\/2014\/05\/Muttertag.jpg?fit=199%2C300\" data-large-file=\"https:\/\/i0.wp.com\/my-alps.de\/wp-content\/uploads\/2014\/05\/Muttertag.jpg?fit=625%2C938\" loading=\"lazy\" class=\"size-full wp-image-1133\" alt=\"Muttertag\" src=\"https:\/\/i0.wp.com\/my-alps.de\/wp-content\/uploads\/2014\/05\/Muttertag.jpg?resize=625%2C938\" width=\"625\" height=\"938\" srcset=\"https:\/\/i0.wp.com\/my-alps.de\/wp-content\/uploads\/2014\/05\/Muttertag.jpg?w=682 682w, https:\/\/i0.wp.com\/my-alps.de\/wp-content\/uploads\/2014\/05\/Muttertag.jpg?resize=199%2C300 199w\" sizes=\"(max-width: 625px) 100vw, 625px\" data-recalc-dims=\"1\" \/><\/a><p id=\"caption-attachment-1133\" class=\"wp-caption-text\">Muttertag<\/p><\/div>\n","protected":false},"excerpt":{"rendered":"<p>An alle M\u00fctter (jung und nicht mehr so jung) Wir w\u00fcnschen euch einen sch\u00f6nen Muttertag!<\/p>\n","protected":false},"author":1,"featured_media":0,"comment_status":"open","ping_status":"open","sticky":false,"template":"","format":"gallery","meta":{"spay_email":"","jetpack_publicize_message":"","jetpack_is_tweetstorm":false,"jetpack_publicize_feature_enabled":true},"categories":[1],"tags":[],"jetpack_featured_media_url":"","jetpack_publicize_connections":[],"jetpack_sharing_enabled":true,"jetpack_shortlink":"https:\/\/wp.me\/p6huce-ig","jetpack-related-posts":[{"id":221,"url":"http:\/\/my-alps.de\/?p=221","url_meta":{"origin":1132,"position":0},"title":"&#8230;haaaben sie RESERVIERT ?????","date":"24. M\u00e4rz 2013","format":false,"excerpt":"Gestern - nach einem sch\u00f6nen Spaziergang durch den Hainpark \u00fcberkam uns pl\u00f6tzlich dieses gewisse Gef\u00fchl, das eingefleischte Trinker aus der Fr\u00e4nkischen kennen .... DURST und wir steuerten auch gleich die n\u00e4chstgelegene Kneipe an sch\u00f6n gelegen mitten in der Altstadt in den Gassen versteckt, mit einer sch\u00f6nen Sch\u00e4nke und gutem Bier.\u2026","rel":"","context":"In &quot;unter uns&quot;","img":{"alt_text":"","src":"","width":0,"height":0},"classes":[]},{"id":1788,"url":"http:\/\/my-alps.de\/?p=1788","url_meta":{"origin":1132,"position":1},"title":"ein Jahr geht zu Ende&#8230;.","date":"30. Dezember 2014","format":"gallery","excerpt":"So langsam aber sicher neigt sich das (wohl sch\u00f6nste) Jahr dem Ende entgegen. Wir haben viel erlebt, liebe Menschen kennengelernt und die sch\u00f6nsten Landschaften gesehen. Viele unserer Freunde w\u00fcrden auch gerne so ein Jahr \"Auszeit\" nehmen - was hindert euch daran? Nur der eigene Kopf - mehr nicht. Ich habe\u2026","rel":"","context":"In &quot;News&quot;","img":{"alt_text":"2015 - Neujahrsgr\u00c3\u00bcsse","src":"https:\/\/i0.wp.com\/my-alps.de\/wp-content\/uploads\/2013\/01\/2015-Neujahrsgr\u00c3\u00bcsse.jpg?resize=350%2C200","width":350,"height":200},"classes":[]},{"id":1390,"url":"http:\/\/my-alps.de\/?p=1390","url_meta":{"origin":1132,"position":2},"title":"von Uyuni nach Cochabamba (Teil 1)","date":"24. Juli 2014","format":"gallery","excerpt":"Unsere Route durch Bolivien f\u00fchrt uns von Uyuni \u00fcber Potosi und Sucre weiter nach Cochabamba. Die Strecke f\u00fchrt durch\u2019s bolivianische Altiplano. Das Altiplano liegt eingebettet zwischen den westlichen und den \u00f6stlichen Kordilleren. Hier ist die \u201eBesiedlungsdichte\u201c am gr\u00f6ssten und mit Potosi und Sucre liegen zwei grosse St\u00e4dte auf unserem Weg.\u2026","rel":"","context":"In &quot;News&quot;","img":{"alt_text":"","src":"https:\/\/i0.wp.com\/my-alps.de\/wp-content\/uploads\/2014\/07\/hilft-bestimmt-ce4.jpg?resize=350%2C200","width":350,"height":200},"classes":[]},{"id":621,"url":"http:\/\/my-alps.de\/?p=621","url_meta":{"origin":1132,"position":3},"title":"Da haben meine beiden Freunde,\u2026","date":"28. Januar 2014","format":"gallery","excerpt":"Da haben meine beiden Freunde, die Zwillinge Geburtstag - sind also 360 Tage \u00e4lter als ich! Sch\u00f6nen Gru\u00df an die beiden - obwohl, bis die das hier lesen ist der Winter daheim wahrscheinlich vorbei. Die nutzen jede Gelegenheit aus um sich auf die 'Brettl zu schwingen. Bei mir ist ja\u2026","rel":"","context":"In &quot;News&quot;","img":{"alt_text":"unser S\u00c3\u00bcdpol","src":"https:\/\/i0.wp.com\/my-alps.de\/wp-content\/uploads\/2014\/01\/unser-S\u00c3\u00bcdpol.jpg?resize=350%2C200","width":350,"height":200},"classes":[]},{"id":883,"url":"http:\/\/my-alps.de\/?p=883","url_meta":{"origin":1132,"position":4},"title":"Insel Chiloe\u2019","date":"26. M\u00e4rz 2014","format":"gallery","excerpt":"Die Insel Chiloe\u2019 ist von Puerto Montt auf einer gut ausgebauten Autobahn in ca. 1 1\/2 Stunden Fahrt zu erreichen. \u00dcber die Meerenge zwischen dem Festland und der Insel wird (wie in Chile \u00fcblich) mit einer offenen F\u00e4hre \u00fcbergesetzt. Die Fahrtzeit betr\u00e4gt etwa eine halbe Stunde und kostet f\u00fcr unser\u2026","rel":"","context":"In &quot;News&quot;","img":{"alt_text":"","src":"https:\/\/i0.wp.com\/my-alps.de\/wp-content\/uploads\/2014\/03\/wir-sind-auf.....jpg?resize=350%2C200","width":350,"height":200},"classes":[]},{"id":881,"url":"http:\/\/my-alps.de\/?p=881","url_meta":{"origin":1132,"position":5},"title":"Puerto Montt","date":"26. M\u00e4rz 2014","format":"gallery","excerpt":"Nach 8.808 km (und wahrscheinlich ein paar mehr) die wir jetzt hier in S\u00fcdamerika unterwegs sind haben wir unserem WOMO auch mal etwas Gutes geg\u00f6nnt. Hier in Puerto Montt habe ich eine Werkstatt entdeckt die jegliche Art von Service f\u00fcr \u201egesch\u00fcttelte\u201c Autos anbietet. Wir haben uns f\u00fcr: \u00d6lwechsel und Luftfilterwechsel\u2026","rel":"","context":"In &quot;News&quot;","img":{"alt_text":"","src":"https:\/\/i0.wp.com\/my-alps.de\/wp-content\/uploads\/2014\/03\/Pisco-sour-6x6.jpg?resize=350%2C200","width":350,"height":200},"classes":[]}],"_links":{"self":[{"href":"http:\/\/my-alps.de\/index.php?rest_route=\/wp\/v2\/posts\/1132"}],"collection":[{"href":"http:\/\/my-alps.de\/index.php?rest_route=\/wp\/v2\/posts"}],"about":[{"href":"http:\/\/my-alps.de\/index.php?rest_route=\/wp\/v2\/types\/post"}],"author":[{"embeddable":true,"href":"http:\/\/my-alps.de\/index.php?rest_route=\/wp\/v2\/users\/1"}],"replies":[{"embeddable":true,"href":"http:\/\/my-alps.de\/index.php?rest_route=%2Fwp%2Fv2%2Fcomments&post=1132"}],"version-history":[{"count":1,"href":"http:\/\/my-alps.de\/index.php?rest_route=\/wp\/v2\/posts\/1132\/revisions"}],"predecessor-version":[{"id":1134,"href":"http:\/\/my-alps.de\/index.php?rest_route=\/wp\/v2\/posts\/1132\/revisions\/1134"}],"wp:attachment":[{"href":"http:\/\/my-alps.de\/index.php?rest_route=%2Fwp%2Fv2%2Fmedia&parent=1132"}],"wp:term":[{"taxonomy":"category","embeddable":true,"href":"http:\/\/my-alps.de\/index.php?rest_route=%2Fwp%2Fv2%2Fcategories&post=1132"},{"taxonomy":"post_tag","embeddable":true,"href":"http:\/\/my-alps.de\/index.php?rest_route=%2Fwp%2Fv2%2Ftags&post=1132"}],"curies":[{"name":"wp","href":"https:\/\/api.w.org\/{rel}","templated":true}]}}