{"id":1120,"date":"2014-05-11T16:44:34","date_gmt":"2014-05-11T14:44:34","guid":{"rendered":"http:\/\/my-alps.de\/?p=1120"},"modified":"2014-05-11T16:53:44","modified_gmt":"2014-05-11T14:53:44","slug":"araukanien-2-versuch","status":"publish","type":"post","link":"http:\/\/my-alps.de\/?p=1120","title":{"rendered":"Araukanien &#8211; 2. Versuch"},"content":{"rendered":"<p>Unser \u201ekurzer\u201c Abstecher in Argentinien neigt sich dem Ende zu.<br \/>\nWir haben die starken Regenf\u00e4lle \u201eabgewettert\u201c und stehen nun<br \/>\nwieder am Grenz\u00fcbergang am Vulkan Lanin.<\/p>\n<div id=\"attachment_1121\" style=\"width: 1034px\" class=\"wp-caption aligncenter\"><a href=\"https:\/\/i0.wp.com\/my-alps.de\/wp-content\/uploads\/2014\/05\/Bimobil-und-Vulkan-Lanin-ce4.jpg\"><img aria-describedby=\"caption-attachment-1121\" data-attachment-id=\"1121\" data-permalink=\"http:\/\/my-alps.de\/?attachment_id=1121\" data-orig-file=\"https:\/\/i0.wp.com\/my-alps.de\/wp-content\/uploads\/2014\/05\/Bimobil-und-Vulkan-Lanin-ce4.jpg?fit=1024%2C330\" data-orig-size=\"1024,330\" data-comments-opened=\"1\" data-image-meta=\"{&quot;aperture&quot;:&quot;8&quot;,&quot;credit&quot;:&quot;&quot;,&quot;camera&quot;:&quot;SLT-A99V&quot;,&quot;caption&quot;:&quot;&quot;,&quot;created_timestamp&quot;:&quot;1399471161&quot;,&quot;copyright&quot;:&quot;&quot;,&quot;focal_length&quot;:&quot;24&quot;,&quot;iso&quot;:&quot;100&quot;,&quot;shutter_speed&quot;:&quot;0.004&quot;,&quot;title&quot;:&quot;&quot;}\" data-image-title=\"Bimobil und Vulkan Lanin &#8211; ce4\" data-image-description=\"&lt;p&gt;Bimobil und Vulkan Lanin&lt;\/p&gt;\n\" data-image-caption=\"&lt;p&gt;Bimobil und Vulkan Lanin&lt;\/p&gt;\n\" data-medium-file=\"https:\/\/i0.wp.com\/my-alps.de\/wp-content\/uploads\/2014\/05\/Bimobil-und-Vulkan-Lanin-ce4.jpg?fit=300%2C96\" data-large-file=\"https:\/\/i0.wp.com\/my-alps.de\/wp-content\/uploads\/2014\/05\/Bimobil-und-Vulkan-Lanin-ce4.jpg?fit=625%2C201\" loading=\"lazy\" class=\"size-full wp-image-1121\" alt=\"Bimobil und Vulkan Lanin\" src=\"https:\/\/i0.wp.com\/my-alps.de\/wp-content\/uploads\/2014\/05\/Bimobil-und-Vulkan-Lanin-ce4.jpg?resize=625%2C201\" width=\"625\" height=\"201\" srcset=\"https:\/\/i0.wp.com\/my-alps.de\/wp-content\/uploads\/2014\/05\/Bimobil-und-Vulkan-Lanin-ce4.jpg?w=1024 1024w, https:\/\/i0.wp.com\/my-alps.de\/wp-content\/uploads\/2014\/05\/Bimobil-und-Vulkan-Lanin-ce4.jpg?resize=300%2C96 300w\" sizes=\"(max-width: 625px) 100vw, 625px\" data-recalc-dims=\"1\" \/><\/a><p id=\"caption-attachment-1121\" class=\"wp-caption-text\">Bimobil und Vulkan Lanin<\/p><\/div>\n<p><span style=\"line-height: 1.5;\"><!--more-->Wir \u00fcbernachten an der Rangerstation im Nationalpark und<\/span><br \/>\nmachen einen kleinen Ausflug zum Lago Tromen.<\/p>\n<div id=\"attachment_1122\" style=\"width: 1034px\" class=\"wp-caption aligncenter\"><a href=\"https:\/\/i0.wp.com\/my-alps.de\/wp-content\/uploads\/2014\/05\/Araukarienwald-ce4.jpg\"><img aria-describedby=\"caption-attachment-1122\" data-attachment-id=\"1122\" data-permalink=\"http:\/\/my-alps.de\/?attachment_id=1122\" data-orig-file=\"https:\/\/i0.wp.com\/my-alps.de\/wp-content\/uploads\/2014\/05\/Araukarienwald-ce4.jpg?fit=1024%2C683\" data-orig-size=\"1024,683\" data-comments-opened=\"1\" data-image-meta=\"{&quot;aperture&quot;:&quot;4&quot;,&quot;credit&quot;:&quot;&quot;,&quot;camera&quot;:&quot;NEX-7&quot;,&quot;caption&quot;:&quot;&quot;,&quot;created_timestamp&quot;:&quot;1399479468&quot;,&quot;copyright&quot;:&quot;&quot;,&quot;focal_length&quot;:&quot;32&quot;,&quot;iso&quot;:&quot;100&quot;,&quot;shutter_speed&quot;:&quot;0.016666666666667&quot;,&quot;title&quot;:&quot;&quot;}\" data-image-title=\"Araukarienwald &#8211; ce4\" data-image-description=\"&lt;p&gt;Araukarienwald&lt;\/p&gt;\n\" data-image-caption=\"&lt;p&gt;Araukarienwald&lt;\/p&gt;\n\" data-medium-file=\"https:\/\/i0.wp.com\/my-alps.de\/wp-content\/uploads\/2014\/05\/Araukarienwald-ce4.jpg?fit=300%2C200\" data-large-file=\"https:\/\/i0.wp.com\/my-alps.de\/wp-content\/uploads\/2014\/05\/Araukarienwald-ce4.jpg?fit=625%2C417\" loading=\"lazy\" class=\"size-full wp-image-1122\" alt=\"Araukarienwald\" src=\"https:\/\/i0.wp.com\/my-alps.de\/wp-content\/uploads\/2014\/05\/Araukarienwald-ce4.jpg?resize=625%2C417\" width=\"625\" height=\"417\" srcset=\"https:\/\/i0.wp.com\/my-alps.de\/wp-content\/uploads\/2014\/05\/Araukarienwald-ce4.jpg?w=1024 1024w, https:\/\/i0.wp.com\/my-alps.de\/wp-content\/uploads\/2014\/05\/Araukarienwald-ce4.jpg?resize=300%2C200 300w\" sizes=\"(max-width: 625px) 100vw, 625px\" data-recalc-dims=\"1\" \/><\/a><p id=\"caption-attachment-1122\" class=\"wp-caption-text\">Araukarienwald<\/p><\/div>\n<p>Hier gibt es schon die ersten Araukarienw\u00e4lder und dieser<br \/>\nMethusalem der B\u00e4ume sieht wirklich beeindruckend aus.<br \/>\nDie Kerne aus seinen (gro\u00dfen!) Zapfen werden von den<br \/>\nMapuche Indianern zu Mehl verarbeitet und das hat fr\u00fcher<br \/>\nihre Nahrungsgrundlage f\u00fcr den Winter gebildet.<\/p>\n<div id=\"attachment_1123\" style=\"width: 693px\" class=\"wp-caption aligncenter\"><a href=\"https:\/\/i0.wp.com\/my-alps.de\/wp-content\/uploads\/2014\/05\/Araukarie-I-ce4.jpg\"><img aria-describedby=\"caption-attachment-1123\" data-attachment-id=\"1123\" data-permalink=\"http:\/\/my-alps.de\/?attachment_id=1123\" data-orig-file=\"https:\/\/i0.wp.com\/my-alps.de\/wp-content\/uploads\/2014\/05\/Araukarie-I-ce4.jpg?fit=683%2C1024\" data-orig-size=\"683,1024\" data-comments-opened=\"1\" data-image-meta=\"{&quot;aperture&quot;:&quot;4.5&quot;,&quot;credit&quot;:&quot;&quot;,&quot;camera&quot;:&quot;NEX-7&quot;,&quot;caption&quot;:&quot;&quot;,&quot;created_timestamp&quot;:&quot;1399479812&quot;,&quot;copyright&quot;:&quot;&quot;,&quot;focal_length&quot;:&quot;32&quot;,&quot;iso&quot;:&quot;100&quot;,&quot;shutter_speed&quot;:&quot;0.0125&quot;,&quot;title&quot;:&quot;&quot;}\" data-image-title=\"Araukarie I &#8211; ce4\" data-image-description=\"&lt;p&gt;Araukarie&lt;\/p&gt;\n\" data-image-caption=\"&lt;p&gt;Araukarie&lt;\/p&gt;\n\" data-medium-file=\"https:\/\/i0.wp.com\/my-alps.de\/wp-content\/uploads\/2014\/05\/Araukarie-I-ce4.jpg?fit=200%2C300\" data-large-file=\"https:\/\/i0.wp.com\/my-alps.de\/wp-content\/uploads\/2014\/05\/Araukarie-I-ce4.jpg?fit=625%2C937\" loading=\"lazy\" class=\"size-full wp-image-1123\" alt=\"Araukarie\" src=\"https:\/\/i0.wp.com\/my-alps.de\/wp-content\/uploads\/2014\/05\/Araukarie-I-ce4.jpg?resize=625%2C937\" width=\"625\" height=\"937\" srcset=\"https:\/\/i0.wp.com\/my-alps.de\/wp-content\/uploads\/2014\/05\/Araukarie-I-ce4.jpg?w=683 683w, https:\/\/i0.wp.com\/my-alps.de\/wp-content\/uploads\/2014\/05\/Araukarie-I-ce4.jpg?resize=200%2C300 200w\" sizes=\"(max-width: 625px) 100vw, 625px\" data-recalc-dims=\"1\" \/><\/a><p id=\"caption-attachment-1123\" class=\"wp-caption-text\">Araukarie<\/p><\/div>\n<p>Die Stra\u00dfe nach Chile auf der Argentinischen Seite<br \/>\nist wieder mal ein Feldweg, gerade mal mit Lavaasche bedeckt<br \/>\nund durch die starken Regenf\u00e4lle sehr l\u00f6chrig und \u201epf\u00fctzig\u201c.<br \/>\nUnser WOMO muss mal wieder als Schlammspringer her-<br \/>\nhalten und k\u00e4mpft sich wacker durch Wasserlutschen in der<br \/>\nGr\u00f6\u00dfe von kleinen Dorfteichen.<\/p>\n<div id=\"attachment_1126\" style=\"width: 1034px\" class=\"wp-caption aligncenter\"><a href=\"https:\/\/i0.wp.com\/my-alps.de\/wp-content\/uploads\/2014\/05\/Die-Strasse-der-Pf\u00fctzen-ce4.jpg\"><img aria-describedby=\"caption-attachment-1126\" data-attachment-id=\"1126\" data-permalink=\"http:\/\/my-alps.de\/?attachment_id=1126\" data-orig-file=\"https:\/\/i0.wp.com\/my-alps.de\/wp-content\/uploads\/2014\/05\/Die-Strasse-der-Pf\u00fctzen-ce4.jpg?fit=1024%2C683\" data-orig-size=\"1024,683\" data-comments-opened=\"1\" data-image-meta=\"{&quot;aperture&quot;:&quot;6.7&quot;,&quot;credit&quot;:&quot;&quot;,&quot;camera&quot;:&quot;SLT-A99V&quot;,&quot;caption&quot;:&quot;&quot;,&quot;created_timestamp&quot;:&quot;1399471736&quot;,&quot;copyright&quot;:&quot;&quot;,&quot;focal_length&quot;:&quot;24&quot;,&quot;iso&quot;:&quot;100&quot;,&quot;shutter_speed&quot;:&quot;0.005&quot;,&quot;title&quot;:&quot;&quot;}\" data-image-title=\"Die Strasse der Pf\u00fctzen &#8211; ce4\" data-image-description=\"&lt;p&gt;Die Strasse der Pf\u00fctzen&lt;\/p&gt;\n\" data-image-caption=\"&lt;p&gt;Die Strasse der Pf\u00fctzen&lt;\/p&gt;\n\" data-medium-file=\"https:\/\/i0.wp.com\/my-alps.de\/wp-content\/uploads\/2014\/05\/Die-Strasse-der-Pf\u00fctzen-ce4.jpg?fit=300%2C200\" data-large-file=\"https:\/\/i0.wp.com\/my-alps.de\/wp-content\/uploads\/2014\/05\/Die-Strasse-der-Pf\u00fctzen-ce4.jpg?fit=625%2C417\" loading=\"lazy\" class=\"size-full wp-image-1126\" alt=\"Die Strasse der Pf\u00fctzen\" src=\"https:\/\/i0.wp.com\/my-alps.de\/wp-content\/uploads\/2014\/05\/Die-Strasse-der-Pf\u00fctzen-ce4.jpg?resize=625%2C417\" width=\"625\" height=\"417\" srcset=\"https:\/\/i0.wp.com\/my-alps.de\/wp-content\/uploads\/2014\/05\/Die-Strasse-der-Pf\u00fctzen-ce4.jpg?w=1024 1024w, https:\/\/i0.wp.com\/my-alps.de\/wp-content\/uploads\/2014\/05\/Die-Strasse-der-Pf\u00fctzen-ce4.jpg?resize=300%2C200 300w\" sizes=\"(max-width: 625px) 100vw, 625px\" data-recalc-dims=\"1\" \/><\/a><p id=\"caption-attachment-1126\" class=\"wp-caption-text\">Die Strasse der Pf\u00fctzen<\/p><\/div>\n<p>Irgendwie sind sich die Argentinier und die Chilenen nicht einig,<br \/>\nwas den Stra\u00dfenbau angeht, denn nach der Grenze auf der<br \/>\nchilenischen Seite ist die Stra\u00dfe ordentlich geschottert.<\/p>\n<div id=\"attachment_1127\" style=\"width: 1034px\" class=\"wp-caption aligncenter\"><a href=\"https:\/\/i0.wp.com\/my-alps.de\/wp-content\/uploads\/2014\/05\/Araukarien-im-Morgennebel-ce4.jpg\"><img aria-describedby=\"caption-attachment-1127\" data-attachment-id=\"1127\" data-permalink=\"http:\/\/my-alps.de\/?attachment_id=1127\" data-orig-file=\"https:\/\/i0.wp.com\/my-alps.de\/wp-content\/uploads\/2014\/05\/Araukarien-im-Morgennebel-ce4.jpg?fit=1024%2C683\" data-orig-size=\"1024,683\" data-comments-opened=\"1\" data-image-meta=\"{&quot;aperture&quot;:&quot;4.5&quot;,&quot;credit&quot;:&quot;&quot;,&quot;camera&quot;:&quot;DSC-RX100&quot;,&quot;caption&quot;:&quot;&quot;,&quot;created_timestamp&quot;:&quot;1399547709&quot;,&quot;copyright&quot;:&quot;&quot;,&quot;focal_length&quot;:&quot;10.4&quot;,&quot;iso&quot;:&quot;125&quot;,&quot;shutter_speed&quot;:&quot;0.01&quot;,&quot;title&quot;:&quot;&quot;}\" data-image-title=\"Araukarien im Morgennebel &#8211; ce4\" data-image-description=\"&lt;p&gt;Araukarien im Morgennebel&lt;\/p&gt;\n\" data-image-caption=\"&lt;p&gt;Araukarien im Morgennebel&lt;\/p&gt;\n\" data-medium-file=\"https:\/\/i0.wp.com\/my-alps.de\/wp-content\/uploads\/2014\/05\/Araukarien-im-Morgennebel-ce4.jpg?fit=300%2C200\" data-large-file=\"https:\/\/i0.wp.com\/my-alps.de\/wp-content\/uploads\/2014\/05\/Araukarien-im-Morgennebel-ce4.jpg?fit=625%2C417\" loading=\"lazy\" class=\"size-full wp-image-1127\" alt=\"Araukarien im Morgennebel\" src=\"https:\/\/i0.wp.com\/my-alps.de\/wp-content\/uploads\/2014\/05\/Araukarien-im-Morgennebel-ce4.jpg?resize=625%2C417\" width=\"625\" height=\"417\" srcset=\"https:\/\/i0.wp.com\/my-alps.de\/wp-content\/uploads\/2014\/05\/Araukarien-im-Morgennebel-ce4.jpg?w=1024 1024w, https:\/\/i0.wp.com\/my-alps.de\/wp-content\/uploads\/2014\/05\/Araukarien-im-Morgennebel-ce4.jpg?resize=300%2C200 300w\" sizes=\"(max-width: 625px) 100vw, 625px\" data-recalc-dims=\"1\" \/><\/a><p id=\"caption-attachment-1127\" class=\"wp-caption-text\">Araukarien im Morgennebel<\/p><\/div>\n<p>Wir tauchen am kommenden Morgen durch den dichten Nebel<br \/>\nin das wundersch\u00f6ne Tal des Rio Trancura in Richtung der<br \/>\nStadt Pucon am Lago Villarrica.<\/p>\n<div id=\"attachment_1128\" style=\"width: 1034px\" class=\"wp-caption aligncenter\"><a href=\"https:\/\/i0.wp.com\/my-alps.de\/wp-content\/uploads\/2014\/05\/Vulkan-Lanin-aus-dem-Nebel-ce4-beschnitten.jpg\"><img aria-describedby=\"caption-attachment-1128\" data-attachment-id=\"1128\" data-permalink=\"http:\/\/my-alps.de\/?attachment_id=1128\" data-orig-file=\"https:\/\/i0.wp.com\/my-alps.de\/wp-content\/uploads\/2014\/05\/Vulkan-Lanin-aus-dem-Nebel-ce4-beschnitten.jpg?fit=1024%2C683\" data-orig-size=\"1024,683\" data-comments-opened=\"1\" data-image-meta=\"{&quot;aperture&quot;:&quot;11&quot;,&quot;credit&quot;:&quot;&quot;,&quot;camera&quot;:&quot;SLT-A99V&quot;,&quot;caption&quot;:&quot;&quot;,&quot;created_timestamp&quot;:&quot;1399556010&quot;,&quot;copyright&quot;:&quot;&quot;,&quot;focal_length&quot;:&quot;100&quot;,&quot;iso&quot;:&quot;50&quot;,&quot;shutter_speed&quot;:&quot;0.004&quot;,&quot;title&quot;:&quot;&quot;}\" data-image-title=\"Vulkan Lanin aus dem Nebel &#8211; ce4 -beschnitten\" data-image-description=\"&lt;p&gt;Vulkan Lanin aus dem Nebel&lt;\/p&gt;\n\" data-image-caption=\"&lt;p&gt;Vulkan Lanin aus dem Nebel&lt;\/p&gt;\n\" data-medium-file=\"https:\/\/i0.wp.com\/my-alps.de\/wp-content\/uploads\/2014\/05\/Vulkan-Lanin-aus-dem-Nebel-ce4-beschnitten.jpg?fit=300%2C200\" data-large-file=\"https:\/\/i0.wp.com\/my-alps.de\/wp-content\/uploads\/2014\/05\/Vulkan-Lanin-aus-dem-Nebel-ce4-beschnitten.jpg?fit=625%2C417\" loading=\"lazy\" class=\"size-full wp-image-1128\" alt=\"Vulkan Lanin aus dem Nebel\" src=\"https:\/\/i0.wp.com\/my-alps.de\/wp-content\/uploads\/2014\/05\/Vulkan-Lanin-aus-dem-Nebel-ce4-beschnitten.jpg?resize=625%2C417\" width=\"625\" height=\"417\" srcset=\"https:\/\/i0.wp.com\/my-alps.de\/wp-content\/uploads\/2014\/05\/Vulkan-Lanin-aus-dem-Nebel-ce4-beschnitten.jpg?w=1024 1024w, https:\/\/i0.wp.com\/my-alps.de\/wp-content\/uploads\/2014\/05\/Vulkan-Lanin-aus-dem-Nebel-ce4-beschnitten.jpg?resize=300%2C200 300w\" sizes=\"(max-width: 625px) 100vw, 625px\" data-recalc-dims=\"1\" \/><\/a><p id=\"caption-attachment-1128\" class=\"wp-caption-text\">Vulkan Lanin aus dem Nebel<\/p><\/div>\n<p>In dieser Gegend verbringen wir zwei Tage uns besuchen die<br \/>\nThermenanlage \u201eHuife\u201c. Diese liegt idyllisch am Rio Liucura ca.<br \/>\n30 km von Pucon in die Berge hinein. Die Thermalbecken werden<br \/>\ndirekt mit hei\u00dfem Wasser von den Quellen gef\u00fcllt und aus den<br \/>\n(roh) betonierten Becken blubbert es an mehreren Stellen.<br \/>\nIn dem kuschlig warmen Wasser h\u00e4lt man(n) und Frau es gut<br \/>\n20 Minuten aus, dann tritt ein Gef\u00fchl ein, man hat die Garzeit erreicht.<br \/>\nEs gibt auch ein gefliestes Becken und das ist mit einer sch\u00f6nen<br \/>\nZeltmembran Konstruktion \u00fcberspannt. Die alten B\u00e4ume bilden<br \/>\ndie Hauptst\u00fctzen und zus\u00e4tzliche Rundholzst\u00fctzen bilden eine<br \/>\n\u00dcberdachung wie ein Zirkuszelt. (By the way \u2026 jeder Statiker<br \/>\naus Deutschland w\u00fcrde in Schreikr\u00e4mpfe ausbrechen wenn er<br \/>\ndie Verbindungen von St\u00fctze und Zeltkonstruktion sehen w\u00fcrde,<br \/>\nund die gesamte Anlage sofort schlie\u00dfen lassen &#8211; aber bisher h\u00e4lt<br \/>\nes prima &#8211; und schaut auch gut aus!)<\/p>\n<div id=\"attachment_1129\" style=\"width: 1034px\" class=\"wp-caption aligncenter\"><a href=\"https:\/\/i0.wp.com\/my-alps.de\/wp-content\/uploads\/2014\/05\/Vulkan-Villarrica-mit-Mond-ce4-HD.jpg\"><img aria-describedby=\"caption-attachment-1129\" data-attachment-id=\"1129\" data-permalink=\"http:\/\/my-alps.de\/?attachment_id=1129\" data-orig-file=\"https:\/\/i0.wp.com\/my-alps.de\/wp-content\/uploads\/2014\/05\/Vulkan-Villarrica-mit-Mond-ce4-HD.jpg?fit=1024%2C576\" data-orig-size=\"1024,576\" data-comments-opened=\"1\" data-image-meta=\"{&quot;aperture&quot;:&quot;11&quot;,&quot;credit&quot;:&quot;&quot;,&quot;camera&quot;:&quot;SLT-A99V&quot;,&quot;caption&quot;:&quot;&quot;,&quot;created_timestamp&quot;:&quot;1399746388&quot;,&quot;copyright&quot;:&quot;&quot;,&quot;focal_length&quot;:&quot;70&quot;,&quot;iso&quot;:&quot;100&quot;,&quot;shutter_speed&quot;:&quot;0.005&quot;,&quot;title&quot;:&quot;&quot;}\" data-image-title=\"Vulkan Villarrica mit Mond &#8211; ce4 &#8211; HD\" data-image-description=\"&lt;p&gt;Vulkan Villarrica mit Mond&lt;\/p&gt;\n\" data-image-caption=\"&lt;p&gt;Vulkan Villarrica mit Mond&lt;\/p&gt;\n\" data-medium-file=\"https:\/\/i0.wp.com\/my-alps.de\/wp-content\/uploads\/2014\/05\/Vulkan-Villarrica-mit-Mond-ce4-HD.jpg?fit=300%2C168\" data-large-file=\"https:\/\/i0.wp.com\/my-alps.de\/wp-content\/uploads\/2014\/05\/Vulkan-Villarrica-mit-Mond-ce4-HD.jpg?fit=625%2C352\" loading=\"lazy\" class=\"size-full wp-image-1129\" alt=\"Vulkan Villarrica mit Mond\" src=\"https:\/\/i0.wp.com\/my-alps.de\/wp-content\/uploads\/2014\/05\/Vulkan-Villarrica-mit-Mond-ce4-HD.jpg?resize=625%2C352\" width=\"625\" height=\"352\" srcset=\"https:\/\/i0.wp.com\/my-alps.de\/wp-content\/uploads\/2014\/05\/Vulkan-Villarrica-mit-Mond-ce4-HD.jpg?w=1024 1024w, https:\/\/i0.wp.com\/my-alps.de\/wp-content\/uploads\/2014\/05\/Vulkan-Villarrica-mit-Mond-ce4-HD.jpg?resize=300%2C168 300w\" sizes=\"(max-width: 625px) 100vw, 625px\" data-recalc-dims=\"1\" \/><\/a><p id=\"caption-attachment-1129\" class=\"wp-caption-text\">Vulkan Villarrica mit Mond<\/p><\/div>\n<p>Pucon ist eine richtige \u201eOutdoor\u201cStadt, an jeder Ecke werden<br \/>\nTouren entweder mit Kayak oder als Rafting angeboten. Man<br \/>\nkann den Vulkan Villarrica besteigen und Canopy ist hier der<br \/>\ngro\u00dfe Renner f\u00fcr alle. F\u00fcr eine Vulkanbesteigung war leider<br \/>\ndie Zeit schon vorbei. Es hat \u00fcber eineinhalb Meter Neuschnee<br \/>\ngegeben und ohne F\u00fchrer hat man leider keine Chance.<\/p>\n<div id=\"attachment_1130\" style=\"width: 1034px\" class=\"wp-caption aligncenter\"><a href=\"https:\/\/i0.wp.com\/my-alps.de\/wp-content\/uploads\/2014\/05\/Vulkan-Lanin-ce4-3x2.jpg\"><img aria-describedby=\"caption-attachment-1130\" data-attachment-id=\"1130\" data-permalink=\"http:\/\/my-alps.de\/?attachment_id=1130\" data-orig-file=\"https:\/\/i0.wp.com\/my-alps.de\/wp-content\/uploads\/2014\/05\/Vulkan-Lanin-ce4-3x2.jpg?fit=1024%2C683\" data-orig-size=\"1024,683\" data-comments-opened=\"1\" data-image-meta=\"{&quot;aperture&quot;:&quot;9.5&quot;,&quot;credit&quot;:&quot;&quot;,&quot;camera&quot;:&quot;SLT-A99V&quot;,&quot;caption&quot;:&quot;&quot;,&quot;created_timestamp&quot;:&quot;1399470768&quot;,&quot;copyright&quot;:&quot;&quot;,&quot;focal_length&quot;:&quot;70&quot;,&quot;iso&quot;:&quot;100&quot;,&quot;shutter_speed&quot;:&quot;0.004&quot;,&quot;title&quot;:&quot;&quot;}\" data-image-title=\"Vulkan Lanin &#8211; ce4 &#8211; 3&#215;2\" data-image-description=\"&lt;p&gt;Vulkan Lanin&lt;\/p&gt;\n\" data-image-caption=\"&lt;p&gt;Vulkan Lanin&lt;\/p&gt;\n\" data-medium-file=\"https:\/\/i0.wp.com\/my-alps.de\/wp-content\/uploads\/2014\/05\/Vulkan-Lanin-ce4-3x2.jpg?fit=300%2C200\" data-large-file=\"https:\/\/i0.wp.com\/my-alps.de\/wp-content\/uploads\/2014\/05\/Vulkan-Lanin-ce4-3x2.jpg?fit=625%2C417\" loading=\"lazy\" class=\"size-full wp-image-1130\" alt=\"Vulkan Lanin\" src=\"https:\/\/i0.wp.com\/my-alps.de\/wp-content\/uploads\/2014\/05\/Vulkan-Lanin-ce4-3x2.jpg?resize=625%2C417\" width=\"625\" height=\"417\" srcset=\"https:\/\/i0.wp.com\/my-alps.de\/wp-content\/uploads\/2014\/05\/Vulkan-Lanin-ce4-3x2.jpg?w=1024 1024w, https:\/\/i0.wp.com\/my-alps.de\/wp-content\/uploads\/2014\/05\/Vulkan-Lanin-ce4-3x2.jpg?resize=300%2C200 300w\" sizes=\"(max-width: 625px) 100vw, 625px\" data-recalc-dims=\"1\" \/><\/a><p id=\"caption-attachment-1130\" class=\"wp-caption-text\">Vulkan Lanin<\/p><\/div>\n<p>So fahren wir weiter Richtung Osorno und steuern \u00fcber Villarrica<br \/>\nund Lican Ray erst einmal die anderen Seen dieser Gegend an.<\/p>\n","protected":false},"excerpt":{"rendered":"<p>Unser \u201ekurzer\u201c Abstecher in Argentinien neigt sich dem Ende zu. Wir haben die starken Regenf\u00e4lle \u201eabgewettert\u201c und stehen nun wieder am Grenz\u00fcbergang am Vulkan Lanin.<\/p>\n","protected":false},"author":1,"featured_media":0,"comment_status":"open","ping_status":"open","sticky":false,"template":"","format":"gallery","meta":{"spay_email":"","jetpack_publicize_message":"","jetpack_is_tweetstorm":false,"jetpack_publicize_feature_enabled":true},"categories":[1],"tags":[],"jetpack_featured_media_url":"","jetpack_publicize_connections":[],"jetpack_sharing_enabled":true,"jetpack_shortlink":"https:\/\/wp.me\/p6huce-i4","jetpack-related-posts":[{"id":1110,"url":"http:\/\/my-alps.de\/?p=1110","url_meta":{"origin":1120,"position":0},"title":"Laguna Blanca, einsam &#8211; einsam ist&#8217;s hier","date":"10. Mai 2014","format":"gallery","excerpt":"Auf unserem Weg zur Sonne haben wir die Schleife \u00fcber El Chocon (DIE Stadt der Dino-Fans!) weiter bis Zapala ausgedehnt. Die argentinische Pampa steht hier teilweise noch nach den schweren Regenf\u00e4llen in Neuquen unter Wasser. Sehr ungew\u00f6hnlich durch die sonst knochentrockene Landschaft zu fahren, die sich in eine Sumpflandschaft verwandelt\u2026","rel":"","context":"In &quot;News&quot;","img":{"alt_text":"","src":"","width":0,"height":0},"classes":[]},{"id":1091,"url":"http:\/\/my-alps.de\/?p=1091","url_meta":{"origin":1120,"position":1},"title":"Weckruf der Mapuche Indianer","date":"4. Mai 2014","format":"gallery","excerpt":"Unser Camp am Rio Malleo, irgendwo im nirgendwo, auf dem Weg zum Vulkan Lanin lag in der N\u00e4he einer Mapuche Siedlung. Wir hatten die Schilder bei der Hin- und R\u00fcckfahrt bemerkt. Da f\u00fcr den 01. Mai sch\u00f6nes Wetter angesagt war, wollten wir den Nationalpark \u201eVolkan Lanin\u201c besuchen. Tja. wie schon\u2026","rel":"","context":"In &quot;unter uns&quot;","img":{"alt_text":"","src":"","width":0,"height":0},"classes":[]},{"id":1077,"url":"http:\/\/my-alps.de\/?p=1077","url_meta":{"origin":1120,"position":2},"title":"In Naturcolor nach Araukanien","date":"3. Mai 2014","format":"gallery","excerpt":"Die ersten Nachtfr\u00f6ste haben uns einen zauberhaften Morgen geschenkt und wir sind ein St\u00fcck weiter nach Norden gezogen. Die n\u00e4chste Stadt auf unserem Weg ist San Martin des los Andes. Eine Tourismus\u201coase\u201c f\u00fcr alle m\u00f6glichen Outdoorsportarten. Man kann hier sogar richtig Skifahren, und der Ort macht sich fertig f\u00fcr die\u2026","rel":"","context":"In &quot;News&quot;","img":{"alt_text":"","src":"https:\/\/i0.wp.com\/my-alps.de\/wp-content\/uploads\/2014\/05\/Vegetationszonen-I-ce4.jpg?resize=350%2C200","width":350,"height":200},"classes":[]},{"id":961,"url":"http:\/\/my-alps.de\/?p=961","url_meta":{"origin":1120,"position":3},"title":"Vulkan Osorno und Lago Llanquihue","date":"4. April 2014","format":"gallery","excerpt":"Wir sind auf dem Weg zur\u00fcck von der Insel Chiloe\u2019 \u00fcber Puerto Montt nach Puerto Varas gefahren und machen am Lago Llanquihue Station. Zuerst mussten wir ein heftiges Unwetter zwei Tage \u00fcber uns ergehen lassen, bei dem Regenmassen vom Himmel gefallen sind, die bei uns in Deutschland f\u00fcr ein gesamtes\u2026","rel":"","context":"In &quot;News&quot;","img":{"alt_text":"","src":"https:\/\/i0.wp.com\/my-alps.de\/wp-content\/uploads\/2014\/04\/Bimobil-und-Vulkan-Osorno.jpg?resize=350%2C200","width":350,"height":200},"classes":[]},{"id":1653,"url":"http:\/\/my-alps.de\/?p=1653","url_meta":{"origin":1120,"position":4},"title":"zum aktiven Vulkan Tungurahua","date":"24. September 2014","format":"gallery","excerpt":"Den ersten Tag, den wir in Banos verbracht haben konnten wir den Vulkan nur hinter dichten Wolken erahnen. Wir haben deshalb einige Ausfl\u00fcge zu den Wasserf\u00e4llen in der Gegend gemacht und uns Banos angeschaut. Doch am zweiten Tag hat das Wetter f\u00fcr einige Minuten etwas Nachsicht ge\u00fcbt und wir haben\u2026","rel":"","context":"In &quot;News&quot;","img":{"alt_text":"","src":"https:\/\/i0.wp.com\/my-alps.de\/wp-content\/uploads\/2014\/09\/Vulkan-Tungurahua-II-ce4-dfine.jpg?resize=350%2C200","width":350,"height":200},"classes":[]},{"id":959,"url":"http:\/\/my-alps.de\/?p=959","url_meta":{"origin":1120,"position":5},"title":"Keine Panik &#8211; kein Erdbeben und kein Tsunami","date":"4. April 2014","format":"gallery","excerpt":"Beruhigung f\u00fcr ALLE - wir sind an einem See - dem Lago Llanquihue! Kein Erdbeben, kein Seebeben und kein Tsunami! Wir sind eben \u00a0(Ortszeit 15:30 Uhr + 5 Stunden f\u00fcr euch) in ein Caf\u00e9' gekommen und haben unsere Mails \u00fcberpr\u00fcft. Das Erdbeben und die Tsunami Warnung haben wir nicht \u00a0mitbekommen\u2026","rel":"","context":"In &quot;News&quot;","img":{"alt_text":"","src":"https:\/\/i0.wp.com\/my-alps.de\/wp-content\/uploads\/2014\/04\/CA-mit-Vulkan-Osorno.jpg?resize=350%2C200","width":350,"height":200},"classes":[]}],"_links":{"self":[{"href":"http:\/\/my-alps.de\/index.php?rest_route=\/wp\/v2\/posts\/1120"}],"collection":[{"href":"http:\/\/my-alps.de\/index.php?rest_route=\/wp\/v2\/posts"}],"about":[{"href":"http:\/\/my-alps.de\/index.php?rest_route=\/wp\/v2\/types\/post"}],"author":[{"embeddable":true,"href":"http:\/\/my-alps.de\/index.php?rest_route=\/wp\/v2\/users\/1"}],"replies":[{"embeddable":true,"href":"http:\/\/my-alps.de\/index.php?rest_route=%2Fwp%2Fv2%2Fcomments&post=1120"}],"version-history":[{"count":3,"href":"http:\/\/my-alps.de\/index.php?rest_route=\/wp\/v2\/posts\/1120\/revisions"}],"predecessor-version":[{"id":1131,"href":"http:\/\/my-alps.de\/index.php?rest_route=\/wp\/v2\/posts\/1120\/revisions\/1131"}],"wp:attachment":[{"href":"http:\/\/my-alps.de\/index.php?rest_route=%2Fwp%2Fv2%2Fmedia&parent=1120"}],"wp:term":[{"taxonomy":"category","embeddable":true,"href":"http:\/\/my-alps.de\/index.php?rest_route=%2Fwp%2Fv2%2Fcategories&post=1120"},{"taxonomy":"post_tag","embeddable":true,"href":"http:\/\/my-alps.de\/index.php?rest_route=%2Fwp%2Fv2%2Ftags&post=1120"}],"curies":[{"name":"wp","href":"https:\/\/api.w.org\/{rel}","templated":true}]}}