{"id":1110,"date":"2014-05-10T00:43:17","date_gmt":"2014-05-09T22:43:17","guid":{"rendered":"http:\/\/my-alps.de\/?p=1110"},"modified":"2014-05-11T16:58:02","modified_gmt":"2014-05-11T14:58:02","slug":"laguna-blanca-einsam-einsam-ists-hier","status":"publish","type":"post","link":"http:\/\/my-alps.de\/?p=1110","title":{"rendered":"Laguna Blanca, einsam &#8211; einsam ist&#8217;s hier"},"content":{"rendered":"<p>Auf unserem Weg zur Sonne haben wir die Schleife \u00fcber El Chocon (DIE Stadt der Dino-Fans!) weiter bis Zapala ausgedehnt.<br \/>\nDie argentinische Pampa steht hier teilweise noch nach den schweren Regenf\u00e4llen in Neuquen unter Wasser. Sehr ungew\u00f6hnlich durch die sonst knochentrockene Landschaft zu fahren, die sich in eine Sumpflandschaft verwandelt hat.<br \/>\nIn Zapala holen wir uns Informationen \u00fcber den Zustand der Stra\u00dfen und der P\u00e4sse nach Chile. Besser noch eine Weile zu warten, da durch den fr\u00fchen Wintereinbruch einige P\u00e4sse bereits vor\u00fcbergehend geschlossen haben.<br \/>\nWir biegen wieder Richtung S\u00fcden ab und fahren zur<br \/>\nLaguna\u00a0<span style=\"line-height: 1.5;\">Blanca, einem See in 1.300 m H\u00f6he dessen Wasser viel Kalziumcarbonat enth\u00e4lt, das die Felsen aus Vulkanstein an seinem Ufer wei\u00df gef\u00e4rbt hat.<\/span><br \/>\nHier gibt es sehr viel Zugv\u00f6gel, wir sehen allerdings nur ein paar Enten, Schwarzhalsschw\u00e4ne und einige Flamingos.<\/p>\n<p><a href=\"https:\/\/i0.wp.com\/my-alps.de\/wp-content\/uploads\/2014\/05\/20140509-184243.jpg\"><img class=\"alignnone size-full\" alt=\"20140509-184243.jpg\" src=\"https:\/\/i0.wp.com\/my-alps.de\/wp-content\/uploads\/2014\/05\/20140509-184243.jpg?w=625\" data-recalc-dims=\"1\" \/><\/a><br \/>\nWir \u00fcbernachten an einem kleinen Camp direkt am See. Nur ein Pferd der Ranger stapft einsam am Strand entlang. Ansonsten herrscht absolute Ruhe.<\/p>\n<p><a href=\"https:\/\/i0.wp.com\/my-alps.de\/wp-content\/uploads\/2014\/05\/20140509-184537.jpg\"><img class=\"alignnone size-full\" alt=\"20140509-184537.jpg\" src=\"https:\/\/i0.wp.com\/my-alps.de\/wp-content\/uploads\/2014\/05\/20140509-184537.jpg?w=625\" data-recalc-dims=\"1\" \/><\/a><br \/>\nAn die Flamingos kommen wir recht nahe heran bevor sie \u00fcber den See fl\u00fcchten.<\/p>\n<p><a href=\"https:\/\/i0.wp.com\/my-alps.de\/wp-content\/uploads\/2014\/05\/20140509-184735.jpg\"><img class=\"alignnone size-full\" alt=\"20140509-184735.jpg\" src=\"https:\/\/i0.wp.com\/my-alps.de\/wp-content\/uploads\/2014\/05\/20140509-184735.jpg?w=625\" data-recalc-dims=\"1\" \/><\/a><\/p>\n<p><a href=\"https:\/\/i0.wp.com\/my-alps.de\/wp-content\/uploads\/2014\/05\/20140509-184819.jpg\"><img class=\"alignnone size-full\" alt=\"20140509-184819.jpg\" src=\"https:\/\/i0.wp.com\/my-alps.de\/wp-content\/uploads\/2014\/05\/20140509-184819.jpg?w=625\" data-recalc-dims=\"1\" \/><\/a><br \/>\nAm n\u00e4chsten Morgen geht es weiter nach Junin de los Andes zur\u00fcck, wir haben noch einen Termin mit dem Vulkan Lanin der sich das letzte mal in Wolken versteckt hatte!<\/p>\n<p><a href=\"https:\/\/i0.wp.com\/my-alps.de\/wp-content\/uploads\/2014\/05\/20140509-185202.jpg\"><img class=\"alignnone size-full\" alt=\"20140509-185202.jpg\" src=\"https:\/\/i0.wp.com\/my-alps.de\/wp-content\/uploads\/2014\/05\/20140509-185202.jpg?w=625\" data-recalc-dims=\"1\" \/><\/a><\/p>\n","protected":false},"excerpt":{"rendered":"<p>Auf unserem Weg zur Sonne haben wir die Schleife \u00fcber El Chocon (DIE Stadt der Dino-Fans!) weiter bis Zapala ausgedehnt. Die argentinische Pampa steht hier teilweise noch nach den schweren Regenf\u00e4llen in Neuquen unter Wasser. Sehr ungew\u00f6hnlich durch die sonst knochentrockene Landschaft zu fahren, die sich in eine Sumpflandschaft verwandelt hat. In Zapala holen wir [&hellip;]<\/p>\n","protected":false},"author":1,"featured_media":0,"comment_status":"open","ping_status":"open","sticky":false,"template":"","format":"gallery","meta":{"spay_email":"","jetpack_publicize_message":"","jetpack_is_tweetstorm":false,"jetpack_publicize_feature_enabled":true},"categories":[1],"tags":[],"jetpack_featured_media_url":"","jetpack_publicize_connections":[],"jetpack_sharing_enabled":true,"jetpack_shortlink":"https:\/\/wp.me\/p6huce-hU","jetpack-related-posts":[{"id":1331,"url":"http:\/\/my-alps.de\/?p=1331","url_meta":{"origin":1110,"position":0},"title":"Lagunenroute in Bolivien &#8211; Teil 1","date":"17. Juli 2014","format":"gallery","excerpt":"San Pedro de Atacama in Chile ist der ideale Ausgangspunkt um von dort aus die legend\u00e4re im Boliviens zu befahren. Es geht von der W\u00fcstenoase zur\u00fcck Richtung Paso Jama, von 2.400 Meter auf 4.500 Meter hinauf. Schnurgerade, bis auf wenige Kurven, zieht sich die Stra\u00dfe auf fast 30 Kilometer bergauf.\u2026","rel":"","context":"In &quot;News&quot;","img":{"alt_text":"","src":"https:\/\/i0.wp.com\/my-alps.de\/wp-content\/uploads\/2014\/07\/alt-5015hm.jpg?resize=350%2C200","width":350,"height":200},"classes":[]},{"id":1334,"url":"http:\/\/my-alps.de\/?p=1334","url_meta":{"origin":1110,"position":1},"title":"Lagunenroute in Bolivien &#8211; Teil 2","date":"17. Juli 2014","format":"gallery","excerpt":"Lagunenroute - 2. Abschnitt Von der Laguna Colorada zu den \u201eRocas\u201c Am n\u00e4chsten Morgen (es hat in der Nacht minus 15 Grad gehabt) sind die R\u00e4nder der Lagune zugefroren und in der Ferne sieht man Salzformationen, die wie Gletscherabbr\u00fcche aussehen. Gegen Mittag ist dann alles Eis geschmolzen und man sieht\u2026","rel":"","context":"In &quot;News&quot;","img":{"alt_text":"","src":"https:\/\/i0.wp.com\/my-alps.de\/wp-content\/uploads\/2014\/07\/Rocas-2.HDR_.jpg?resize=350%2C200","width":350,"height":200},"classes":[]},{"id":1664,"url":"http:\/\/my-alps.de\/?p=1664","url_meta":{"origin":1110,"position":2},"title":"Paramo und Papallacta","date":"28. September 2014","format":"gallery","excerpt":"Im schwefelhaltigen Wasser der Thermen \u00a0von Papallacta haben wir uns sch\u00f6n entspannt (und gereinigt!). Die Landschaft hat ihr Bild\u00a0total ver\u00e4ndert und wir sind schon wieder auf 3.300 Meter. \u00dcberall dr\u00e4ngen Wasserf\u00e4lle aus den Bergen in das schmale Tal und die Stra\u00dfe ist durch die vielen Erdbeben und aktiven Vulkane einem\u2026","rel":"","context":"In &quot;News&quot;","img":{"alt_text":"","src":"https:\/\/i0.wp.com\/my-alps.de\/wp-content\/uploads\/2014\/09\/Cerro-Antisana-5.700-m-ce4.jpg?resize=350%2C200","width":350,"height":200},"classes":[]},{"id":724,"url":"http:\/\/my-alps.de\/?p=724","url_meta":{"origin":1110,"position":3},"title":"Von El Chalten auf der Ruta 40 nach Chile","date":"23. Februar 2014","format":"gallery","excerpt":"Nach einer wundersch\u00f6nen Woche ist es an der Zeit weiter zu fahren. Unserer Reise f\u00fchrt nun \u00fcber die legend\u00e4re Ruta 40 (auf der wir uns schon einige Zeit bewegen) Richtung Norden. Die Gegend hier ist gepr\u00e4gt von - na ja - nichts - es gibt hier eigentlich nichts ausser Landschaft\u2026","rel":"","context":"In &quot;News&quot;","img":{"alt_text":"Ruta 40","src":"https:\/\/i0.wp.com\/my-alps.de\/wp-content\/uploads\/2014\/02\/Ruta-40.jpg?resize=350%2C200","width":350,"height":200},"classes":[]},{"id":1642,"url":"http:\/\/my-alps.de\/?p=1642","url_meta":{"origin":1110,"position":4},"title":"nach Banos","date":"24. September 2014","format":"gallery","excerpt":"Wir fahren zickzack durch Ecuador, so kommt es uns jedenfalls vor! Nach den arbeitsreichen, aber auch erholsamen Tagen am Pazifik sind wir wieder quer durch das Landesinnere gefahren. Unser Ziel war der (sehr) aktive Vulkan \"Tungurahua\" bei Banos. Zuerst ging es an der K\u00fcste hinauf bis \"Jipijapa\" und danach durch\u2026","rel":"","context":"In &quot;News&quot;","img":{"alt_text":"","src":"https:\/\/i0.wp.com\/my-alps.de\/wp-content\/uploads\/2014\/09\/Finca-Chamanapamba-II.jpg?resize=350%2C200","width":350,"height":200},"classes":[]},{"id":1614,"url":"http:\/\/my-alps.de\/?p=1614","url_meta":{"origin":1110,"position":5},"title":"Ecuador &#8211; entschleunigt leben","date":"17. September 2014","format":"gallery","excerpt":"Mittlerweile sitzen wir wieder mal an der K\u00fcste des Pazifiks und schauen auf das graue und endlose Meer hinaus. Etwa 500 Meter von uns entfernt tummeln sich ein paar Wale, machen sch\u00f6ne \"Bauchpflatscher\" oder schlagen mit ihren Schwanzflossen auf's Wasser. Pelikane und Fregattv\u00f6gel lassen sich vom Aufwind an der Steilk\u00fcste\u2026","rel":"","context":"In &quot;News&quot;","img":{"alt_text":"","src":"https:\/\/i0.wp.com\/my-alps.de\/wp-content\/uploads\/2014\/09\/wir-machen-auch-mal-Pause.jpg?resize=350%2C200","width":350,"height":200},"classes":[]}],"_links":{"self":[{"href":"http:\/\/my-alps.de\/index.php?rest_route=\/wp\/v2\/posts\/1110"}],"collection":[{"href":"http:\/\/my-alps.de\/index.php?rest_route=\/wp\/v2\/posts"}],"about":[{"href":"http:\/\/my-alps.de\/index.php?rest_route=\/wp\/v2\/types\/post"}],"author":[{"embeddable":true,"href":"http:\/\/my-alps.de\/index.php?rest_route=\/wp\/v2\/users\/1"}],"replies":[{"embeddable":true,"href":"http:\/\/my-alps.de\/index.php?rest_route=%2Fwp%2Fv2%2Fcomments&post=1110"}],"version-history":[{"count":6,"href":"http:\/\/my-alps.de\/index.php?rest_route=\/wp\/v2\/posts\/1110\/revisions"}],"predecessor-version":[{"id":1136,"href":"http:\/\/my-alps.de\/index.php?rest_route=\/wp\/v2\/posts\/1110\/revisions\/1136"}],"wp:attachment":[{"href":"http:\/\/my-alps.de\/index.php?rest_route=%2Fwp%2Fv2%2Fmedia&parent=1110"}],"wp:term":[{"taxonomy":"category","embeddable":true,"href":"http:\/\/my-alps.de\/index.php?rest_route=%2Fwp%2Fv2%2Fcategories&post=1110"},{"taxonomy":"post_tag","embeddable":true,"href":"http:\/\/my-alps.de\/index.php?rest_route=%2Fwp%2Fv2%2Ftags&post=1110"}],"curies":[{"name":"wp","href":"https:\/\/api.w.org\/{rel}","templated":true}]}}