{"id":1097,"date":"2014-05-04T22:48:40","date_gmt":"2014-05-04T20:48:40","guid":{"rendered":"http:\/\/my-alps.de\/?p=1097"},"modified":"2014-05-04T22:49:23","modified_gmt":"2014-05-04T20:49:23","slug":"happy-birthday","status":"publish","type":"post","link":"http:\/\/my-alps.de\/?p=1097","title":{"rendered":"Happy Birthday"},"content":{"rendered":"<p>Alles Gute zum Geburtstag!<\/p>\n<p>Ein digitaler Blumenstrau\u00df&#8230;&#8230;.<\/p>\n<div id=\"attachment_1098\" style=\"width: 1034px\" class=\"wp-caption aligncenter\"><a href=\"https:\/\/i0.wp.com\/my-alps.de\/wp-content\/uploads\/2014\/05\/Annette-hat-Geburtstag-I.jpg\"><img aria-describedby=\"caption-attachment-1098\" data-attachment-id=\"1098\" data-permalink=\"http:\/\/my-alps.de\/?attachment_id=1098\" data-orig-file=\"https:\/\/i0.wp.com\/my-alps.de\/wp-content\/uploads\/2014\/05\/Annette-hat-Geburtstag-I.jpg?fit=1024%2C768\" data-orig-size=\"1024,768\" data-comments-opened=\"1\" data-image-meta=\"{&quot;aperture&quot;:&quot;2.5&quot;,&quot;credit&quot;:&quot;&quot;,&quot;camera&quot;:&quot;DSC-RX100&quot;,&quot;caption&quot;:&quot;&quot;,&quot;created_timestamp&quot;:&quot;1399195779&quot;,&quot;copyright&quot;:&quot;&quot;,&quot;focal_length&quot;:&quot;10.4&quot;,&quot;iso&quot;:&quot;100&quot;,&quot;shutter_speed&quot;:&quot;0.01&quot;,&quot;title&quot;:&quot;&quot;}\" data-image-title=\"Annette hat Geburtstag I\" data-image-description=\"&lt;p&gt;Annette hat Geburtstag I&lt;\/p&gt;\n\" data-image-caption=\"&lt;p&gt;Annette hat Geburtstag I&lt;\/p&gt;\n\" data-medium-file=\"https:\/\/i0.wp.com\/my-alps.de\/wp-content\/uploads\/2014\/05\/Annette-hat-Geburtstag-I.jpg?fit=300%2C225\" data-large-file=\"https:\/\/i0.wp.com\/my-alps.de\/wp-content\/uploads\/2014\/05\/Annette-hat-Geburtstag-I.jpg?fit=625%2C469\" loading=\"lazy\" class=\"size-full wp-image-1098\" alt=\"Annette hat Geburtstag I\" src=\"https:\/\/i0.wp.com\/my-alps.de\/wp-content\/uploads\/2014\/05\/Annette-hat-Geburtstag-I.jpg?resize=625%2C469\" width=\"625\" height=\"469\" srcset=\"https:\/\/i0.wp.com\/my-alps.de\/wp-content\/uploads\/2014\/05\/Annette-hat-Geburtstag-I.jpg?w=1024 1024w, https:\/\/i0.wp.com\/my-alps.de\/wp-content\/uploads\/2014\/05\/Annette-hat-Geburtstag-I.jpg?resize=300%2C225 300w\" sizes=\"(max-width: 625px) 100vw, 625px\" data-recalc-dims=\"1\" \/><\/a><p id=\"caption-attachment-1098\" class=\"wp-caption-text\">Annette hat Geburtstag I<\/p><\/div>\n<p>und es gibt C&amp;Ampingkuchen&#8230;&#8230;..<\/p>\n<div id=\"attachment_1099\" style=\"width: 1034px\" class=\"wp-caption aligncenter\"><a href=\"https:\/\/i0.wp.com\/my-alps.de\/wp-content\/uploads\/2014\/05\/Annette-hat-Geburtstag-II.jpg\"><img aria-describedby=\"caption-attachment-1099\" data-attachment-id=\"1099\" data-permalink=\"http:\/\/my-alps.de\/?attachment_id=1099\" data-orig-file=\"https:\/\/i0.wp.com\/my-alps.de\/wp-content\/uploads\/2014\/05\/Annette-hat-Geburtstag-II.jpg?fit=1024%2C768\" data-orig-size=\"1024,768\" data-comments-opened=\"1\" data-image-meta=\"{&quot;aperture&quot;:&quot;1.8&quot;,&quot;credit&quot;:&quot;&quot;,&quot;camera&quot;:&quot;DSC-RX100&quot;,&quot;caption&quot;:&quot;&quot;,&quot;created_timestamp&quot;:&quot;1399195811&quot;,&quot;copyright&quot;:&quot;&quot;,&quot;focal_length&quot;:&quot;10.4&quot;,&quot;iso&quot;:&quot;100&quot;,&quot;shutter_speed&quot;:&quot;0.025&quot;,&quot;title&quot;:&quot;&quot;}\" data-image-title=\"Annette hat Geburtstag II\" data-image-description=\"&lt;p&gt;Annette hat Geburtstag II&lt;\/p&gt;\n\" data-image-caption=\"&lt;p&gt;Annette hat Geburtstag II&lt;\/p&gt;\n\" data-medium-file=\"https:\/\/i0.wp.com\/my-alps.de\/wp-content\/uploads\/2014\/05\/Annette-hat-Geburtstag-II.jpg?fit=300%2C225\" data-large-file=\"https:\/\/i0.wp.com\/my-alps.de\/wp-content\/uploads\/2014\/05\/Annette-hat-Geburtstag-II.jpg?fit=625%2C469\" loading=\"lazy\" class=\"size-full wp-image-1099\" alt=\"Annette hat Geburtstag II\" src=\"https:\/\/i0.wp.com\/my-alps.de\/wp-content\/uploads\/2014\/05\/Annette-hat-Geburtstag-II.jpg?resize=625%2C469\" width=\"625\" height=\"469\" srcset=\"https:\/\/i0.wp.com\/my-alps.de\/wp-content\/uploads\/2014\/05\/Annette-hat-Geburtstag-II.jpg?w=1024 1024w, https:\/\/i0.wp.com\/my-alps.de\/wp-content\/uploads\/2014\/05\/Annette-hat-Geburtstag-II.jpg?resize=300%2C225 300w\" sizes=\"(max-width: 625px) 100vw, 625px\" data-recalc-dims=\"1\" \/><\/a><p id=\"caption-attachment-1099\" class=\"wp-caption-text\">Annette hat Geburtstag II<\/p><\/div>\n","protected":false},"excerpt":{"rendered":"<p>Alles Gute zum Geburtstag! Ein digitaler Blumenstrau\u00df&#8230;&#8230;. und es gibt C&amp;Ampingkuchen&#8230;&#8230;..<\/p>\n","protected":false},"author":1,"featured_media":0,"comment_status":"open","ping_status":"open","sticky":false,"template":"","format":"gallery","meta":{"spay_email":"","jetpack_publicize_message":"","jetpack_is_tweetstorm":false,"jetpack_publicize_feature_enabled":true},"categories":[9],"tags":[],"jetpack_featured_media_url":"","jetpack_publicize_connections":[],"jetpack_sharing_enabled":true,"jetpack_shortlink":"https:\/\/wp.me\/p6huce-hH","jetpack-related-posts":[{"id":329,"url":"http:\/\/my-alps.de\/?p=329","url_meta":{"origin":1097,"position":0},"title":"Ein Bild sagt mehr als 1000 Worte&#8230;.","date":"6. Mai 2013","format":false,"excerpt":"Praktisch, wenn deine Lebensversch\u00f6nerungsgef\u00e4hrtin Geburtstag hat und man gemeinsam etwas vorhat - es gibt also unz\u00e4hlige Geschenkideen. Hier zum Beispiel: Neben dem neuen Topfset f\u00fcr's WOMO fand ich das mit am Besten - da hat sich jemand wirklich M\u00fche gegeben und die Sticknadel gewetzt. \u00a0","rel":"","context":"In &quot;News&quot;","img":{"alt_text":"","src":"https:\/\/i0.wp.com\/my-alps.de\/wp-content\/uploads\/2013\/05\/uuuunnndd-weg.jpg?resize=350%2C200","width":350,"height":200},"classes":[]},{"id":621,"url":"http:\/\/my-alps.de\/?p=621","url_meta":{"origin":1097,"position":1},"title":"Da haben meine beiden Freunde,\u2026","date":"28. Januar 2014","format":"gallery","excerpt":"Da haben meine beiden Freunde, die Zwillinge Geburtstag - sind also 360 Tage \u00e4lter als ich! Sch\u00f6nen Gru\u00df an die beiden - obwohl, bis die das hier lesen ist der Winter daheim wahrscheinlich vorbei. Die nutzen jede Gelegenheit aus um sich auf die 'Brettl zu schwingen. Bei mir ist ja\u2026","rel":"","context":"In &quot;News&quot;","img":{"alt_text":"unser S\u00c3\u00bcdpol","src":"https:\/\/i0.wp.com\/my-alps.de\/wp-content\/uploads\/2014\/01\/unser-S\u00c3\u00bcdpol.jpg?resize=350%2C200","width":350,"height":200},"classes":[]},{"id":425,"url":"http:\/\/my-alps.de\/?p=425","url_meta":{"origin":1097,"position":2},"title":"Verschoben ist nicht aufgehoben","date":"6. November 2013","format":"gallery","excerpt":"Jetzt sind wir soweit - alles fertig! Wir haben p\u00fcnktlich unsere Wohnung zusammengepackt und f\u00fcr unsere Zwischenmieter freigemacht. Unser WOMO ist einsatzbereit. In den letzten Wochen hatten wir noch einige Bastelarbeiten zu erledigen. Die Firma SMV, die unsere Luftfeder hergestellt hat lie\u00df uns eine spezielle Erh\u00f6hungsplatte fertigen um das Seikel\u2026","rel":"","context":"In &quot;News&quot;","img":{"alt_text":"","src":"","width":0,"height":0},"classes":[]},{"id":616,"url":"http:\/\/my-alps.de\/?p=616","url_meta":{"origin":1097,"position":3},"title":"Fuchzich und immer noch Kopfschmerzen&#8230;.","date":"27. Januar 2014","format":"gallery","excerpt":"Eine Woche feiern muss reichen OK, es ist n'Runder, und nachdem wir gerade auch Zeit haben wurde im WOMO-Powow beschlossen, dass wir eine Woche lang feiern - sie ist noch nicht rum und das Projekt l\u00e4uft prima, w\u00fcrde ich sagen. Feuerland ist beileibe pr\u00e4destiniert f\u00fcr solche Vorhaben. Wobei \"El Fin\u2026","rel":"","context":"In &quot;News&quot;","img":{"alt_text":"","src":"","width":0,"height":0},"classes":[]},{"id":230,"url":"http:\/\/my-alps.de\/?p=230","url_meta":{"origin":1097,"position":4},"title":"Tschampa Fii und Latschenkiefercreme","date":"30. M\u00e4rz 2013","format":false,"excerpt":"So - sitze wieder mal mit meinem Senior zusammen und \"filosofieren\" \u00fcber alte Zeiten. Da gab es doch fr\u00fcher das \" Tschampa Fii\" macht sch\u00f6n braun und pflegt die Haut - hatten wir fr\u00fcher zum Skitouren gehen. Und Latschenkiefercreme - ich erinnere mich an Evi und ihre etwas irritierte Haut\u2026","rel":"","context":"In &quot;unter uns&quot;","img":{"alt_text":"","src":"","width":0,"height":0},"classes":[]},{"id":1182,"url":"http:\/\/my-alps.de\/?p=1182","url_meta":{"origin":1097,"position":5},"title":"\u2026.immer diese Grenzer!","date":"4. Juni 2014","format":"gallery","excerpt":"Als Angeh\u00f6riger des Schengener Abkommens ist einem der Umgang bei der Grenzabfertigung etwas abhanden gekommen. So haben wir uns bei der \u00dcberquerung der Grenze von Chile nach Argentinien am \u201ePaso Cristo Redentor\u201c von einen netten Herrn erst mal an der falschen Zollstelle anstellen lassen. Die Dame am Zoll hat flei\u00dfig\u2026","rel":"","context":"In &quot;News&quot;","img":{"alt_text":"","src":"https:\/\/i0.wp.com\/my-alps.de\/wp-content\/uploads\/2014\/06\/Via-PanAm-Argentinien.jpg?resize=350%2C200","width":350,"height":200},"classes":[]}],"_links":{"self":[{"href":"http:\/\/my-alps.de\/index.php?rest_route=\/wp\/v2\/posts\/1097"}],"collection":[{"href":"http:\/\/my-alps.de\/index.php?rest_route=\/wp\/v2\/posts"}],"about":[{"href":"http:\/\/my-alps.de\/index.php?rest_route=\/wp\/v2\/types\/post"}],"author":[{"embeddable":true,"href":"http:\/\/my-alps.de\/index.php?rest_route=\/wp\/v2\/users\/1"}],"replies":[{"embeddable":true,"href":"http:\/\/my-alps.de\/index.php?rest_route=%2Fwp%2Fv2%2Fcomments&post=1097"}],"version-history":[{"count":2,"href":"http:\/\/my-alps.de\/index.php?rest_route=\/wp\/v2\/posts\/1097\/revisions"}],"predecessor-version":[{"id":1101,"href":"http:\/\/my-alps.de\/index.php?rest_route=\/wp\/v2\/posts\/1097\/revisions\/1101"}],"wp:attachment":[{"href":"http:\/\/my-alps.de\/index.php?rest_route=%2Fwp%2Fv2%2Fmedia&parent=1097"}],"wp:term":[{"taxonomy":"category","embeddable":true,"href":"http:\/\/my-alps.de\/index.php?rest_route=%2Fwp%2Fv2%2Fcategories&post=1097"},{"taxonomy":"post_tag","embeddable":true,"href":"http:\/\/my-alps.de\/index.php?rest_route=%2Fwp%2Fv2%2Ftags&post=1097"}],"curies":[{"name":"wp","href":"https:\/\/api.w.org\/{rel}","templated":true}]}}