{"id":1093,"date":"2014-05-04T22:46:12","date_gmt":"2014-05-04T20:46:12","guid":{"rendered":"http:\/\/my-alps.de\/?p=1093"},"modified":"2014-05-04T22:46:12","modified_gmt":"2014-05-04T20:46:12","slug":"die-chilenische-antwort-auf-e-bikes","status":"publish","type":"post","link":"http:\/\/my-alps.de\/?p=1093","title":{"rendered":"Die chilenische Antwort auf E-Bikes"},"content":{"rendered":"<p>Beim schlendern durch Osorno sind wir in ein<br \/>\nViertel gekommen, in dem es ganz viele Werk-<br \/>\nSt\u00e4tten gibt. Richtige \u201eManufakturen\u201c.<br \/>\nSo auch eine, in der Fahrr\u00e4der aufgem\u00f6belt<br \/>\nund repariert werden. Der Besitzer hat wohl<br \/>\nvon der E-Bike Welle in Europa Wind bekommen<br \/>\nuns sich gedacht:<\/p>\n<p>\u201eWir Chilenen, wir k\u00f6nnen das besser!\u201c<\/p>\n<p>Im Hinterhof hatte sein Sohn ein altes Moped stehen,<br \/>\nan dem er die Lust zu basteln verloren hatte.<\/p>\n<div id=\"attachment_1094\" style=\"width: 1034px\" class=\"wp-caption aligncenter\"><a href=\"https:\/\/i0.wp.com\/my-alps.de\/wp-content\/uploads\/2014\/05\/Die-chilenische-Antwort-auf-E-Bikes-I-sw.jpg\"><img aria-describedby=\"caption-attachment-1094\" data-attachment-id=\"1094\" data-permalink=\"http:\/\/my-alps.de\/?attachment_id=1094\" data-orig-file=\"https:\/\/i0.wp.com\/my-alps.de\/wp-content\/uploads\/2014\/05\/Die-chilenische-Antwort-auf-E-Bikes-I-sw.jpg?fit=1024%2C768\" data-orig-size=\"1024,768\" data-comments-opened=\"1\" data-image-meta=\"{&quot;aperture&quot;:&quot;5.6&quot;,&quot;credit&quot;:&quot;&quot;,&quot;camera&quot;:&quot;DSC-RX100&quot;,&quot;caption&quot;:&quot;&quot;,&quot;created_timestamp&quot;:&quot;1398099734&quot;,&quot;copyright&quot;:&quot;&quot;,&quot;focal_length&quot;:&quot;10.4&quot;,&quot;iso&quot;:&quot;125&quot;,&quot;shutter_speed&quot;:&quot;0.0015625&quot;,&quot;title&quot;:&quot;&quot;}\" data-image-title=\"Die chilenische Antwort auf E-Bikes I &#8211; sw\" data-image-description=\"&lt;p&gt;Die chilenische Antwort auf E-Bikes I&lt;\/p&gt;\n\" data-image-caption=\"&lt;p&gt;Die chilenische Antwort auf E-Bikes I&lt;\/p&gt;\n\" data-medium-file=\"https:\/\/i0.wp.com\/my-alps.de\/wp-content\/uploads\/2014\/05\/Die-chilenische-Antwort-auf-E-Bikes-I-sw.jpg?fit=300%2C225\" data-large-file=\"https:\/\/i0.wp.com\/my-alps.de\/wp-content\/uploads\/2014\/05\/Die-chilenische-Antwort-auf-E-Bikes-I-sw.jpg?fit=625%2C469\" loading=\"lazy\" class=\"size-full wp-image-1094\" alt=\"Die chilenische Antwort auf E-Bikes I\" src=\"https:\/\/i0.wp.com\/my-alps.de\/wp-content\/uploads\/2014\/05\/Die-chilenische-Antwort-auf-E-Bikes-I-sw.jpg?resize=625%2C469\" width=\"625\" height=\"469\" srcset=\"https:\/\/i0.wp.com\/my-alps.de\/wp-content\/uploads\/2014\/05\/Die-chilenische-Antwort-auf-E-Bikes-I-sw.jpg?w=1024 1024w, https:\/\/i0.wp.com\/my-alps.de\/wp-content\/uploads\/2014\/05\/Die-chilenische-Antwort-auf-E-Bikes-I-sw.jpg?resize=300%2C225 300w\" sizes=\"(max-width: 625px) 100vw, 625px\" data-recalc-dims=\"1\" \/><\/a><p id=\"caption-attachment-1094\" class=\"wp-caption-text\">Die chilenische Antwort auf E-Bikes I<\/p><\/div>\n<p>Der Vater hat sich den Motor geschnappt, ihn etwas<br \/>\nmodifiziert und in sein Mountain Bike eingebaut.<br \/>\nDie Scheibenbremse hatte eh\u2019 ein paar Macken ab,<br \/>\nda konnte er sie gleich als Ritzel nutzen.<br \/>\nJetzt flitzt er an allen seinen Kumpels vorbei den<br \/>\nBerg hinauf und kommt nicht mal ausser Puste.<\/p>\n<div id=\"attachment_1095\" style=\"width: 1034px\" class=\"wp-caption aligncenter\"><a href=\"https:\/\/i0.wp.com\/my-alps.de\/wp-content\/uploads\/2014\/05\/Die-chilenische-Antwort-auf-E-Bikes-II-sw.jpg\"><img aria-describedby=\"caption-attachment-1095\" data-attachment-id=\"1095\" data-permalink=\"http:\/\/my-alps.de\/?attachment_id=1095\" data-orig-file=\"https:\/\/i0.wp.com\/my-alps.de\/wp-content\/uploads\/2014\/05\/Die-chilenische-Antwort-auf-E-Bikes-II-sw.jpg?fit=1024%2C768\" data-orig-size=\"1024,768\" data-comments-opened=\"1\" data-image-meta=\"{&quot;aperture&quot;:&quot;5.6&quot;,&quot;credit&quot;:&quot;&quot;,&quot;camera&quot;:&quot;DSC-RX100&quot;,&quot;caption&quot;:&quot;&quot;,&quot;created_timestamp&quot;:&quot;1398099717&quot;,&quot;copyright&quot;:&quot;&quot;,&quot;focal_length&quot;:&quot;10.4&quot;,&quot;iso&quot;:&quot;125&quot;,&quot;shutter_speed&quot;:&quot;0.003125&quot;,&quot;title&quot;:&quot;&quot;}\" data-image-title=\"Die chilenische Antwort auf E-Bikes II &#8211; sw\" data-image-description=\"&lt;p&gt;Die chilenische Antwort auf E-Bikes II&lt;\/p&gt;\n\" data-image-caption=\"&lt;p&gt;Die chilenische Antwort auf E-Bikes II&lt;\/p&gt;\n\" data-medium-file=\"https:\/\/i0.wp.com\/my-alps.de\/wp-content\/uploads\/2014\/05\/Die-chilenische-Antwort-auf-E-Bikes-II-sw.jpg?fit=300%2C225\" data-large-file=\"https:\/\/i0.wp.com\/my-alps.de\/wp-content\/uploads\/2014\/05\/Die-chilenische-Antwort-auf-E-Bikes-II-sw.jpg?fit=625%2C469\" loading=\"lazy\" class=\"size-full wp-image-1095\" alt=\"Die chilenische Antwort auf E-Bikes II\" src=\"https:\/\/i0.wp.com\/my-alps.de\/wp-content\/uploads\/2014\/05\/Die-chilenische-Antwort-auf-E-Bikes-II-sw.jpg?resize=625%2C469\" width=\"625\" height=\"469\" srcset=\"https:\/\/i0.wp.com\/my-alps.de\/wp-content\/uploads\/2014\/05\/Die-chilenische-Antwort-auf-E-Bikes-II-sw.jpg?w=1024 1024w, https:\/\/i0.wp.com\/my-alps.de\/wp-content\/uploads\/2014\/05\/Die-chilenische-Antwort-auf-E-Bikes-II-sw.jpg?resize=300%2C225 300w\" sizes=\"(max-width: 625px) 100vw, 625px\" data-recalc-dims=\"1\" \/><\/a><p id=\"caption-attachment-1095\" class=\"wp-caption-text\">Die chilenische Antwort auf E-Bikes II<\/p><\/div>\n<p>Sehr witzig finde ich den Projektnamen:<br \/>\n\u201eArrogant\u201c<br \/>\nund vor allem den kleinen Harleytank!<br \/>\nSein n\u00e4chstes Projekt, so habe ich geh\u00f6rt ist ein<br \/>\nBike mit Allradantrieb<\/p>\n<p>(aber ohne Haldex Kupplung!)<\/p>\n<p>&nbsp;<\/p>\n","protected":false},"excerpt":{"rendered":"<p>Beim schlendern durch Osorno sind wir in ein Viertel gekommen, in dem es ganz viele Werk- St\u00e4tten gibt. Richtige \u201eManufakturen\u201c. So auch eine, in der Fahrr\u00e4der aufgem\u00f6belt und repariert werden. Der Besitzer hat wohl von der E-Bike Welle in Europa Wind bekommen uns sich gedacht: \u201eWir Chilenen, wir k\u00f6nnen das besser!\u201c Im Hinterhof hatte sein [&hellip;]<\/p>\n","protected":false},"author":1,"featured_media":0,"comment_status":"open","ping_status":"open","sticky":false,"template":"","format":"gallery","meta":{"spay_email":"","jetpack_publicize_message":"","jetpack_is_tweetstorm":false,"jetpack_publicize_feature_enabled":true},"categories":[1],"tags":[],"jetpack_featured_media_url":"","jetpack_publicize_connections":[],"jetpack_sharing_enabled":true,"jetpack_shortlink":"https:\/\/wp.me\/p6huce-hD","jetpack-related-posts":[{"id":961,"url":"http:\/\/my-alps.de\/?p=961","url_meta":{"origin":1093,"position":0},"title":"Vulkan Osorno und Lago Llanquihue","date":"4. April 2014","format":"gallery","excerpt":"Wir sind auf dem Weg zur\u00fcck von der Insel Chiloe\u2019 \u00fcber Puerto Montt nach Puerto Varas gefahren und machen am Lago Llanquihue Station. Zuerst mussten wir ein heftiges Unwetter zwei Tage \u00fcber uns ergehen lassen, bei dem Regenmassen vom Himmel gefallen sind, die bei uns in Deutschland f\u00fcr ein gesamtes\u2026","rel":"","context":"In &quot;News&quot;","img":{"alt_text":"","src":"https:\/\/i0.wp.com\/my-alps.de\/wp-content\/uploads\/2014\/04\/Bimobil-und-Vulkan-Osorno.jpg?resize=350%2C200","width":350,"height":200},"classes":[]},{"id":885,"url":"http:\/\/my-alps.de\/?p=885","url_meta":{"origin":1093,"position":1},"title":"Cerveza artesanal","date":"26. M\u00e4rz 2014","format":"gallery","excerpt":"Ich bin ja in Kulmbach geboren und aufgewachsen, jetzt wohne ich (nach einigen Umwegen) in Bamberg. Da hat man im Laufe der Zeit einen besonderen Bezug zu Bier aufgebaut. In Puerto Montt habe ich beim Einkaufen im Supermarkt ein Regal mit \u201eLandbier\u201c entdeckt. Die musste ich unbedingt probieren, das war\u2026","rel":"","context":"In &quot;unter uns&quot;","img":{"alt_text":"","src":"https:\/\/i0.wp.com\/my-alps.de\/wp-content\/uploads\/2014\/03\/Chilenische-Bierprobe.jpg?resize=350%2C200","width":350,"height":200},"classes":[]},{"id":1120,"url":"http:\/\/my-alps.de\/?p=1120","url_meta":{"origin":1093,"position":2},"title":"Araukanien &#8211; 2. Versuch","date":"11. Mai 2014","format":"gallery","excerpt":"Unser \u201ekurzer\u201c Abstecher in Argentinien neigt sich dem Ende zu. Wir haben die starken Regenf\u00e4lle \u201eabgewettert\u201c und stehen nun wieder am Grenz\u00fcbergang am Vulkan Lanin. Wir \u00fcbernachten an der Rangerstation im Nationalpark und machen einen kleinen Ausflug zum Lago Tromen. Hier gibt es schon die ersten Araukarienw\u00e4lder und dieser Methusalem\u2026","rel":"","context":"In &quot;News&quot;","img":{"alt_text":"","src":"https:\/\/i0.wp.com\/my-alps.de\/wp-content\/uploads\/2014\/05\/Vulkan-Lanin-ce4-3x2.jpg?resize=350%2C200","width":350,"height":200},"classes":[]},{"id":1178,"url":"http:\/\/my-alps.de\/?p=1178","url_meta":{"origin":1093,"position":3},"title":"Epilog &#8211; Osorno","date":"3. Juni 2014","format":"gallery","excerpt":"Nach erfolgreicher Implementierung des nagelneuen Steuerger\u00e4tes in unseren Allradantrieb -\u00a0(er funktioniert wieder!) - steht einer Fortsetzung der Reise nach Norden, Richtung Bolivien und Peru nichts mehr im Weg. Doch vorher ein kleiner R\u00fcckblick: Wir haben hier in der Stadt richtige Freunde gefunden, Mario, Gustavo und ihre Familien sind so gastfreundlich\u2026","rel":"","context":"In &quot;News&quot;","img":{"alt_text":"","src":"","width":0,"height":0},"classes":[]},{"id":1182,"url":"http:\/\/my-alps.de\/?p=1182","url_meta":{"origin":1093,"position":4},"title":"\u2026.immer diese Grenzer!","date":"4. Juni 2014","format":"gallery","excerpt":"Als Angeh\u00f6riger des Schengener Abkommens ist einem der Umgang bei der Grenzabfertigung etwas abhanden gekommen. So haben wir uns bei der \u00dcberquerung der Grenze von Chile nach Argentinien am \u201ePaso Cristo Redentor\u201c von einen netten Herrn erst mal an der falschen Zollstelle anstellen lassen. Die Dame am Zoll hat flei\u00dfig\u2026","rel":"","context":"In &quot;News&quot;","img":{"alt_text":"","src":"https:\/\/i0.wp.com\/my-alps.de\/wp-content\/uploads\/2014\/06\/Via-PanAm-Argentinien.jpg?resize=350%2C200","width":350,"height":200},"classes":[]},{"id":1035,"url":"http:\/\/my-alps.de\/?p=1035","url_meta":{"origin":1093,"position":5},"title":"\u201eSuper Mario\u201c","date":"24. April 2014","format":"gallery","excerpt":"Wer kennt es nicht, das legend\u00e4re Spiel: \u201eSuper Mario\u201c? Genauso ist Mario, ein Mann f\u00fcr alle F\u00e4lle. Er hilft und unterst\u00fctzt uns wo es nur geht, er ist ein eingefleischter VW-Wohnmobil Fan und seiner geheimen Garage finden sich einige sch\u00f6ne Karmann Wohnmobile. Er hat auch einen T3 - Syncro und\u2026","rel":"","context":"In &quot;News&quot;","img":{"alt_text":"Mario's \"Super\" Rinder","src":"https:\/\/i0.wp.com\/my-alps.de\/wp-content\/uploads\/2014\/04\/Kalb-2-6x6-ce4.jpg?resize=350%2C200","width":350,"height":200},"classes":[]}],"_links":{"self":[{"href":"http:\/\/my-alps.de\/index.php?rest_route=\/wp\/v2\/posts\/1093"}],"collection":[{"href":"http:\/\/my-alps.de\/index.php?rest_route=\/wp\/v2\/posts"}],"about":[{"href":"http:\/\/my-alps.de\/index.php?rest_route=\/wp\/v2\/types\/post"}],"author":[{"embeddable":true,"href":"http:\/\/my-alps.de\/index.php?rest_route=\/wp\/v2\/users\/1"}],"replies":[{"embeddable":true,"href":"http:\/\/my-alps.de\/index.php?rest_route=%2Fwp%2Fv2%2Fcomments&post=1093"}],"version-history":[{"count":1,"href":"http:\/\/my-alps.de\/index.php?rest_route=\/wp\/v2\/posts\/1093\/revisions"}],"predecessor-version":[{"id":1096,"href":"http:\/\/my-alps.de\/index.php?rest_route=\/wp\/v2\/posts\/1093\/revisions\/1096"}],"wp:attachment":[{"href":"http:\/\/my-alps.de\/index.php?rest_route=%2Fwp%2Fv2%2Fmedia&parent=1093"}],"wp:term":[{"taxonomy":"category","embeddable":true,"href":"http:\/\/my-alps.de\/index.php?rest_route=%2Fwp%2Fv2%2Fcategories&post=1093"},{"taxonomy":"post_tag","embeddable":true,"href":"http:\/\/my-alps.de\/index.php?rest_route=%2Fwp%2Fv2%2Ftags&post=1093"}],"curies":[{"name":"wp","href":"https:\/\/api.w.org\/{rel}","templated":true}]}}