{"id":1091,"date":"2014-05-04T22:43:03","date_gmt":"2014-05-04T20:43:03","guid":{"rendered":"http:\/\/my-alps.de\/?p=1091"},"modified":"2014-05-04T22:43:03","modified_gmt":"2014-05-04T20:43:03","slug":"weckruf-der-mapuche-indianer","status":"publish","type":"post","link":"http:\/\/my-alps.de\/?p=1091","title":{"rendered":"Weckruf der Mapuche Indianer"},"content":{"rendered":"<p>Unser Camp am Rio Malleo, irgendwo im nirgendwo,<br \/>\nauf dem Weg zum Vulkan Lanin lag in der N\u00e4he einer<br \/>\nMapuche Siedlung. Wir hatten die Schilder bei der<br \/>\nHin- und R\u00fcckfahrt bemerkt. Da f\u00fcr den 01. Mai sch\u00f6nes<br \/>\nWetter angesagt war, wollten wir den Nationalpark \u201eVolkan Lanin\u201c<br \/>\nbesuchen. Tja. wie schon geschrieben hat uns ein fr\u00fcher Winter-<br \/>\neinbruch einen Strich durch unser Vorhaben gemacht.<br \/>\nDie Nacht war bitterkalt und ganz fr\u00fch am Morgen h\u00f6rten wir lautes<br \/>\nKlatschen &#8211; wir haben uns nichts dabei gedacht, da hier viele mit<br \/>\nPferd und Hunden unterwegs sind. Wir sind wieder eingenickt,<br \/>\nwar eh\u2019 noch keine Zeit zum Aufstehen. Nach einer Viertelstunde<br \/>\nwieder lautes Klatschen. Hmmm, da will sich jemand bemerkbar<br \/>\nmachen. Wir \u00f6ffnen die kleine Seitenscheibe im Alkoven und sp\u00e4hen<br \/>\nin die K\u00e4lte hinaus. Da steht ein Mapuche Indio vor unserem WOMO\u00a0<span style=\"line-height: 1.5;\">und gestikuliert und erz\u00e4hlt.<br \/>\nSchlaftrunken ordne ich die Worte \u201eDoze\u201c\u00a0<\/span><span style=\"line-height: 1.5;\">und \u201eCollektivo\u201c ihrer Bedeutung zu. Hmmm, der arme Kerl m\u00f6chte\u00a0<\/span><span style=\"line-height: 1.5;\">mit dem Sammeltaxi irgendwohin fahren und braucht Geld daf\u00fcr.<\/span><br \/>\nGenau 12 Pesos, also ca. einen Euro. Wir geben ihm zu verstehen,<br \/>\ner solle sich kurz gedulden, wir stehen auf.<br \/>\nWir geben ihm die 12 Pesos und er bedankt sich h\u00f6flich und w\u00fcnscht<br \/>\nuns einen sch\u00f6nen Tag und eine gute Reise.<br \/>\nNun gut, k\u00f6nnen wir auch gleich auf bleiben und uns einen Kaffee<br \/>\nkochen. Da kommt ein zweites M\u00e4nnlein angetrabt. Er verzichtet<br \/>\nauf das H\u00e4ndeklatschen und klopft vorsichtig an die WOMO-T\u00fcr.<br \/>\nFrau Hack schaut schon etwa besorgt und gibt mir zu verstehen, ich<br \/>\nsolle lieber nicht das Fenster aufmachen, er k\u00f6nnte auch eine<br \/>\n\u201eKnarre\u201c haben, da er jetzt weiss das es hier was zu holen gibt.<\/p>\n<p>Ich gehe im Geiste die Anzahl der Indianer\u00fcberf\u00e4lle durch, denen<br \/>\nich schon ausgeliefert war, und bleibe nur bei dem bl\u00f6den Kinder-<br \/>\nFasching h\u00e4ngen als ich ca. 4 (oder 5) Jahre alt war. Da musste<br \/>\nich mich als Cowboy verkleiden, so richtig mit Hut, Weste und<br \/>\nFransenhose. \u00a0Als ich dann auch noch einen Schnurrbart angemalt<br \/>\nbekommen sollte &#8211; da habe ich gestreikt! Es ist dann nur ein<br \/>\nkleiner \u201eSchnorrn\u201c geworden. Die anderen Kinder waren fast<br \/>\nalle Indianer. Vor allem \u201eT\u00fcpfi\u201c, die Tochter meiner Patin, war<br \/>\nauf dem Kriegspfad. Jedenfalls wurde ich an diesem Nachmittag,<br \/>\nan dem Kinderfasching, so oft von Indianern abgemurkst, das reicht<br \/>\nf\u00fcr ein ganzes Leben. So standen die Chancen, das der Mapuche<br \/>\nvor dem WOMO unbewaffnet war, ganz gut. Ich habe also wieder<br \/>\ndas Fenster ge\u00f6ffnet und mir die gleich Story angeh\u00f6rt. Ok, auch er<br \/>\nhat seine 12 Pesos bekommen, nicht ohne den gut gemeinten Rat, sie\u00a0<span style=\"line-height: 1.5;\">nicht in \u201eFeuerwasser\u201c anzulegen. Er hat sich brav bedankt und ist zu\u00a0<\/span><span style=\"line-height: 1.5;\">seinem Kumpel in das Buswarteh\u00e4uschen<br \/>\n(das gab es wirklich!)\u00a0<\/span><span style=\"line-height: 1.5;\">abgezockelt.<\/span><\/p>\n<p>&nbsp;<\/p>\n<p>Jetzt wissen wir das der Mapuche-Weckruf<br \/>\nzwei mal laut Klatschen ist.<\/p>\n<p>&nbsp;<\/p>\n<p>How!<\/p>\n","protected":false},"excerpt":{"rendered":"<p>Unser Camp am Rio Malleo, irgendwo im nirgendwo, auf dem Weg zum Vulkan Lanin lag in der N\u00e4he einer Mapuche Siedlung. Wir hatten die Schilder bei der Hin- und R\u00fcckfahrt bemerkt. Da f\u00fcr den 01. Mai sch\u00f6nes Wetter angesagt war, wollten wir den Nationalpark \u201eVolkan Lanin\u201c besuchen. Tja. wie schon geschrieben hat uns ein fr\u00fcher [&hellip;]<\/p>\n","protected":false},"author":1,"featured_media":0,"comment_status":"open","ping_status":"open","sticky":false,"template":"","format":"gallery","meta":{"spay_email":"","jetpack_publicize_message":"","jetpack_is_tweetstorm":false,"jetpack_publicize_feature_enabled":true},"categories":[9],"tags":[],"jetpack_featured_media_url":"","jetpack_publicize_connections":[],"jetpack_sharing_enabled":true,"jetpack_shortlink":"https:\/\/wp.me\/p6huce-hB","jetpack-related-posts":[{"id":1120,"url":"http:\/\/my-alps.de\/?p=1120","url_meta":{"origin":1091,"position":0},"title":"Araukanien &#8211; 2. Versuch","date":"11. Mai 2014","format":"gallery","excerpt":"Unser \u201ekurzer\u201c Abstecher in Argentinien neigt sich dem Ende zu. Wir haben die starken Regenf\u00e4lle \u201eabgewettert\u201c und stehen nun wieder am Grenz\u00fcbergang am Vulkan Lanin. Wir \u00fcbernachten an der Rangerstation im Nationalpark und machen einen kleinen Ausflug zum Lago Tromen. Hier gibt es schon die ersten Araukarienw\u00e4lder und dieser Methusalem\u2026","rel":"","context":"In &quot;News&quot;","img":{"alt_text":"","src":"https:\/\/i0.wp.com\/my-alps.de\/wp-content\/uploads\/2014\/05\/Vulkan-Lanin-ce4-3x2.jpg?resize=350%2C200","width":350,"height":200},"classes":[]},{"id":1059,"url":"http:\/\/my-alps.de\/?p=1059","url_meta":{"origin":1091,"position":1},"title":"Indian Summer im Mapuche Land","date":"28. April 2014","format":"gallery","excerpt":"Nachdem wir unsere Ersatzteile f\u00fcr die Reparatur unseres Allradantriebes in Deutschland bestellt hatten, war es an der Zeit in Osorno aufzubrechen. Wir werden einige Tage nach Argentinien fahren, da unser 90 Tage Aufenthaltsvisum in Chile bald abl\u00e4uft, und wir durch den Grenz\u00fcbertritt das Visum ganz einfach wieder erneuern k\u00f6nnen. Es\u2026","rel":"","context":"In &quot;News&quot;","img":{"alt_text":"","src":"https:\/\/i0.wp.com\/my-alps.de\/wp-content\/uploads\/2014\/04\/Lago-Villarino-ce4-beschnitten.jpg?resize=350%2C200","width":350,"height":200},"classes":[]},{"id":1077,"url":"http:\/\/my-alps.de\/?p=1077","url_meta":{"origin":1091,"position":2},"title":"In Naturcolor nach Araukanien","date":"3. Mai 2014","format":"gallery","excerpt":"Die ersten Nachtfr\u00f6ste haben uns einen zauberhaften Morgen geschenkt und wir sind ein St\u00fcck weiter nach Norden gezogen. Die n\u00e4chste Stadt auf unserem Weg ist San Martin des los Andes. Eine Tourismus\u201coase\u201c f\u00fcr alle m\u00f6glichen Outdoorsportarten. Man kann hier sogar richtig Skifahren, und der Ort macht sich fertig f\u00fcr die\u2026","rel":"","context":"In &quot;News&quot;","img":{"alt_text":"","src":"https:\/\/i0.wp.com\/my-alps.de\/wp-content\/uploads\/2014\/05\/Vegetationszonen-I-ce4.jpg?resize=350%2C200","width":350,"height":200},"classes":[]},{"id":1447,"url":"http:\/\/my-alps.de\/?p=1447","url_meta":{"origin":1091,"position":3},"title":"Sorata, das kleine Tibet in Bolivien","date":"7. August 2014","format":"gallery","excerpt":"Von La Paz aus wollten wir auf den Cerro Chacaltaya, und damit unseren ersten 5.000 er besteigen. Leider war der Wetter-Inka heute nicht soooo gut gelaunt, denn es hatte viel Neuschnee und heftigen Sturm gehabt. (Obwohl in La Paz die Kirschbl\u00fcte ausgebrochen ist!) Also mussten wir auf halber Strecke wieder\u2026","rel":"","context":"In &quot;News&quot;","img":{"alt_text":"","src":"https:\/\/i0.wp.com\/my-alps.de\/wp-content\/uploads\/2014\/08\/Valle-Sorata-I-ce4-define.jpg?resize=350%2C200","width":350,"height":200},"classes":[]},{"id":883,"url":"http:\/\/my-alps.de\/?p=883","url_meta":{"origin":1091,"position":4},"title":"Insel Chiloe\u2019","date":"26. M\u00e4rz 2014","format":"gallery","excerpt":"Die Insel Chiloe\u2019 ist von Puerto Montt auf einer gut ausgebauten Autobahn in ca. 1 1\/2 Stunden Fahrt zu erreichen. \u00dcber die Meerenge zwischen dem Festland und der Insel wird (wie in Chile \u00fcblich) mit einer offenen F\u00e4hre \u00fcbergesetzt. Die Fahrtzeit betr\u00e4gt etwa eine halbe Stunde und kostet f\u00fcr unser\u2026","rel":"","context":"In &quot;News&quot;","img":{"alt_text":"","src":"https:\/\/i0.wp.com\/my-alps.de\/wp-content\/uploads\/2014\/03\/wir-sind-auf.....jpg?resize=350%2C200","width":350,"height":200},"classes":[]},{"id":1182,"url":"http:\/\/my-alps.de\/?p=1182","url_meta":{"origin":1091,"position":5},"title":"\u2026.immer diese Grenzer!","date":"4. Juni 2014","format":"gallery","excerpt":"Als Angeh\u00f6riger des Schengener Abkommens ist einem der Umgang bei der Grenzabfertigung etwas abhanden gekommen. So haben wir uns bei der \u00dcberquerung der Grenze von Chile nach Argentinien am \u201ePaso Cristo Redentor\u201c von einen netten Herrn erst mal an der falschen Zollstelle anstellen lassen. Die Dame am Zoll hat flei\u00dfig\u2026","rel":"","context":"In &quot;News&quot;","img":{"alt_text":"","src":"https:\/\/i0.wp.com\/my-alps.de\/wp-content\/uploads\/2014\/06\/Via-PanAm-Argentinien.jpg?resize=350%2C200","width":350,"height":200},"classes":[]}],"_links":{"self":[{"href":"http:\/\/my-alps.de\/index.php?rest_route=\/wp\/v2\/posts\/1091"}],"collection":[{"href":"http:\/\/my-alps.de\/index.php?rest_route=\/wp\/v2\/posts"}],"about":[{"href":"http:\/\/my-alps.de\/index.php?rest_route=\/wp\/v2\/types\/post"}],"author":[{"embeddable":true,"href":"http:\/\/my-alps.de\/index.php?rest_route=\/wp\/v2\/users\/1"}],"replies":[{"embeddable":true,"href":"http:\/\/my-alps.de\/index.php?rest_route=%2Fwp%2Fv2%2Fcomments&post=1091"}],"version-history":[{"count":1,"href":"http:\/\/my-alps.de\/index.php?rest_route=\/wp\/v2\/posts\/1091\/revisions"}],"predecessor-version":[{"id":1092,"href":"http:\/\/my-alps.de\/index.php?rest_route=\/wp\/v2\/posts\/1091\/revisions\/1092"}],"wp:attachment":[{"href":"http:\/\/my-alps.de\/index.php?rest_route=%2Fwp%2Fv2%2Fmedia&parent=1091"}],"wp:term":[{"taxonomy":"category","embeddable":true,"href":"http:\/\/my-alps.de\/index.php?rest_route=%2Fwp%2Fv2%2Fcategories&post=1091"},{"taxonomy":"post_tag","embeddable":true,"href":"http:\/\/my-alps.de\/index.php?rest_route=%2Fwp%2Fv2%2Ftags&post=1091"}],"curies":[{"name":"wp","href":"https:\/\/api.w.org\/{rel}","templated":true}]}}