{"id":1077,"date":"2014-05-03T17:30:13","date_gmt":"2014-05-03T15:30:13","guid":{"rendered":"http:\/\/my-alps.de\/?p=1077"},"modified":"2014-05-12T18:09:54","modified_gmt":"2014-05-12T16:09:54","slug":"in-naturcolor-nach-araukanien","status":"publish","type":"post","link":"http:\/\/my-alps.de\/?p=1077","title":{"rendered":"In Naturcolor nach Araukanien"},"content":{"rendered":"<p>Die ersten Nachtfr\u00f6ste haben uns einen zauberhaften Morgen<br \/>\ngeschenkt und wir sind ein St\u00fcck weiter nach Norden gezogen.<br \/>\nDie n\u00e4chste Stadt auf unserem Weg ist San Martin des los Andes.<br \/>\nEine Tourismus\u201coase\u201c f\u00fcr alle m\u00f6glichen Outdoorsportarten.<br \/>\nMan kann hier sogar richtig Skifahren, und der Ort macht sich<br \/>\nfertig f\u00fcr die kommende Wintersaison. Wir erledigen nur die<br \/>\nn\u00f6tigsten Sachen und fahren gleich wieder weiter.<\/p>\n<div id=\"attachment_1080\" style=\"width: 1034px\" class=\"wp-caption aligncenter\"><a href=\"https:\/\/i0.wp.com\/my-alps.de\/wp-content\/uploads\/2014\/05\/Erster-Raureif-am-Morgen-ce4.jpg\"><img aria-describedby=\"caption-attachment-1080\" data-attachment-id=\"1080\" data-permalink=\"http:\/\/my-alps.de\/?attachment_id=1080\" data-orig-file=\"https:\/\/i0.wp.com\/my-alps.de\/wp-content\/uploads\/2014\/05\/Erster-Raureif-am-Morgen-ce4.jpg?fit=1024%2C683\" data-orig-size=\"1024,683\" data-comments-opened=\"1\" data-image-meta=\"{&quot;aperture&quot;:&quot;6.7&quot;,&quot;credit&quot;:&quot;&quot;,&quot;camera&quot;:&quot;SLT-A99V&quot;,&quot;caption&quot;:&quot;&quot;,&quot;created_timestamp&quot;:&quot;1398684596&quot;,&quot;copyright&quot;:&quot;&quot;,&quot;focal_length&quot;:&quot;24&quot;,&quot;iso&quot;:&quot;100&quot;,&quot;shutter_speed&quot;:&quot;0.004&quot;,&quot;title&quot;:&quot;&quot;}\" data-image-title=\"Erster Raureif am Morgen &#8211; ce4\" data-image-description=\"&lt;p&gt;Erster Raureif am Morgen&lt;\/p&gt;\n\" data-image-caption=\"&lt;p&gt;Erster Raureif am Morgen&lt;\/p&gt;\n\" data-medium-file=\"https:\/\/i0.wp.com\/my-alps.de\/wp-content\/uploads\/2014\/05\/Erster-Raureif-am-Morgen-ce4.jpg?fit=300%2C200\" data-large-file=\"https:\/\/i0.wp.com\/my-alps.de\/wp-content\/uploads\/2014\/05\/Erster-Raureif-am-Morgen-ce4.jpg?fit=625%2C417\" loading=\"lazy\" class=\"size-full wp-image-1080\" alt=\"Erster Raureif am Morgen\" src=\"https:\/\/i0.wp.com\/my-alps.de\/wp-content\/uploads\/2014\/05\/Erster-Raureif-am-Morgen-ce4.jpg?resize=625%2C417\" width=\"625\" height=\"417\" srcset=\"https:\/\/i0.wp.com\/my-alps.de\/wp-content\/uploads\/2014\/05\/Erster-Raureif-am-Morgen-ce4.jpg?w=1024 1024w, https:\/\/i0.wp.com\/my-alps.de\/wp-content\/uploads\/2014\/05\/Erster-Raureif-am-Morgen-ce4.jpg?resize=300%2C200 300w\" sizes=\"(max-width: 625px) 100vw, 625px\" data-recalc-dims=\"1\" \/><\/a><p id=\"caption-attachment-1080\" class=\"wp-caption-text\">Erster Raureif am Morgen<\/p><\/div>\n<p>San Martin des los Andes liegt am Lago Lacar<br \/>\n(Danke f\u00fcr den Hinweis &#8211; Gustavo) und an dessen<br \/>\nUfer fahren wir \u00fcber die RP 62 wieder tiefer in die Gebirgsregion.<br \/>\nDer Grenz\u00fcbergang nach Chile \u201eHua Hum&#8220; liegt nur auf ca. 600 m.<\/p>\n<div id=\"attachment_1088\" style=\"width: 1034px\" class=\"wp-caption aligncenter\"><a href=\"https:\/\/i0.wp.com\/my-alps.de\/wp-content\/uploads\/2014\/05\/Vegetationszonen-I-ce4.jpg\"><img aria-describedby=\"caption-attachment-1088\" data-attachment-id=\"1088\" data-permalink=\"http:\/\/my-alps.de\/?attachment_id=1088\" data-orig-file=\"https:\/\/i0.wp.com\/my-alps.de\/wp-content\/uploads\/2014\/05\/Vegetationszonen-I-ce4.jpg?fit=1024%2C683\" data-orig-size=\"1024,683\" data-comments-opened=\"1\" data-image-meta=\"{&quot;aperture&quot;:&quot;8&quot;,&quot;credit&quot;:&quot;&quot;,&quot;camera&quot;:&quot;SLT-A77V&quot;,&quot;caption&quot;:&quot;&quot;,&quot;created_timestamp&quot;:&quot;1398784286&quot;,&quot;copyright&quot;:&quot;&quot;,&quot;focal_length&quot;:&quot;45&quot;,&quot;iso&quot;:&quot;125&quot;,&quot;shutter_speed&quot;:&quot;0.005&quot;,&quot;title&quot;:&quot;&quot;}\" data-image-title=\"Vegetationszonen I &#8211; ce4\" data-image-description=\"&lt;p&gt;Vegetationszonen I&lt;\/p&gt;\n\" data-image-caption=\"&lt;p&gt;Vegetationszonen I&lt;\/p&gt;\n\" data-medium-file=\"https:\/\/i0.wp.com\/my-alps.de\/wp-content\/uploads\/2014\/05\/Vegetationszonen-I-ce4.jpg?fit=300%2C200\" data-large-file=\"https:\/\/i0.wp.com\/my-alps.de\/wp-content\/uploads\/2014\/05\/Vegetationszonen-I-ce4.jpg?fit=625%2C417\" loading=\"lazy\" class=\"size-full wp-image-1088\" alt=\"Vegetationszonen I\" src=\"https:\/\/i0.wp.com\/my-alps.de\/wp-content\/uploads\/2014\/05\/Vegetationszonen-I-ce4.jpg?resize=625%2C417\" width=\"625\" height=\"417\" srcset=\"https:\/\/i0.wp.com\/my-alps.de\/wp-content\/uploads\/2014\/05\/Vegetationszonen-I-ce4.jpg?w=1024 1024w, https:\/\/i0.wp.com\/my-alps.de\/wp-content\/uploads\/2014\/05\/Vegetationszonen-I-ce4.jpg?resize=300%2C200 300w\" sizes=\"(max-width: 625px) 100vw, 625px\" data-recalc-dims=\"1\" \/><\/a><p id=\"caption-attachment-1088\" class=\"wp-caption-text\">Vegetationszonen I<\/p><\/div>\n<p><span style=\"line-height: 1.5;\">Deshalb kann sich die Vegetation aus dem feuchten Chile hier an den\u00a0<\/span><span style=\"line-height: 1.5;\">Bergh\u00e4ngen tiefer nach Argentinien ausbreiten.<\/span><br \/>\n<span style=\"line-height: 1.5;\"> Der Valdivianische\u00a0<\/span><span style=\"line-height: 1.5;\">Regenwald begegnet uns wieder.<\/span><\/p>\n<div id=\"attachment_1081\" style=\"width: 1034px\" class=\"wp-caption aligncenter\"><a href=\"https:\/\/i0.wp.com\/my-alps.de\/wp-content\/uploads\/2014\/05\/Felsmassiv-am-Lago-Falkner-ce4.jpg\"><img aria-describedby=\"caption-attachment-1081\" data-attachment-id=\"1081\" data-permalink=\"http:\/\/my-alps.de\/?attachment_id=1081\" data-orig-file=\"https:\/\/i0.wp.com\/my-alps.de\/wp-content\/uploads\/2014\/05\/Felsmassiv-am-Lago-Falkner-ce4.jpg?fit=1024%2C683\" data-orig-size=\"1024,683\" data-comments-opened=\"1\" data-image-meta=\"{&quot;aperture&quot;:&quot;9.5&quot;,&quot;credit&quot;:&quot;&quot;,&quot;camera&quot;:&quot;SLT-A99V&quot;,&quot;caption&quot;:&quot;&quot;,&quot;created_timestamp&quot;:&quot;1398613151&quot;,&quot;copyright&quot;:&quot;&quot;,&quot;focal_length&quot;:&quot;60&quot;,&quot;iso&quot;:&quot;100&quot;,&quot;shutter_speed&quot;:&quot;0.004&quot;,&quot;title&quot;:&quot;&quot;}\" data-image-title=\"Felsmassiv am Lago Falkner &#8211; ce4\" data-image-description=\"&lt;p&gt;Felsmassiv am Lago Falkner&lt;\/p&gt;\n\" data-image-caption=\"&lt;p&gt;Felsmassiv am Lago Falkner&lt;\/p&gt;\n\" data-medium-file=\"https:\/\/i0.wp.com\/my-alps.de\/wp-content\/uploads\/2014\/05\/Felsmassiv-am-Lago-Falkner-ce4.jpg?fit=300%2C200\" data-large-file=\"https:\/\/i0.wp.com\/my-alps.de\/wp-content\/uploads\/2014\/05\/Felsmassiv-am-Lago-Falkner-ce4.jpg?fit=625%2C417\" loading=\"lazy\" class=\"size-full wp-image-1081\" alt=\"Felsmassiv am Lago Falkner\" src=\"https:\/\/i0.wp.com\/my-alps.de\/wp-content\/uploads\/2014\/05\/Felsmassiv-am-Lago-Falkner-ce4.jpg?resize=625%2C417\" width=\"625\" height=\"417\" srcset=\"https:\/\/i0.wp.com\/my-alps.de\/wp-content\/uploads\/2014\/05\/Felsmassiv-am-Lago-Falkner-ce4.jpg?w=1024 1024w, https:\/\/i0.wp.com\/my-alps.de\/wp-content\/uploads\/2014\/05\/Felsmassiv-am-Lago-Falkner-ce4.jpg?resize=300%2C200 300w\" sizes=\"(max-width: 625px) 100vw, 625px\" data-recalc-dims=\"1\" \/><\/a><p id=\"caption-attachment-1081\" class=\"wp-caption-text\">Felsmassiv am Lago Falkner<\/p><\/div>\n<p>Doch er ist hier durchsetzt mit vielen verschiedenen Laubb\u00e4umen<br \/>\ndie zur Zeit in herrlichen Farbt\u00f6nen um die Wette leuchten.<\/p>\n<div id=\"attachment_1082\" style=\"width: 1034px\" class=\"wp-caption aligncenter\"><a href=\"https:\/\/i0.wp.com\/my-alps.de\/wp-content\/uploads\/2014\/05\/Indian-Summer-II-ce4.jpg\"><img aria-describedby=\"caption-attachment-1082\" data-attachment-id=\"1082\" data-permalink=\"http:\/\/my-alps.de\/?attachment_id=1082\" data-orig-file=\"https:\/\/i0.wp.com\/my-alps.de\/wp-content\/uploads\/2014\/05\/Indian-Summer-II-ce4.jpg?fit=1024%2C683\" data-orig-size=\"1024,683\" data-comments-opened=\"1\" data-image-meta=\"{&quot;aperture&quot;:&quot;7.1&quot;,&quot;credit&quot;:&quot;&quot;,&quot;camera&quot;:&quot;SLT-A77V&quot;,&quot;caption&quot;:&quot;&quot;,&quot;created_timestamp&quot;:&quot;1398699322&quot;,&quot;copyright&quot;:&quot;&quot;,&quot;focal_length&quot;:&quot;30&quot;,&quot;iso&quot;:&quot;100&quot;,&quot;shutter_speed&quot;:&quot;0.00625&quot;,&quot;title&quot;:&quot;&quot;}\" data-image-title=\"Indian Summer II &#8211; ce4\" data-image-description=\"&lt;p&gt;Indian Summer II&lt;\/p&gt;\n\" data-image-caption=\"&lt;p&gt;Indian Summer II&lt;\/p&gt;\n\" data-medium-file=\"https:\/\/i0.wp.com\/my-alps.de\/wp-content\/uploads\/2014\/05\/Indian-Summer-II-ce4.jpg?fit=300%2C200\" data-large-file=\"https:\/\/i0.wp.com\/my-alps.de\/wp-content\/uploads\/2014\/05\/Indian-Summer-II-ce4.jpg?fit=625%2C417\" loading=\"lazy\" class=\"size-full wp-image-1082\" alt=\"Indian Summer II\" src=\"https:\/\/i0.wp.com\/my-alps.de\/wp-content\/uploads\/2014\/05\/Indian-Summer-II-ce4.jpg?resize=625%2C417\" width=\"625\" height=\"417\" srcset=\"https:\/\/i0.wp.com\/my-alps.de\/wp-content\/uploads\/2014\/05\/Indian-Summer-II-ce4.jpg?w=1024 1024w, https:\/\/i0.wp.com\/my-alps.de\/wp-content\/uploads\/2014\/05\/Indian-Summer-II-ce4.jpg?resize=300%2C200 300w\" sizes=\"(max-width: 625px) 100vw, 625px\" data-recalc-dims=\"1\" \/><\/a><p id=\"caption-attachment-1082\" class=\"wp-caption-text\">Indian Summer II<\/p><\/div>\n<p>Wir verbringen 2 wundersch\u00f6ne Herbsttage im April und k\u00f6nnen<br \/>\nuns mal wieder um unsere Wohnung k\u00fcmmern. Alles rausr\u00e4umen,<br \/>\nl\u00fcften, putzen und trockenlegen. Die Witterung der vergangenen Wochen\u00a0<span style=\"line-height: 1.5;\">zeigt schon erste Spuren.<\/span><\/p>\n<div id=\"attachment_1083\" style=\"width: 1034px\" class=\"wp-caption aligncenter\"><a href=\"https:\/\/i0.wp.com\/my-alps.de\/wp-content\/uploads\/2014\/05\/Stellplatz-am-See-ce4.jpg\"><img aria-describedby=\"caption-attachment-1083\" data-attachment-id=\"1083\" data-permalink=\"http:\/\/my-alps.de\/?attachment_id=1083\" data-orig-file=\"https:\/\/i0.wp.com\/my-alps.de\/wp-content\/uploads\/2014\/05\/Stellplatz-am-See-ce4.jpg?fit=1024%2C683\" data-orig-size=\"1024,683\" data-comments-opened=\"1\" data-image-meta=\"{&quot;aperture&quot;:&quot;6.3&quot;,&quot;credit&quot;:&quot;&quot;,&quot;camera&quot;:&quot;SLT-A77V&quot;,&quot;caption&quot;:&quot;&quot;,&quot;created_timestamp&quot;:&quot;1398770899&quot;,&quot;copyright&quot;:&quot;&quot;,&quot;focal_length&quot;:&quot;35&quot;,&quot;iso&quot;:&quot;100&quot;,&quot;shutter_speed&quot;:&quot;0.00625&quot;,&quot;title&quot;:&quot;&quot;}\" data-image-title=\"Stellplatz am See &#8211; ce4\" data-image-description=\"&lt;p&gt;Stellplatz am See &lt;\/p&gt;\n\" data-image-caption=\"&lt;p&gt;Stellplatz am See &lt;\/p&gt;\n\" data-medium-file=\"https:\/\/i0.wp.com\/my-alps.de\/wp-content\/uploads\/2014\/05\/Stellplatz-am-See-ce4.jpg?fit=300%2C200\" data-large-file=\"https:\/\/i0.wp.com\/my-alps.de\/wp-content\/uploads\/2014\/05\/Stellplatz-am-See-ce4.jpg?fit=625%2C417\" loading=\"lazy\" class=\"size-full wp-image-1083\" alt=\"Stellplatz am See \" src=\"https:\/\/i0.wp.com\/my-alps.de\/wp-content\/uploads\/2014\/05\/Stellplatz-am-See-ce4.jpg?resize=625%2C417\" width=\"625\" height=\"417\" srcset=\"https:\/\/i0.wp.com\/my-alps.de\/wp-content\/uploads\/2014\/05\/Stellplatz-am-See-ce4.jpg?w=1024 1024w, https:\/\/i0.wp.com\/my-alps.de\/wp-content\/uploads\/2014\/05\/Stellplatz-am-See-ce4.jpg?resize=300%2C200 300w\" sizes=\"(max-width: 625px) 100vw, 625px\" data-recalc-dims=\"1\" \/><\/a><p id=\"caption-attachment-1083\" class=\"wp-caption-text\">Stellplatz am See<\/p><\/div>\n<p><span style=\"line-height: 1.5;\"><span style=\"line-height: 1.5;\">Und &#8211; !nicht lachen! -wir bauen das erste mal\u00a0<\/span><span style=\"line-height: 1.5;\">unseren richtigen Campingtisch auf um Nachmittags in der lauen Herbst-<\/span><br \/>\n<\/span> sonne draussen Kaffee zu trinken. Bis jetzt, und das ist immerhin ein halbes Jahr,\u00a0<span style=\"line-height: 1.5;\">hat es keinen Grund gegeben richtig \u201edraussen\u201c zu essen. Entweder war es am\u00a0<\/span><span style=\"line-height: 1.5;\">Anfang zu heiss, oder es haben dich Abends die M\u00fccken aufgefressen.<\/span><br \/>\nIn Patagonien ist ein Campingtisch nur ein billiges Windopfer und in den\u00a0<span style=\"line-height: 1.5;\">letzten Wochen war es meist zu feucht.<br \/>\n(beziehungsweise es hat geregnet)<\/span><\/p>\n<div id=\"attachment_1085\" style=\"width: 1034px\" class=\"wp-caption aligncenter\"><a href=\"https:\/\/i0.wp.com\/my-alps.de\/wp-content\/uploads\/2014\/05\/Valle-Rio-Traful-IV-ce4.jpg\"><img aria-describedby=\"caption-attachment-1085\" data-attachment-id=\"1085\" data-permalink=\"http:\/\/my-alps.de\/?attachment_id=1085\" data-orig-file=\"https:\/\/i0.wp.com\/my-alps.de\/wp-content\/uploads\/2014\/05\/Valle-Rio-Traful-IV-ce4.jpg?fit=1024%2C683\" data-orig-size=\"1024,683\" data-comments-opened=\"1\" data-image-meta=\"{&quot;aperture&quot;:&quot;8&quot;,&quot;credit&quot;:&quot;&quot;,&quot;camera&quot;:&quot;SLT-A99V&quot;,&quot;caption&quot;:&quot;&quot;,&quot;created_timestamp&quot;:&quot;1398448463&quot;,&quot;copyright&quot;:&quot;&quot;,&quot;focal_length&quot;:&quot;200&quot;,&quot;iso&quot;:&quot;100&quot;,&quot;shutter_speed&quot;:&quot;0.004&quot;,&quot;title&quot;:&quot;&quot;}\" data-image-title=\"Valle Rio Traful IV &#8211; ce4\" data-image-description=\"&lt;p&gt;Valle Rio Traful IV&lt;\/p&gt;\n\" data-image-caption=\"&lt;p&gt;Valle Rio Traful IV&lt;\/p&gt;\n\" data-medium-file=\"https:\/\/i0.wp.com\/my-alps.de\/wp-content\/uploads\/2014\/05\/Valle-Rio-Traful-IV-ce4.jpg?fit=300%2C200\" data-large-file=\"https:\/\/i0.wp.com\/my-alps.de\/wp-content\/uploads\/2014\/05\/Valle-Rio-Traful-IV-ce4.jpg?fit=625%2C417\" loading=\"lazy\" class=\"size-full wp-image-1085\" alt=\"Valle Rio Traful IV\" src=\"https:\/\/i0.wp.com\/my-alps.de\/wp-content\/uploads\/2014\/05\/Valle-Rio-Traful-IV-ce4.jpg?resize=625%2C417\" width=\"625\" height=\"417\" srcset=\"https:\/\/i0.wp.com\/my-alps.de\/wp-content\/uploads\/2014\/05\/Valle-Rio-Traful-IV-ce4.jpg?w=1024 1024w, https:\/\/i0.wp.com\/my-alps.de\/wp-content\/uploads\/2014\/05\/Valle-Rio-Traful-IV-ce4.jpg?resize=300%2C200 300w\" sizes=\"(max-width: 625px) 100vw, 625px\" data-recalc-dims=\"1\" \/><\/a><p id=\"caption-attachment-1085\" class=\"wp-caption-text\">Valle Rio Traful IV<\/p><\/div>\n<p>30 km weiter \u00f6stlich ist die Vegetation schon wieder steppenartig.<br \/>\nKurzes Pampasgras und Felsen mit einzelnen Nadelb\u00e4umen pr\u00e4gen<br \/>\ndie Landschaft &#8211; wir ziehen weiter in den Nationalpark<br \/>\n\u201eVolkan Lanin\u201c.<\/p>\n<div id=\"attachment_1086\" style=\"width: 1034px\" class=\"wp-caption aligncenter\"><a href=\"https:\/\/i0.wp.com\/my-alps.de\/wp-content\/uploads\/2014\/05\/Vulkanreste-am-Strassenrand-ce4.jpg\"><img aria-describedby=\"caption-attachment-1086\" data-attachment-id=\"1086\" data-permalink=\"http:\/\/my-alps.de\/?attachment_id=1086\" data-orig-file=\"https:\/\/i0.wp.com\/my-alps.de\/wp-content\/uploads\/2014\/05\/Vulkanreste-am-Strassenrand-ce4.jpg?fit=1024%2C683\" data-orig-size=\"1024,683\" data-comments-opened=\"1\" data-image-meta=\"{&quot;aperture&quot;:&quot;6.7&quot;,&quot;credit&quot;:&quot;&quot;,&quot;camera&quot;:&quot;SLT-A99V&quot;,&quot;caption&quot;:&quot;&quot;,&quot;created_timestamp&quot;:&quot;1399030939&quot;,&quot;copyright&quot;:&quot;&quot;,&quot;focal_length&quot;:&quot;24&quot;,&quot;iso&quot;:&quot;100&quot;,&quot;shutter_speed&quot;:&quot;0.005&quot;,&quot;title&quot;:&quot;&quot;}\" data-image-title=\"Vulkanreste am Strassenrand -ce4\" data-image-description=\"&lt;p&gt;Vulkanreste am Strassenrand&lt;\/p&gt;\n\" data-image-caption=\"&lt;p&gt;Vulkanreste am Strassenrand&lt;\/p&gt;\n\" data-medium-file=\"https:\/\/i0.wp.com\/my-alps.de\/wp-content\/uploads\/2014\/05\/Vulkanreste-am-Strassenrand-ce4.jpg?fit=300%2C200\" data-large-file=\"https:\/\/i0.wp.com\/my-alps.de\/wp-content\/uploads\/2014\/05\/Vulkanreste-am-Strassenrand-ce4.jpg?fit=625%2C417\" loading=\"lazy\" class=\"size-full wp-image-1086\" alt=\"Vulkanreste am Strassenrand\" src=\"https:\/\/i0.wp.com\/my-alps.de\/wp-content\/uploads\/2014\/05\/Vulkanreste-am-Strassenrand-ce4.jpg?resize=625%2C417\" width=\"625\" height=\"417\" srcset=\"https:\/\/i0.wp.com\/my-alps.de\/wp-content\/uploads\/2014\/05\/Vulkanreste-am-Strassenrand-ce4.jpg?w=1024 1024w, https:\/\/i0.wp.com\/my-alps.de\/wp-content\/uploads\/2014\/05\/Vulkanreste-am-Strassenrand-ce4.jpg?resize=300%2C200 300w\" sizes=\"(max-width: 625px) 100vw, 625px\" data-recalc-dims=\"1\" \/><\/a><p id=\"caption-attachment-1086\" class=\"wp-caption-text\">Vulkanreste am Strassenrand<\/p><\/div>\n<p>Hier beginnt \u201eAraukanien\u201c.<\/p>\n<div id=\"attachment_1087\" style=\"width: 1034px\" class=\"wp-caption aligncenter\"><a href=\"https:\/\/i0.wp.com\/my-alps.de\/wp-content\/uploads\/2014\/05\/Rainbow-ce4.jpg\"><img aria-describedby=\"caption-attachment-1087\" data-attachment-id=\"1087\" data-permalink=\"http:\/\/my-alps.de\/?attachment_id=1087\" data-orig-file=\"https:\/\/i0.wp.com\/my-alps.de\/wp-content\/uploads\/2014\/05\/Rainbow-ce4.jpg?fit=1024%2C683\" data-orig-size=\"1024,683\" data-comments-opened=\"1\" data-image-meta=\"{&quot;aperture&quot;:&quot;10&quot;,&quot;credit&quot;:&quot;&quot;,&quot;camera&quot;:&quot;SLT-A77V&quot;,&quot;caption&quot;:&quot;&quot;,&quot;created_timestamp&quot;:&quot;1398872117&quot;,&quot;copyright&quot;:&quot;&quot;,&quot;focal_length&quot;:&quot;60&quot;,&quot;iso&quot;:&quot;100&quot;,&quot;shutter_speed&quot;:&quot;0.003125&quot;,&quot;title&quot;:&quot;&quot;}\" data-image-title=\"Rainbow &#8211; ce4\" data-image-description=\"&lt;p&gt;Rainbow&lt;\/p&gt;\n\" data-image-caption=\"&lt;p&gt;Rainbow&lt;\/p&gt;\n\" data-medium-file=\"https:\/\/i0.wp.com\/my-alps.de\/wp-content\/uploads\/2014\/05\/Rainbow-ce4.jpg?fit=300%2C200\" data-large-file=\"https:\/\/i0.wp.com\/my-alps.de\/wp-content\/uploads\/2014\/05\/Rainbow-ce4.jpg?fit=625%2C417\" loading=\"lazy\" class=\"size-full wp-image-1087\" alt=\"Rainbow\" src=\"https:\/\/i0.wp.com\/my-alps.de\/wp-content\/uploads\/2014\/05\/Rainbow-ce4.jpg?resize=625%2C417\" width=\"625\" height=\"417\" srcset=\"https:\/\/i0.wp.com\/my-alps.de\/wp-content\/uploads\/2014\/05\/Rainbow-ce4.jpg?w=1024 1024w, https:\/\/i0.wp.com\/my-alps.de\/wp-content\/uploads\/2014\/05\/Rainbow-ce4.jpg?resize=300%2C200 300w\" sizes=\"(max-width: 625px) 100vw, 625px\" data-recalc-dims=\"1\" \/><\/a><p id=\"caption-attachment-1087\" class=\"wp-caption-text\">Rainbow<\/p><\/div>\n<p>Tja, und dann macht uns ein fr\u00fcher Vorbote des Winters einen Strich durch die Rechnung mit dem Vulkan &#8222;Lanin&#8220;. Es sch\u00fcttet wie aus Eimern und die Temperaturen fallen unter den Gefrierpunkt.<br \/>\nAlles ist Wolkenverhangen und Nebelig &#8211; fast wie in einer Wasch-<br \/>\nk\u00fcche. An Fotografieren ist nicht zu denken und im WOMO ist es wie in einer Tropfsteinh\u00f6hle. Die Feuchtigkeit durchdringt jede kleine Ritze und es ist auch mit der Heizung nicht mehr richtig trocken zu bekommen. Zeit weiter in das Landesinnere von Argentinien zu fahren &#8211; es geht Richtung Neuquen denn dort soll das Wetter etwas w\u00e4rmer und trockener sein.<\/p>\n<p>Wir werden &#8222;Araukanien&#8220; dann eben etwas sp\u00e4ter sehen!<\/p>\n","protected":false},"excerpt":{"rendered":"<p>Die ersten Nachtfr\u00f6ste haben uns einen zauberhaften Morgen geschenkt und wir sind ein St\u00fcck weiter nach Norden gezogen. Die n\u00e4chste Stadt auf unserem Weg ist San Martin des los Andes. Eine Tourismus\u201coase\u201c f\u00fcr alle m\u00f6glichen Outdoorsportarten. Man kann hier sogar richtig Skifahren, und der Ort macht sich fertig f\u00fcr die kommende Wintersaison. Wir erledigen nur [&hellip;]<\/p>\n","protected":false},"author":1,"featured_media":0,"comment_status":"open","ping_status":"open","sticky":false,"template":"","format":"gallery","meta":{"spay_email":"","jetpack_publicize_message":"","jetpack_is_tweetstorm":false,"jetpack_publicize_feature_enabled":true},"categories":[1],"tags":[],"jetpack_featured_media_url":"","jetpack_publicize_connections":[],"jetpack_sharing_enabled":true,"jetpack_shortlink":"https:\/\/wp.me\/p6huce-hn","jetpack-related-posts":[{"id":1110,"url":"http:\/\/my-alps.de\/?p=1110","url_meta":{"origin":1077,"position":0},"title":"Laguna Blanca, einsam &#8211; einsam ist&#8217;s hier","date":"10. Mai 2014","format":"gallery","excerpt":"Auf unserem Weg zur Sonne haben wir die Schleife \u00fcber El Chocon (DIE Stadt der Dino-Fans!) weiter bis Zapala ausgedehnt. Die argentinische Pampa steht hier teilweise noch nach den schweren Regenf\u00e4llen in Neuquen unter Wasser. Sehr ungew\u00f6hnlich durch die sonst knochentrockene Landschaft zu fahren, die sich in eine Sumpflandschaft verwandelt\u2026","rel":"","context":"In &quot;News&quot;","img":{"alt_text":"","src":"","width":0,"height":0},"classes":[]},{"id":1411,"url":"http:\/\/my-alps.de\/?p=1411","url_meta":{"origin":1077,"position":1},"title":"\u00fcber Cochabamba weiter nach La Paz (Teil 2)","date":"27. Juli 2014","format":"gallery","excerpt":"Von Sucre fahren wir durch die wilde und bergige Altiplanolandschaft.\u00a0Es geht durch kleine D\u00f6rfer und in den Flusst\u00e4lern werden Bananen\u00a0und Papayas angebaut. Anfangs ist die Stra\u00dfe noch asphaltiert, doch\u00a0dann sind wir wieder auf einer staubigen Piste. Der puderfeine Staub\u00a0legt sich wie ein Nebelschleier \u00fcber die Landschaft und alles was am\u00a0Stra\u00dfenrand\u2026","rel":"","context":"In &quot;News&quot;","img":{"alt_text":"","src":"https:\/\/i0.wp.com\/my-alps.de\/wp-content\/uploads\/2014\/07\/rauf-und-runter-ce4.jpg?resize=350%2C200","width":350,"height":200},"classes":[]},{"id":1320,"url":"http:\/\/my-alps.de\/?p=1320","url_meta":{"origin":1077,"position":2},"title":"Auf den Salar de Atacama -und weiter nach Calama","date":"17. Juli 2014","format":"gallery","excerpt":"Nach zwei Tagen \u201eauftanken\u201c in San Pedro de Atacama ,\u2028\u201ezieht\u201c es an einem, dieses Gef\u00fchl wieder hinaus in die Einsamkeit\u2028zu m\u00fcssen. Die ganze Zeit hat man nur grenzenlose Landschaft um\u2028sich, der Horizont existiert nur im Kopf. Selbst die kleine Stadt mit\u2028ihrer h\u00fcbschen Plaza, den Lehmh\u00e4usern und dem bunten Markt \u2028wird\u2026","rel":"","context":"In &quot;News&quot;","img":{"alt_text":"","src":"https:\/\/i0.wp.com\/my-alps.de\/wp-content\/uploads\/2014\/07\/Super-LKW.org_.jpg?resize=350%2C200","width":350,"height":200},"classes":[]},{"id":1327,"url":"http:\/\/my-alps.de\/?p=1327","url_meta":{"origin":1077,"position":3},"title":"Tatio Geysire","date":"17. Juli 2014","format":"gallery","excerpt":"Es geht wieder hoch hinauf - \u00a0zu den Tatio Geysiren. Das Geysirfeld,\u2028liegt in 4.300 Meter H\u00f6he, und wir kommen am sp\u00e4ten Nachmittag\u2028dort an. \u00dcberall h\u00e4ngen Dampfschwaden in der Luft und es weht\u2028ein heftiger und eisiger Wind. Wir spazieren zwischen den kleinen\u2028\u201eMinivulkanen\u201c herum und baden in einem salzhaltigem Thermalbecken. Am n\u00e4chsten\u2026","rel":"","context":"In &quot;News&quot;","img":{"alt_text":"","src":"","width":0,"height":0},"classes":[]},{"id":573,"url":"http:\/\/my-alps.de\/?p=573","url_meta":{"origin":1077,"position":4},"title":"weiter geht&#8217;s &#8211; die Atlantikk\u00fcste entlang nach S\u00fcden","date":"17. Januar 2014","format":"gallery","excerpt":"Von Puerto San Julian, dem Ort ohne Menschen, daf\u00fcr mit viel Wind, sind wir wieder auf die Ruta 3 zur\u00fcckgekehrt und nach Rio Gallegos gefahren. Tja was soll man zu Rio Gallegos sagen - kaum ist man dort - ist man schon wieder weg. Der Ort hat einen super neuen\u2026","rel":"","context":"In &quot;News&quot;","img":{"alt_text":"","src":"https:\/\/i0.wp.com\/my-alps.de\/wp-content\/uploads\/2014\/01\/Vulkan-Kratersee-Laguna-Azul-300x200.jpg?resize=350%2C200","width":350,"height":200},"classes":[]},{"id":1334,"url":"http:\/\/my-alps.de\/?p=1334","url_meta":{"origin":1077,"position":5},"title":"Lagunenroute in Bolivien &#8211; Teil 2","date":"17. Juli 2014","format":"gallery","excerpt":"Lagunenroute - 2. Abschnitt Von der Laguna Colorada zu den \u201eRocas\u201c Am n\u00e4chsten Morgen (es hat in der Nacht minus 15 Grad gehabt) sind die R\u00e4nder der Lagune zugefroren und in der Ferne sieht man Salzformationen, die wie Gletscherabbr\u00fcche aussehen. Gegen Mittag ist dann alles Eis geschmolzen und man sieht\u2026","rel":"","context":"In &quot;News&quot;","img":{"alt_text":"","src":"https:\/\/i0.wp.com\/my-alps.de\/wp-content\/uploads\/2014\/07\/Rocas-2.HDR_.jpg?resize=350%2C200","width":350,"height":200},"classes":[]}],"_links":{"self":[{"href":"http:\/\/my-alps.de\/index.php?rest_route=\/wp\/v2\/posts\/1077"}],"collection":[{"href":"http:\/\/my-alps.de\/index.php?rest_route=\/wp\/v2\/posts"}],"about":[{"href":"http:\/\/my-alps.de\/index.php?rest_route=\/wp\/v2\/types\/post"}],"author":[{"embeddable":true,"href":"http:\/\/my-alps.de\/index.php?rest_route=\/wp\/v2\/users\/1"}],"replies":[{"embeddable":true,"href":"http:\/\/my-alps.de\/index.php?rest_route=%2Fwp%2Fv2%2Fcomments&post=1077"}],"version-history":[{"count":5,"href":"http:\/\/my-alps.de\/index.php?rest_route=\/wp\/v2\/posts\/1077\/revisions"}],"predecessor-version":[{"id":1137,"href":"http:\/\/my-alps.de\/index.php?rest_route=\/wp\/v2\/posts\/1077\/revisions\/1137"}],"wp:attachment":[{"href":"http:\/\/my-alps.de\/index.php?rest_route=%2Fwp%2Fv2%2Fmedia&parent=1077"}],"wp:term":[{"taxonomy":"category","embeddable":true,"href":"http:\/\/my-alps.de\/index.php?rest_route=%2Fwp%2Fv2%2Fcategories&post=1077"},{"taxonomy":"post_tag","embeddable":true,"href":"http:\/\/my-alps.de\/index.php?rest_route=%2Fwp%2Fv2%2Ftags&post=1077"}],"curies":[{"name":"wp","href":"https:\/\/api.w.org\/{rel}","templated":true}]}}