{"id":1059,"date":"2014-04-28T16:51:48","date_gmt":"2014-04-28T14:51:48","guid":{"rendered":"http:\/\/my-alps.de\/?p=1059"},"modified":"2014-04-28T17:09:31","modified_gmt":"2014-04-28T15:09:31","slug":"indian-summer-im-mapuche-land","status":"publish","type":"post","link":"http:\/\/my-alps.de\/?p=1059","title":{"rendered":"Indian Summer im Mapuche Land"},"content":{"rendered":"<p>Nachdem wir unsere Ersatzteile f\u00fcr die Reparatur<br \/>\nunseres Allradantriebes in Deutschland bestellt hatten,<br \/>\nwar es an der Zeit in Osorno aufzubrechen.<br \/>\nWir werden einige Tage nach Argentinien fahren,<br \/>\nda unser 90 Tage Aufenthaltsvisum in Chile bald abl\u00e4uft,<br \/>\nund wir durch den Grenz\u00fcbertritt das Visum<br \/>\nganz einfach wieder erneuern k\u00f6nnen.<br \/>\nEs geht am Lago und Vulkan Puyehue vorbei<br \/>\n\u00fcber den Grenzpa\u00df direkt in den Herbst.<br \/>\nDie Landschaft ist gepr\u00e4gt von B\u00e4umen mit<br \/>\nHerbstlaub und dem ersten Schnee auf den Gipfeln.<\/p>\n<div id=\"attachment_1061\" style=\"width: 1034px\" class=\"wp-caption aligncenter\"><a href=\"https:\/\/i0.wp.com\/my-alps.de\/wp-content\/uploads\/2014\/04\/Vulkan-Puyehue-ce4.jpg\"><img aria-describedby=\"caption-attachment-1061\" data-attachment-id=\"1061\" data-permalink=\"http:\/\/my-alps.de\/?attachment_id=1061\" data-orig-file=\"https:\/\/i0.wp.com\/my-alps.de\/wp-content\/uploads\/2014\/04\/Vulkan-Puyehue-ce4.jpg?fit=1024%2C683\" data-orig-size=\"1024,683\" data-comments-opened=\"1\" data-image-meta=\"{&quot;aperture&quot;:&quot;9.5&quot;,&quot;credit&quot;:&quot;&quot;,&quot;camera&quot;:&quot;SLT-A99V&quot;,&quot;caption&quot;:&quot;&quot;,&quot;created_timestamp&quot;:&quot;1398342103&quot;,&quot;copyright&quot;:&quot;&quot;,&quot;focal_length&quot;:&quot;55&quot;,&quot;iso&quot;:&quot;100&quot;,&quot;shutter_speed&quot;:&quot;0.005&quot;,&quot;title&quot;:&quot;&quot;}\" data-image-title=\"Vulkan Puyehue &#8211; ce4\" data-image-description=\"&lt;p&gt;Vulkan Puyehue&lt;\/p&gt;\n\" data-image-caption=\"&lt;p&gt;Vulkan Puyehue&lt;\/p&gt;\n\" data-medium-file=\"https:\/\/i0.wp.com\/my-alps.de\/wp-content\/uploads\/2014\/04\/Vulkan-Puyehue-ce4.jpg?fit=300%2C200\" data-large-file=\"https:\/\/i0.wp.com\/my-alps.de\/wp-content\/uploads\/2014\/04\/Vulkan-Puyehue-ce4.jpg?fit=625%2C417\" loading=\"lazy\" class=\"size-full wp-image-1061\" alt=\"Vulkan Puyehue\" src=\"https:\/\/i0.wp.com\/my-alps.de\/wp-content\/uploads\/2014\/04\/Vulkan-Puyehue-ce4.jpg?resize=625%2C417\" width=\"625\" height=\"417\" srcset=\"https:\/\/i0.wp.com\/my-alps.de\/wp-content\/uploads\/2014\/04\/Vulkan-Puyehue-ce4.jpg?w=1024 1024w, https:\/\/i0.wp.com\/my-alps.de\/wp-content\/uploads\/2014\/04\/Vulkan-Puyehue-ce4.jpg?resize=300%2C200 300w\" sizes=\"(max-width: 625px) 100vw, 625px\" data-recalc-dims=\"1\" \/><\/a><p id=\"caption-attachment-1061\" class=\"wp-caption-text\">Vulkan Puyehue<\/p><\/div>\n<p>Die Reise f\u00fchrt durch Territorium der Mapuche<br \/>\n<span style=\"line-height: 1.5;\">Indianer. Es gibt viele tiefblaue Seen und die Vegetation<br \/>\n<\/span><span style=\"line-height: 1.5;\">\u00e4ndert sich im Regenschatten der Anden sehr schnell vom\u00a0<\/span><span style=\"line-height: 1.5;\">undurchdringlichen Regenwald in karge Steppe.<\/span><\/p>\n<div id=\"attachment_1063\" style=\"width: 1034px\" class=\"wp-caption aligncenter\"><a href=\"https:\/\/i0.wp.com\/my-alps.de\/wp-content\/uploads\/2014\/04\/Lago-Nahuel-Huapi-ce4.jpg\"><img aria-describedby=\"caption-attachment-1063\" data-attachment-id=\"1063\" data-permalink=\"http:\/\/my-alps.de\/?attachment_id=1063\" data-orig-file=\"https:\/\/i0.wp.com\/my-alps.de\/wp-content\/uploads\/2014\/04\/Lago-Nahuel-Huapi-ce4.jpg?fit=1024%2C683\" data-orig-size=\"1024,683\" data-comments-opened=\"1\" data-image-meta=\"{&quot;aperture&quot;:&quot;11&quot;,&quot;credit&quot;:&quot;&quot;,&quot;camera&quot;:&quot;SLT-A99V&quot;,&quot;caption&quot;:&quot;&quot;,&quot;created_timestamp&quot;:&quot;1398362949&quot;,&quot;copyright&quot;:&quot;&quot;,&quot;focal_length&quot;:&quot;24&quot;,&quot;iso&quot;:&quot;100&quot;,&quot;shutter_speed&quot;:&quot;0.005&quot;,&quot;title&quot;:&quot;&quot;}\" data-image-title=\"Lago Nahuel Huapi &#8211; ce4\" data-image-description=\"&lt;p&gt;Lago Nahuel Huapi&lt;\/p&gt;\n\" data-image-caption=\"&lt;p&gt;Lago Nahuel Huapi&lt;\/p&gt;\n\" data-medium-file=\"https:\/\/i0.wp.com\/my-alps.de\/wp-content\/uploads\/2014\/04\/Lago-Nahuel-Huapi-ce4.jpg?fit=300%2C200\" data-large-file=\"https:\/\/i0.wp.com\/my-alps.de\/wp-content\/uploads\/2014\/04\/Lago-Nahuel-Huapi-ce4.jpg?fit=625%2C417\" loading=\"lazy\" class=\"size-full wp-image-1063\" alt=\"Lago Nahuel Huapi\" src=\"https:\/\/i0.wp.com\/my-alps.de\/wp-content\/uploads\/2014\/04\/Lago-Nahuel-Huapi-ce4.jpg?resize=625%2C417\" width=\"625\" height=\"417\" srcset=\"https:\/\/i0.wp.com\/my-alps.de\/wp-content\/uploads\/2014\/04\/Lago-Nahuel-Huapi-ce4.jpg?w=1024 1024w, https:\/\/i0.wp.com\/my-alps.de\/wp-content\/uploads\/2014\/04\/Lago-Nahuel-Huapi-ce4.jpg?resize=300%2C200 300w\" sizes=\"(max-width: 625px) 100vw, 625px\" data-recalc-dims=\"1\" \/><\/a><p id=\"caption-attachment-1063\" class=\"wp-caption-text\">Lago Nahuel Huapi<\/p><\/div>\n<p>Es geht von Villa de Angostura am Nahuel Huapi See vorbei<br \/>\nin Richtung Osten. Dann hinauf nach Norden in das Tal des<br \/>\nRio Traful und zum gleichnamigen See.<\/p>\n<div id=\"attachment_1065\" style=\"width: 1034px\" class=\"wp-caption aligncenter\"><a href=\"https:\/\/i0.wp.com\/my-alps.de\/wp-content\/uploads\/2014\/04\/Valle-Rio-Traful-ce4.jpg\"><img aria-describedby=\"caption-attachment-1065\" data-attachment-id=\"1065\" data-permalink=\"http:\/\/my-alps.de\/?attachment_id=1065\" data-orig-file=\"https:\/\/i0.wp.com\/my-alps.de\/wp-content\/uploads\/2014\/04\/Valle-Rio-Traful-ce4.jpg?fit=1024%2C683\" data-orig-size=\"1024,683\" data-comments-opened=\"1\" data-image-meta=\"{&quot;aperture&quot;:&quot;8&quot;,&quot;credit&quot;:&quot;&quot;,&quot;camera&quot;:&quot;SLT-A99V&quot;,&quot;caption&quot;:&quot;&quot;,&quot;created_timestamp&quot;:&quot;1398450085&quot;,&quot;copyright&quot;:&quot;&quot;,&quot;focal_length&quot;:&quot;70&quot;,&quot;iso&quot;:&quot;100&quot;,&quot;shutter_speed&quot;:&quot;0.004&quot;,&quot;title&quot;:&quot;&quot;}\" data-image-title=\"Valle Rio Traful &#8211; ce4\" data-image-description=\"&lt;p&gt;Valle Rio Traful &lt;\/p&gt;\n\" data-image-caption=\"&lt;p&gt;Valle Rio Traful &lt;\/p&gt;\n\" data-medium-file=\"https:\/\/i0.wp.com\/my-alps.de\/wp-content\/uploads\/2014\/04\/Valle-Rio-Traful-ce4.jpg?fit=300%2C200\" data-large-file=\"https:\/\/i0.wp.com\/my-alps.de\/wp-content\/uploads\/2014\/04\/Valle-Rio-Traful-ce4.jpg?fit=625%2C417\" loading=\"lazy\" class=\"size-full wp-image-1065\" alt=\"Valle Rio Traful \" src=\"https:\/\/i0.wp.com\/my-alps.de\/wp-content\/uploads\/2014\/04\/Valle-Rio-Traful-ce4.jpg?resize=625%2C417\" width=\"625\" height=\"417\" srcset=\"https:\/\/i0.wp.com\/my-alps.de\/wp-content\/uploads\/2014\/04\/Valle-Rio-Traful-ce4.jpg?w=1024 1024w, https:\/\/i0.wp.com\/my-alps.de\/wp-content\/uploads\/2014\/04\/Valle-Rio-Traful-ce4.jpg?resize=300%2C200 300w\" sizes=\"(max-width: 625px) 100vw, 625px\" data-recalc-dims=\"1\" \/><\/a><p id=\"caption-attachment-1065\" class=\"wp-caption-text\">Valle Rio Traful<\/p><\/div>\n<div id=\"attachment_1066\" style=\"width: 1034px\" class=\"wp-caption aligncenter\"><a href=\"https:\/\/i0.wp.com\/my-alps.de\/wp-content\/uploads\/2014\/04\/Valle-Rio-Traful-II-ce4.jpg\"><img aria-describedby=\"caption-attachment-1066\" data-attachment-id=\"1066\" data-permalink=\"http:\/\/my-alps.de\/?attachment_id=1066\" data-orig-file=\"https:\/\/i0.wp.com\/my-alps.de\/wp-content\/uploads\/2014\/04\/Valle-Rio-Traful-II-ce4.jpg?fit=1024%2C683\" data-orig-size=\"1024,683\" data-comments-opened=\"1\" data-image-meta=\"{&quot;aperture&quot;:&quot;8&quot;,&quot;credit&quot;:&quot;&quot;,&quot;camera&quot;:&quot;SLT-A99V&quot;,&quot;caption&quot;:&quot;&quot;,&quot;created_timestamp&quot;:&quot;1398448358&quot;,&quot;copyright&quot;:&quot;&quot;,&quot;focal_length&quot;:&quot;70&quot;,&quot;iso&quot;:&quot;100&quot;,&quot;shutter_speed&quot;:&quot;0.005&quot;,&quot;title&quot;:&quot;&quot;}\" data-image-title=\"Valle Rio Traful II &#8211; ce4\" data-image-description=\"&lt;p&gt;Valle Rio Traful II&lt;\/p&gt;\n\" data-image-caption=\"&lt;p&gt;Valle Rio Traful II&lt;\/p&gt;\n\" data-medium-file=\"https:\/\/i0.wp.com\/my-alps.de\/wp-content\/uploads\/2014\/04\/Valle-Rio-Traful-II-ce4.jpg?fit=300%2C200\" data-large-file=\"https:\/\/i0.wp.com\/my-alps.de\/wp-content\/uploads\/2014\/04\/Valle-Rio-Traful-II-ce4.jpg?fit=625%2C417\" loading=\"lazy\" class=\"size-full wp-image-1066\" alt=\"Valle Rio Traful II\" src=\"https:\/\/i0.wp.com\/my-alps.de\/wp-content\/uploads\/2014\/04\/Valle-Rio-Traful-II-ce4.jpg?resize=625%2C417\" width=\"625\" height=\"417\" srcset=\"https:\/\/i0.wp.com\/my-alps.de\/wp-content\/uploads\/2014\/04\/Valle-Rio-Traful-II-ce4.jpg?w=1024 1024w, https:\/\/i0.wp.com\/my-alps.de\/wp-content\/uploads\/2014\/04\/Valle-Rio-Traful-II-ce4.jpg?resize=300%2C200 300w\" sizes=\"(max-width: 625px) 100vw, 625px\" data-recalc-dims=\"1\" \/><\/a><p id=\"caption-attachment-1066\" class=\"wp-caption-text\">Valle Rio Traful II<\/p><\/div>\n<div id=\"attachment_1067\" style=\"width: 1034px\" class=\"wp-caption aligncenter\"><a href=\"https:\/\/i0.wp.com\/my-alps.de\/wp-content\/uploads\/2014\/04\/Lago-Traful-Morgennebel-ce4.jpg\"><img aria-describedby=\"caption-attachment-1067\" data-attachment-id=\"1067\" data-permalink=\"http:\/\/my-alps.de\/?attachment_id=1067\" data-orig-file=\"https:\/\/i0.wp.com\/my-alps.de\/wp-content\/uploads\/2014\/04\/Lago-Traful-Morgennebel-ce4.jpg?fit=1024%2C683\" data-orig-size=\"1024,683\" data-comments-opened=\"1\" data-image-meta=\"{&quot;aperture&quot;:&quot;11&quot;,&quot;credit&quot;:&quot;&quot;,&quot;camera&quot;:&quot;SLT-A99V&quot;,&quot;caption&quot;:&quot;&quot;,&quot;created_timestamp&quot;:&quot;1398511123&quot;,&quot;copyright&quot;:&quot;&quot;,&quot;focal_length&quot;:&quot;45&quot;,&quot;iso&quot;:&quot;50&quot;,&quot;shutter_speed&quot;:&quot;0.016666666666667&quot;,&quot;title&quot;:&quot;&quot;}\" data-image-title=\"Lago Traful &#8211; Morgennebel &#8211; ce4\" data-image-description=\"&lt;p&gt;Lago Traful &#8211; Morgennebel&lt;\/p&gt;\n\" data-image-caption=\"&lt;p&gt;Lago Traful &#8211; Morgennebel&lt;\/p&gt;\n\" data-medium-file=\"https:\/\/i0.wp.com\/my-alps.de\/wp-content\/uploads\/2014\/04\/Lago-Traful-Morgennebel-ce4.jpg?fit=300%2C200\" data-large-file=\"https:\/\/i0.wp.com\/my-alps.de\/wp-content\/uploads\/2014\/04\/Lago-Traful-Morgennebel-ce4.jpg?fit=625%2C417\" loading=\"lazy\" class=\"size-full wp-image-1067\" alt=\"Lago Traful - Morgennebel\" src=\"https:\/\/i0.wp.com\/my-alps.de\/wp-content\/uploads\/2014\/04\/Lago-Traful-Morgennebel-ce4.jpg?resize=625%2C417\" width=\"625\" height=\"417\" srcset=\"https:\/\/i0.wp.com\/my-alps.de\/wp-content\/uploads\/2014\/04\/Lago-Traful-Morgennebel-ce4.jpg?w=1024 1024w, https:\/\/i0.wp.com\/my-alps.de\/wp-content\/uploads\/2014\/04\/Lago-Traful-Morgennebel-ce4.jpg?resize=300%2C200 300w\" sizes=\"(max-width: 625px) 100vw, 625px\" data-recalc-dims=\"1\" \/><\/a><p id=\"caption-attachment-1067\" class=\"wp-caption-text\">Lago Traful &#8211; Morgennebel<\/p><\/div>\n<p>Die Route verl\u00e4uft dann wieder nach Osten \u00fcber eine Erdpiste,<br \/>\nca. 60 km am See entlang. Die komplette Erdpiste wird gerade<br \/>\nneu angelegt und wir zuckeln hinter riesigen LKW\u2019s in einer<br \/>\nundurchsichtigen Staubfahne hinterher.<\/p>\n<div id=\"attachment_1068\" style=\"width: 1034px\" class=\"wp-caption aligncenter\"><a href=\"https:\/\/i0.wp.com\/my-alps.de\/wp-content\/uploads\/2014\/04\/Herbstlaub-ce4.jpg\"><img aria-describedby=\"caption-attachment-1068\" data-attachment-id=\"1068\" data-permalink=\"http:\/\/my-alps.de\/?attachment_id=1068\" data-orig-file=\"https:\/\/i0.wp.com\/my-alps.de\/wp-content\/uploads\/2014\/04\/Herbstlaub-ce4.jpg?fit=1024%2C683\" data-orig-size=\"1024,683\" data-comments-opened=\"1\" data-image-meta=\"{&quot;aperture&quot;:&quot;4&quot;,&quot;credit&quot;:&quot;&quot;,&quot;camera&quot;:&quot;SLT-A99V&quot;,&quot;caption&quot;:&quot;&quot;,&quot;created_timestamp&quot;:&quot;1398516465&quot;,&quot;copyright&quot;:&quot;&quot;,&quot;focal_length&quot;:&quot;60&quot;,&quot;iso&quot;:&quot;125&quot;,&quot;shutter_speed&quot;:&quot;0.005&quot;,&quot;title&quot;:&quot;&quot;}\" data-image-title=\"Herbstlaub &#8211; ce4\" data-image-description=\"&lt;p&gt;Herbstlaub &lt;\/p&gt;\n\" data-image-caption=\"&lt;p&gt;Herbstlaub &lt;\/p&gt;\n\" data-medium-file=\"https:\/\/i0.wp.com\/my-alps.de\/wp-content\/uploads\/2014\/04\/Herbstlaub-ce4.jpg?fit=300%2C200\" data-large-file=\"https:\/\/i0.wp.com\/my-alps.de\/wp-content\/uploads\/2014\/04\/Herbstlaub-ce4.jpg?fit=625%2C417\" loading=\"lazy\" class=\"size-full wp-image-1068\" alt=\"Herbstlaub \" src=\"https:\/\/i0.wp.com\/my-alps.de\/wp-content\/uploads\/2014\/04\/Herbstlaub-ce4.jpg?resize=625%2C417\" width=\"625\" height=\"417\" srcset=\"https:\/\/i0.wp.com\/my-alps.de\/wp-content\/uploads\/2014\/04\/Herbstlaub-ce4.jpg?w=1024 1024w, https:\/\/i0.wp.com\/my-alps.de\/wp-content\/uploads\/2014\/04\/Herbstlaub-ce4.jpg?resize=300%2C200 300w\" sizes=\"(max-width: 625px) 100vw, 625px\" data-recalc-dims=\"1\" \/><\/a><p id=\"caption-attachment-1068\" class=\"wp-caption-text\">Herbstlaub<\/p><\/div>\n<p>Zeit um die sch\u00f6ne Landschaft zu bewundern und immer wieder<br \/>\nanzuhalten und zu fotografieren. (Wenn der Staub sich gelegt hat)<\/p>\n<div id=\"attachment_1069\" style=\"width: 1034px\" class=\"wp-caption aligncenter\"><a href=\"https:\/\/i0.wp.com\/my-alps.de\/wp-content\/uploads\/2014\/04\/Indian-Summer-I-ce4-beschnitten.jpg\"><img aria-describedby=\"caption-attachment-1069\" data-attachment-id=\"1069\" data-permalink=\"http:\/\/my-alps.de\/?attachment_id=1069\" data-orig-file=\"https:\/\/i0.wp.com\/my-alps.de\/wp-content\/uploads\/2014\/04\/Indian-Summer-I-ce4-beschnitten.jpg?fit=1024%2C682\" data-orig-size=\"1024,682\" data-comments-opened=\"1\" data-image-meta=\"{&quot;aperture&quot;:&quot;4.5&quot;,&quot;credit&quot;:&quot;&quot;,&quot;camera&quot;:&quot;SLT-A99V&quot;,&quot;caption&quot;:&quot;&quot;,&quot;created_timestamp&quot;:&quot;1398427838&quot;,&quot;copyright&quot;:&quot;&quot;,&quot;focal_length&quot;:&quot;70&quot;,&quot;iso&quot;:&quot;100&quot;,&quot;shutter_speed&quot;:&quot;0.008&quot;,&quot;title&quot;:&quot;&quot;}\" data-image-title=\"Indian Summer I &#8211; ce4 &#8211; beschnitten\" data-image-description=\"&lt;p&gt;Indian Summer I&lt;\/p&gt;\n\" data-image-caption=\"&lt;p&gt;Indian Summer I&lt;\/p&gt;\n\" data-medium-file=\"https:\/\/i0.wp.com\/my-alps.de\/wp-content\/uploads\/2014\/04\/Indian-Summer-I-ce4-beschnitten.jpg?fit=300%2C199\" data-large-file=\"https:\/\/i0.wp.com\/my-alps.de\/wp-content\/uploads\/2014\/04\/Indian-Summer-I-ce4-beschnitten.jpg?fit=625%2C416\" loading=\"lazy\" class=\"size-full wp-image-1069\" alt=\"Indian Summer I\" src=\"https:\/\/i0.wp.com\/my-alps.de\/wp-content\/uploads\/2014\/04\/Indian-Summer-I-ce4-beschnitten.jpg?resize=625%2C416\" width=\"625\" height=\"416\" srcset=\"https:\/\/i0.wp.com\/my-alps.de\/wp-content\/uploads\/2014\/04\/Indian-Summer-I-ce4-beschnitten.jpg?w=1024 1024w, https:\/\/i0.wp.com\/my-alps.de\/wp-content\/uploads\/2014\/04\/Indian-Summer-I-ce4-beschnitten.jpg?resize=300%2C199 300w\" sizes=\"(max-width: 625px) 100vw, 625px\" data-recalc-dims=\"1\" \/><\/a><p id=\"caption-attachment-1069\" class=\"wp-caption-text\">Indian Summer I<\/p><\/div>\n<p>Die Landschaft hier wird auch die \u201eSchweiz S\u00fcdamerikas\u201c genannt.<br \/>\nNa ja, wir haben unsere \u201eFr\u00e4nkische Schweiz\u201c und g\u00f6nnen<br \/>\nden Argentiniern auch ein St\u00fcck vom \u201eSchweizer K\u00e4se\u201c.<br \/>\nDa hat sich wohl ein Argentinier gedacht:<br \/>\n\u201eDer K\u00e4se reicht mir aber nicht\u201c<br \/>\nund hat sein Schweizer Taschenmesser im Schlo\u00df<br \/>\nunserer Wohnkabine ausprobiert. Bl\u00f6d, das ich die \u00d6ffnungs-<br \/>\nrichtung der Schlie\u00dfung vertauscht habe &#8211; da sperrt man<br \/>\nimmer mehr zu als aufzubrechen. Und so blieb es beim<br \/>\nVersuch unser WOMO mal ungebeten zu betreten.<\/p>\n<div id=\"attachment_1072\" style=\"width: 1034px\" class=\"wp-caption aligncenter\"><a href=\"https:\/\/i0.wp.com\/my-alps.de\/wp-content\/uploads\/2014\/04\/Lago-Espejo-Nachmittags-ce4.jpg\"><img aria-describedby=\"caption-attachment-1072\" data-attachment-id=\"1072\" data-permalink=\"http:\/\/my-alps.de\/?attachment_id=1072\" data-orig-file=\"https:\/\/i0.wp.com\/my-alps.de\/wp-content\/uploads\/2014\/04\/Lago-Espejo-Nachmittags-ce4.jpg?fit=1024%2C683\" data-orig-size=\"1024,683\" data-comments-opened=\"1\" data-image-meta=\"{&quot;aperture&quot;:&quot;11&quot;,&quot;credit&quot;:&quot;&quot;,&quot;camera&quot;:&quot;SLT-A99V&quot;,&quot;caption&quot;:&quot;&quot;,&quot;created_timestamp&quot;:&quot;1398364988&quot;,&quot;copyright&quot;:&quot;&quot;,&quot;focal_length&quot;:&quot;24&quot;,&quot;iso&quot;:&quot;100&quot;,&quot;shutter_speed&quot;:&quot;0.004&quot;,&quot;title&quot;:&quot;&quot;}\" data-image-title=\"Lago Espejo &#8211; Nachmittags &#8211; ce4\" data-image-description=\"&lt;p&gt;Lago Espejo &#8211; Nachmittags&lt;\/p&gt;\n\" data-image-caption=\"&lt;p&gt;Lago Espejo &#8211; Nachmittags&lt;\/p&gt;\n\" data-medium-file=\"https:\/\/i0.wp.com\/my-alps.de\/wp-content\/uploads\/2014\/04\/Lago-Espejo-Nachmittags-ce4.jpg?fit=300%2C200\" data-large-file=\"https:\/\/i0.wp.com\/my-alps.de\/wp-content\/uploads\/2014\/04\/Lago-Espejo-Nachmittags-ce4.jpg?fit=625%2C417\" loading=\"lazy\" class=\"size-full wp-image-1072\" alt=\"Lago Espejo - Nachmittags\" src=\"https:\/\/i0.wp.com\/my-alps.de\/wp-content\/uploads\/2014\/04\/Lago-Espejo-Nachmittags-ce4.jpg?resize=625%2C417\" width=\"625\" height=\"417\" srcset=\"https:\/\/i0.wp.com\/my-alps.de\/wp-content\/uploads\/2014\/04\/Lago-Espejo-Nachmittags-ce4.jpg?w=1024 1024w, https:\/\/i0.wp.com\/my-alps.de\/wp-content\/uploads\/2014\/04\/Lago-Espejo-Nachmittags-ce4.jpg?resize=300%2C200 300w\" sizes=\"(max-width: 625px) 100vw, 625px\" data-recalc-dims=\"1\" \/><\/a><p id=\"caption-attachment-1072\" class=\"wp-caption-text\">Lago Espejo &#8211; Nachmittags<\/p><\/div>\n<div id=\"attachment_1071\" style=\"width: 1034px\" class=\"wp-caption aligncenter\"><a href=\"https:\/\/i0.wp.com\/my-alps.de\/wp-content\/uploads\/2014\/04\/Lago-Falkner-I-ce4.jpg\"><img aria-describedby=\"caption-attachment-1071\" data-attachment-id=\"1071\" data-permalink=\"http:\/\/my-alps.de\/?attachment_id=1071\" data-orig-file=\"https:\/\/i0.wp.com\/my-alps.de\/wp-content\/uploads\/2014\/04\/Lago-Falkner-I-ce4.jpg?fit=1024%2C683\" data-orig-size=\"1024,683\" data-comments-opened=\"1\" data-image-meta=\"{&quot;aperture&quot;:&quot;8&quot;,&quot;credit&quot;:&quot;&quot;,&quot;camera&quot;:&quot;SLT-A99V&quot;,&quot;caption&quot;:&quot;&quot;,&quot;created_timestamp&quot;:&quot;1398595527&quot;,&quot;copyright&quot;:&quot;&quot;,&quot;focal_length&quot;:&quot;24&quot;,&quot;iso&quot;:&quot;100&quot;,&quot;shutter_speed&quot;:&quot;0.011111111111111&quot;,&quot;title&quot;:&quot;&quot;}\" data-image-title=\"Lago Falkner I &#8211; ce4\" data-image-description=\"&lt;p&gt;Lago Falkner I&lt;\/p&gt;\n\" data-image-caption=\"&lt;p&gt;Lago Falkner I&lt;\/p&gt;\n\" data-medium-file=\"https:\/\/i0.wp.com\/my-alps.de\/wp-content\/uploads\/2014\/04\/Lago-Falkner-I-ce4.jpg?fit=300%2C200\" data-large-file=\"https:\/\/i0.wp.com\/my-alps.de\/wp-content\/uploads\/2014\/04\/Lago-Falkner-I-ce4.jpg?fit=625%2C417\" loading=\"lazy\" class=\"size-full wp-image-1071\" alt=\"Lago Falkner I\" src=\"https:\/\/i0.wp.com\/my-alps.de\/wp-content\/uploads\/2014\/04\/Lago-Falkner-I-ce4.jpg?resize=625%2C417\" width=\"625\" height=\"417\" srcset=\"https:\/\/i0.wp.com\/my-alps.de\/wp-content\/uploads\/2014\/04\/Lago-Falkner-I-ce4.jpg?w=1024 1024w, https:\/\/i0.wp.com\/my-alps.de\/wp-content\/uploads\/2014\/04\/Lago-Falkner-I-ce4.jpg?resize=300%2C200 300w\" sizes=\"(max-width: 625px) 100vw, 625px\" data-recalc-dims=\"1\" \/><\/a><p id=\"caption-attachment-1071\" class=\"wp-caption-text\">Lago Falkner I<\/p><\/div>\n<p>Die Fahrt f\u00fchrt uns \u00fcber den Lago Espejo zum Lago Falkner<br \/>\nin Richtung San Martin des los Andes.<\/p>\n<div id=\"attachment_1073\" style=\"width: 1034px\" class=\"wp-caption aligncenter\"><a href=\"https:\/\/i0.wp.com\/my-alps.de\/wp-content\/uploads\/2014\/04\/Blauberge-ce4.jpg\"><img aria-describedby=\"caption-attachment-1073\" data-attachment-id=\"1073\" data-permalink=\"http:\/\/my-alps.de\/?attachment_id=1073\" data-orig-file=\"https:\/\/i0.wp.com\/my-alps.de\/wp-content\/uploads\/2014\/04\/Blauberge-ce4.jpg?fit=1024%2C683\" data-orig-size=\"1024,683\" data-comments-opened=\"1\" data-image-meta=\"{&quot;aperture&quot;:&quot;5.6&quot;,&quot;credit&quot;:&quot;&quot;,&quot;camera&quot;:&quot;SLT-A99V&quot;,&quot;caption&quot;:&quot;&quot;,&quot;created_timestamp&quot;:&quot;1398518270&quot;,&quot;copyright&quot;:&quot;&quot;,&quot;focal_length&quot;:&quot;50&quot;,&quot;iso&quot;:&quot;100&quot;,&quot;shutter_speed&quot;:&quot;0.0028571428571429&quot;,&quot;title&quot;:&quot;&quot;}\" data-image-title=\"Blauberge &#8211; ce4\" data-image-description=\"&lt;p&gt;Blauberge&lt;\/p&gt;\n\" data-image-caption=\"&lt;p&gt;Blauberge&lt;\/p&gt;\n\" data-medium-file=\"https:\/\/i0.wp.com\/my-alps.de\/wp-content\/uploads\/2014\/04\/Blauberge-ce4.jpg?fit=300%2C200\" data-large-file=\"https:\/\/i0.wp.com\/my-alps.de\/wp-content\/uploads\/2014\/04\/Blauberge-ce4.jpg?fit=625%2C417\" loading=\"lazy\" class=\"size-full wp-image-1073\" alt=\"Blauberge\" src=\"https:\/\/i0.wp.com\/my-alps.de\/wp-content\/uploads\/2014\/04\/Blauberge-ce4.jpg?resize=625%2C417\" width=\"625\" height=\"417\" srcset=\"https:\/\/i0.wp.com\/my-alps.de\/wp-content\/uploads\/2014\/04\/Blauberge-ce4.jpg?w=1024 1024w, https:\/\/i0.wp.com\/my-alps.de\/wp-content\/uploads\/2014\/04\/Blauberge-ce4.jpg?resize=300%2C200 300w\" sizes=\"(max-width: 625px) 100vw, 625px\" data-recalc-dims=\"1\" \/><\/a><p id=\"caption-attachment-1073\" class=\"wp-caption-text\">Blauberge<\/p><\/div>\n<div id=\"attachment_1074\" style=\"width: 1034px\" class=\"wp-caption aligncenter\"><a href=\"https:\/\/i0.wp.com\/my-alps.de\/wp-content\/uploads\/2014\/04\/Lago-Villarino-ce4-beschnitten.jpg\"><img aria-describedby=\"caption-attachment-1074\" data-attachment-id=\"1074\" data-permalink=\"http:\/\/my-alps.de\/?attachment_id=1074\" data-orig-file=\"https:\/\/i0.wp.com\/my-alps.de\/wp-content\/uploads\/2014\/04\/Lago-Villarino-ce4-beschnitten.jpg?fit=1024%2C683\" data-orig-size=\"1024,683\" data-comments-opened=\"1\" data-image-meta=\"{&quot;aperture&quot;:&quot;8&quot;,&quot;credit&quot;:&quot;&quot;,&quot;camera&quot;:&quot;SLT-A99V&quot;,&quot;caption&quot;:&quot;&quot;,&quot;created_timestamp&quot;:&quot;1398519632&quot;,&quot;copyright&quot;:&quot;&quot;,&quot;focal_length&quot;:&quot;24&quot;,&quot;iso&quot;:&quot;100&quot;,&quot;shutter_speed&quot;:&quot;0.011111111111111&quot;,&quot;title&quot;:&quot;&quot;}\" data-image-title=\"Lago Villarino &#8211; ce4 &#8211; beschnitten\" data-image-description=\"&lt;p&gt;Lago Villarino&lt;\/p&gt;\n\" data-image-caption=\"&lt;p&gt;Lago Villarino&lt;\/p&gt;\n\" data-medium-file=\"https:\/\/i0.wp.com\/my-alps.de\/wp-content\/uploads\/2014\/04\/Lago-Villarino-ce4-beschnitten.jpg?fit=300%2C200\" data-large-file=\"https:\/\/i0.wp.com\/my-alps.de\/wp-content\/uploads\/2014\/04\/Lago-Villarino-ce4-beschnitten.jpg?fit=625%2C417\" loading=\"lazy\" class=\"size-full wp-image-1074\" alt=\"Lago Villarino\" src=\"https:\/\/i0.wp.com\/my-alps.de\/wp-content\/uploads\/2014\/04\/Lago-Villarino-ce4-beschnitten.jpg?resize=625%2C417\" width=\"625\" height=\"417\" srcset=\"https:\/\/i0.wp.com\/my-alps.de\/wp-content\/uploads\/2014\/04\/Lago-Villarino-ce4-beschnitten.jpg?w=1024 1024w, https:\/\/i0.wp.com\/my-alps.de\/wp-content\/uploads\/2014\/04\/Lago-Villarino-ce4-beschnitten.jpg?resize=300%2C200 300w\" sizes=\"(max-width: 625px) 100vw, 625px\" data-recalc-dims=\"1\" \/><\/a><p id=\"caption-attachment-1074\" class=\"wp-caption-text\">Lago Villarino<\/p><\/div>\n<p>&nbsp;<\/p>\n","protected":false},"excerpt":{"rendered":"<p>Nachdem wir unsere Ersatzteile f\u00fcr die Reparatur unseres Allradantriebes in Deutschland bestellt hatten, war es an der Zeit in Osorno aufzubrechen. Wir werden einige Tage nach Argentinien fahren, da unser 90 Tage Aufenthaltsvisum in Chile bald abl\u00e4uft, und wir durch den Grenz\u00fcbertritt das Visum ganz einfach wieder erneuern k\u00f6nnen. Es geht am Lago und Vulkan [&hellip;]<\/p>\n","protected":false},"author":1,"featured_media":0,"comment_status":"open","ping_status":"open","sticky":false,"template":"","format":"gallery","meta":{"spay_email":"","jetpack_publicize_message":"","jetpack_is_tweetstorm":false,"jetpack_publicize_feature_enabled":true},"categories":[1],"tags":[],"jetpack_featured_media_url":"","jetpack_publicize_connections":[],"jetpack_sharing_enabled":true,"jetpack_shortlink":"https:\/\/wp.me\/p6huce-h5","jetpack-related-posts":[{"id":1120,"url":"http:\/\/my-alps.de\/?p=1120","url_meta":{"origin":1059,"position":0},"title":"Araukanien &#8211; 2. Versuch","date":"11. Mai 2014","format":"gallery","excerpt":"Unser \u201ekurzer\u201c Abstecher in Argentinien neigt sich dem Ende zu. Wir haben die starken Regenf\u00e4lle \u201eabgewettert\u201c und stehen nun wieder am Grenz\u00fcbergang am Vulkan Lanin. Wir \u00fcbernachten an der Rangerstation im Nationalpark und machen einen kleinen Ausflug zum Lago Tromen. Hier gibt es schon die ersten Araukarienw\u00e4lder und dieser Methusalem\u2026","rel":"","context":"In &quot;News&quot;","img":{"alt_text":"","src":"https:\/\/i0.wp.com\/my-alps.de\/wp-content\/uploads\/2014\/05\/Vulkan-Lanin-ce4-3x2.jpg?resize=350%2C200","width":350,"height":200},"classes":[]},{"id":1091,"url":"http:\/\/my-alps.de\/?p=1091","url_meta":{"origin":1059,"position":1},"title":"Weckruf der Mapuche Indianer","date":"4. Mai 2014","format":"gallery","excerpt":"Unser Camp am Rio Malleo, irgendwo im nirgendwo, auf dem Weg zum Vulkan Lanin lag in der N\u00e4he einer Mapuche Siedlung. Wir hatten die Schilder bei der Hin- und R\u00fcckfahrt bemerkt. Da f\u00fcr den 01. Mai sch\u00f6nes Wetter angesagt war, wollten wir den Nationalpark \u201eVolkan Lanin\u201c besuchen. Tja. wie schon\u2026","rel":"","context":"In &quot;unter uns&quot;","img":{"alt_text":"","src":"","width":0,"height":0},"classes":[]},{"id":961,"url":"http:\/\/my-alps.de\/?p=961","url_meta":{"origin":1059,"position":2},"title":"Vulkan Osorno und Lago Llanquihue","date":"4. April 2014","format":"gallery","excerpt":"Wir sind auf dem Weg zur\u00fcck von der Insel Chiloe\u2019 \u00fcber Puerto Montt nach Puerto Varas gefahren und machen am Lago Llanquihue Station. Zuerst mussten wir ein heftiges Unwetter zwei Tage \u00fcber uns ergehen lassen, bei dem Regenmassen vom Himmel gefallen sind, die bei uns in Deutschland f\u00fcr ein gesamtes\u2026","rel":"","context":"In &quot;News&quot;","img":{"alt_text":"","src":"https:\/\/i0.wp.com\/my-alps.de\/wp-content\/uploads\/2014\/04\/Bimobil-und-Vulkan-Osorno.jpg?resize=350%2C200","width":350,"height":200},"classes":[]},{"id":1642,"url":"http:\/\/my-alps.de\/?p=1642","url_meta":{"origin":1059,"position":3},"title":"nach Banos","date":"24. September 2014","format":"gallery","excerpt":"Wir fahren zickzack durch Ecuador, so kommt es uns jedenfalls vor! Nach den arbeitsreichen, aber auch erholsamen Tagen am Pazifik sind wir wieder quer durch das Landesinnere gefahren. Unser Ziel war der (sehr) aktive Vulkan \"Tungurahua\" bei Banos. Zuerst ging es an der K\u00fcste hinauf bis \"Jipijapa\" und danach durch\u2026","rel":"","context":"In &quot;News&quot;","img":{"alt_text":"","src":"https:\/\/i0.wp.com\/my-alps.de\/wp-content\/uploads\/2014\/09\/Finca-Chamanapamba-II.jpg?resize=350%2C200","width":350,"height":200},"classes":[]},{"id":1653,"url":"http:\/\/my-alps.de\/?p=1653","url_meta":{"origin":1059,"position":4},"title":"zum aktiven Vulkan Tungurahua","date":"24. September 2014","format":"gallery","excerpt":"Den ersten Tag, den wir in Banos verbracht haben konnten wir den Vulkan nur hinter dichten Wolken erahnen. Wir haben deshalb einige Ausfl\u00fcge zu den Wasserf\u00e4llen in der Gegend gemacht und uns Banos angeschaut. Doch am zweiten Tag hat das Wetter f\u00fcr einige Minuten etwas Nachsicht ge\u00fcbt und wir haben\u2026","rel":"","context":"In &quot;News&quot;","img":{"alt_text":"","src":"https:\/\/i0.wp.com\/my-alps.de\/wp-content\/uploads\/2014\/09\/Vulkan-Tungurahua-II-ce4-dfine.jpg?resize=350%2C200","width":350,"height":200},"classes":[]},{"id":1331,"url":"http:\/\/my-alps.de\/?p=1331","url_meta":{"origin":1059,"position":5},"title":"Lagunenroute in Bolivien &#8211; Teil 1","date":"17. Juli 2014","format":"gallery","excerpt":"San Pedro de Atacama in Chile ist der ideale Ausgangspunkt um von dort aus die legend\u00e4re im Boliviens zu befahren. Es geht von der W\u00fcstenoase zur\u00fcck Richtung Paso Jama, von 2.400 Meter auf 4.500 Meter hinauf. Schnurgerade, bis auf wenige Kurven, zieht sich die Stra\u00dfe auf fast 30 Kilometer bergauf.\u2026","rel":"","context":"In &quot;News&quot;","img":{"alt_text":"","src":"https:\/\/i0.wp.com\/my-alps.de\/wp-content\/uploads\/2014\/07\/alt-5015hm.jpg?resize=350%2C200","width":350,"height":200},"classes":[]}],"_links":{"self":[{"href":"http:\/\/my-alps.de\/index.php?rest_route=\/wp\/v2\/posts\/1059"}],"collection":[{"href":"http:\/\/my-alps.de\/index.php?rest_route=\/wp\/v2\/posts"}],"about":[{"href":"http:\/\/my-alps.de\/index.php?rest_route=\/wp\/v2\/types\/post"}],"author":[{"embeddable":true,"href":"http:\/\/my-alps.de\/index.php?rest_route=\/wp\/v2\/users\/1"}],"replies":[{"embeddable":true,"href":"http:\/\/my-alps.de\/index.php?rest_route=%2Fwp%2Fv2%2Fcomments&post=1059"}],"version-history":[{"count":5,"href":"http:\/\/my-alps.de\/index.php?rest_route=\/wp\/v2\/posts\/1059\/revisions"}],"predecessor-version":[{"id":1075,"href":"http:\/\/my-alps.de\/index.php?rest_route=\/wp\/v2\/posts\/1059\/revisions\/1075"}],"wp:attachment":[{"href":"http:\/\/my-alps.de\/index.php?rest_route=%2Fwp%2Fv2%2Fmedia&parent=1059"}],"wp:term":[{"taxonomy":"category","embeddable":true,"href":"http:\/\/my-alps.de\/index.php?rest_route=%2Fwp%2Fv2%2Fcategories&post=1059"},{"taxonomy":"post_tag","embeddable":true,"href":"http:\/\/my-alps.de\/index.php?rest_route=%2Fwp%2Fv2%2Ftags&post=1059"}],"curies":[{"name":"wp","href":"https:\/\/api.w.org\/{rel}","templated":true}]}}