{"id":1046,"date":"2014-04-24T20:18:16","date_gmt":"2014-04-24T18:18:16","guid":{"rendered":"http:\/\/my-alps.de\/?p=1046"},"modified":"2014-04-24T20:18:16","modified_gmt":"2014-04-24T18:18:16","slug":"oh-wohl-das-abbiegen-vergessen","status":"publish","type":"post","link":"http:\/\/my-alps.de\/?p=1046","title":{"rendered":"Oh &#8211; wohl das abbiegen vergessen"},"content":{"rendered":"<p>Sch\u00f6n wenn der Herr Garmin die Planung f\u00fcr die weitere Fahrt \u00fcbernehmen kann. Wir werden mal sehen.<\/p>\n<div id=\"attachment_1047\" style=\"width: 1034px\" class=\"wp-caption aligncenter\"><a href=\"https:\/\/i0.wp.com\/my-alps.de\/wp-content\/uploads\/2014\/04\/na-gut-wenns-der-Herr-Garmin-sagt...jpg\"><img aria-describedby=\"caption-attachment-1047\" data-attachment-id=\"1047\" data-permalink=\"http:\/\/my-alps.de\/?attachment_id=1047\" data-orig-file=\"https:\/\/i0.wp.com\/my-alps.de\/wp-content\/uploads\/2014\/04\/na-gut-wenns-der-Herr-Garmin-sagt...jpg?fit=1024%2C576\" data-orig-size=\"1024,576\" data-comments-opened=\"1\" data-image-meta=\"{&quot;aperture&quot;:&quot;3.5&quot;,&quot;credit&quot;:&quot;&quot;,&quot;camera&quot;:&quot;DSC-RX100&quot;,&quot;caption&quot;:&quot;&quot;,&quot;created_timestamp&quot;:&quot;1397565241&quot;,&quot;copyright&quot;:&quot;&quot;,&quot;focal_length&quot;:&quot;10.4&quot;,&quot;iso&quot;:&quot;320&quot;,&quot;shutter_speed&quot;:&quot;0.004&quot;,&quot;title&quot;:&quot;&quot;}\" data-image-title=\"na gut &#8211; wenn&#8217;s der Herr Garmin sagt..\" data-image-description=\"&lt;p&gt;na gut &#8211; wenn&#8217;s der Herr Garmin sagt..&lt;\/p&gt;\n\" data-image-caption=\"&lt;p&gt;na gut &#8211; wenn&#8217;s der Herr Garmin sagt..&lt;\/p&gt;\n\" data-medium-file=\"https:\/\/i0.wp.com\/my-alps.de\/wp-content\/uploads\/2014\/04\/na-gut-wenns-der-Herr-Garmin-sagt...jpg?fit=300%2C168\" data-large-file=\"https:\/\/i0.wp.com\/my-alps.de\/wp-content\/uploads\/2014\/04\/na-gut-wenns-der-Herr-Garmin-sagt...jpg?fit=625%2C352\" loading=\"lazy\" class=\"size-full wp-image-1047\" alt=\"na gut - wenn's der Herr Garmin sagt..\" src=\"https:\/\/i0.wp.com\/my-alps.de\/wp-content\/uploads\/2014\/04\/na-gut-wenns-der-Herr-Garmin-sagt...jpg?resize=625%2C352\" width=\"625\" height=\"352\" srcset=\"https:\/\/i0.wp.com\/my-alps.de\/wp-content\/uploads\/2014\/04\/na-gut-wenns-der-Herr-Garmin-sagt...jpg?w=1024 1024w, https:\/\/i0.wp.com\/my-alps.de\/wp-content\/uploads\/2014\/04\/na-gut-wenns-der-Herr-Garmin-sagt...jpg?resize=300%2C168 300w\" sizes=\"(max-width: 625px) 100vw, 625px\" data-recalc-dims=\"1\" \/><\/a><p id=\"caption-attachment-1047\" class=\"wp-caption-text\">na gut &#8211; wenn&#8217;s der Herr Garmin sagt..<\/p><\/div>\n","protected":false},"excerpt":{"rendered":"<p>Sch\u00f6n wenn der Herr Garmin die Planung f\u00fcr die weitere Fahrt \u00fcbernehmen kann. Wir werden mal sehen.<\/p>\n","protected":false},"author":1,"featured_media":0,"comment_status":"open","ping_status":"open","sticky":false,"template":"","format":"gallery","meta":{"spay_email":"","jetpack_publicize_message":"","jetpack_is_tweetstorm":false,"jetpack_publicize_feature_enabled":true},"categories":[1],"tags":[],"jetpack_featured_media_url":"","jetpack_publicize_connections":[],"jetpack_sharing_enabled":true,"jetpack_shortlink":"https:\/\/wp.me\/p6huce-gS","jetpack-related-posts":[{"id":1234,"url":"http:\/\/my-alps.de\/?p=1234","url_meta":{"origin":1046,"position":0},"title":"NP Valle de la Luna und NP Talampaya","date":"15. Juni 2014","format":"gallery","excerpt":"Wir machen zur Zeit \u201eNationalpark Hopping\u201c in Argentinien. Der einfache Grund - an jedem der abseits gelegenen Nationalparks gibt es eine g\u00fcnstige (und sichere) M\u00f6glichkeit mit dem WOMO \u00fcber Nacht zu stehen und sehr viel zu sehen....... Ausserdem gibt es auch wieder mal eine warme Dusche ohne sich die Ellenbogen\u2026","rel":"","context":"In &quot;News&quot;","img":{"alt_text":"","src":"https:\/\/i0.wp.com\/my-alps.de\/wp-content\/uploads\/2014\/06\/Talampaya-V-ce4.jpg?resize=350%2C200","width":350,"height":200},"classes":[]},{"id":143,"url":"http:\/\/my-alps.de\/?p=143","url_meta":{"origin":1046,"position":1},"title":"WoMo &#8211; Update","date":"26. Februar 2013","format":false,"excerpt":"\"Boomer\" ist beim Update, am vergangenen Freitag haben wir unser WoMo in gute H\u00e4nde bei RELLEUM - Design in Rosenheim gegeben. Dort wird er sch\u00f6n \"aufgepimpt\" - mit Zusatztank und neuem Fahrwerk. Herr M\u00fcller oder relleum (wenn man's r\u00fcckw\u00e4rts liest) hat sich als ein Spezialist f\u00fcr Updates an VW's und\u2026","rel":"","context":"In &quot;Wohnmobil&quot;","img":{"alt_text":"","src":"https:\/\/i0.wp.com\/my-alps.de\/wp-content\/uploads\/2013\/02\/bommer-vorher.jpg?resize=350%2C200","width":350,"height":200},"classes":[]},{"id":1166,"url":"http:\/\/my-alps.de\/?p=1166","url_meta":{"origin":1046,"position":2},"title":"Nichts zu verzollen!","date":"22. Mai 2014","format":"gallery","excerpt":"Wir sind wieder in Osorno gelandet, dieser netten Stadt in Chile, in der Mario und seine Frau Gabriela uns eine kleine Heimat schaffen. Denn wir warten auf die Freigabe unseres zweiten Paketes durch den Zoll in Santiago. Unser erstes Paket nach Chile war ruck - zuck durch. Doch diesmal\u2026\u2026.. Mario\u2026","rel":"","context":"In &quot;News&quot;","img":{"alt_text":"","src":"https:\/\/i0.wp.com\/my-alps.de\/wp-content\/uploads\/2014\/05\/IMG_0022.jpg?resize=350%2C200","width":350,"height":200},"classes":[]},{"id":1533,"url":"http:\/\/my-alps.de\/?p=1533","url_meta":{"origin":1046,"position":3},"title":"Nazca &#8211; die W\u00fcste mal von oben betrachtet","date":"26. August 2014","format":"gallery","excerpt":"Wir waren nun auf unserer Reise nach Norden auch in Nazca (oder Nasca) - es existieren verschiedene Schreibformen. Wir wollten uns die ber\u00fchmten Nazca-Linien mal von oben betrachten, da sich von der Aussichtsplattform an der Panamericana nur ein kleiner Teil sehen l\u00e4sst. So haben wir uns einen Flug in einer\u2026","rel":"","context":"In &quot;News&quot;","img":{"alt_text":"","src":"https:\/\/i0.wp.com\/my-alps.de\/wp-content\/uploads\/2014\/08\/Die-Spinne-sw.jpg?resize=350%2C200","width":350,"height":200},"classes":[]},{"id":1549,"url":"http:\/\/my-alps.de\/?p=1549","url_meta":{"origin":1046,"position":4},"title":"Die Nationalparks Paracas und Lachay","date":"29. August 2014","format":"gallery","excerpt":"Auf unserem Weg von Nazca nach Lima haben wir in dem Naturpark \u201eParacas\u201c einen kleinen Zwischenstopp eingelegt. Wir kamen ziemlich sp\u00e4t an, und die untergehende Sonne hat mit den unz\u00e4hligen Sand-und Salzpartikeln in der Luft eine wundersch\u00f6ne F\u00e4rbung erhalten (es war ziemlich windig). In dem NP kann man das direkte\u2026","rel":"","context":"In &quot;News&quot;","img":{"alt_text":"Sonnenuntergang in der W\u00c3\u00bcste","src":"https:\/\/i0.wp.com\/my-alps.de\/wp-content\/uploads\/2014\/08\/Sonnenuntergang-in-der-W\u00c3\u00bcste-ce4-dfine-HD.jpg?resize=350%2C200","width":350,"height":200},"classes":[]},{"id":1390,"url":"http:\/\/my-alps.de\/?p=1390","url_meta":{"origin":1046,"position":5},"title":"von Uyuni nach Cochabamba (Teil 1)","date":"24. Juli 2014","format":"gallery","excerpt":"Unsere Route durch Bolivien f\u00fchrt uns von Uyuni \u00fcber Potosi und Sucre weiter nach Cochabamba. Die Strecke f\u00fchrt durch\u2019s bolivianische Altiplano. Das Altiplano liegt eingebettet zwischen den westlichen und den \u00f6stlichen Kordilleren. Hier ist die \u201eBesiedlungsdichte\u201c am gr\u00f6ssten und mit Potosi und Sucre liegen zwei grosse St\u00e4dte auf unserem Weg.\u2026","rel":"","context":"In &quot;News&quot;","img":{"alt_text":"","src":"https:\/\/i0.wp.com\/my-alps.de\/wp-content\/uploads\/2014\/07\/hilft-bestimmt-ce4.jpg?resize=350%2C200","width":350,"height":200},"classes":[]}],"_links":{"self":[{"href":"http:\/\/my-alps.de\/index.php?rest_route=\/wp\/v2\/posts\/1046"}],"collection":[{"href":"http:\/\/my-alps.de\/index.php?rest_route=\/wp\/v2\/posts"}],"about":[{"href":"http:\/\/my-alps.de\/index.php?rest_route=\/wp\/v2\/types\/post"}],"author":[{"embeddable":true,"href":"http:\/\/my-alps.de\/index.php?rest_route=\/wp\/v2\/users\/1"}],"replies":[{"embeddable":true,"href":"http:\/\/my-alps.de\/index.php?rest_route=%2Fwp%2Fv2%2Fcomments&post=1046"}],"version-history":[{"count":1,"href":"http:\/\/my-alps.de\/index.php?rest_route=\/wp\/v2\/posts\/1046\/revisions"}],"predecessor-version":[{"id":1048,"href":"http:\/\/my-alps.de\/index.php?rest_route=\/wp\/v2\/posts\/1046\/revisions\/1048"}],"wp:attachment":[{"href":"http:\/\/my-alps.de\/index.php?rest_route=%2Fwp%2Fv2%2Fmedia&parent=1046"}],"wp:term":[{"taxonomy":"category","embeddable":true,"href":"http:\/\/my-alps.de\/index.php?rest_route=%2Fwp%2Fv2%2Fcategories&post=1046"},{"taxonomy":"post_tag","embeddable":true,"href":"http:\/\/my-alps.de\/index.php?rest_route=%2Fwp%2Fv2%2Ftags&post=1046"}],"curies":[{"name":"wp","href":"https:\/\/api.w.org\/{rel}","templated":true}]}}