{"id":1035,"date":"2014-04-24T20:02:02","date_gmt":"2014-04-24T18:02:02","guid":{"rendered":"http:\/\/my-alps.de\/?p=1035"},"modified":"2014-04-24T20:31:54","modified_gmt":"2014-04-24T18:31:54","slug":"super-mario","status":"publish","type":"post","link":"http:\/\/my-alps.de\/?p=1035","title":{"rendered":"\u201eSuper Mario\u201c"},"content":{"rendered":"<p>Wer kennt es nicht, das legend\u00e4re Spiel:<\/p>\n<p>\u201eSuper Mario\u201c?<\/p>\n<p>Genauso ist Mario, ein Mann f\u00fcr alle F\u00e4lle.<br \/>\nEr hilft und unterst\u00fctzt uns wo es nur geht,<br \/>\ner ist ein eingefleischter VW-Wohnmobil Fan<br \/>\nund seiner geheimen Garage finden sich einige<br \/>\nsch\u00f6ne Karmann Wohnmobile. Er hat auch einen<br \/>\nT3 &#8211; Syncro und mit diesem Schatz werden wir durch<br \/>\nOsorno gefahren, vom besten Cafe\u2019 zur Werkstatt,<br \/>\ndann dorthin wo es den leckersten K\u00e4se gibt und<br \/>\nwieder zur\u00fcck zur Werkstatt.<br \/>\nUnd das alles im Rallytempo &#8211; Mario ist nebenbei noch<br \/>\nHerr \u00fcber 500 Rinder und Feuerwehrkommandant.<\/p>\n<div id=\"attachment_1057\" style=\"width: 1034px\" class=\"wp-caption aligncenter\"><a href=\"https:\/\/i0.wp.com\/my-alps.de\/wp-content\/uploads\/2014\/04\/Kalb-2-6x6-ce4.jpg\"><img aria-describedby=\"caption-attachment-1057\" data-attachment-id=\"1057\" data-permalink=\"http:\/\/my-alps.de\/?attachment_id=1057\" data-orig-file=\"https:\/\/i0.wp.com\/my-alps.de\/wp-content\/uploads\/2014\/04\/Kalb-2-6x6-ce4.jpg?fit=1024%2C1024\" data-orig-size=\"1024,1024\" data-comments-opened=\"1\" data-image-meta=\"{&quot;aperture&quot;:&quot;4&quot;,&quot;credit&quot;:&quot;&quot;,&quot;camera&quot;:&quot;SLT-A99V&quot;,&quot;caption&quot;:&quot;&quot;,&quot;created_timestamp&quot;:&quot;1397927654&quot;,&quot;copyright&quot;:&quot;&quot;,&quot;focal_length&quot;:&quot;200&quot;,&quot;iso&quot;:&quot;125&quot;,&quot;shutter_speed&quot;:&quot;0.004&quot;,&quot;title&quot;:&quot;&quot;}\" data-image-title=\"Kalb-2-6&#215;6-ce4\" data-image-description=\"&lt;p&gt;Mario&#8217;s &#8222;Super&#8220; Rinder&lt;\/p&gt;\n\" data-image-caption=\"&lt;p&gt;Mario&#8217;s &#8222;Super&#8220; Rinder&lt;\/p&gt;\n\" data-medium-file=\"https:\/\/i0.wp.com\/my-alps.de\/wp-content\/uploads\/2014\/04\/Kalb-2-6x6-ce4.jpg?fit=300%2C300\" data-large-file=\"https:\/\/i0.wp.com\/my-alps.de\/wp-content\/uploads\/2014\/04\/Kalb-2-6x6-ce4.jpg?fit=625%2C625\" loading=\"lazy\" class=\"size-full wp-image-1057\" alt=\"Mario's &quot;Super&quot; Rinder\" src=\"https:\/\/i0.wp.com\/my-alps.de\/wp-content\/uploads\/2014\/04\/Kalb-2-6x6-ce4.jpg?resize=625%2C625\" width=\"625\" height=\"625\" srcset=\"https:\/\/i0.wp.com\/my-alps.de\/wp-content\/uploads\/2014\/04\/Kalb-2-6x6-ce4.jpg?w=1024 1024w, https:\/\/i0.wp.com\/my-alps.de\/wp-content\/uploads\/2014\/04\/Kalb-2-6x6-ce4.jpg?resize=290%2C290 290w, https:\/\/i0.wp.com\/my-alps.de\/wp-content\/uploads\/2014\/04\/Kalb-2-6x6-ce4.jpg?resize=300%2C300 300w\" sizes=\"(max-width: 625px) 100vw, 625px\" data-recalc-dims=\"1\" \/><\/a><p id=\"caption-attachment-1057\" class=\"wp-caption-text\">Mario&#8217;s &#8222;Super&#8220; Rinder<\/p><\/div>\n<p>Es ist so, als ob du mit dem B\u00fcrgermeister von Osorno<br \/>\nh\u00f6chstpers\u00f6nlich unterwegs bist. Hier ein Hupen,<br \/>\ndort ein Gru\u00df und immer ein freundliches Wort f\u00fcr jeden.<br \/>\n(Wahrscheinlich ist ER der B\u00fcrgermeister &#8211; er gibt es nur nicht zu)<\/p>\n<p>&nbsp;<\/p>\n<p>Wir d\u00fcrfen auf seinem Landgut mit dem WOMO \u00fcber Ostern campen. Und das ganze Haus benutzen. Es ist wie bei:<br \/>\n&#8222;Fackeln im Sturm&#8220; &#8211; ein Anwesen mit ganz viel Platz aussenherum.<\/p>\n<div id=\"attachment_1056\" style=\"width: 1034px\" class=\"wp-caption aligncenter\"><a href=\"https:\/\/i0.wp.com\/my-alps.de\/wp-content\/uploads\/2014\/04\/K\u00fcche-1_HDR.jpg\"><img aria-describedby=\"caption-attachment-1056\" data-attachment-id=\"1056\" data-permalink=\"http:\/\/my-alps.de\/?attachment_id=1056\" data-orig-file=\"https:\/\/i0.wp.com\/my-alps.de\/wp-content\/uploads\/2014\/04\/K\u00fcche-1_HDR.jpg?fit=1024%2C682\" data-orig-size=\"1024,682\" data-comments-opened=\"1\" data-image-meta=\"{&quot;aperture&quot;:&quot;5.6&quot;,&quot;credit&quot;:&quot;&quot;,&quot;camera&quot;:&quot;SLT-A99V&quot;,&quot;caption&quot;:&quot;&quot;,&quot;created_timestamp&quot;:&quot;1397914437&quot;,&quot;copyright&quot;:&quot;&quot;,&quot;focal_length&quot;:&quot;24&quot;,&quot;iso&quot;:&quot;200&quot;,&quot;shutter_speed&quot;:&quot;0&quot;,&quot;title&quot;:&quot;&quot;}\" data-image-title=\"K\u00fcche-1_HDR\" data-image-description=\"&lt;p&gt;K\u00fcche auf dem Landgut&lt;\/p&gt;\n\" data-image-caption=\"&lt;p&gt;K\u00fcche auf dem Landgut&lt;\/p&gt;\n\" data-medium-file=\"https:\/\/i0.wp.com\/my-alps.de\/wp-content\/uploads\/2014\/04\/K\u00fcche-1_HDR.jpg?fit=300%2C199\" data-large-file=\"https:\/\/i0.wp.com\/my-alps.de\/wp-content\/uploads\/2014\/04\/K\u00fcche-1_HDR.jpg?fit=625%2C416\" loading=\"lazy\" class=\"size-full wp-image-1056\" alt=\"K\u00fcche auf dem Landgut\" src=\"https:\/\/i0.wp.com\/my-alps.de\/wp-content\/uploads\/2014\/04\/K\u00fcche-1_HDR.jpg?resize=625%2C416\" width=\"625\" height=\"416\" srcset=\"https:\/\/i0.wp.com\/my-alps.de\/wp-content\/uploads\/2014\/04\/K\u00fcche-1_HDR.jpg?w=1024 1024w, https:\/\/i0.wp.com\/my-alps.de\/wp-content\/uploads\/2014\/04\/K\u00fcche-1_HDR.jpg?resize=300%2C199 300w\" sizes=\"(max-width: 625px) 100vw, 625px\" data-recalc-dims=\"1\" \/><\/a><p id=\"caption-attachment-1056\" class=\"wp-caption-text\">K\u00fcche auf dem Landgut<\/p><\/div>\n<p>Er l\u00e4dt uns zum Essen mit der ganzen Familie an Karfreitag ein<br \/>\nund alle verw\u00f6hnen uns.<br \/>\nAlle in der Familie sprechen Deutsch, die Schwiegertochter ist sogar<br \/>\nDeutschlehrerin an der Schule. So d\u00fcrfen wir unser Spanisch mit<br \/>\neiner \u201esanften Integration\u201c aufbessern, werden auf die richtige Aussprache<br \/>\nhingewiesen und man \u00fcbt mit uns Nachsehen wenn wir uns die<br \/>\nZunge dabei verrenken.<\/p>\n<p>&nbsp;<\/p>\n<p>Vielen Dank lieber Mario f\u00fcr deine Gastfreundschaft,<br \/>\ndas werden wir dir nie vergessen.<\/p>\n<p>Auf dem Landgut haben wir zwischendurch auch &#8222;Pfiffer&#8220;<br \/>\ngesucht. Auf den Weiden stolpert man fast \u00fcber die leckeren<br \/>\nGew\u00e4chse. (na bei der super D\u00fcngung kein Wunder)<\/p>\n<div id=\"attachment_1051\" style=\"width: 693px\" class=\"wp-caption aligncenter\"><a href=\"https:\/\/i0.wp.com\/my-alps.de\/wp-content\/uploads\/2014\/04\/Rotb\u00e4ckchen-in-die-Pfiffer.jpg\"><img aria-describedby=\"caption-attachment-1051\" data-attachment-id=\"1051\" data-permalink=\"http:\/\/my-alps.de\/?attachment_id=1051\" data-orig-file=\"https:\/\/i0.wp.com\/my-alps.de\/wp-content\/uploads\/2014\/04\/Rotb\u00e4ckchen-in-die-Pfiffer.jpg?fit=683%2C1024\" data-orig-size=\"683,1024\" data-comments-opened=\"1\" data-image-meta=\"{&quot;aperture&quot;:&quot;6.7&quot;,&quot;credit&quot;:&quot;&quot;,&quot;camera&quot;:&quot;SLT-A99V&quot;,&quot;caption&quot;:&quot;&quot;,&quot;created_timestamp&quot;:&quot;1397925608&quot;,&quot;copyright&quot;:&quot;&quot;,&quot;focal_length&quot;:&quot;70&quot;,&quot;iso&quot;:&quot;100&quot;,&quot;shutter_speed&quot;:&quot;0.004&quot;,&quot;title&quot;:&quot;&quot;}\" data-image-title=\"Rot(b)\u00e4ckchen in die Pfiffer\" data-image-description=\"&lt;p&gt;Rot(b)\u00e4ckchen in die Pfiffer&lt;\/p&gt;\n\" data-image-caption=\"&lt;p&gt;Rot(b)\u00e4ckchen in die Pfiffer&lt;\/p&gt;\n\" data-medium-file=\"https:\/\/i0.wp.com\/my-alps.de\/wp-content\/uploads\/2014\/04\/Rotb\u00e4ckchen-in-die-Pfiffer.jpg?fit=200%2C300\" data-large-file=\"https:\/\/i0.wp.com\/my-alps.de\/wp-content\/uploads\/2014\/04\/Rotb\u00e4ckchen-in-die-Pfiffer.jpg?fit=625%2C937\" loading=\"lazy\" class=\"size-full wp-image-1051\" alt=\"Rot(b)\u00e4ckchen in die Pfiffer\" src=\"https:\/\/i0.wp.com\/my-alps.de\/wp-content\/uploads\/2014\/04\/Rotb\u00e4ckchen-in-die-Pfiffer.jpg?resize=625%2C937\" width=\"625\" height=\"937\" srcset=\"https:\/\/i0.wp.com\/my-alps.de\/wp-content\/uploads\/2014\/04\/Rotb\u00e4ckchen-in-die-Pfiffer.jpg?w=683 683w, https:\/\/i0.wp.com\/my-alps.de\/wp-content\/uploads\/2014\/04\/Rotb\u00e4ckchen-in-die-Pfiffer.jpg?resize=200%2C300 200w\" sizes=\"(max-width: 625px) 100vw, 625px\" data-recalc-dims=\"1\" \/><\/a><p id=\"caption-attachment-1051\" class=\"wp-caption-text\">Rot(b)\u00e4ckchen in die Pfiffer<\/p><\/div>\n<p>Es gibt soooooooo viele, da kommt ein lecker Abendessen dabei heraus!<\/p>\n<div id=\"attachment_1053\" style=\"width: 1034px\" class=\"wp-caption aligncenter\"><a href=\"https:\/\/i0.wp.com\/my-alps.de\/wp-content\/uploads\/2014\/04\/Rotb\u00e4ckchen-hat-Pfiffer.jpg\"><img aria-describedby=\"caption-attachment-1053\" data-attachment-id=\"1053\" data-permalink=\"http:\/\/my-alps.de\/?attachment_id=1053\" data-orig-file=\"https:\/\/i0.wp.com\/my-alps.de\/wp-content\/uploads\/2014\/04\/Rotb\u00e4ckchen-hat-Pfiffer.jpg?fit=1024%2C683\" data-orig-size=\"1024,683\" data-comments-opened=\"1\" data-image-meta=\"{&quot;aperture&quot;:&quot;4.5&quot;,&quot;credit&quot;:&quot;&quot;,&quot;camera&quot;:&quot;SLT-A99V&quot;,&quot;caption&quot;:&quot;&quot;,&quot;created_timestamp&quot;:&quot;1397925774&quot;,&quot;copyright&quot;:&quot;&quot;,&quot;focal_length&quot;:&quot;70&quot;,&quot;iso&quot;:&quot;100&quot;,&quot;shutter_speed&quot;:&quot;0.004&quot;,&quot;title&quot;:&quot;&quot;}\" data-image-title=\"Rot(b)\u00e4ckchen hat Pfiffer\" data-image-description=\"&lt;p&gt;Rot(b)\u00e4ckchen hat Pfiffer&lt;\/p&gt;\n\" data-image-caption=\"&lt;p&gt;Rot(b)\u00e4ckchen hat Pfiffer&lt;\/p&gt;\n\" data-medium-file=\"https:\/\/i0.wp.com\/my-alps.de\/wp-content\/uploads\/2014\/04\/Rotb\u00e4ckchen-hat-Pfiffer.jpg?fit=300%2C200\" data-large-file=\"https:\/\/i0.wp.com\/my-alps.de\/wp-content\/uploads\/2014\/04\/Rotb\u00e4ckchen-hat-Pfiffer.jpg?fit=625%2C417\" loading=\"lazy\" class=\"size-full wp-image-1053\" alt=\"Rot(b)\u00e4ckchen hat Pfiffer\" src=\"https:\/\/i0.wp.com\/my-alps.de\/wp-content\/uploads\/2014\/04\/Rotb\u00e4ckchen-hat-Pfiffer.jpg?resize=625%2C417\" width=\"625\" height=\"417\" srcset=\"https:\/\/i0.wp.com\/my-alps.de\/wp-content\/uploads\/2014\/04\/Rotb\u00e4ckchen-hat-Pfiffer.jpg?w=1024 1024w, https:\/\/i0.wp.com\/my-alps.de\/wp-content\/uploads\/2014\/04\/Rotb\u00e4ckchen-hat-Pfiffer.jpg?resize=300%2C200 300w\" sizes=\"(max-width: 625px) 100vw, 625px\" data-recalc-dims=\"1\" \/><\/a><p id=\"caption-attachment-1053\" class=\"wp-caption-text\">Rot(b)\u00e4ckchen hat Pfiffer<\/p><\/div>\n<p>&#8230;.nach einer halben Stunde R\u00fcckengymnastik&#8230;.<\/p>\n<div id=\"attachment_1054\" style=\"width: 1034px\" class=\"wp-caption aligncenter\"><a href=\"https:\/\/i0.wp.com\/my-alps.de\/wp-content\/uploads\/2014\/04\/Rotb\u00e4ckchen-hat-viele-Pfiffer.jpg\"><img aria-describedby=\"caption-attachment-1054\" data-attachment-id=\"1054\" data-permalink=\"http:\/\/my-alps.de\/?attachment_id=1054\" data-orig-file=\"https:\/\/i0.wp.com\/my-alps.de\/wp-content\/uploads\/2014\/04\/Rotb\u00e4ckchen-hat-viele-Pfiffer.jpg?fit=1024%2C683\" data-orig-size=\"1024,683\" data-comments-opened=\"1\" data-image-meta=\"{&quot;aperture&quot;:&quot;5.6&quot;,&quot;credit&quot;:&quot;&quot;,&quot;camera&quot;:&quot;SLT-A99V&quot;,&quot;caption&quot;:&quot;&quot;,&quot;created_timestamp&quot;:&quot;1397925846&quot;,&quot;copyright&quot;:&quot;&quot;,&quot;focal_length&quot;:&quot;70&quot;,&quot;iso&quot;:&quot;100&quot;,&quot;shutter_speed&quot;:&quot;0.0028571428571429&quot;,&quot;title&quot;:&quot;&quot;}\" data-image-title=\"Rot(b)\u00e4ckchen hat viele Pfiffer\" data-image-description=\"&lt;p&gt;Rot(b)\u00e4ckchen hat viele Pfiffer&lt;\/p&gt;\n\" data-image-caption=\"&lt;p&gt;Rot(b)\u00e4ckchen hat viele Pfiffer&lt;\/p&gt;\n\" data-medium-file=\"https:\/\/i0.wp.com\/my-alps.de\/wp-content\/uploads\/2014\/04\/Rotb\u00e4ckchen-hat-viele-Pfiffer.jpg?fit=300%2C200\" data-large-file=\"https:\/\/i0.wp.com\/my-alps.de\/wp-content\/uploads\/2014\/04\/Rotb\u00e4ckchen-hat-viele-Pfiffer.jpg?fit=625%2C417\" loading=\"lazy\" class=\"size-full wp-image-1054\" alt=\"Rot(b)\u00e4ckchen hat viele Pfiffer\" src=\"https:\/\/i0.wp.com\/my-alps.de\/wp-content\/uploads\/2014\/04\/Rotb\u00e4ckchen-hat-viele-Pfiffer.jpg?resize=625%2C417\" width=\"625\" height=\"417\" srcset=\"https:\/\/i0.wp.com\/my-alps.de\/wp-content\/uploads\/2014\/04\/Rotb\u00e4ckchen-hat-viele-Pfiffer.jpg?w=1024 1024w, https:\/\/i0.wp.com\/my-alps.de\/wp-content\/uploads\/2014\/04\/Rotb\u00e4ckchen-hat-viele-Pfiffer.jpg?resize=300%2C200 300w\" sizes=\"(max-width: 625px) 100vw, 625px\" data-recalc-dims=\"1\" \/><\/a><p id=\"caption-attachment-1054\" class=\"wp-caption-text\">Rot(b)\u00e4ckchen hat viele Pfiffer<\/p><\/div>\n<p>gibts es in der sch\u00f6nen alten K\u00fcche auf dem Holzherd was zu tun&#8230;<\/p>\n<div id=\"attachment_1050\" style=\"width: 1034px\" class=\"wp-caption aligncenter\"><a href=\"https:\/\/i0.wp.com\/my-alps.de\/wp-content\/uploads\/2014\/04\/Rotb\u00e4ckchen-kocht-Pfiffer.jpg\"><img aria-describedby=\"caption-attachment-1050\" data-attachment-id=\"1050\" data-permalink=\"http:\/\/my-alps.de\/?attachment_id=1050\" data-orig-file=\"https:\/\/i0.wp.com\/my-alps.de\/wp-content\/uploads\/2014\/04\/Rotb\u00e4ckchen-kocht-Pfiffer.jpg?fit=1024%2C683\" data-orig-size=\"1024,683\" data-comments-opened=\"1\" data-image-meta=\"{&quot;aperture&quot;:&quot;4.5&quot;,&quot;credit&quot;:&quot;&quot;,&quot;camera&quot;:&quot;SLT-A99V&quot;,&quot;caption&quot;:&quot;&quot;,&quot;created_timestamp&quot;:&quot;1397935924&quot;,&quot;copyright&quot;:&quot;&quot;,&quot;focal_length&quot;:&quot;24&quot;,&quot;iso&quot;:&quot;800&quot;,&quot;shutter_speed&quot;:&quot;0.066666666666667&quot;,&quot;title&quot;:&quot;&quot;}\" data-image-title=\"Rot(b)\u00e4ckchen kocht Pfiffer\" data-image-description=\"&lt;p&gt;Rot(b)\u00e4ckchen kocht Pfiffer&lt;\/p&gt;\n\" data-image-caption=\"&lt;p&gt;Rot(b)\u00e4ckchen kocht Pfiffer&lt;\/p&gt;\n\" data-medium-file=\"https:\/\/i0.wp.com\/my-alps.de\/wp-content\/uploads\/2014\/04\/Rotb\u00e4ckchen-kocht-Pfiffer.jpg?fit=300%2C200\" data-large-file=\"https:\/\/i0.wp.com\/my-alps.de\/wp-content\/uploads\/2014\/04\/Rotb\u00e4ckchen-kocht-Pfiffer.jpg?fit=625%2C417\" loading=\"lazy\" class=\"size-full wp-image-1050\" alt=\"Rot(b)\u00e4ckchen kocht Pfiffer\" src=\"https:\/\/i0.wp.com\/my-alps.de\/wp-content\/uploads\/2014\/04\/Rotb\u00e4ckchen-kocht-Pfiffer.jpg?resize=625%2C417\" width=\"625\" height=\"417\" srcset=\"https:\/\/i0.wp.com\/my-alps.de\/wp-content\/uploads\/2014\/04\/Rotb\u00e4ckchen-kocht-Pfiffer.jpg?w=1024 1024w, https:\/\/i0.wp.com\/my-alps.de\/wp-content\/uploads\/2014\/04\/Rotb\u00e4ckchen-kocht-Pfiffer.jpg?resize=300%2C200 300w\" sizes=\"(max-width: 625px) 100vw, 625px\" data-recalc-dims=\"1\" \/><\/a><p id=\"caption-attachment-1050\" class=\"wp-caption-text\">Rot(b)\u00e4ckchen kocht Pfiffer<\/p><\/div>\n<p>und das Ergebnis &#8211; Kuhded\u00fcngte Champions sind besser als gez\u00fcchtete aus dem Supermarkt&#8230;<\/p>\n<div id=\"attachment_1052\" style=\"width: 1034px\" class=\"wp-caption aligncenter\"><a href=\"https:\/\/i0.wp.com\/my-alps.de\/wp-content\/uploads\/2014\/04\/Rotb\u00e4ckchen-kocht-lecker-Pfiffer.jpg\"><img aria-describedby=\"caption-attachment-1052\" data-attachment-id=\"1052\" data-permalink=\"http:\/\/my-alps.de\/?attachment_id=1052\" data-orig-file=\"https:\/\/i0.wp.com\/my-alps.de\/wp-content\/uploads\/2014\/04\/Rotb\u00e4ckchen-kocht-lecker-Pfiffer.jpg?fit=1024%2C683\" data-orig-size=\"1024,683\" data-comments-opened=\"1\" data-image-meta=\"{&quot;aperture&quot;:&quot;4&quot;,&quot;credit&quot;:&quot;&quot;,&quot;camera&quot;:&quot;SLT-A99V&quot;,&quot;caption&quot;:&quot;&quot;,&quot;created_timestamp&quot;:&quot;1397939529&quot;,&quot;copyright&quot;:&quot;&quot;,&quot;focal_length&quot;:&quot;24&quot;,&quot;iso&quot;:&quot;800&quot;,&quot;shutter_speed&quot;:&quot;0.066666666666667&quot;,&quot;title&quot;:&quot;&quot;}\" data-image-title=\"Rot(b)\u00e4ckchen kocht lecker Pfiffer\" data-image-description=\"&lt;p&gt;Rot(b)\u00e4ckchen kocht lecker Pfiffer&lt;\/p&gt;\n\" data-image-caption=\"&lt;p&gt;Rot(b)\u00e4ckchen kocht lecker Pfiffer&lt;\/p&gt;\n\" data-medium-file=\"https:\/\/i0.wp.com\/my-alps.de\/wp-content\/uploads\/2014\/04\/Rotb\u00e4ckchen-kocht-lecker-Pfiffer.jpg?fit=300%2C200\" data-large-file=\"https:\/\/i0.wp.com\/my-alps.de\/wp-content\/uploads\/2014\/04\/Rotb\u00e4ckchen-kocht-lecker-Pfiffer.jpg?fit=625%2C417\" loading=\"lazy\" class=\"size-full wp-image-1052\" alt=\"Rot(b)\u00e4ckchen kocht lecker Pfiffer\" src=\"https:\/\/i0.wp.com\/my-alps.de\/wp-content\/uploads\/2014\/04\/Rotb\u00e4ckchen-kocht-lecker-Pfiffer.jpg?resize=625%2C417\" width=\"625\" height=\"417\" srcset=\"https:\/\/i0.wp.com\/my-alps.de\/wp-content\/uploads\/2014\/04\/Rotb\u00e4ckchen-kocht-lecker-Pfiffer.jpg?w=1024 1024w, https:\/\/i0.wp.com\/my-alps.de\/wp-content\/uploads\/2014\/04\/Rotb\u00e4ckchen-kocht-lecker-Pfiffer.jpg?resize=300%2C200 300w\" sizes=\"(max-width: 625px) 100vw, 625px\" data-recalc-dims=\"1\" \/><\/a><p id=\"caption-attachment-1052\" class=\"wp-caption-text\">Rot(b)\u00e4ckchen kocht lecker Pfiffer<\/p><\/div>\n<p>&nbsp;<\/p>\n<p>&nbsp;<\/p>\n<p>&nbsp;<\/p>\n","protected":false},"excerpt":{"rendered":"<p>Wer kennt es nicht, das legend\u00e4re Spiel: \u201eSuper Mario\u201c? Genauso ist Mario, ein Mann f\u00fcr alle F\u00e4lle. Er hilft und unterst\u00fctzt uns wo es nur geht, er ist ein eingefleischter VW-Wohnmobil Fan und seiner geheimen Garage finden sich einige sch\u00f6ne Karmann Wohnmobile. Er hat auch einen T3 &#8211; Syncro und mit diesem Schatz werden wir [&hellip;]<\/p>\n","protected":false},"author":1,"featured_media":0,"comment_status":"open","ping_status":"open","sticky":false,"template":"","format":"gallery","meta":{"spay_email":"","jetpack_publicize_message":"","jetpack_is_tweetstorm":false,"jetpack_publicize_feature_enabled":true},"categories":[1],"tags":[],"jetpack_featured_media_url":"","jetpack_publicize_connections":[],"jetpack_sharing_enabled":true,"jetpack_shortlink":"https:\/\/wp.me\/p6huce-gH","jetpack-related-posts":[{"id":1033,"url":"http:\/\/my-alps.de\/?p=1033","url_meta":{"origin":1035,"position":0},"title":"Werkstatt &#8211; 911 &#8211; Wurzelbehandlung am Sto\u00dfd\u00e4mpfer","date":"24. April 2014","format":"gallery","excerpt":"Nach dem wir unser lang ersehntes Paket mit den Ersatzteilen in der Hauptpost Puerto Montt in Empfang genommen haben steht einem Werkstattaufenthalt nichts mehr im Weg. Erst mu\u00df ich allerdings noch das \u201eP\u00e4ckchen\u201c durch die halbe Stadt zum Parkplatz tragen. Ich f\u00fchle mich wie ein Lastesel und bin dann doch\u2026","rel":"","context":"In &quot;News&quot;","img":{"alt_text":"","src":"https:\/\/i0.wp.com\/my-alps.de\/wp-content\/uploads\/2014\/04\/zuerst-die-Scheibe.jpg?resize=350%2C200","width":350,"height":200},"classes":[]},{"id":1031,"url":"http:\/\/my-alps.de\/?p=1031","url_meta":{"origin":1035,"position":1},"title":"Leberk\u00e4s\u2019 a la pobre","date":"24. April 2014","format":"gallery","excerpt":"Zugegeben, wir Franken, wir verstehen was von Brotzeit, so mit richtig gutem Bier und Leberk\u00e4s\u2019. Und wie \u00fcberall auf der Welt, wo es richtige Franken hin verschlagen hat,\u00a0gibt es logischerweise gute Brotzeit. Sogar hier in Osorno! Unser Freund Mario - ihr kennt ihn vom Grillen - OHNE Grillrost - hat\u2026","rel":"","context":"In &quot;News&quot;","img":{"alt_text":"","src":"","width":0,"height":0},"classes":[]},{"id":1178,"url":"http:\/\/my-alps.de\/?p=1178","url_meta":{"origin":1035,"position":2},"title":"Epilog &#8211; Osorno","date":"3. Juni 2014","format":"gallery","excerpt":"Nach erfolgreicher Implementierung des nagelneuen Steuerger\u00e4tes in unseren Allradantrieb -\u00a0(er funktioniert wieder!) - steht einer Fortsetzung der Reise nach Norden, Richtung Bolivien und Peru nichts mehr im Weg. Doch vorher ein kleiner R\u00fcckblick: Wir haben hier in der Stadt richtige Freunde gefunden, Mario, Gustavo und ihre Familien sind so gastfreundlich\u2026","rel":"","context":"In &quot;News&quot;","img":{"alt_text":"","src":"","width":0,"height":0},"classes":[]},{"id":1166,"url":"http:\/\/my-alps.de\/?p=1166","url_meta":{"origin":1035,"position":3},"title":"Nichts zu verzollen!","date":"22. Mai 2014","format":"gallery","excerpt":"Wir sind wieder in Osorno gelandet, dieser netten Stadt in Chile, in der Mario und seine Frau Gabriela uns eine kleine Heimat schaffen. Denn wir warten auf die Freigabe unseres zweiten Paketes durch den Zoll in Santiago. Unser erstes Paket nach Chile war ruck - zuck durch. Doch diesmal\u2026\u2026.. Mario\u2026","rel":"","context":"In &quot;News&quot;","img":{"alt_text":"","src":"https:\/\/i0.wp.com\/my-alps.de\/wp-content\/uploads\/2014\/05\/IMG_0022.jpg?resize=350%2C200","width":350,"height":200},"classes":[]},{"id":961,"url":"http:\/\/my-alps.de\/?p=961","url_meta":{"origin":1035,"position":4},"title":"Vulkan Osorno und Lago Llanquihue","date":"4. April 2014","format":"gallery","excerpt":"Wir sind auf dem Weg zur\u00fcck von der Insel Chiloe\u2019 \u00fcber Puerto Montt nach Puerto Varas gefahren und machen am Lago Llanquihue Station. Zuerst mussten wir ein heftiges Unwetter zwei Tage \u00fcber uns ergehen lassen, bei dem Regenmassen vom Himmel gefallen sind, die bei uns in Deutschland f\u00fcr ein gesamtes\u2026","rel":"","context":"In &quot;News&quot;","img":{"alt_text":"","src":"https:\/\/i0.wp.com\/my-alps.de\/wp-content\/uploads\/2014\/04\/Bimobil-und-Vulkan-Osorno.jpg?resize=350%2C200","width":350,"height":200},"classes":[]},{"id":881,"url":"http:\/\/my-alps.de\/?p=881","url_meta":{"origin":1035,"position":5},"title":"Puerto Montt","date":"26. M\u00e4rz 2014","format":"gallery","excerpt":"Nach 8.808 km (und wahrscheinlich ein paar mehr) die wir jetzt hier in S\u00fcdamerika unterwegs sind haben wir unserem WOMO auch mal etwas Gutes geg\u00f6nnt. Hier in Puerto Montt habe ich eine Werkstatt entdeckt die jegliche Art von Service f\u00fcr \u201egesch\u00fcttelte\u201c Autos anbietet. Wir haben uns f\u00fcr: \u00d6lwechsel und Luftfilterwechsel\u2026","rel":"","context":"In &quot;News&quot;","img":{"alt_text":"","src":"https:\/\/i0.wp.com\/my-alps.de\/wp-content\/uploads\/2014\/03\/Pisco-sour-6x6.jpg?resize=350%2C200","width":350,"height":200},"classes":[]}],"_links":{"self":[{"href":"http:\/\/my-alps.de\/index.php?rest_route=\/wp\/v2\/posts\/1035"}],"collection":[{"href":"http:\/\/my-alps.de\/index.php?rest_route=\/wp\/v2\/posts"}],"about":[{"href":"http:\/\/my-alps.de\/index.php?rest_route=\/wp\/v2\/types\/post"}],"author":[{"embeddable":true,"href":"http:\/\/my-alps.de\/index.php?rest_route=\/wp\/v2\/users\/1"}],"replies":[{"embeddable":true,"href":"http:\/\/my-alps.de\/index.php?rest_route=%2Fwp%2Fv2%2Fcomments&post=1035"}],"version-history":[{"count":4,"href":"http:\/\/my-alps.de\/index.php?rest_route=\/wp\/v2\/posts\/1035\/revisions"}],"predecessor-version":[{"id":1058,"href":"http:\/\/my-alps.de\/index.php?rest_route=\/wp\/v2\/posts\/1035\/revisions\/1058"}],"wp:attachment":[{"href":"http:\/\/my-alps.de\/index.php?rest_route=%2Fwp%2Fv2%2Fmedia&parent=1035"}],"wp:term":[{"taxonomy":"category","embeddable":true,"href":"http:\/\/my-alps.de\/index.php?rest_route=%2Fwp%2Fv2%2Fcategories&post=1035"},{"taxonomy":"post_tag","embeddable":true,"href":"http:\/\/my-alps.de\/index.php?rest_route=%2Fwp%2Fv2%2Ftags&post=1035"}],"curies":[{"name":"wp","href":"https:\/\/api.w.org\/{rel}","templated":true}]}}