{"id":1033,"date":"2014-04-24T20:00:32","date_gmt":"2014-04-24T18:00:32","guid":{"rendered":"http:\/\/my-alps.de\/?p=1033"},"modified":"2014-04-24T20:14:45","modified_gmt":"2014-04-24T18:14:45","slug":"werkstatt-911-wurzelbehandlung-am-stossdaempfer","status":"publish","type":"post","link":"http:\/\/my-alps.de\/?p=1033","title":{"rendered":"Werkstatt &#8211; 911 &#8211; Wurzelbehandlung am Sto\u00dfd\u00e4mpfer"},"content":{"rendered":"<p>Nach dem wir unser lang ersehntes Paket mit den Ersatzteilen<br \/>\nin der Hauptpost Puerto Montt in Empfang genommen haben<br \/>\nsteht einem Werkstattaufenthalt nichts mehr im Weg.<\/p>\n<div id=\"attachment_1040\" style=\"width: 1034px\" class=\"wp-caption aligncenter\"><a href=\"https:\/\/i0.wp.com\/my-alps.de\/wp-content\/uploads\/2014\/04\/der-Paketdienst-kommt.jpg\"><img aria-describedby=\"caption-attachment-1040\" data-attachment-id=\"1040\" data-permalink=\"http:\/\/my-alps.de\/?attachment_id=1040\" data-orig-file=\"https:\/\/i0.wp.com\/my-alps.de\/wp-content\/uploads\/2014\/04\/der-Paketdienst-kommt.jpg?fit=1024%2C768\" data-orig-size=\"1024,768\" data-comments-opened=\"1\" data-image-meta=\"{&quot;aperture&quot;:&quot;5.6&quot;,&quot;credit&quot;:&quot;&quot;,&quot;camera&quot;:&quot;DSC-RX100&quot;,&quot;caption&quot;:&quot;&quot;,&quot;created_timestamp&quot;:&quot;1397560484&quot;,&quot;copyright&quot;:&quot;&quot;,&quot;focal_length&quot;:&quot;10.4&quot;,&quot;iso&quot;:&quot;200&quot;,&quot;shutter_speed&quot;:&quot;0.00625&quot;,&quot;title&quot;:&quot;&quot;}\" data-image-title=\"der Paketdienst kommt\" data-image-description=\"&lt;p&gt;der Paketdienst kommt&lt;\/p&gt;\n\" data-image-caption=\"&lt;p&gt;der Paketdienst kommt&lt;\/p&gt;\n\" data-medium-file=\"https:\/\/i0.wp.com\/my-alps.de\/wp-content\/uploads\/2014\/04\/der-Paketdienst-kommt.jpg?fit=300%2C225\" data-large-file=\"https:\/\/i0.wp.com\/my-alps.de\/wp-content\/uploads\/2014\/04\/der-Paketdienst-kommt.jpg?fit=625%2C469\" loading=\"lazy\" class=\"size-full wp-image-1040\" alt=\"der Paketdienst kommt\" src=\"https:\/\/i0.wp.com\/my-alps.de\/wp-content\/uploads\/2014\/04\/der-Paketdienst-kommt.jpg?resize=625%2C469\" width=\"625\" height=\"469\" srcset=\"https:\/\/i0.wp.com\/my-alps.de\/wp-content\/uploads\/2014\/04\/der-Paketdienst-kommt.jpg?w=1024 1024w, https:\/\/i0.wp.com\/my-alps.de\/wp-content\/uploads\/2014\/04\/der-Paketdienst-kommt.jpg?resize=300%2C225 300w\" sizes=\"(max-width: 625px) 100vw, 625px\" data-recalc-dims=\"1\" \/><\/a><p id=\"caption-attachment-1040\" class=\"wp-caption-text\">der Paketdienst kommt<\/p><\/div>\n<p>Erst mu\u00df ich allerdings noch das \u201eP\u00e4ckchen\u201c<br \/>\ndurch die halbe Stadt zum Parkplatz tragen.<br \/>\nIch f\u00fchle mich wie ein Lastesel und bin dann doch etwas geschafft.<\/p>\n<div id=\"attachment_1041\" style=\"width: 778px\" class=\"wp-caption aligncenter\"><a href=\"https:\/\/i0.wp.com\/my-alps.de\/wp-content\/uploads\/2014\/04\/Lieferung-frei-Bordstein.jpg\"><img aria-describedby=\"caption-attachment-1041\" data-attachment-id=\"1041\" data-permalink=\"http:\/\/my-alps.de\/?attachment_id=1041\" data-orig-file=\"https:\/\/i0.wp.com\/my-alps.de\/wp-content\/uploads\/2014\/04\/Lieferung-frei-Bordstein.jpg?fit=768%2C1024\" data-orig-size=\"768,1024\" data-comments-opened=\"1\" data-image-meta=\"{&quot;aperture&quot;:&quot;5.6&quot;,&quot;credit&quot;:&quot;&quot;,&quot;camera&quot;:&quot;DSC-RX100&quot;,&quot;caption&quot;:&quot;&quot;,&quot;created_timestamp&quot;:&quot;1397561202&quot;,&quot;copyright&quot;:&quot;&quot;,&quot;focal_length&quot;:&quot;10.4&quot;,&quot;iso&quot;:&quot;160&quot;,&quot;shutter_speed&quot;:&quot;0.004&quot;,&quot;title&quot;:&quot;&quot;}\" data-image-title=\"Lieferung frei Bordstein\" data-image-description=\"&lt;p&gt;Lieferung frei Bordstein&lt;\/p&gt;\n\" data-image-caption=\"&lt;p&gt;Lieferung frei Bordstein&lt;\/p&gt;\n\" data-medium-file=\"https:\/\/i0.wp.com\/my-alps.de\/wp-content\/uploads\/2014\/04\/Lieferung-frei-Bordstein.jpg?fit=225%2C300\" data-large-file=\"https:\/\/i0.wp.com\/my-alps.de\/wp-content\/uploads\/2014\/04\/Lieferung-frei-Bordstein.jpg?fit=625%2C833\" loading=\"lazy\" class=\"size-full wp-image-1041\" alt=\"Lieferung frei Bordstein\" src=\"https:\/\/i0.wp.com\/my-alps.de\/wp-content\/uploads\/2014\/04\/Lieferung-frei-Bordstein.jpg?resize=625%2C833\" width=\"625\" height=\"833\" srcset=\"https:\/\/i0.wp.com\/my-alps.de\/wp-content\/uploads\/2014\/04\/Lieferung-frei-Bordstein.jpg?w=768 768w, https:\/\/i0.wp.com\/my-alps.de\/wp-content\/uploads\/2014\/04\/Lieferung-frei-Bordstein.jpg?resize=225%2C300 225w\" sizes=\"(max-width: 625px) 100vw, 625px\" data-recalc-dims=\"1\" \/><\/a><p id=\"caption-attachment-1041\" class=\"wp-caption-text\">Lieferung frei Bordstein<\/p><\/div>\n<p>Alles ist unversehrt angekommen.<\/p>\n<div id=\"attachment_1043\" style=\"width: 778px\" class=\"wp-caption aligncenter\"><a href=\"https:\/\/i0.wp.com\/my-alps.de\/wp-content\/uploads\/2014\/04\/zuerst-die-Scheibe.jpg\"><img aria-describedby=\"caption-attachment-1043\" data-attachment-id=\"1043\" data-permalink=\"http:\/\/my-alps.de\/?attachment_id=1043\" data-orig-file=\"https:\/\/i0.wp.com\/my-alps.de\/wp-content\/uploads\/2014\/04\/zuerst-die-Scheibe.jpg?fit=768%2C1024\" data-orig-size=\"768,1024\" data-comments-opened=\"1\" data-image-meta=\"{&quot;aperture&quot;:&quot;5.6&quot;,&quot;credit&quot;:&quot;&quot;,&quot;camera&quot;:&quot;DSC-RX100&quot;,&quot;caption&quot;:&quot;&quot;,&quot;created_timestamp&quot;:&quot;1397582491&quot;,&quot;copyright&quot;:&quot;&quot;,&quot;focal_length&quot;:&quot;10.91&quot;,&quot;iso&quot;:&quot;125&quot;,&quot;shutter_speed&quot;:&quot;0.005&quot;,&quot;title&quot;:&quot;&quot;}\" data-image-title=\"zuerst die Scheibe\" data-image-description=\"&lt;p&gt;zuerst die Scheibe&lt;\/p&gt;\n\" data-image-caption=\"&lt;p&gt;zuerst die Scheibe&lt;\/p&gt;\n\" data-medium-file=\"https:\/\/i0.wp.com\/my-alps.de\/wp-content\/uploads\/2014\/04\/zuerst-die-Scheibe.jpg?fit=225%2C300\" data-large-file=\"https:\/\/i0.wp.com\/my-alps.de\/wp-content\/uploads\/2014\/04\/zuerst-die-Scheibe.jpg?fit=625%2C833\" loading=\"lazy\" class=\"size-full wp-image-1043\" alt=\"zuerst die Scheibe\" src=\"https:\/\/i0.wp.com\/my-alps.de\/wp-content\/uploads\/2014\/04\/zuerst-die-Scheibe.jpg?resize=625%2C833\" width=\"625\" height=\"833\" srcset=\"https:\/\/i0.wp.com\/my-alps.de\/wp-content\/uploads\/2014\/04\/zuerst-die-Scheibe.jpg?w=768 768w, https:\/\/i0.wp.com\/my-alps.de\/wp-content\/uploads\/2014\/04\/zuerst-die-Scheibe.jpg?resize=225%2C300 225w\" sizes=\"(max-width: 625px) 100vw, 625px\" data-recalc-dims=\"1\" \/><\/a><p id=\"caption-attachment-1043\" class=\"wp-caption-text\">zuerst die Scheibe<\/p><\/div>\n<p>Als erstes tauschen Mario und ich die Scheibe im Alkoven,<br \/>\ndanach fahren wir in den \u201eOsorno\u2019er Prechtel\u201c<br \/>\nund kaufen noch etwas Sikkaflex,<br \/>\neinige Aluleisten und Aufkleberentferner ein.<br \/>\nDas Gesch\u00e4ft ist so richtig nach meinem Geschmack,<br \/>\nhier bekommst du ALLES.<br \/>\nAlles was das Bastlerherz begehrt.<br \/>\nVon der FI Sicherung bis hin zum Rillennagel.<br \/>\nSchade, das solche Gesch\u00e4fte bei uns nahezu<br \/>\nausgestorben sind und wir jetzt alle in den Baumarkt<br \/>\ngehen m\u00fcssen wo jetzt auch noch<br \/>\nKaffee und H\u00f6rnchen verkauft werden.<\/p>\n<div id=\"attachment_1037\" style=\"width: 778px\" class=\"wp-caption aligncenter\"><a href=\"https:\/\/i0.wp.com\/my-alps.de\/wp-content\/uploads\/2014\/04\/na-wenn-das-kein-gutes-Omen-ist.jpg\"><img aria-describedby=\"caption-attachment-1037\" data-attachment-id=\"1037\" data-permalink=\"http:\/\/my-alps.de\/?attachment_id=1037\" data-orig-file=\"https:\/\/i0.wp.com\/my-alps.de\/wp-content\/uploads\/2014\/04\/na-wenn-das-kein-gutes-Omen-ist.jpg?fit=768%2C1024\" data-orig-size=\"768,1024\" data-comments-opened=\"1\" data-image-meta=\"{&quot;aperture&quot;:&quot;3.2&quot;,&quot;credit&quot;:&quot;&quot;,&quot;camera&quot;:&quot;DSC-RX100&quot;,&quot;caption&quot;:&quot;&quot;,&quot;created_timestamp&quot;:&quot;1397639696&quot;,&quot;copyright&quot;:&quot;&quot;,&quot;focal_length&quot;:&quot;10.4&quot;,&quot;iso&quot;:&quot;125&quot;,&quot;shutter_speed&quot;:&quot;0.01&quot;,&quot;title&quot;:&quot;&quot;}\" data-image-title=\"na, wenn das kein gutes Omen ist\" data-image-description=\"&lt;p&gt;na, wenn das kein gutes Omen ist&lt;\/p&gt;\n\" data-image-caption=\"&lt;p&gt;na, wenn das kein gutes Omen ist&lt;\/p&gt;\n\" data-medium-file=\"https:\/\/i0.wp.com\/my-alps.de\/wp-content\/uploads\/2014\/04\/na-wenn-das-kein-gutes-Omen-ist.jpg?fit=225%2C300\" data-large-file=\"https:\/\/i0.wp.com\/my-alps.de\/wp-content\/uploads\/2014\/04\/na-wenn-das-kein-gutes-Omen-ist.jpg?fit=625%2C833\" loading=\"lazy\" class=\"size-full wp-image-1037\" alt=\"na, wenn das kein gutes Omen ist\" src=\"https:\/\/i0.wp.com\/my-alps.de\/wp-content\/uploads\/2014\/04\/na-wenn-das-kein-gutes-Omen-ist.jpg?resize=625%2C833\" width=\"625\" height=\"833\" srcset=\"https:\/\/i0.wp.com\/my-alps.de\/wp-content\/uploads\/2014\/04\/na-wenn-das-kein-gutes-Omen-ist.jpg?w=768 768w, https:\/\/i0.wp.com\/my-alps.de\/wp-content\/uploads\/2014\/04\/na-wenn-das-kein-gutes-Omen-ist.jpg?resize=225%2C300 225w\" sizes=\"(max-width: 625px) 100vw, 625px\" data-recalc-dims=\"1\" \/><\/a><p id=\"caption-attachment-1037\" class=\"wp-caption-text\">na, wenn das kein gutes Omen ist<\/p><\/div>\n<p>Auf die Empfehlung von Gustavo und Mario fahren\u00a0<span style=\"line-height: 1.5;\">wir im Morgengrauen in die Werkstatt 911.<\/span><\/p>\n<p>Der Besitzer sei der Mann des Vertrauens,<br \/>\nwenn es um solche Arbeiten geht.<br \/>\nDie Monteure mussten ganz sch\u00f6n wuchten um den Sto\u00dfd\u00e4mpfer aus der unteren Halterung an der Achse herauszubekommen.<br \/>\nDonnerschl\u00e4ge sind durch die Werksatt gehallt, das ich fast gedacht habe die komplette Achse geht futsch. Aber &#8211; alles in bester Ordnung! Sogar das Lenkrad steht jetzt wieder ganz gerade.<\/p>\n<p>Zu allem \u00dcberfluss versagt unser 4&#215;4 an der Hinterachse<br \/>\nseit ein paar Tagen auch noch den Dienst und die R\u00e4der<br \/>\nlaufen ohne Antrieb mit.<br \/>\nNa mal sehen.<\/p>\n<p>Aber auch hier findet \u201eSuper Mario\u201c eine L\u00f6sung.<br \/>\nWir fahren zusammen zu einer Autowerkstatt, die unter<br \/>\nandern VW\u2019s verkaufen &#8211; und siehe da &#8211; es findet sich ein<br \/>\nMeister mit einem Laptop der das Diagnoseprogramm<br \/>\nvon VW darauf laufen hat.<br \/>\nDiagnose: keine Kommunikation mit dem Steuerger\u00e4t!<br \/>\nNach Ostern sollen wir wiederkommen,<br \/>\ndann m\u00f6chte der Meister den Kabelstrang durchmessen.<br \/>\nHaben wir auch gemacht &#8211; aber erst durften wir auf dem Landgut von Mario \u00fcber Ostern auf 500 Rinder aufpassen und uns nicht verz\u00e4hlen.<br \/>\nJetzt sind die n\u00e4chsten Ersatzteile in Deutschland bestellt und wir werden mal zwischendurch nach Argentinien fahren und uns ein paar Tage die &#8222;andere&#8220; Seite anschauen.<\/p>\n<p>&nbsp;<\/p>\n","protected":false},"excerpt":{"rendered":"<p>Nach dem wir unser lang ersehntes Paket mit den Ersatzteilen in der Hauptpost Puerto Montt in Empfang genommen haben steht einem Werkstattaufenthalt nichts mehr im Weg. Erst mu\u00df ich allerdings noch das \u201eP\u00e4ckchen\u201c durch die halbe Stadt zum Parkplatz tragen. Ich f\u00fchle mich wie ein Lastesel und bin dann doch etwas geschafft. Alles ist unversehrt [&hellip;]<\/p>\n","protected":false},"author":1,"featured_media":0,"comment_status":"open","ping_status":"open","sticky":false,"template":"","format":"gallery","meta":{"spay_email":"","jetpack_publicize_message":"","jetpack_is_tweetstorm":false,"jetpack_publicize_feature_enabled":true},"categories":[1],"tags":[],"jetpack_featured_media_url":"","jetpack_publicize_connections":[],"jetpack_sharing_enabled":true,"jetpack_shortlink":"https:\/\/wp.me\/p6huce-gF","jetpack-related-posts":[{"id":354,"url":"http:\/\/my-alps.de\/?p=354","url_meta":{"origin":1033,"position":0},"title":"Heute war unser privater SUPERBOWL &#8211; Tag","date":"1. Juli 2013","format":"gallery","excerpt":"Hallo zusammen, nach einem erfolgreichen Bastelwochenende mit der Stauraumoptimierung sowie einigen \"Versch\u00f6nerungsarbeiten\" f\u00fcr die Couchecke habe ich in der Kategorie \"Schnellpacken\" einen neuen Weltrekord aufgestellt. Frau Hack hatte heute ganz stolz ihre neue ZAK-Sch\u00fcssel mit nach Hause gebracht - ich habe mich nat\u00fcrlich sofort daran gemacht unser Campinggeschirr optimiert zu\u2026","rel":"","context":"In &quot;Wohnmobil&quot;","img":{"alt_text":"","src":"","width":0,"height":0},"classes":[]},{"id":800,"url":"http:\/\/my-alps.de\/?p=800","url_meta":{"origin":1033,"position":1},"title":"Genetischer Code bei M\u00e4nnchen","date":"10. M\u00e4rz 2014","format":"gallery","excerpt":"Ihr alle werdet mir zustimmen, die Frauen neigen eher zum sammeln und der Mann zum Jagen.Ich habe bei mir das mit dem Jagd-Gen schon ganz fr\u00fch entdeckt, aber wir hatten daheim einen Haushalt, da gab es ausser Essbesteck keine Waffen. (obwohl meine beiden Gro\u00dfv\u00e4ter Sch\u00fctzenk\u00f6nige waren!) Und mit einer Gabel\u2026","rel":"","context":"In &quot;unter uns&quot;","img":{"alt_text":"","src":"https:\/\/i0.wp.com\/my-alps.de\/wp-content\/uploads\/2014\/03\/Nummer-Zwei-HD.jpg?resize=350%2C200","width":350,"height":200},"classes":[]},{"id":347,"url":"http:\/\/my-alps.de\/?p=347","url_meta":{"origin":1033,"position":2},"title":"gestern war Basteltag &#8211; oder Jean P\u00fctz l\u00e4sst gr\u00fc\u00dfen","date":"22. Juni 2013","format":"gallery","excerpt":"Ich bin ganz froh selbstst\u00e4ndig zu sein, denn gestern bin ich nach dem Motto: \"Nach EINS macht jeder seins\" verfahren und habe ab Mittag, nachdem ich noch schnell auf meiner Baustelle der Schulsanierung in Eggolsheim Verwirrung stiftete, an unserem Boomer herumgebastelt. Die LED Leuchten waren im Laufe der Woche eingetroffen\u2026","rel":"","context":"In &quot;Wohnmobil&quot;","img":{"alt_text":"","src":"","width":0,"height":0},"classes":[]},{"id":695,"url":"http:\/\/my-alps.de\/?p=695","url_meta":{"origin":1033,"position":3},"title":"Von El Calafate nach El Chalten &#8211; Fitz Roy und Cerro Torre","date":"23. Februar 2014","format":"gallery","excerpt":"Nachdem wir den Campingplatz Marke SUPERLUXUS am Lago Roca ausgiebig genossen haben, sind wir in den n\u00e4chsten Nationalpark auf unserer Route weitergezogen. Die Fahrt ging auf der Ruta 40 weiter von El Calafate Richtung Norden nach El Chalten Hier stehen die ber\u00fchmten Namen, die das Herz eines Alpinisten h\u00f6her schlagen\u2026","rel":"","context":"In &quot;News&quot;","img":{"alt_text":"","src":"https:\/\/i0.wp.com\/my-alps.de\/wp-content\/uploads\/2014\/02\/Panorama-El-Chalten-HD.jpg?resize=350%2C200","width":350,"height":200},"classes":[]},{"id":71,"url":"http:\/\/my-alps.de\/?p=71","url_meta":{"origin":1033,"position":4},"title":"Das kommt mir Spanisch vor&#8230;","date":"14. Februar 2013","format":false,"excerpt":"Heute habe ich mal wieder in meinem Audible Account gest\u00f6bert - in der Gewissheit das 30 Tage auf See mich ziemlich langweilen werden. Zum Gl\u00fcck sammle ich jetzt schon H\u00f6rb\u00fccher. Da bin ich \u00fcber einen Spanisch H\u00f6rbuch nach Birkenbihl gestolpert - Ey hola -un huebo per pasado .... und so\u2026","rel":"","context":"In &quot;unter uns&quot;","img":{"alt_text":"","src":"","width":0,"height":0},"classes":[]},{"id":1182,"url":"http:\/\/my-alps.de\/?p=1182","url_meta":{"origin":1033,"position":5},"title":"\u2026.immer diese Grenzer!","date":"4. Juni 2014","format":"gallery","excerpt":"Als Angeh\u00f6riger des Schengener Abkommens ist einem der Umgang bei der Grenzabfertigung etwas abhanden gekommen. So haben wir uns bei der \u00dcberquerung der Grenze von Chile nach Argentinien am \u201ePaso Cristo Redentor\u201c von einen netten Herrn erst mal an der falschen Zollstelle anstellen lassen. Die Dame am Zoll hat flei\u00dfig\u2026","rel":"","context":"In &quot;News&quot;","img":{"alt_text":"","src":"https:\/\/i0.wp.com\/my-alps.de\/wp-content\/uploads\/2014\/06\/Via-PanAm-Argentinien.jpg?resize=350%2C200","width":350,"height":200},"classes":[]}],"_links":{"self":[{"href":"http:\/\/my-alps.de\/index.php?rest_route=\/wp\/v2\/posts\/1033"}],"collection":[{"href":"http:\/\/my-alps.de\/index.php?rest_route=\/wp\/v2\/posts"}],"about":[{"href":"http:\/\/my-alps.de\/index.php?rest_route=\/wp\/v2\/types\/post"}],"author":[{"embeddable":true,"href":"http:\/\/my-alps.de\/index.php?rest_route=\/wp\/v2\/users\/1"}],"replies":[{"embeddable":true,"href":"http:\/\/my-alps.de\/index.php?rest_route=%2Fwp%2Fv2%2Fcomments&post=1033"}],"version-history":[{"count":6,"href":"http:\/\/my-alps.de\/index.php?rest_route=\/wp\/v2\/posts\/1033\/revisions"}],"predecessor-version":[{"id":1045,"href":"http:\/\/my-alps.de\/index.php?rest_route=\/wp\/v2\/posts\/1033\/revisions\/1045"}],"wp:attachment":[{"href":"http:\/\/my-alps.de\/index.php?rest_route=%2Fwp%2Fv2%2Fmedia&parent=1033"}],"wp:term":[{"taxonomy":"category","embeddable":true,"href":"http:\/\/my-alps.de\/index.php?rest_route=%2Fwp%2Fv2%2Fcategories&post=1033"},{"taxonomy":"post_tag","embeddable":true,"href":"http:\/\/my-alps.de\/index.php?rest_route=%2Fwp%2Fv2%2Ftags&post=1033"}],"curies":[{"name":"wp","href":"https:\/\/api.w.org\/{rel}","templated":true}]}}