{"id":1031,"date":"2014-04-24T19:58:56","date_gmt":"2014-04-24T17:58:56","guid":{"rendered":"http:\/\/my-alps.de\/?p=1031"},"modified":"2014-04-24T19:58:56","modified_gmt":"2014-04-24T17:58:56","slug":"leberkaes-a-la-pobre","status":"publish","type":"post","link":"http:\/\/my-alps.de\/?p=1031","title":{"rendered":"Leberk\u00e4s\u2019 a la pobre"},"content":{"rendered":"<p>Zugegeben, wir Franken, wir verstehen was von Brotzeit,<br \/>\nso mit richtig gutem Bier und Leberk\u00e4s\u2019.<br \/>\nUnd wie \u00fcberall auf der Welt, wo es richtige Franken<br \/>\nhin verschlagen hat,\u00a0<span style=\"line-height: 1.5;\">gibt es logischerweise gute Brotzeit.<\/span><\/p>\n<p>Sogar hier in Osorno!<\/p>\n<p>Unser Freund Mario &#8211; ihr kennt ihn vom Grillen &#8211; OHNE Grillrost &#8211; hat uns\u00a0<span style=\"line-height: 1.5;\">in ein Lokal entf\u00fchrt das von einem<br \/>\nDeutschen Braumeister gef\u00fchrt wird.<\/span><br \/>\nRichtigerweise hat er nat\u00fcrlich gleich seine eigene<br \/>\nBrauerei mit dabei.<br \/>\nSo wie daheim, in der Fr\u00e4nkischen.<br \/>\nIn der ganzen Kneipe h\u00e4ngen \u201eBierfilzla\u201c herum,<br \/>\nauf die Schnelle habe ich entdeckt:<br \/>\nBrauerei K\u00f6nig &#8211; Tiefenellern,<br \/>\nBrauerei Kaiserdom &#8211; Bamberg,<br \/>\nReichelbr\u00e4u &#8211; Kulmbach,<br \/>\nmir sind die Augen fast ein wenig feucht geworden!<br \/>\nProbiert haben wir dann ein ungespundenes Bier.<br \/>\nEinmal \u201ePils\u201c und einmal \u201eM\u00e4rzen\u201c<br \/>\nSchmeckt fast so wie ein \u201eZwickel\u201c und ein \u201eKeller\u201c.<br \/>\nSch\u00f6n feinperlig und hefetr\u00fcb.<br \/>\nZu Essen gab es Leberk\u00e4s\u2019 mit Bratkartoffeln,<br \/>\nSpiegelei und R\u00f6stzwiebeln.<\/p>\n<p>Serviert in einer kleinen Gu\u00dfeisernen Pfanne.<br \/>\nHach &#8211; da schlug das kleine Frankenherz aber Purzelb\u00e4ume.<br \/>\nUnd lecker war es obendrein!<\/p>\n","protected":false},"excerpt":{"rendered":"<p>Zugegeben, wir Franken, wir verstehen was von Brotzeit, so mit richtig gutem Bier und Leberk\u00e4s\u2019. Und wie \u00fcberall auf der Welt, wo es richtige Franken hin verschlagen hat,\u00a0gibt es logischerweise gute Brotzeit. Sogar hier in Osorno! Unser Freund Mario &#8211; ihr kennt ihn vom Grillen &#8211; OHNE Grillrost &#8211; hat uns\u00a0in ein Lokal entf\u00fchrt das [&hellip;]<\/p>\n","protected":false},"author":1,"featured_media":0,"comment_status":"open","ping_status":"open","sticky":false,"template":"","format":"gallery","meta":{"spay_email":"","jetpack_publicize_message":"","jetpack_is_tweetstorm":false,"jetpack_publicize_feature_enabled":true},"categories":[1],"tags":[],"jetpack_featured_media_url":"","jetpack_publicize_connections":[],"jetpack_sharing_enabled":true,"jetpack_shortlink":"https:\/\/wp.me\/p6huce-gD","jetpack-related-posts":[{"id":1178,"url":"http:\/\/my-alps.de\/?p=1178","url_meta":{"origin":1031,"position":0},"title":"Epilog &#8211; Osorno","date":"3. Juni 2014","format":"gallery","excerpt":"Nach erfolgreicher Implementierung des nagelneuen Steuerger\u00e4tes in unseren Allradantrieb -\u00a0(er funktioniert wieder!) - steht einer Fortsetzung der Reise nach Norden, Richtung Bolivien und Peru nichts mehr im Weg. Doch vorher ein kleiner R\u00fcckblick: Wir haben hier in der Stadt richtige Freunde gefunden, Mario, Gustavo und ihre Familien sind so gastfreundlich\u2026","rel":"","context":"In &quot;News&quot;","img":{"alt_text":"","src":"","width":0,"height":0},"classes":[]},{"id":1829,"url":"http:\/\/my-alps.de\/?p=1829","url_meta":{"origin":1031,"position":1},"title":"Landpartie","date":"15. September 2015","format":"gallery","excerpt":"Die Landstra\u00dfe hat uns wieder! Wir haben kurzerhand beschlossen die \"Sch\u00e4ufala - Ecke\" mit einer kleinen Weintour durch Franken und's \"L\u00e4ndl'e\" zu tauschen. Anstatt Bier und Bratwurst gibt's Wein und K\u00e4se. In der Buchhandlung sind wir \u00fcber einen F\u00fchrer gestolpert \"Landvergn\u00fcgen\". Sehr empfehlenswert! Darin sind viele Bauernh\u00f6fe, Weing\u00fcter und andere\u2026","rel":"","context":"In &quot;News&quot;","img":{"alt_text":"Alternative fr\u00c3\u00a4nkische Ern\u00c3\u00a4hrung","src":"https:\/\/i0.wp.com\/my-alps.de\/wp-content\/uploads\/2015\/09\/IMG_0851-0-768x1024.jpg?resize=350%2C200","width":350,"height":200},"classes":[]},{"id":616,"url":"http:\/\/my-alps.de\/?p=616","url_meta":{"origin":1031,"position":2},"title":"Fuchzich und immer noch Kopfschmerzen&#8230;.","date":"27. Januar 2014","format":"gallery","excerpt":"Eine Woche feiern muss reichen OK, es ist n'Runder, und nachdem wir gerade auch Zeit haben wurde im WOMO-Powow beschlossen, dass wir eine Woche lang feiern - sie ist noch nicht rum und das Projekt l\u00e4uft prima, w\u00fcrde ich sagen. Feuerland ist beileibe pr\u00e4destiniert f\u00fcr solche Vorhaben. Wobei \"El Fin\u2026","rel":"","context":"In &quot;News&quot;","img":{"alt_text":"","src":"","width":0,"height":0},"classes":[]},{"id":995,"url":"http:\/\/my-alps.de\/?p=995","url_meta":{"origin":1031,"position":3},"title":"April, April &#8211; Halbzeit bei der Auszeit","date":"10. April 2014","format":"gallery","excerpt":"Am 11.11.2013 sind wir in Hamburg an Bord der \u201eGrande Cameroon\u201c gegangen und \u00fcber den Atlantik nach S\u00fcdamerika geschippert. Zugegeben, es war nicht immer gerade Hochstimmung mit Karneval und Fasching an Bord, aber es ist uns wirklich nicht langweilig geworden. So eine Frachterreise hat auch etwas besonderes. (Beinahe meditativ!) Nun\u2026","rel":"","context":"In &quot;News&quot;","img":{"alt_text":"","src":"","width":0,"height":0},"classes":[]},{"id":1773,"url":"http:\/\/my-alps.de\/?p=1773","url_meta":{"origin":1031,"position":4},"title":"FAQ &#8211; und die Antworten","date":"22. November 2014","format":"gallery","excerpt":"Wir tingeln in den letzten beiden Wochen von einer Einladung zur anderen. Jeder m\u00f6chte uns sehen und fragen was wir so erlebt haben. Da nat\u00fcrlich (fast) jeder die gleichen Fragen stellt schauen uns wir manchmal selber fragend an..... ja wie war das denn? Deshalb m\u00f6chte ich die FAQ mal kurz\u2026","rel":"","context":"In &quot;News&quot;","img":{"alt_text":"","src":"https:\/\/i0.wp.com\/my-alps.de\/wp-content\/uploads\/2014\/11\/mein-Lama-und-meine-Stadt.jpg?resize=350%2C200","width":350,"height":200},"classes":[]},{"id":431,"url":"http:\/\/my-alps.de\/?p=431","url_meta":{"origin":1031,"position":5},"title":"Hamburg ist eine Reise wert&#8230;.","date":"9. November 2013","format":"gallery","excerpt":"Heute haben wir eine ausgedehnte Stadtbesichtigung gemacht - so richtig Touri m\u00e4\u00dfig wie bei uns in Bamberg. Sind sch\u00f6n mit dem Bus durch die Stadt geschaukelt worden und drau\u00dfen hat es gest\u00fcrmt und der Regen kam waagrecht an die Fenster geflogen. Aber wie das so ist im Norden - Nachmittags\u2026","rel":"","context":"In &quot;News&quot;","img":{"alt_text":"","src":"","width":0,"height":0},"classes":[]}],"_links":{"self":[{"href":"http:\/\/my-alps.de\/index.php?rest_route=\/wp\/v2\/posts\/1031"}],"collection":[{"href":"http:\/\/my-alps.de\/index.php?rest_route=\/wp\/v2\/posts"}],"about":[{"href":"http:\/\/my-alps.de\/index.php?rest_route=\/wp\/v2\/types\/post"}],"author":[{"embeddable":true,"href":"http:\/\/my-alps.de\/index.php?rest_route=\/wp\/v2\/users\/1"}],"replies":[{"embeddable":true,"href":"http:\/\/my-alps.de\/index.php?rest_route=%2Fwp%2Fv2%2Fcomments&post=1031"}],"version-history":[{"count":1,"href":"http:\/\/my-alps.de\/index.php?rest_route=\/wp\/v2\/posts\/1031\/revisions"}],"predecessor-version":[{"id":1032,"href":"http:\/\/my-alps.de\/index.php?rest_route=\/wp\/v2\/posts\/1031\/revisions\/1032"}],"wp:attachment":[{"href":"http:\/\/my-alps.de\/index.php?rest_route=%2Fwp%2Fv2%2Fmedia&parent=1031"}],"wp:term":[{"taxonomy":"category","embeddable":true,"href":"http:\/\/my-alps.de\/index.php?rest_route=%2Fwp%2Fv2%2Fcategories&post=1031"},{"taxonomy":"post_tag","embeddable":true,"href":"http:\/\/my-alps.de\/index.php?rest_route=%2Fwp%2Fv2%2Ftags&post=1031"}],"curies":[{"name":"wp","href":"https:\/\/api.w.org\/{rel}","templated":true}]}}