{"id":1026,"date":"2014-04-20T17:13:04","date_gmt":"2014-04-20T15:13:04","guid":{"rendered":"http:\/\/my-alps.de\/?p=1026"},"modified":"2014-04-20T17:13:58","modified_gmt":"2014-04-20T15:13:58","slug":"frohe-ostern","status":"publish","type":"post","link":"http:\/\/my-alps.de\/?p=1026","title":{"rendered":"Frohe Ostern"},"content":{"rendered":"<p>Hallo &#8211; liebe Leute,<br \/>\nwir feiern heute Ostern einmal auf etwas andere Art.<br \/>\nHier in Chile kommt nicht der Osterhase und versteckt die Nester f\u00fcr die braven Kinder, nein hier kommt der Osterpingui. Da die Osterhasen die Zeitverschiebung von Europa nach Chile nicht verkraften, sie leiden f\u00fcrchterlich unter Jetlag, haben sie eine Aufgabenteilung mit den Pinguinen vereinbart. Pinguine legen ja auch Eier, so wie die seltene Rasse der Osterhasen. Die Pinguine mussten den Osterhasen nur versprechen die Osternester nicht zu schwierig f\u00fcr die Kinder zu verstecken. Zum Beispiel im Meer oder auf einer einsamen Insel. Deshalb sieht man heute in Chile ziemlich viele Osterpinguis herumspazieren, auf dem Weg die Nester in den G\u00e4rten zu verstecken. Und da die Pinguine recht herumwatscheln, fallen sehr viele Eier aus den Nestern. Wir hoffen es bleiben genug f\u00fcr die Kinder als Oster\u00fcberraschung \u00fcbrig.<br \/>\nFelices Pascuas<br \/>\nAnnette und Claus<\/p>\n<p><a href=\"https:\/\/i0.wp.com\/my-alps.de\/wp-content\/uploads\/2014\/04\/20140420-121330.jpg\"><img src=\"https:\/\/i0.wp.com\/my-alps.de\/wp-content\/uploads\/2014\/04\/20140420-121330.jpg?w=625\" alt=\"20140420-121330.jpg\" class=\"alignnone size-full\" data-recalc-dims=\"1\" \/><\/a><\/p>\n","protected":false},"excerpt":{"rendered":"<p>Hallo &#8211; liebe Leute, wir feiern heute Ostern einmal auf etwas andere Art. Hier in Chile kommt nicht der Osterhase und versteckt die Nester f\u00fcr die braven Kinder, nein hier kommt der Osterpingui. Da die Osterhasen die Zeitverschiebung von Europa nach Chile nicht verkraften, sie leiden f\u00fcrchterlich unter Jetlag, haben sie eine Aufgabenteilung mit den [&hellip;]<\/p>\n","protected":false},"author":1,"featured_media":0,"comment_status":"open","ping_status":"open","sticky":false,"template":"","format":"gallery","meta":{"spay_email":"","jetpack_publicize_message":"","jetpack_is_tweetstorm":false,"jetpack_publicize_feature_enabled":true},"categories":[1],"tags":[],"jetpack_featured_media_url":"","jetpack_publicize_connections":[],"jetpack_sharing_enabled":true,"jetpack_shortlink":"https:\/\/wp.me\/p6huce-gy","jetpack-related-posts":[{"id":545,"url":"http:\/\/my-alps.de\/?p=545","url_meta":{"origin":1026,"position":0},"title":"Ushuaia &#8211; wir sind am &#8222;Arsch der Welt&#8220;","date":"17. Januar 2014","format":"gallery","excerpt":"Heute am 17. Januar 2014 sitzen wir in der Skih\u00fctte auf DEM Campingplatz der Globetrotter. In den letzten Tagen haben wir uns in Zauberw\u00e4ldern, tiefen Vulkankratern und Nationalparks herumgetrieben - nicht gerade die Regionen der Welt in denen man mit Breitbandinternet versorg wird. Deshalb eine kleine Zusammenfassung der letzten Tage:\u2026","rel":"","context":"In &quot;News&quot;","img":{"alt_text":"","src":"https:\/\/i0.wp.com\/my-alps.de\/wp-content\/uploads\/2014\/01\/wpid-Guanakos-im-Regen-2.jpg?resize=350%2C200","width":350,"height":200},"classes":[]},{"id":1091,"url":"http:\/\/my-alps.de\/?p=1091","url_meta":{"origin":1026,"position":1},"title":"Weckruf der Mapuche Indianer","date":"4. Mai 2014","format":"gallery","excerpt":"Unser Camp am Rio Malleo, irgendwo im nirgendwo, auf dem Weg zum Vulkan Lanin lag in der N\u00e4he einer Mapuche Siedlung. Wir hatten die Schilder bei der Hin- und R\u00fcckfahrt bemerkt. Da f\u00fcr den 01. Mai sch\u00f6nes Wetter angesagt war, wollten wir den Nationalpark \u201eVolkan Lanin\u201c besuchen. Tja. wie schon\u2026","rel":"","context":"In &quot;unter uns&quot;","img":{"alt_text":"","src":"","width":0,"height":0},"classes":[]},{"id":504,"url":"http:\/\/my-alps.de\/?p=504","url_meta":{"origin":1026,"position":2},"title":"WIFI &#8211; Bitte ?!?","date":"3. Januar 2014","format":"gallery","excerpt":"Wir haben die n\u00e4chsten Zeilen in der ersten Januarwoche offline geschrieben, denn da wo wir uns zeitweise herumgetrieben haben wird das Internet vom Winde verweht ;-)) Nachdem wir unser Sylvester 2013\/14 mit den wilden Hupkonzerten der Dorfjugend von Camarones geteilt hatten, sind wir am 01.01.2014 weiter Richtung S\u00fcden gefahren. Zuerst\u2026","rel":"","context":"In &quot;News&quot;","img":{"alt_text":"","src":"https:\/\/i0.wp.com\/my-alps.de\/wp-content\/uploads\/2014\/01\/Hallo-ich-bin-Freddy-und-du-200x300.jpg?resize=350%2C200","width":350,"height":200},"classes":[]},{"id":1035,"url":"http:\/\/my-alps.de\/?p=1035","url_meta":{"origin":1026,"position":3},"title":"\u201eSuper Mario\u201c","date":"24. April 2014","format":"gallery","excerpt":"Wer kennt es nicht, das legend\u00e4re Spiel: \u201eSuper Mario\u201c? Genauso ist Mario, ein Mann f\u00fcr alle F\u00e4lle. Er hilft und unterst\u00fctzt uns wo es nur geht, er ist ein eingefleischter VW-Wohnmobil Fan und seiner geheimen Garage finden sich einige sch\u00f6ne Karmann Wohnmobile. Er hat auch einen T3 - Syncro und\u2026","rel":"","context":"In &quot;News&quot;","img":{"alt_text":"Mario's \"Super\" Rinder","src":"https:\/\/i0.wp.com\/my-alps.de\/wp-content\/uploads\/2014\/04\/Kalb-2-6x6-ce4.jpg?resize=350%2C200","width":350,"height":200},"classes":[]},{"id":1033,"url":"http:\/\/my-alps.de\/?p=1033","url_meta":{"origin":1026,"position":4},"title":"Werkstatt &#8211; 911 &#8211; Wurzelbehandlung am Sto\u00dfd\u00e4mpfer","date":"24. April 2014","format":"gallery","excerpt":"Nach dem wir unser lang ersehntes Paket mit den Ersatzteilen in der Hauptpost Puerto Montt in Empfang genommen haben steht einem Werkstattaufenthalt nichts mehr im Weg. Erst mu\u00df ich allerdings noch das \u201eP\u00e4ckchen\u201c durch die halbe Stadt zum Parkplatz tragen. Ich f\u00fchle mich wie ein Lastesel und bin dann doch\u2026","rel":"","context":"In &quot;News&quot;","img":{"alt_text":"","src":"https:\/\/i0.wp.com\/my-alps.de\/wp-content\/uploads\/2014\/04\/zuerst-die-Scheibe.jpg?resize=350%2C200","width":350,"height":200},"classes":[]},{"id":1390,"url":"http:\/\/my-alps.de\/?p=1390","url_meta":{"origin":1026,"position":5},"title":"von Uyuni nach Cochabamba (Teil 1)","date":"24. Juli 2014","format":"gallery","excerpt":"Unsere Route durch Bolivien f\u00fchrt uns von Uyuni \u00fcber Potosi und Sucre weiter nach Cochabamba. Die Strecke f\u00fchrt durch\u2019s bolivianische Altiplano. Das Altiplano liegt eingebettet zwischen den westlichen und den \u00f6stlichen Kordilleren. Hier ist die \u201eBesiedlungsdichte\u201c am gr\u00f6ssten und mit Potosi und Sucre liegen zwei grosse St\u00e4dte auf unserem Weg.\u2026","rel":"","context":"In &quot;News&quot;","img":{"alt_text":"","src":"https:\/\/i0.wp.com\/my-alps.de\/wp-content\/uploads\/2014\/07\/hilft-bestimmt-ce4.jpg?resize=350%2C200","width":350,"height":200},"classes":[]}],"_links":{"self":[{"href":"http:\/\/my-alps.de\/index.php?rest_route=\/wp\/v2\/posts\/1026"}],"collection":[{"href":"http:\/\/my-alps.de\/index.php?rest_route=\/wp\/v2\/posts"}],"about":[{"href":"http:\/\/my-alps.de\/index.php?rest_route=\/wp\/v2\/types\/post"}],"author":[{"embeddable":true,"href":"http:\/\/my-alps.de\/index.php?rest_route=\/wp\/v2\/users\/1"}],"replies":[{"embeddable":true,"href":"http:\/\/my-alps.de\/index.php?rest_route=%2Fwp%2Fv2%2Fcomments&post=1026"}],"version-history":[{"count":2,"href":"http:\/\/my-alps.de\/index.php?rest_route=\/wp\/v2\/posts\/1026\/revisions"}],"predecessor-version":[{"id":1029,"href":"http:\/\/my-alps.de\/index.php?rest_route=\/wp\/v2\/posts\/1026\/revisions\/1029"}],"wp:attachment":[{"href":"http:\/\/my-alps.de\/index.php?rest_route=%2Fwp%2Fv2%2Fmedia&parent=1026"}],"wp:term":[{"taxonomy":"category","embeddable":true,"href":"http:\/\/my-alps.de\/index.php?rest_route=%2Fwp%2Fv2%2Fcategories&post=1026"},{"taxonomy":"post_tag","embeddable":true,"href":"http:\/\/my-alps.de\/index.php?rest_route=%2Fwp%2Fv2%2Ftags&post=1026"}],"curies":[{"name":"wp","href":"https:\/\/api.w.org\/{rel}","templated":true}]}}